{"id":74181,"date":"2022-12-12T21:58:13","date_gmt":"2022-12-12T21:58:13","guid":{"rendered":"https:\/\/www.ucaldas.edu.co\/portal\/?p=74181"},"modified":"2022-12-12T21:58:13","modified_gmt":"2022-12-12T21:58:13","slug":"invitacion-a-presentar-propuesta-para-el-diseno-de-una-propuesta-de-financiamiento-basal","status":"publish","type":"post","link":"https:\/\/www.ucaldas.edu.co\/portal\/invitacion-a-presentar-propuesta-para-el-diseno-de-una-propuesta-de-financiamiento-basal\/","title":{"rendered":"Invitaci\u00f3n a presentar propuesta para el dise\u00f1o de una propuesta de financiamiento basal"},"content":{"rendered":"<p><strong>\u00a0<\/strong><\/p>\n<p><img loading=\"lazy\" decoding=\"async\" class=\"aligncenter size-full wp-image-74182\" src=\"https:\/\/www.ucaldas.edu.co\/portal\/wp-content\/uploads\/2022\/12\/Diseno-sin-titulo-6.jpg\" alt=\"La convocatoria fue abierta desde el 11 de noviembre de 2022\" width=\"700\" height=\"400\" srcset=\"https:\/\/www.ucaldas.edu.co\/portal\/wp-content\/uploads\/2022\/12\/Diseno-sin-titulo-6.jpg 700w, https:\/\/www.ucaldas.edu.co\/portal\/wp-content\/uploads\/2022\/12\/Diseno-sin-titulo-6-300x171.jpg 300w\" sizes=\"auto, (max-width: 700px) 100vw, 700px\" \/><\/p>\n<p>&nbsp;<\/p>\n<p>Hasta el 20 de enero de 2023 el Ministerio de Ciencia Tecnolog\u00eda e Innovaci\u00f3n tiene abierta la convocatoria con el objetivo de dise\u00f1ar una propuesta de financiamiento basal para el fortalecimiento y sostenibilidad de los Centros\/Institutos de investigaci\u00f3n aut\u00f3nomos o independientes, Centros\/Institutos de investigaci\u00f3n dependientes, Centros de desarrollo tecnol\u00f3gico aut\u00f3nomos o independientes, Centros desarrollo tecnol\u00f3gico dependientes en Colombia.<\/p>\n<p><!--more--><\/p>\n<p>Dicha invitaci\u00f3n est\u00e1 dirigida a personas jur\u00eddicas nacionales que se presenten de forma individual o en alianza con entidades nacionales o extranjeras, con experiencia m\u00ednima tres a\u00f1os 1 en formulaci\u00f3n, implementaci\u00f3n y evaluaci\u00f3n de pol\u00edticas, instrumentos, planes, programas para los Centros\/Institutos de investigaci\u00f3n aut\u00f3nomos o independientes, Centros\/Institutos de investigaci\u00f3n dependientes, Centros de desarrollo tecnol\u00f3gico aut\u00f3nomos o independientes, Centros desarrollo tecnol\u00f3gico dependientes.<\/p>\n<p>La estructuraci\u00f3n de esta convocatoria para el fortalecimiento de centros de investigaci\u00f3n aut\u00f3nomos e institutos p\u00fablicos de I+D, est\u00e1 enfocada dentro de los lineamientos sugeridos en el documento de Misi\u00f3n internacional de sabios para el avance de la Ciencia, la Tecnolog\u00eda y la Innovaci\u00f3n., 2019, en donde se plantea como meta medible el \u201cGarantizar la consolidaci\u00f3n y continuidad de los centros de investigaci\u00f3n\u201d.<\/p>\n<p>En este sentido, las propuestas que se presenten a esta convocatoria deber\u00e1n generar y apropiar el conocimiento cient\u00edfico de los centros de investigaci\u00f3n aut\u00f3nomos o institutos p\u00fablicos mediante actividades de I+D; as\u00ed como tambi\u00e9n fortalecer sus l\u00edneas de investigaci\u00f3n<\/p>\n<p>&nbsp;<\/p>\n<p>Convocatoria completa <strong><a href=\"https:\/\/minciencias.gov.co\/convocatorias\/invitacion-para-presentacion-propuestas\/invitacion-presentar-propuesta-para-el-diseno\">aqu\u00ed<\/a><\/strong><\/p>\n<p><strong>\u00a0<\/strong><\/p>\n<p><strong>Informes: <\/strong>Oficina de Comunicaciones y Prensa Universidad de Caldas.<br \/>\n<strong>Redacci\u00f3n:<\/strong> Adriana Salazar Villegas<\/p>\n<p>&nbsp;<\/p>\n","protected":false},"excerpt":{"rendered":"<p>\u00a0 &nbsp; Hasta el 20 de enero de 2023 el Ministerio de Ciencia Tecnolog\u00eda e Innovaci\u00f3n tiene abierta la convocatoria con el objetivo de dise\u00f1ar una propuesta de financiamiento basal para el fortalecimiento y sostenibilidad de los Centros\/Institutos de investigaci\u00f3n aut\u00f3nomos o independientes, Centros\/Institutos de investigaci\u00f3n dependientes, Centros de desarrollo tecnol\u00f3gico aut\u00f3nomos o independientes, Centros [&hellip;]<\/p>\n","protected":false},"author":2,"featured_media":74182,"comment_status":"closed","ping_status":"open","sticky":false,"template":"","format":"standard","meta":{"footnotes":""},"categories":[48,53,620],"tags":[141,4525,4543,9574],"class_list":["post-74181","post","type-post","status-publish","format-standard","has-post-thumbnail","hentry","category-actualidad","category-universidad-al-dia","category-ucaldas-transparente","tag-convocatoria","tag-id","tag-minciencias","tag-institutos"],"yoast_head":"<!-- This site is optimized with the Yoast SEO plugin v27.4 - https:\/\/yoast.com\/product\/yoast-seo-wordpress\/ -->\n<title>Invitaci\u00f3n a presentar propuesta para el dise\u00f1o de una propuesta de financiamiento basal .<\/title>\n<meta name=\"robots\" content=\"index, follow, max-snippet:-1, max-image-preview:large, max-video-preview:-1\" \/>\n<link rel=\"canonical\" href=\"https:\/\/www.ucaldas.edu.co\/portal\/invitacion-a-presentar-propuesta-para-el-diseno-de-una-propuesta-de-financiamiento-basal\/\" \/>\n<script type=\"application\/ld+json\" class=\"yoast-schema-graph\">{\"@context\":\"https:\\\/\\\/schema.org\",\"@graph\":[{\"@type\":\"Article\",\"@id\":\"https:\\\/\\\/www.ucaldas.edu.co\\\/portal\\\/invitacion-a-presentar-propuesta-para-el-diseno-de-una-propuesta-de-financiamiento-basal\\\/#article\",\"isPartOf\":{\"@id\":\"https:\\\/\\\/www.ucaldas.edu.co\\\/portal\\\/invitacion-a-presentar-propuesta-para-el-diseno-de-una-propuesta-de-financiamiento-basal\\\/\"},\"author\":{\"name\":\"ofiprensa\",\"@id\":\"https:\\\/\\\/www.ucaldas.edu.co\\\/portal\\\/#\\\/schema\\\/person\\\/a1b482e23449158b4bc319926c074fdf\"},\"headline\":\"Invitaci\u00f3n a presentar propuesta para el dise\u00f1o de una propuesta de financiamiento basal\",\"datePublished\":\"2022-12-12T21:58:13+00:00\",\"mainEntityOfPage\":{\"@id\":\"https:\\\/\\\/www.ucaldas.edu.co\\\/portal\\\/invitacion-a-presentar-propuesta-para-el-diseno-de-una-propuesta-de-financiamiento-basal\\\/\"},\"wordCount\":298,\"publisher\":{\"@id\":\"https:\\\/\\\/www.ucaldas.edu.co\\\/portal\\\/#organization\"},\"image\":{\"@id\":\"https:\\\/\\\/www.ucaldas.edu.co\\\/portal\\\/invitacion-a-presentar-propuesta-para-el-diseno-de-una-propuesta-de-financiamiento-basal\\\/#primaryimage\"},\"thumbnailUrl\":\"https:\\\/\\\/www.ucaldas.edu.co\\\/portal\\\/wp-content\\\/uploads\\\/2022\\\/12\\\/Diseno-sin-titulo-6.jpg\",\"keywords\":[\"Convocatoria\",\"(I+D)\",\"Minciencias\",\"institutos\"],\"articleSection\":[\"Actualidad\",\"Universidad al D\u00eda\",\"UCaldas Transparente\"],\"inLanguage\":\"es\"},{\"@type\":\"WebPage\",\"@id\":\"https:\\\/\\\/www.ucaldas.edu.co\\\/portal\\\/invitacion-a-presentar-propuesta-para-el-diseno-de-una-propuesta-de-financiamiento-basal\\\/\",\"url\":\"https:\\\/\\\/www.ucaldas.edu.co\\\/portal\\\/invitacion-a-presentar-propuesta-para-el-diseno-de-una-propuesta-de-financiamiento-basal\\\/\",\"name\":\"Invitaci\u00f3n a presentar propuesta para el dise\u00f1o de una propuesta de financiamiento basal .\",\"isPartOf\":{\"@id\":\"https:\\\/\\\/www.ucaldas.edu.co\\\/portal\\\/#website\"},\"primaryImageOfPage\":{\"@id\":\"https:\\\/\\\/www.ucaldas.edu.co\\\/portal\\\/invitacion-a-presentar-propuesta-para-el-diseno-de-una-propuesta-de-financiamiento-basal\\\/#primaryimage\"},\"image\":{\"@id\":\"https:\\\/\\\/www.ucaldas.edu.co\\\/portal\\\/invitacion-a-presentar-propuesta-para-el-diseno-de-una-propuesta-de-financiamiento-basal\\\/#primaryimage\"},\"thumbnailUrl\":\"https:\\\/\\\/www.ucaldas.edu.co\\\/portal\\\/wp-content\\\/uploads\\\/2022\\\/12\\\/Diseno-sin-titulo-6.jpg\",\"datePublished\":\"2022-12-12T21:58:13+00:00\",\"breadcrumb\":{\"@id\":\"https:\\\/\\\/www.ucaldas.edu.co\\\/portal\\\/invitacion-a-presentar-propuesta-para-el-diseno-de-una-propuesta-de-financiamiento-basal\\\/#breadcrumb\"},\"inLanguage\":\"es\",\"potentialAction\":[{\"@type\":\"ReadAction\",\"target\":[\"https:\\\/\\\/www.ucaldas.edu.co\\\/portal\\\/invitacion-a-presentar-propuesta-para-el-diseno-de-una-propuesta-de-financiamiento-basal\\\/\"]}]},{\"@type\":\"ImageObject\",\"inLanguage\":\"es\",\"@id\":\"https:\\\/\\\/www.ucaldas.edu.co\\\/portal\\\/invitacion-a-presentar-propuesta-para-el-diseno-de-una-propuesta-de-financiamiento-basal\\\/#primaryimage\",\"url\":\"https:\\\/\\\/www.ucaldas.edu.co\\\/portal\\\/wp-content\\\/uploads\\\/2022\\\/12\\\/Diseno-sin-titulo-6.jpg\",\"contentUrl\":\"https:\\\/\\\/www.ucaldas.edu.co\\\/portal\\\/wp-content\\\/uploads\\\/2022\\\/12\\\/Diseno-sin-titulo-6.jpg\",\"width\":700,\"height\":400,\"caption\":\"La convocatoria fue abierta desde el 11 de noviembre de 2022\"},{\"@type\":\"BreadcrumbList\",\"@id\":\"https:\\\/\\\/www.ucaldas.edu.co\\\/portal\\\/invitacion-a-presentar-propuesta-para-el-diseno-de-una-propuesta-de-financiamiento-basal\\\/#breadcrumb\",\"itemListElement\":[{\"@type\":\"ListItem\",\"position\":1,\"name\":\"Portada\",\"item\":\"https:\\\/\\\/www.ucaldas.edu.co\\\/portal\\\/\"},{\"@type\":\"ListItem\",\"position\":2,\"name\":\"Invitaci\u00f3n a presentar propuesta para el dise\u00f1o de una propuesta de financiamiento basal\"}]},{\"@type\":\"WebSite\",\"@id\":\"https:\\\/\\\/www.ucaldas.edu.co\\\/portal\\\/#website\",\"url\":\"https:\\\/\\\/www.ucaldas.edu.co\\\/portal\\\/\",\"name\":\"Universidad de Caldas\",\"description\":\"\",\"publisher\":{\"@id\":\"https:\\\/\\\/www.ucaldas.edu.co\\\/portal\\\/#organization\"},\"alternateName\":\"U. de Caldas\",\"potentialAction\":[{\"@type\":\"SearchAction\",\"target\":{\"@type\":\"EntryPoint\",\"urlTemplate\":\"https:\\\/\\\/www.ucaldas.edu.co\\\/portal\\\/?s={search_term_string}\"},\"query-input\":{\"@type\":\"PropertyValueSpecification\",\"valueRequired\":true,\"valueName\":\"search_term_string\"}}],\"inLanguage\":\"es\"},{\"@type\":\"Organization\",\"@id\":\"https:\\\/\\\/www.ucaldas.edu.co\\\/portal\\\/#organization\",\"name\":\"Universidad de Caldas\",\"alternateName\":\"U. de Caldas\",\"url\":\"https:\\\/\\\/www.ucaldas.edu.co\\\/portal\\\/\",\"logo\":{\"@type\":\"ImageObject\",\"inLanguage\":\"es\",\"@id\":\"https:\\\/\\\/www.ucaldas.edu.co\\\/portal\\\/#\\\/schema\\\/logo\\\/image\\\/\",\"url\":\"https:\\\/\\\/www.ucaldas.edu.co\\\/portal\\\/wp-content\\\/uploads\\\/2023\\\/11\\\/Logo_horizontal_oscuroU-2023.png\",\"contentUrl\":\"https:\\\/\\\/www.ucaldas.edu.co\\\/portal\\\/wp-content\\\/uploads\\\/2023\\\/11\\\/Logo_horizontal_oscuroU-2023.png\",\"width\":263,\"height\":101,\"caption\":\"Universidad de Caldas\"},\"image\":{\"@id\":\"https:\\\/\\\/www.ucaldas.edu.co\\\/portal\\\/#\\\/schema\\\/logo\\\/image\\\/\"},\"sameAs\":[\"https:\\\/\\\/www.facebook.com\\\/udecaldas\",\"https:\\\/\\\/x.com\\\/udecaldas\",\"https:\\\/\\\/www.youtube.com\\\/universidadcaldas\",\"https:\\\/\\\/www.instagram.com\\\/udecaldas\\\/\"]},{\"@type\":\"Person\",\"@id\":\"https:\\\/\\\/www.ucaldas.edu.co\\\/portal\\\/#\\\/schema\\\/person\\\/a1b482e23449158b4bc319926c074fdf\",\"name\":\"ofiprensa\",\"image\":{\"@type\":\"ImageObject\",\"inLanguage\":\"es\",\"@id\":\"https:\\\/\\\/www.ucaldas.edu.co\\\/portal\\\/wp-content\\\/litespeed\\\/avatar\\\/09ea5085e600095a7a811142c6944527.jpg?ver=1776892805\",\"url\":\"https:\\\/\\\/www.ucaldas.edu.co\\\/portal\\\/wp-content\\\/litespeed\\\/avatar\\\/09ea5085e600095a7a811142c6944527.jpg?ver=1776892805\",\"contentUrl\":\"https:\\\/\\\/www.ucaldas.edu.co\\\/portal\\\/wp-content\\\/litespeed\\\/avatar\\\/09ea5085e600095a7a811142c6944527.jpg?ver=1776892805\",\"caption\":\"ofiprensa\"},\"url\":\"https:\\\/\\\/www.ucaldas.edu.co\\\/portal\\\/author\\\/ofiprensa\\\/\"}]}<\/script>\n<!-- \/ Yoast SEO plugin. -->","yoast_head_json":{"title":"Invitaci\u00f3n a presentar propuesta para el dise\u00f1o de una propuesta de financiamiento basal .","robots":{"index":"index","follow":"follow","max-snippet":"max-snippet:-1","max-image-preview":"max-image-preview:large","max-video-preview":"max-video-preview:-1"},"canonical":"https:\/\/www.ucaldas.edu.co\/portal\/invitacion-a-presentar-propuesta-para-el-diseno-de-una-propuesta-de-financiamiento-basal\/","schema":{"@context":"https:\/\/schema.org","@graph":[{"@type":"Article","@id":"https:\/\/www.ucaldas.edu.co\/portal\/invitacion-a-presentar-propuesta-para-el-diseno-de-una-propuesta-de-financiamiento-basal\/#article","isPartOf":{"@id":"https:\/\/www.ucaldas.edu.co\/portal\/invitacion-a-presentar-propuesta-para-el-diseno-de-una-propuesta-de-financiamiento-basal\/"},"author":{"name":"ofiprensa","@id":"https:\/\/www.ucaldas.edu.co\/portal\/#\/schema\/person\/a1b482e23449158b4bc319926c074fdf"},"headline":"Invitaci\u00f3n a presentar propuesta para el dise\u00f1o de una propuesta de financiamiento basal","datePublished":"2022-12-12T21:58:13+00:00","mainEntityOfPage":{"@id":"https:\/\/www.ucaldas.edu.co\/portal\/invitacion-a-presentar-propuesta-para-el-diseno-de-una-propuesta-de-financiamiento-basal\/"},"wordCount":298,"publisher":{"@id":"https:\/\/www.ucaldas.edu.co\/portal\/#organization"},"image":{"@id":"https:\/\/www.ucaldas.edu.co\/portal\/invitacion-a-presentar-propuesta-para-el-diseno-de-una-propuesta-de-financiamiento-basal\/#primaryimage"},"thumbnailUrl":"https:\/\/www.ucaldas.edu.co\/portal\/wp-content\/uploads\/2022\/12\/Diseno-sin-titulo-6.jpg","keywords":["Convocatoria","(I+D)","Minciencias","institutos"],"articleSection":["Actualidad","Universidad al D\u00eda","UCaldas Transparente"],"inLanguage":"es"},{"@type":"WebPage","@id":"https:\/\/www.ucaldas.edu.co\/portal\/invitacion-a-presentar-propuesta-para-el-diseno-de-una-propuesta-de-financiamiento-basal\/","url":"https:\/\/www.ucaldas.edu.co\/portal\/invitacion-a-presentar-propuesta-para-el-diseno-de-una-propuesta-de-financiamiento-basal\/","name":"Invitaci\u00f3n a presentar propuesta para el dise\u00f1o de una propuesta de financiamiento basal .","isPartOf":{"@id":"https:\/\/www.ucaldas.edu.co\/portal\/#website"},"primaryImageOfPage":{"@id":"https:\/\/www.ucaldas.edu.co\/portal\/invitacion-a-presentar-propuesta-para-el-diseno-de-una-propuesta-de-financiamiento-basal\/#primaryimage"},"image":{"@id":"https:\/\/www.ucaldas.edu.co\/portal\/invitacion-a-presentar-propuesta-para-el-diseno-de-una-propuesta-de-financiamiento-basal\/#primaryimage"},"thumbnailUrl":"https:\/\/www.ucaldas.edu.co\/portal\/wp-content\/uploads\/2022\/12\/Diseno-sin-titulo-6.jpg","datePublished":"2022-12-12T21:58:13+00:00","breadcrumb":{"@id":"https:\/\/www.ucaldas.edu.co\/portal\/invitacion-a-presentar-propuesta-para-el-diseno-de-una-propuesta-de-financiamiento-basal\/#breadcrumb"},"inLanguage":"es","potentialAction":[{"@type":"ReadAction","target":["https:\/\/www.ucaldas.edu.co\/portal\/invitacion-a-presentar-propuesta-para-el-diseno-de-una-propuesta-de-financiamiento-basal\/"]}]},{"@type":"ImageObject","inLanguage":"es","@id":"https:\/\/www.ucaldas.edu.co\/portal\/invitacion-a-presentar-propuesta-para-el-diseno-de-una-propuesta-de-financiamiento-basal\/#primaryimage","url":"https:\/\/www.ucaldas.edu.co\/portal\/wp-content\/uploads\/2022\/12\/Diseno-sin-titulo-6.jpg","contentUrl":"https:\/\/www.ucaldas.edu.co\/portal\/wp-content\/uploads\/2022\/12\/Diseno-sin-titulo-6.jpg","width":700,"height":400,"caption":"La convocatoria fue abierta desde el 11 de noviembre de 2022"},{"@type":"BreadcrumbList","@id":"https:\/\/www.ucaldas.edu.co\/portal\/invitacion-a-presentar-propuesta-para-el-diseno-de-una-propuesta-de-financiamiento-basal\/#breadcrumb","itemListElement":[{"@type":"ListItem","position":1,"name":"Portada","item":"https:\/\/www.ucaldas.edu.co\/portal\/"},{"@type":"ListItem","position":2,"name":"Invitaci\u00f3n a presentar propuesta para el dise\u00f1o de una propuesta de financiamiento basal"}]},{"@type":"WebSite","@id":"https:\/\/www.ucaldas.edu.co\/portal\/#website","url":"https:\/\/www.ucaldas.edu.co\/portal\/","name":"Universidad de Caldas","description":"","publisher":{"@id":"https:\/\/www.ucaldas.edu.co\/portal\/#organization"},"alternateName":"U. de Caldas","potentialAction":[{"@type":"SearchAction","target":{"@type":"EntryPoint","urlTemplate":"https:\/\/www.ucaldas.edu.co\/portal\/?s={search_term_string}"},"query-input":{"@type":"PropertyValueSpecification","valueRequired":true,"valueName":"search_term_string"}}],"inLanguage":"es"},{"@type":"Organization","@id":"https:\/\/www.ucaldas.edu.co\/portal\/#organization","name":"Universidad de Caldas","alternateName":"U. de Caldas","url":"https:\/\/www.ucaldas.edu.co\/portal\/","logo":{"@type":"ImageObject","inLanguage":"es","@id":"https:\/\/www.ucaldas.edu.co\/portal\/#\/schema\/logo\/image\/","url":"https:\/\/www.ucaldas.edu.co\/portal\/wp-content\/uploads\/2023\/11\/Logo_horizontal_oscuroU-2023.png","contentUrl":"https:\/\/www.ucaldas.edu.co\/portal\/wp-content\/uploads\/2023\/11\/Logo_horizontal_oscuroU-2023.png","width":263,"height":101,"caption":"Universidad de Caldas"},"image":{"@id":"https:\/\/www.ucaldas.edu.co\/portal\/#\/schema\/logo\/image\/"},"sameAs":["https:\/\/www.facebook.com\/udecaldas","https:\/\/x.com\/udecaldas","https:\/\/www.youtube.com\/universidadcaldas","https:\/\/www.instagram.com\/udecaldas\/"]},{"@type":"Person","@id":"https:\/\/www.ucaldas.edu.co\/portal\/#\/schema\/person\/a1b482e23449158b4bc319926c074fdf","name":"ofiprensa","image":{"@type":"ImageObject","inLanguage":"es","@id":"https:\/\/www.ucaldas.edu.co\/portal\/wp-content\/litespeed\/avatar\/09ea5085e600095a7a811142c6944527.jpg?ver=1776892805","url":"https:\/\/www.ucaldas.edu.co\/portal\/wp-content\/litespeed\/avatar\/09ea5085e600095a7a811142c6944527.jpg?ver=1776892805","contentUrl":"https:\/\/www.ucaldas.edu.co\/portal\/wp-content\/litespeed\/avatar\/09ea5085e600095a7a811142c6944527.jpg?ver=1776892805","caption":"ofiprensa"},"url":"https:\/\/www.ucaldas.edu.co\/portal\/author\/ofiprensa\/"}]}},"_links":{"self":[{"href":"https:\/\/www.ucaldas.edu.co\/portal\/wp-json\/wp\/v2\/posts\/74181","targetHints":{"allow":["GET"]}}],"collection":[{"href":"https:\/\/www.ucaldas.edu.co\/portal\/wp-json\/wp\/v2\/posts"}],"about":[{"href":"https:\/\/www.ucaldas.edu.co\/portal\/wp-json\/wp\/v2\/types\/post"}],"author":[{"embeddable":true,"href":"https:\/\/www.ucaldas.edu.co\/portal\/wp-json\/wp\/v2\/users\/2"}],"replies":[{"embeddable":true,"href":"https:\/\/www.ucaldas.edu.co\/portal\/wp-json\/wp\/v2\/comments?post=74181"}],"version-history":[{"count":0,"href":"https:\/\/www.ucaldas.edu.co\/portal\/wp-json\/wp\/v2\/posts\/74181\/revisions"}],"wp:featuredmedia":[{"embeddable":true,"href":"https:\/\/www.ucaldas.edu.co\/portal\/wp-json\/wp\/v2\/media\/74182"}],"wp:attachment":[{"href":"https:\/\/www.ucaldas.edu.co\/portal\/wp-json\/wp\/v2\/media?parent=74181"}],"wp:term":[{"taxonomy":"category","embeddable":true,"href":"https:\/\/www.ucaldas.edu.co\/portal\/wp-json\/wp\/v2\/categories?post=74181"},{"taxonomy":"post_tag","embeddable":true,"href":"https:\/\/www.ucaldas.edu.co\/portal\/wp-json\/wp\/v2\/tags?post=74181"}],"curies":[{"name":"wp","href":"https:\/\/api.w.org\/{rel}","templated":true}]}}