{"id":74144,"date":"2022-12-09T19:15:27","date_gmt":"2022-12-09T19:15:27","guid":{"rendered":"https:\/\/www.ucaldas.edu.co\/portal\/?p=74144"},"modified":"2022-12-09T19:15:27","modified_gmt":"2022-12-09T19:15:27","slug":"cedat-universidad-de-caldas-participo-en-la-entrega-de-resultados-de-la-busqueda-de-desaparecidos-en-el-magdalena-caldense","status":"publish","type":"post","link":"https:\/\/www.ucaldas.edu.co\/portal\/cedat-universidad-de-caldas-participo-en-la-entrega-de-resultados-de-la-busqueda-de-desaparecidos-en-el-magdalena-caldense\/","title":{"rendered":"CEDAT Universidad de Caldas particip\u00f3 en la entrega de resultados de la b\u00fasqueda de desaparecidos en el magdalena caldense"},"content":{"rendered":"<p><img loading=\"lazy\" decoding=\"async\" class=\"aligncenter size-full wp-image-74145\" src=\"https:\/\/www.ucaldas.edu.co\/portal\/wp-content\/uploads\/2022\/12\/PARA-BOLE-3.jpg\" alt=\"cedat\" width=\"700\" height=\"400\" srcset=\"https:\/\/www.ucaldas.edu.co\/portal\/wp-content\/uploads\/2022\/12\/PARA-BOLE-3.jpg 700w, https:\/\/www.ucaldas.edu.co\/portal\/wp-content\/uploads\/2022\/12\/PARA-BOLE-3-300x171.jpg 300w\" sizes=\"auto, (max-width: 700px) 100vw, 700px\" \/><\/p>\n<p>El Centro de Estudios sobre Conflicto, Violencia y Convivencia Social CEDAT de la Universidad de Caldas particip\u00f3 en el evento p\u00fablico de incidencia y visibilizaci\u00f3n de la implementaci\u00f3n del plan regional de b\u00fasqueda de personas desaparecidas en el magdalena caldense denominado \u201cResultados, retos y oportunidades\u201d, el cual se llev\u00f3 a cabo en el municipio de La Dorada (Caldas).<\/p>\n<p><!--more--><\/p>\n<p>Durante la jornada se presentaron algunos de los m\u00e1s importantes resultados de la implementaci\u00f3n del plan regional de b\u00fasqueda en los municipios de La Dorada, Norcasia, Victoria y Saman\u00e1 durante el 2021 y 2022.<\/p>\n<p>La directora del CEDAT Carolina L\u00f3pez Giraldo indic\u00f3 que en el evento se dieron a conocer importantes resultados del trabajo realizado como la entrega digna de ocho cuerpos a sus familias; la toma de muestras de ADN a 434 familiares de personas desaparecidas; y la entrega del reporte de recuperaci\u00f3n de 99 cuerpos de los cementerios de La Dorada, Norcasia, Victoria y Saman\u00e1, los cuales son analizados por el Instituto Nacional de Medicina Legal para su identificaci\u00f3n.<\/p>\n<p>Durante el evento tambi\u00e9n se realiz\u00f3 una proyecci\u00f3n inicial de los principales retos que se tienen para dar continuidad al plan regional de b\u00fasqueda en el magdalena caldense durante el 2023, donde se resalt\u00f3 la importancia de fortalecer el equipo territorial de la Unidad de B\u00fasqueda de Personas dadas por Desaparecidas UBPD y la articulaci\u00f3n interinstitucional para avanzar de manera \u00e1gil en los procesos de b\u00fasqueda.<\/p>\n<p>El plan regional de b\u00fasqueda cuenta con el apoyo de la Agencia Catalana de Cooperaci\u00f3n al Desarrollo; el programa de Naciones Unidas para el Desarrollo PNUD; Fundaci\u00f3n para el Desarrollo Comunitario de Saman\u00e1 FUNDECOS, el Equipo Colombiano Interdisciplinario de Trabajo Forense y Asistencia Psicosocial EQUITAS; y el Centro de Estudios sobre Conflicto, Violencia y Convivencia Social CEDAT.<\/p>\n<p><strong>Anexo:<\/strong><\/p>\n<p><strong><a href=\"https:\/\/go.ivoox.com\/rf\/98795282\">Audio Carolina L\u00f3pez Giraldo \u2013 directora CEDAT.<\/a> <\/strong><\/p>\n<p><iframe loading=\"lazy\" src=\"https:\/\/www.ivoox.com\/player_ek_98795282_2_1.html\" width=\"238\" height=\"48\" frameborder=\"0\" scrolling=\"no\" allowfullscreen=\"allowfullscreen\"><\/iframe><\/p>\n<p>&nbsp;<\/p>\n<p><strong>Informes: <\/strong>Oficina de Comunicaciones y Prensa Universidad de Caldas.<\/p>\n<p><strong>Redacci\u00f3n:<\/strong> Mateo Buritic\u00e1 Giraldo<\/p>\n<p>&nbsp;<\/p>\n","protected":false},"excerpt":{"rendered":"<p>El Centro de Estudios sobre Conflicto, Violencia y Convivencia Social CEDAT de la Universidad de Caldas particip\u00f3 en el evento p\u00fablico de incidencia y visibilizaci\u00f3n de la implementaci\u00f3n del plan regional de b\u00fasqueda de personas desaparecidas en el magdalena caldense denominado \u201cResultados, retos y oportunidades\u201d, el cual se llev\u00f3 a cabo en el municipio de [&hellip;]<\/p>\n","protected":false},"author":2,"featured_media":74145,"comment_status":"closed","ping_status":"open","sticky":false,"template":"","format":"standard","meta":{"footnotes":""},"categories":[600,48,53],"tags":[9483,2055,2086],"class_list":["post-74144","post","type-post","status-publish","format-standard","has-post-thumbnail","hentry","category-ucaldas-regional","category-actualidad","category-universidad-al-dia","tag-personas-desaparecidas","tag-cedat","tag-reparacion-de-victimas"],"yoast_head":"<!-- This site is optimized with the Yoast SEO plugin v27.4 - https:\/\/yoast.com\/product\/yoast-seo-wordpress\/ -->\n<title>CEDAT Universidad de Caldas particip\u00f3 en la entrega de resultados de la b\u00fasqueda de desaparecidos en el magdalena caldense .<\/title>\n<meta name=\"robots\" content=\"index, follow, max-snippet:-1, max-image-preview:large, max-video-preview:-1\" \/>\n<link rel=\"canonical\" href=\"https:\/\/www.ucaldas.edu.co\/portal\/cedat-universidad-de-caldas-participo-en-la-entrega-de-resultados-de-la-busqueda-de-desaparecidos-en-el-magdalena-caldense\/\" \/>\n<script type=\"application\/ld+json\" class=\"yoast-schema-graph\">{\"@context\":\"https:\\\/\\\/schema.org\",\"@graph\":[{\"@type\":\"Article\",\"@id\":\"https:\\\/\\\/www.ucaldas.edu.co\\\/portal\\\/cedat-universidad-de-caldas-participo-en-la-entrega-de-resultados-de-la-busqueda-de-desaparecidos-en-el-magdalena-caldense\\\/#article\",\"isPartOf\":{\"@id\":\"https:\\\/\\\/www.ucaldas.edu.co\\\/portal\\\/cedat-universidad-de-caldas-participo-en-la-entrega-de-resultados-de-la-busqueda-de-desaparecidos-en-el-magdalena-caldense\\\/\"},\"author\":{\"name\":\"ofiprensa\",\"@id\":\"https:\\\/\\\/www.ucaldas.edu.co\\\/portal\\\/#\\\/schema\\\/person\\\/a1b482e23449158b4bc319926c074fdf\"},\"headline\":\"CEDAT Universidad de Caldas particip\u00f3 en la entrega de resultados de la b\u00fasqueda de desaparecidos en el magdalena caldense\",\"datePublished\":\"2022-12-09T19:15:27+00:00\",\"mainEntityOfPage\":{\"@id\":\"https:\\\/\\\/www.ucaldas.edu.co\\\/portal\\\/cedat-universidad-de-caldas-participo-en-la-entrega-de-resultados-de-la-busqueda-de-desaparecidos-en-el-magdalena-caldense\\\/\"},\"wordCount\":350,\"publisher\":{\"@id\":\"https:\\\/\\\/www.ucaldas.edu.co\\\/portal\\\/#organization\"},\"image\":{\"@id\":\"https:\\\/\\\/www.ucaldas.edu.co\\\/portal\\\/cedat-universidad-de-caldas-participo-en-la-entrega-de-resultados-de-la-busqueda-de-desaparecidos-en-el-magdalena-caldense\\\/#primaryimage\"},\"thumbnailUrl\":\"https:\\\/\\\/www.ucaldas.edu.co\\\/portal\\\/wp-content\\\/uploads\\\/2022\\\/12\\\/PARA-BOLE-3.jpg\",\"keywords\":[\"personas desaparecidas\",\"Cedat\",\"reparaci\u00f3n de v\u00edctimas\"],\"articleSection\":[\"UCaldas Regional\",\"Actualidad\",\"Universidad al D\u00eda\"],\"inLanguage\":\"es\"},{\"@type\":\"WebPage\",\"@id\":\"https:\\\/\\\/www.ucaldas.edu.co\\\/portal\\\/cedat-universidad-de-caldas-participo-en-la-entrega-de-resultados-de-la-busqueda-de-desaparecidos-en-el-magdalena-caldense\\\/\",\"url\":\"https:\\\/\\\/www.ucaldas.edu.co\\\/portal\\\/cedat-universidad-de-caldas-participo-en-la-entrega-de-resultados-de-la-busqueda-de-desaparecidos-en-el-magdalena-caldense\\\/\",\"name\":\"CEDAT Universidad de Caldas particip\u00f3 en la entrega de resultados de la b\u00fasqueda de desaparecidos en el magdalena caldense .\",\"isPartOf\":{\"@id\":\"https:\\\/\\\/www.ucaldas.edu.co\\\/portal\\\/#website\"},\"primaryImageOfPage\":{\"@id\":\"https:\\\/\\\/www.ucaldas.edu.co\\\/portal\\\/cedat-universidad-de-caldas-participo-en-la-entrega-de-resultados-de-la-busqueda-de-desaparecidos-en-el-magdalena-caldense\\\/#primaryimage\"},\"image\":{\"@id\":\"https:\\\/\\\/www.ucaldas.edu.co\\\/portal\\\/cedat-universidad-de-caldas-participo-en-la-entrega-de-resultados-de-la-busqueda-de-desaparecidos-en-el-magdalena-caldense\\\/#primaryimage\"},\"thumbnailUrl\":\"https:\\\/\\\/www.ucaldas.edu.co\\\/portal\\\/wp-content\\\/uploads\\\/2022\\\/12\\\/PARA-BOLE-3.jpg\",\"datePublished\":\"2022-12-09T19:15:27+00:00\",\"breadcrumb\":{\"@id\":\"https:\\\/\\\/www.ucaldas.edu.co\\\/portal\\\/cedat-universidad-de-caldas-participo-en-la-entrega-de-resultados-de-la-busqueda-de-desaparecidos-en-el-magdalena-caldense\\\/#breadcrumb\"},\"inLanguage\":\"es\",\"potentialAction\":[{\"@type\":\"ReadAction\",\"target\":[\"https:\\\/\\\/www.ucaldas.edu.co\\\/portal\\\/cedat-universidad-de-caldas-participo-en-la-entrega-de-resultados-de-la-busqueda-de-desaparecidos-en-el-magdalena-caldense\\\/\"]}]},{\"@type\":\"ImageObject\",\"inLanguage\":\"es\",\"@id\":\"https:\\\/\\\/www.ucaldas.edu.co\\\/portal\\\/cedat-universidad-de-caldas-participo-en-la-entrega-de-resultados-de-la-busqueda-de-desaparecidos-en-el-magdalena-caldense\\\/#primaryimage\",\"url\":\"https:\\\/\\\/www.ucaldas.edu.co\\\/portal\\\/wp-content\\\/uploads\\\/2022\\\/12\\\/PARA-BOLE-3.jpg\",\"contentUrl\":\"https:\\\/\\\/www.ucaldas.edu.co\\\/portal\\\/wp-content\\\/uploads\\\/2022\\\/12\\\/PARA-BOLE-3.jpg\",\"width\":700,\"height\":400,\"caption\":\"cedat\"},{\"@type\":\"BreadcrumbList\",\"@id\":\"https:\\\/\\\/www.ucaldas.edu.co\\\/portal\\\/cedat-universidad-de-caldas-participo-en-la-entrega-de-resultados-de-la-busqueda-de-desaparecidos-en-el-magdalena-caldense\\\/#breadcrumb\",\"itemListElement\":[{\"@type\":\"ListItem\",\"position\":1,\"name\":\"Portada\",\"item\":\"https:\\\/\\\/www.ucaldas.edu.co\\\/portal\\\/\"},{\"@type\":\"ListItem\",\"position\":2,\"name\":\"CEDAT Universidad de Caldas particip\u00f3 en la entrega de resultados de la b\u00fasqueda de desaparecidos en el magdalena caldense\"}]},{\"@type\":\"WebSite\",\"@id\":\"https:\\\/\\\/www.ucaldas.edu.co\\\/portal\\\/#website\",\"url\":\"https:\\\/\\\/www.ucaldas.edu.co\\\/portal\\\/\",\"name\":\"Universidad de Caldas\",\"description\":\"\",\"publisher\":{\"@id\":\"https:\\\/\\\/www.ucaldas.edu.co\\\/portal\\\/#organization\"},\"alternateName\":\"U. de Caldas\",\"potentialAction\":[{\"@type\":\"SearchAction\",\"target\":{\"@type\":\"EntryPoint\",\"urlTemplate\":\"https:\\\/\\\/www.ucaldas.edu.co\\\/portal\\\/?s={search_term_string}\"},\"query-input\":{\"@type\":\"PropertyValueSpecification\",\"valueRequired\":true,\"valueName\":\"search_term_string\"}}],\"inLanguage\":\"es\"},{\"@type\":\"Organization\",\"@id\":\"https:\\\/\\\/www.ucaldas.edu.co\\\/portal\\\/#organization\",\"name\":\"Universidad de Caldas\",\"alternateName\":\"U. de Caldas\",\"url\":\"https:\\\/\\\/www.ucaldas.edu.co\\\/portal\\\/\",\"logo\":{\"@type\":\"ImageObject\",\"inLanguage\":\"es\",\"@id\":\"https:\\\/\\\/www.ucaldas.edu.co\\\/portal\\\/#\\\/schema\\\/logo\\\/image\\\/\",\"url\":\"https:\\\/\\\/www.ucaldas.edu.co\\\/portal\\\/wp-content\\\/uploads\\\/2023\\\/11\\\/Logo_horizontal_oscuroU-2023.png\",\"contentUrl\":\"https:\\\/\\\/www.ucaldas.edu.co\\\/portal\\\/wp-content\\\/uploads\\\/2023\\\/11\\\/Logo_horizontal_oscuroU-2023.png\",\"width\":263,\"height\":101,\"caption\":\"Universidad de Caldas\"},\"image\":{\"@id\":\"https:\\\/\\\/www.ucaldas.edu.co\\\/portal\\\/#\\\/schema\\\/logo\\\/image\\\/\"},\"sameAs\":[\"https:\\\/\\\/www.facebook.com\\\/udecaldas\",\"https:\\\/\\\/x.com\\\/udecaldas\",\"https:\\\/\\\/www.youtube.com\\\/universidadcaldas\",\"https:\\\/\\\/www.instagram.com\\\/udecaldas\\\/\"]},{\"@type\":\"Person\",\"@id\":\"https:\\\/\\\/www.ucaldas.edu.co\\\/portal\\\/#\\\/schema\\\/person\\\/a1b482e23449158b4bc319926c074fdf\",\"name\":\"ofiprensa\",\"image\":{\"@type\":\"ImageObject\",\"inLanguage\":\"es\",\"@id\":\"https:\\\/\\\/www.ucaldas.edu.co\\\/portal\\\/wp-content\\\/litespeed\\\/avatar\\\/09ea5085e600095a7a811142c6944527.jpg?ver=1776892805\",\"url\":\"https:\\\/\\\/www.ucaldas.edu.co\\\/portal\\\/wp-content\\\/litespeed\\\/avatar\\\/09ea5085e600095a7a811142c6944527.jpg?ver=1776892805\",\"contentUrl\":\"https:\\\/\\\/www.ucaldas.edu.co\\\/portal\\\/wp-content\\\/litespeed\\\/avatar\\\/09ea5085e600095a7a811142c6944527.jpg?ver=1776892805\",\"caption\":\"ofiprensa\"},\"url\":\"https:\\\/\\\/www.ucaldas.edu.co\\\/portal\\\/author\\\/ofiprensa\\\/\"}]}<\/script>\n<!-- \/ Yoast SEO plugin. -->","yoast_head_json":{"title":"CEDAT Universidad de Caldas particip\u00f3 en la entrega de resultados de la b\u00fasqueda de desaparecidos en el magdalena caldense .","robots":{"index":"index","follow":"follow","max-snippet":"max-snippet:-1","max-image-preview":"max-image-preview:large","max-video-preview":"max-video-preview:-1"},"canonical":"https:\/\/www.ucaldas.edu.co\/portal\/cedat-universidad-de-caldas-participo-en-la-entrega-de-resultados-de-la-busqueda-de-desaparecidos-en-el-magdalena-caldense\/","schema":{"@context":"https:\/\/schema.org","@graph":[{"@type":"Article","@id":"https:\/\/www.ucaldas.edu.co\/portal\/cedat-universidad-de-caldas-participo-en-la-entrega-de-resultados-de-la-busqueda-de-desaparecidos-en-el-magdalena-caldense\/#article","isPartOf":{"@id":"https:\/\/www.ucaldas.edu.co\/portal\/cedat-universidad-de-caldas-participo-en-la-entrega-de-resultados-de-la-busqueda-de-desaparecidos-en-el-magdalena-caldense\/"},"author":{"name":"ofiprensa","@id":"https:\/\/www.ucaldas.edu.co\/portal\/#\/schema\/person\/a1b482e23449158b4bc319926c074fdf"},"headline":"CEDAT Universidad de Caldas particip\u00f3 en la entrega de resultados de la b\u00fasqueda de desaparecidos en el magdalena caldense","datePublished":"2022-12-09T19:15:27+00:00","mainEntityOfPage":{"@id":"https:\/\/www.ucaldas.edu.co\/portal\/cedat-universidad-de-caldas-participo-en-la-entrega-de-resultados-de-la-busqueda-de-desaparecidos-en-el-magdalena-caldense\/"},"wordCount":350,"publisher":{"@id":"https:\/\/www.ucaldas.edu.co\/portal\/#organization"},"image":{"@id":"https:\/\/www.ucaldas.edu.co\/portal\/cedat-universidad-de-caldas-participo-en-la-entrega-de-resultados-de-la-busqueda-de-desaparecidos-en-el-magdalena-caldense\/#primaryimage"},"thumbnailUrl":"https:\/\/www.ucaldas.edu.co\/portal\/wp-content\/uploads\/2022\/12\/PARA-BOLE-3.jpg","keywords":["personas desaparecidas","Cedat","reparaci\u00f3n de v\u00edctimas"],"articleSection":["UCaldas Regional","Actualidad","Universidad al D\u00eda"],"inLanguage":"es"},{"@type":"WebPage","@id":"https:\/\/www.ucaldas.edu.co\/portal\/cedat-universidad-de-caldas-participo-en-la-entrega-de-resultados-de-la-busqueda-de-desaparecidos-en-el-magdalena-caldense\/","url":"https:\/\/www.ucaldas.edu.co\/portal\/cedat-universidad-de-caldas-participo-en-la-entrega-de-resultados-de-la-busqueda-de-desaparecidos-en-el-magdalena-caldense\/","name":"CEDAT Universidad de Caldas particip\u00f3 en la entrega de resultados de la b\u00fasqueda de desaparecidos en el magdalena caldense .","isPartOf":{"@id":"https:\/\/www.ucaldas.edu.co\/portal\/#website"},"primaryImageOfPage":{"@id":"https:\/\/www.ucaldas.edu.co\/portal\/cedat-universidad-de-caldas-participo-en-la-entrega-de-resultados-de-la-busqueda-de-desaparecidos-en-el-magdalena-caldense\/#primaryimage"},"image":{"@id":"https:\/\/www.ucaldas.edu.co\/portal\/cedat-universidad-de-caldas-participo-en-la-entrega-de-resultados-de-la-busqueda-de-desaparecidos-en-el-magdalena-caldense\/#primaryimage"},"thumbnailUrl":"https:\/\/www.ucaldas.edu.co\/portal\/wp-content\/uploads\/2022\/12\/PARA-BOLE-3.jpg","datePublished":"2022-12-09T19:15:27+00:00","breadcrumb":{"@id":"https:\/\/www.ucaldas.edu.co\/portal\/cedat-universidad-de-caldas-participo-en-la-entrega-de-resultados-de-la-busqueda-de-desaparecidos-en-el-magdalena-caldense\/#breadcrumb"},"inLanguage":"es","potentialAction":[{"@type":"ReadAction","target":["https:\/\/www.ucaldas.edu.co\/portal\/cedat-universidad-de-caldas-participo-en-la-entrega-de-resultados-de-la-busqueda-de-desaparecidos-en-el-magdalena-caldense\/"]}]},{"@type":"ImageObject","inLanguage":"es","@id":"https:\/\/www.ucaldas.edu.co\/portal\/cedat-universidad-de-caldas-participo-en-la-entrega-de-resultados-de-la-busqueda-de-desaparecidos-en-el-magdalena-caldense\/#primaryimage","url":"https:\/\/www.ucaldas.edu.co\/portal\/wp-content\/uploads\/2022\/12\/PARA-BOLE-3.jpg","contentUrl":"https:\/\/www.ucaldas.edu.co\/portal\/wp-content\/uploads\/2022\/12\/PARA-BOLE-3.jpg","width":700,"height":400,"caption":"cedat"},{"@type":"BreadcrumbList","@id":"https:\/\/www.ucaldas.edu.co\/portal\/cedat-universidad-de-caldas-participo-en-la-entrega-de-resultados-de-la-busqueda-de-desaparecidos-en-el-magdalena-caldense\/#breadcrumb","itemListElement":[{"@type":"ListItem","position":1,"name":"Portada","item":"https:\/\/www.ucaldas.edu.co\/portal\/"},{"@type":"ListItem","position":2,"name":"CEDAT Universidad de Caldas particip\u00f3 en la entrega de resultados de la b\u00fasqueda de desaparecidos en el magdalena caldense"}]},{"@type":"WebSite","@id":"https:\/\/www.ucaldas.edu.co\/portal\/#website","url":"https:\/\/www.ucaldas.edu.co\/portal\/","name":"Universidad de Caldas","description":"","publisher":{"@id":"https:\/\/www.ucaldas.edu.co\/portal\/#organization"},"alternateName":"U. de Caldas","potentialAction":[{"@type":"SearchAction","target":{"@type":"EntryPoint","urlTemplate":"https:\/\/www.ucaldas.edu.co\/portal\/?s={search_term_string}"},"query-input":{"@type":"PropertyValueSpecification","valueRequired":true,"valueName":"search_term_string"}}],"inLanguage":"es"},{"@type":"Organization","@id":"https:\/\/www.ucaldas.edu.co\/portal\/#organization","name":"Universidad de Caldas","alternateName":"U. de Caldas","url":"https:\/\/www.ucaldas.edu.co\/portal\/","logo":{"@type":"ImageObject","inLanguage":"es","@id":"https:\/\/www.ucaldas.edu.co\/portal\/#\/schema\/logo\/image\/","url":"https:\/\/www.ucaldas.edu.co\/portal\/wp-content\/uploads\/2023\/11\/Logo_horizontal_oscuroU-2023.png","contentUrl":"https:\/\/www.ucaldas.edu.co\/portal\/wp-content\/uploads\/2023\/11\/Logo_horizontal_oscuroU-2023.png","width":263,"height":101,"caption":"Universidad de Caldas"},"image":{"@id":"https:\/\/www.ucaldas.edu.co\/portal\/#\/schema\/logo\/image\/"},"sameAs":["https:\/\/www.facebook.com\/udecaldas","https:\/\/x.com\/udecaldas","https:\/\/www.youtube.com\/universidadcaldas","https:\/\/www.instagram.com\/udecaldas\/"]},{"@type":"Person","@id":"https:\/\/www.ucaldas.edu.co\/portal\/#\/schema\/person\/a1b482e23449158b4bc319926c074fdf","name":"ofiprensa","image":{"@type":"ImageObject","inLanguage":"es","@id":"https:\/\/www.ucaldas.edu.co\/portal\/wp-content\/litespeed\/avatar\/09ea5085e600095a7a811142c6944527.jpg?ver=1776892805","url":"https:\/\/www.ucaldas.edu.co\/portal\/wp-content\/litespeed\/avatar\/09ea5085e600095a7a811142c6944527.jpg?ver=1776892805","contentUrl":"https:\/\/www.ucaldas.edu.co\/portal\/wp-content\/litespeed\/avatar\/09ea5085e600095a7a811142c6944527.jpg?ver=1776892805","caption":"ofiprensa"},"url":"https:\/\/www.ucaldas.edu.co\/portal\/author\/ofiprensa\/"}]}},"_links":{"self":[{"href":"https:\/\/www.ucaldas.edu.co\/portal\/wp-json\/wp\/v2\/posts\/74144","targetHints":{"allow":["GET"]}}],"collection":[{"href":"https:\/\/www.ucaldas.edu.co\/portal\/wp-json\/wp\/v2\/posts"}],"about":[{"href":"https:\/\/www.ucaldas.edu.co\/portal\/wp-json\/wp\/v2\/types\/post"}],"author":[{"embeddable":true,"href":"https:\/\/www.ucaldas.edu.co\/portal\/wp-json\/wp\/v2\/users\/2"}],"replies":[{"embeddable":true,"href":"https:\/\/www.ucaldas.edu.co\/portal\/wp-json\/wp\/v2\/comments?post=74144"}],"version-history":[{"count":0,"href":"https:\/\/www.ucaldas.edu.co\/portal\/wp-json\/wp\/v2\/posts\/74144\/revisions"}],"wp:featuredmedia":[{"embeddable":true,"href":"https:\/\/www.ucaldas.edu.co\/portal\/wp-json\/wp\/v2\/media\/74145"}],"wp:attachment":[{"href":"https:\/\/www.ucaldas.edu.co\/portal\/wp-json\/wp\/v2\/media?parent=74144"}],"wp:term":[{"taxonomy":"category","embeddable":true,"href":"https:\/\/www.ucaldas.edu.co\/portal\/wp-json\/wp\/v2\/categories?post=74144"},{"taxonomy":"post_tag","embeddable":true,"href":"https:\/\/www.ucaldas.edu.co\/portal\/wp-json\/wp\/v2\/tags?post=74144"}],"curies":[{"name":"wp","href":"https:\/\/api.w.org\/{rel}","templated":true}]}}