{"id":74135,"date":"2022-12-09T19:09:43","date_gmt":"2022-12-09T19:09:43","guid":{"rendered":"https:\/\/www.ucaldas.edu.co\/portal\/?p=74135"},"modified":"2022-12-09T19:09:43","modified_gmt":"2022-12-09T19:09:43","slug":"coloquio-mision-cientifico-social-100-anos-del-antiguo-cable-aereo-mariquita-manizales-y-la-dorada","status":"publish","type":"post","link":"https:\/\/www.ucaldas.edu.co\/portal\/coloquio-mision-cientifico-social-100-anos-del-antiguo-cable-aereo-mariquita-manizales-y-la-dorada\/","title":{"rendered":"Coloquio \u201cMisi\u00f3n cient\u00edfico-social: 100 a\u00f1os del antiguo cable a\u00e9reo Mariquita \u2013 Manizales (y La Dorada)\u201d"},"content":{"rendered":"<p><img loading=\"lazy\" decoding=\"async\" class=\"aligncenter size-full wp-image-74136\" src=\"https:\/\/www.ucaldas.edu.co\/portal\/wp-content\/uploads\/2022\/12\/PARA-BOLE.jpg\" alt=\"coloquio cable a\u00e9reo\" width=\"700\" height=\"400\" srcset=\"https:\/\/www.ucaldas.edu.co\/portal\/wp-content\/uploads\/2022\/12\/PARA-BOLE.jpg 700w, https:\/\/www.ucaldas.edu.co\/portal\/wp-content\/uploads\/2022\/12\/PARA-BOLE-300x171.jpg 300w\" sizes=\"auto, (max-width: 700px) 100vw, 700px\" \/><\/p>\n<p>El viernes 16 de diciembre a partir de las 8:00 a.m. en el auditorio Tulio G\u00f3mez Estrada, se llevar\u00e1 a cabo el coloquio \u201cMisi\u00f3n cient\u00edfico-social: 100 a\u00f1os del antiguo cable a\u00e9reo Mariquita \u2013 Manizales (y La Dorada)\u201d.<\/p>\n<p><!--more--><\/p>\n<p>Este evento hace parte del proyecto que conmemora el centenario de inauguraci\u00f3n del cable a\u00e9reo Mariquita \u2013 Manizales, un acontecimiento econ\u00f3mico y tecnol\u00f3gico que permiti\u00f3 que se acercara el comercio de Manizales al pa\u00eds y al mundo, y que ten\u00eda como prop\u00f3sito reemplazar el sistema de transporte y comunicaci\u00f3n antiguo que se hac\u00eda a trav\u00e9s de caminos de herradura.<\/p>\n<p>El coloquio presentar\u00e1 una serie de investigaciones y estudios cient\u00edficos y sociales en torno a la influencia e historia del cable a\u00e9reo en la regi\u00f3n, donde se expondr\u00e1n ponencias en tem\u00e1ticas como el turismo, las tradiciones, el paisaje, memoria hist\u00f3rica, geograf\u00eda, entre otros.<\/p>\n<p>El proyecto por medio de estos espacios busca comprender la realidad de las familias campesinas; recuperar los caminos y la tradici\u00f3n oral; realizar un trabajo paisaj\u00edstico de geomorfolog\u00eda; y construir un inventario de flora y fauna.<\/p>\n<p>El evento ser\u00e1 con entrada libre.<\/p>\n<p><strong>\u00a0<\/strong><\/p>\n<p><strong>Informes: <\/strong>Oficina de Comunicaciones y Prensa Universidad de Caldas.<\/p>\n<p><strong>Redacci\u00f3n:<\/strong> Mateo Buritic\u00e1 Giraldo<\/p>\n","protected":false},"excerpt":{"rendered":"<p>El viernes 16 de diciembre a partir de las 8:00 a.m. en el auditorio Tulio G\u00f3mez Estrada, se llevar\u00e1 a cabo el coloquio \u201cMisi\u00f3n cient\u00edfico-social: 100 a\u00f1os del antiguo cable a\u00e9reo Mariquita \u2013 Manizales (y La Dorada)\u201d.<\/p>\n","protected":false},"author":2,"featured_media":74136,"comment_status":"closed","ping_status":"open","sticky":false,"template":"","format":"standard","meta":{"footnotes":""},"categories":[48,53,62],"tags":[764,7881,9569],"class_list":["post-74135","post","type-post","status-publish","format-standard","has-post-thumbnail","hentry","category-actualidad","category-universidad-al-dia","category-eventos","tag-coloquio","tag-cable-aereo","tag-100-anos"],"yoast_head":"<!-- This site is optimized with the Yoast SEO plugin v27.4 - https:\/\/yoast.com\/product\/yoast-seo-wordpress\/ -->\n<title>Coloquio \u201cMisi\u00f3n cient\u00edfico-social: 100 a\u00f1os del antiguo cable a\u00e9reo Mariquita \u2013 Manizales (y La Dorada)\u201d .<\/title>\n<meta name=\"robots\" content=\"index, follow, max-snippet:-1, max-image-preview:large, max-video-preview:-1\" \/>\n<link rel=\"canonical\" href=\"https:\/\/www.ucaldas.edu.co\/portal\/coloquio-mision-cientifico-social-100-anos-del-antiguo-cable-aereo-mariquita-manizales-y-la-dorada\/\" \/>\n<script type=\"application\/ld+json\" class=\"yoast-schema-graph\">{\"@context\":\"https:\\\/\\\/schema.org\",\"@graph\":[{\"@type\":\"Article\",\"@id\":\"https:\\\/\\\/www.ucaldas.edu.co\\\/portal\\\/coloquio-mision-cientifico-social-100-anos-del-antiguo-cable-aereo-mariquita-manizales-y-la-dorada\\\/#article\",\"isPartOf\":{\"@id\":\"https:\\\/\\\/www.ucaldas.edu.co\\\/portal\\\/coloquio-mision-cientifico-social-100-anos-del-antiguo-cable-aereo-mariquita-manizales-y-la-dorada\\\/\"},\"author\":{\"name\":\"ofiprensa\",\"@id\":\"https:\\\/\\\/www.ucaldas.edu.co\\\/portal\\\/#\\\/schema\\\/person\\\/a1b482e23449158b4bc319926c074fdf\"},\"headline\":\"Coloquio \u201cMisi\u00f3n cient\u00edfico-social: 100 a\u00f1os del antiguo cable a\u00e9reo Mariquita \u2013 Manizales (y La Dorada)\u201d\",\"datePublished\":\"2022-12-09T19:09:43+00:00\",\"mainEntityOfPage\":{\"@id\":\"https:\\\/\\\/www.ucaldas.edu.co\\\/portal\\\/coloquio-mision-cientifico-social-100-anos-del-antiguo-cable-aereo-mariquita-manizales-y-la-dorada\\\/\"},\"wordCount\":233,\"publisher\":{\"@id\":\"https:\\\/\\\/www.ucaldas.edu.co\\\/portal\\\/#organization\"},\"image\":{\"@id\":\"https:\\\/\\\/www.ucaldas.edu.co\\\/portal\\\/coloquio-mision-cientifico-social-100-anos-del-antiguo-cable-aereo-mariquita-manizales-y-la-dorada\\\/#primaryimage\"},\"thumbnailUrl\":\"https:\\\/\\\/www.ucaldas.edu.co\\\/portal\\\/wp-content\\\/uploads\\\/2022\\\/12\\\/PARA-BOLE.jpg\",\"keywords\":[\"coloquio\",\"cable a\u00e9reo\",\"100 a\u00f1os\"],\"articleSection\":[\"Actualidad\",\"Universidad al D\u00eda\",\"Eventos\"],\"inLanguage\":\"es\"},{\"@type\":\"WebPage\",\"@id\":\"https:\\\/\\\/www.ucaldas.edu.co\\\/portal\\\/coloquio-mision-cientifico-social-100-anos-del-antiguo-cable-aereo-mariquita-manizales-y-la-dorada\\\/\",\"url\":\"https:\\\/\\\/www.ucaldas.edu.co\\\/portal\\\/coloquio-mision-cientifico-social-100-anos-del-antiguo-cable-aereo-mariquita-manizales-y-la-dorada\\\/\",\"name\":\"Coloquio \u201cMisi\u00f3n cient\u00edfico-social: 100 a\u00f1os del antiguo cable a\u00e9reo Mariquita \u2013 Manizales (y La Dorada)\u201d .\",\"isPartOf\":{\"@id\":\"https:\\\/\\\/www.ucaldas.edu.co\\\/portal\\\/#website\"},\"primaryImageOfPage\":{\"@id\":\"https:\\\/\\\/www.ucaldas.edu.co\\\/portal\\\/coloquio-mision-cientifico-social-100-anos-del-antiguo-cable-aereo-mariquita-manizales-y-la-dorada\\\/#primaryimage\"},\"image\":{\"@id\":\"https:\\\/\\\/www.ucaldas.edu.co\\\/portal\\\/coloquio-mision-cientifico-social-100-anos-del-antiguo-cable-aereo-mariquita-manizales-y-la-dorada\\\/#primaryimage\"},\"thumbnailUrl\":\"https:\\\/\\\/www.ucaldas.edu.co\\\/portal\\\/wp-content\\\/uploads\\\/2022\\\/12\\\/PARA-BOLE.jpg\",\"datePublished\":\"2022-12-09T19:09:43+00:00\",\"breadcrumb\":{\"@id\":\"https:\\\/\\\/www.ucaldas.edu.co\\\/portal\\\/coloquio-mision-cientifico-social-100-anos-del-antiguo-cable-aereo-mariquita-manizales-y-la-dorada\\\/#breadcrumb\"},\"inLanguage\":\"es\",\"potentialAction\":[{\"@type\":\"ReadAction\",\"target\":[\"https:\\\/\\\/www.ucaldas.edu.co\\\/portal\\\/coloquio-mision-cientifico-social-100-anos-del-antiguo-cable-aereo-mariquita-manizales-y-la-dorada\\\/\"]}]},{\"@type\":\"ImageObject\",\"inLanguage\":\"es\",\"@id\":\"https:\\\/\\\/www.ucaldas.edu.co\\\/portal\\\/coloquio-mision-cientifico-social-100-anos-del-antiguo-cable-aereo-mariquita-manizales-y-la-dorada\\\/#primaryimage\",\"url\":\"https:\\\/\\\/www.ucaldas.edu.co\\\/portal\\\/wp-content\\\/uploads\\\/2022\\\/12\\\/PARA-BOLE.jpg\",\"contentUrl\":\"https:\\\/\\\/www.ucaldas.edu.co\\\/portal\\\/wp-content\\\/uploads\\\/2022\\\/12\\\/PARA-BOLE.jpg\",\"width\":700,\"height\":400,\"caption\":\"coloquio cable a\u00e9reo\"},{\"@type\":\"BreadcrumbList\",\"@id\":\"https:\\\/\\\/www.ucaldas.edu.co\\\/portal\\\/coloquio-mision-cientifico-social-100-anos-del-antiguo-cable-aereo-mariquita-manizales-y-la-dorada\\\/#breadcrumb\",\"itemListElement\":[{\"@type\":\"ListItem\",\"position\":1,\"name\":\"Portada\",\"item\":\"https:\\\/\\\/www.ucaldas.edu.co\\\/portal\\\/\"},{\"@type\":\"ListItem\",\"position\":2,\"name\":\"Coloquio \u201cMisi\u00f3n cient\u00edfico-social: 100 a\u00f1os del antiguo cable a\u00e9reo Mariquita \u2013 Manizales (y La Dorada)\u201d\"}]},{\"@type\":\"WebSite\",\"@id\":\"https:\\\/\\\/www.ucaldas.edu.co\\\/portal\\\/#website\",\"url\":\"https:\\\/\\\/www.ucaldas.edu.co\\\/portal\\\/\",\"name\":\"Universidad de Caldas\",\"description\":\"\",\"publisher\":{\"@id\":\"https:\\\/\\\/www.ucaldas.edu.co\\\/portal\\\/#organization\"},\"alternateName\":\"U. de Caldas\",\"potentialAction\":[{\"@type\":\"SearchAction\",\"target\":{\"@type\":\"EntryPoint\",\"urlTemplate\":\"https:\\\/\\\/www.ucaldas.edu.co\\\/portal\\\/?s={search_term_string}\"},\"query-input\":{\"@type\":\"PropertyValueSpecification\",\"valueRequired\":true,\"valueName\":\"search_term_string\"}}],\"inLanguage\":\"es\"},{\"@type\":\"Organization\",\"@id\":\"https:\\\/\\\/www.ucaldas.edu.co\\\/portal\\\/#organization\",\"name\":\"Universidad de Caldas\",\"alternateName\":\"U. de Caldas\",\"url\":\"https:\\\/\\\/www.ucaldas.edu.co\\\/portal\\\/\",\"logo\":{\"@type\":\"ImageObject\",\"inLanguage\":\"es\",\"@id\":\"https:\\\/\\\/www.ucaldas.edu.co\\\/portal\\\/#\\\/schema\\\/logo\\\/image\\\/\",\"url\":\"https:\\\/\\\/www.ucaldas.edu.co\\\/portal\\\/wp-content\\\/uploads\\\/2023\\\/11\\\/Logo_horizontal_oscuroU-2023.png\",\"contentUrl\":\"https:\\\/\\\/www.ucaldas.edu.co\\\/portal\\\/wp-content\\\/uploads\\\/2023\\\/11\\\/Logo_horizontal_oscuroU-2023.png\",\"width\":263,\"height\":101,\"caption\":\"Universidad de Caldas\"},\"image\":{\"@id\":\"https:\\\/\\\/www.ucaldas.edu.co\\\/portal\\\/#\\\/schema\\\/logo\\\/image\\\/\"},\"sameAs\":[\"https:\\\/\\\/www.facebook.com\\\/udecaldas\",\"https:\\\/\\\/x.com\\\/udecaldas\",\"https:\\\/\\\/www.youtube.com\\\/universidadcaldas\",\"https:\\\/\\\/www.instagram.com\\\/udecaldas\\\/\"]},{\"@type\":\"Person\",\"@id\":\"https:\\\/\\\/www.ucaldas.edu.co\\\/portal\\\/#\\\/schema\\\/person\\\/a1b482e23449158b4bc319926c074fdf\",\"name\":\"ofiprensa\",\"image\":{\"@type\":\"ImageObject\",\"inLanguage\":\"es\",\"@id\":\"https:\\\/\\\/www.ucaldas.edu.co\\\/portal\\\/wp-content\\\/litespeed\\\/avatar\\\/09ea5085e600095a7a811142c6944527.jpg?ver=1776892805\",\"url\":\"https:\\\/\\\/www.ucaldas.edu.co\\\/portal\\\/wp-content\\\/litespeed\\\/avatar\\\/09ea5085e600095a7a811142c6944527.jpg?ver=1776892805\",\"contentUrl\":\"https:\\\/\\\/www.ucaldas.edu.co\\\/portal\\\/wp-content\\\/litespeed\\\/avatar\\\/09ea5085e600095a7a811142c6944527.jpg?ver=1776892805\",\"caption\":\"ofiprensa\"},\"url\":\"https:\\\/\\\/www.ucaldas.edu.co\\\/portal\\\/author\\\/ofiprensa\\\/\"}]}<\/script>\n<!-- \/ Yoast SEO plugin. -->","yoast_head_json":{"title":"Coloquio \u201cMisi\u00f3n cient\u00edfico-social: 100 a\u00f1os del antiguo cable a\u00e9reo Mariquita \u2013 Manizales (y La Dorada)\u201d .","robots":{"index":"index","follow":"follow","max-snippet":"max-snippet:-1","max-image-preview":"max-image-preview:large","max-video-preview":"max-video-preview:-1"},"canonical":"https:\/\/www.ucaldas.edu.co\/portal\/coloquio-mision-cientifico-social-100-anos-del-antiguo-cable-aereo-mariquita-manizales-y-la-dorada\/","schema":{"@context":"https:\/\/schema.org","@graph":[{"@type":"Article","@id":"https:\/\/www.ucaldas.edu.co\/portal\/coloquio-mision-cientifico-social-100-anos-del-antiguo-cable-aereo-mariquita-manizales-y-la-dorada\/#article","isPartOf":{"@id":"https:\/\/www.ucaldas.edu.co\/portal\/coloquio-mision-cientifico-social-100-anos-del-antiguo-cable-aereo-mariquita-manizales-y-la-dorada\/"},"author":{"name":"ofiprensa","@id":"https:\/\/www.ucaldas.edu.co\/portal\/#\/schema\/person\/a1b482e23449158b4bc319926c074fdf"},"headline":"Coloquio \u201cMisi\u00f3n cient\u00edfico-social: 100 a\u00f1os del antiguo cable a\u00e9reo Mariquita \u2013 Manizales (y La Dorada)\u201d","datePublished":"2022-12-09T19:09:43+00:00","mainEntityOfPage":{"@id":"https:\/\/www.ucaldas.edu.co\/portal\/coloquio-mision-cientifico-social-100-anos-del-antiguo-cable-aereo-mariquita-manizales-y-la-dorada\/"},"wordCount":233,"publisher":{"@id":"https:\/\/www.ucaldas.edu.co\/portal\/#organization"},"image":{"@id":"https:\/\/www.ucaldas.edu.co\/portal\/coloquio-mision-cientifico-social-100-anos-del-antiguo-cable-aereo-mariquita-manizales-y-la-dorada\/#primaryimage"},"thumbnailUrl":"https:\/\/www.ucaldas.edu.co\/portal\/wp-content\/uploads\/2022\/12\/PARA-BOLE.jpg","keywords":["coloquio","cable a\u00e9reo","100 a\u00f1os"],"articleSection":["Actualidad","Universidad al D\u00eda","Eventos"],"inLanguage":"es"},{"@type":"WebPage","@id":"https:\/\/www.ucaldas.edu.co\/portal\/coloquio-mision-cientifico-social-100-anos-del-antiguo-cable-aereo-mariquita-manizales-y-la-dorada\/","url":"https:\/\/www.ucaldas.edu.co\/portal\/coloquio-mision-cientifico-social-100-anos-del-antiguo-cable-aereo-mariquita-manizales-y-la-dorada\/","name":"Coloquio \u201cMisi\u00f3n cient\u00edfico-social: 100 a\u00f1os del antiguo cable a\u00e9reo Mariquita \u2013 Manizales (y La Dorada)\u201d .","isPartOf":{"@id":"https:\/\/www.ucaldas.edu.co\/portal\/#website"},"primaryImageOfPage":{"@id":"https:\/\/www.ucaldas.edu.co\/portal\/coloquio-mision-cientifico-social-100-anos-del-antiguo-cable-aereo-mariquita-manizales-y-la-dorada\/#primaryimage"},"image":{"@id":"https:\/\/www.ucaldas.edu.co\/portal\/coloquio-mision-cientifico-social-100-anos-del-antiguo-cable-aereo-mariquita-manizales-y-la-dorada\/#primaryimage"},"thumbnailUrl":"https:\/\/www.ucaldas.edu.co\/portal\/wp-content\/uploads\/2022\/12\/PARA-BOLE.jpg","datePublished":"2022-12-09T19:09:43+00:00","breadcrumb":{"@id":"https:\/\/www.ucaldas.edu.co\/portal\/coloquio-mision-cientifico-social-100-anos-del-antiguo-cable-aereo-mariquita-manizales-y-la-dorada\/#breadcrumb"},"inLanguage":"es","potentialAction":[{"@type":"ReadAction","target":["https:\/\/www.ucaldas.edu.co\/portal\/coloquio-mision-cientifico-social-100-anos-del-antiguo-cable-aereo-mariquita-manizales-y-la-dorada\/"]}]},{"@type":"ImageObject","inLanguage":"es","@id":"https:\/\/www.ucaldas.edu.co\/portal\/coloquio-mision-cientifico-social-100-anos-del-antiguo-cable-aereo-mariquita-manizales-y-la-dorada\/#primaryimage","url":"https:\/\/www.ucaldas.edu.co\/portal\/wp-content\/uploads\/2022\/12\/PARA-BOLE.jpg","contentUrl":"https:\/\/www.ucaldas.edu.co\/portal\/wp-content\/uploads\/2022\/12\/PARA-BOLE.jpg","width":700,"height":400,"caption":"coloquio cable a\u00e9reo"},{"@type":"BreadcrumbList","@id":"https:\/\/www.ucaldas.edu.co\/portal\/coloquio-mision-cientifico-social-100-anos-del-antiguo-cable-aereo-mariquita-manizales-y-la-dorada\/#breadcrumb","itemListElement":[{"@type":"ListItem","position":1,"name":"Portada","item":"https:\/\/www.ucaldas.edu.co\/portal\/"},{"@type":"ListItem","position":2,"name":"Coloquio \u201cMisi\u00f3n cient\u00edfico-social: 100 a\u00f1os del antiguo cable a\u00e9reo Mariquita \u2013 Manizales (y La Dorada)\u201d"}]},{"@type":"WebSite","@id":"https:\/\/www.ucaldas.edu.co\/portal\/#website","url":"https:\/\/www.ucaldas.edu.co\/portal\/","name":"Universidad de Caldas","description":"","publisher":{"@id":"https:\/\/www.ucaldas.edu.co\/portal\/#organization"},"alternateName":"U. de Caldas","potentialAction":[{"@type":"SearchAction","target":{"@type":"EntryPoint","urlTemplate":"https:\/\/www.ucaldas.edu.co\/portal\/?s={search_term_string}"},"query-input":{"@type":"PropertyValueSpecification","valueRequired":true,"valueName":"search_term_string"}}],"inLanguage":"es"},{"@type":"Organization","@id":"https:\/\/www.ucaldas.edu.co\/portal\/#organization","name":"Universidad de Caldas","alternateName":"U. de Caldas","url":"https:\/\/www.ucaldas.edu.co\/portal\/","logo":{"@type":"ImageObject","inLanguage":"es","@id":"https:\/\/www.ucaldas.edu.co\/portal\/#\/schema\/logo\/image\/","url":"https:\/\/www.ucaldas.edu.co\/portal\/wp-content\/uploads\/2023\/11\/Logo_horizontal_oscuroU-2023.png","contentUrl":"https:\/\/www.ucaldas.edu.co\/portal\/wp-content\/uploads\/2023\/11\/Logo_horizontal_oscuroU-2023.png","width":263,"height":101,"caption":"Universidad de Caldas"},"image":{"@id":"https:\/\/www.ucaldas.edu.co\/portal\/#\/schema\/logo\/image\/"},"sameAs":["https:\/\/www.facebook.com\/udecaldas","https:\/\/x.com\/udecaldas","https:\/\/www.youtube.com\/universidadcaldas","https:\/\/www.instagram.com\/udecaldas\/"]},{"@type":"Person","@id":"https:\/\/www.ucaldas.edu.co\/portal\/#\/schema\/person\/a1b482e23449158b4bc319926c074fdf","name":"ofiprensa","image":{"@type":"ImageObject","inLanguage":"es","@id":"https:\/\/www.ucaldas.edu.co\/portal\/wp-content\/litespeed\/avatar\/09ea5085e600095a7a811142c6944527.jpg?ver=1776892805","url":"https:\/\/www.ucaldas.edu.co\/portal\/wp-content\/litespeed\/avatar\/09ea5085e600095a7a811142c6944527.jpg?ver=1776892805","contentUrl":"https:\/\/www.ucaldas.edu.co\/portal\/wp-content\/litespeed\/avatar\/09ea5085e600095a7a811142c6944527.jpg?ver=1776892805","caption":"ofiprensa"},"url":"https:\/\/www.ucaldas.edu.co\/portal\/author\/ofiprensa\/"}]}},"_links":{"self":[{"href":"https:\/\/www.ucaldas.edu.co\/portal\/wp-json\/wp\/v2\/posts\/74135","targetHints":{"allow":["GET"]}}],"collection":[{"href":"https:\/\/www.ucaldas.edu.co\/portal\/wp-json\/wp\/v2\/posts"}],"about":[{"href":"https:\/\/www.ucaldas.edu.co\/portal\/wp-json\/wp\/v2\/types\/post"}],"author":[{"embeddable":true,"href":"https:\/\/www.ucaldas.edu.co\/portal\/wp-json\/wp\/v2\/users\/2"}],"replies":[{"embeddable":true,"href":"https:\/\/www.ucaldas.edu.co\/portal\/wp-json\/wp\/v2\/comments?post=74135"}],"version-history":[{"count":0,"href":"https:\/\/www.ucaldas.edu.co\/portal\/wp-json\/wp\/v2\/posts\/74135\/revisions"}],"wp:featuredmedia":[{"embeddable":true,"href":"https:\/\/www.ucaldas.edu.co\/portal\/wp-json\/wp\/v2\/media\/74136"}],"wp:attachment":[{"href":"https:\/\/www.ucaldas.edu.co\/portal\/wp-json\/wp\/v2\/media?parent=74135"}],"wp:term":[{"taxonomy":"category","embeddable":true,"href":"https:\/\/www.ucaldas.edu.co\/portal\/wp-json\/wp\/v2\/categories?post=74135"},{"taxonomy":"post_tag","embeddable":true,"href":"https:\/\/www.ucaldas.edu.co\/portal\/wp-json\/wp\/v2\/tags?post=74135"}],"curies":[{"name":"wp","href":"https:\/\/api.w.org\/{rel}","templated":true}]}}