{"id":74117,"date":"2022-12-07T19:09:06","date_gmt":"2022-12-07T19:09:06","guid":{"rendered":"https:\/\/www.ucaldas.edu.co\/portal\/?p=74117"},"modified":"2023-05-30T19:24:09","modified_gmt":"2023-05-30T19:24:09","slug":"exposicion-de-trabajos-en-la-categoria-adultos-del-programa-de-extension-en-artes-plasticas","status":"publish","type":"post","link":"https:\/\/www.ucaldas.edu.co\/portal\/exposicion-de-trabajos-en-la-categoria-adultos-del-programa-de-extension-en-artes-plasticas\/","title":{"rendered":"Exposici\u00f3n de trabajos en la categor\u00eda adultos del programa de extensi\u00f3n en Artes Pl\u00e1sticas"},"content":{"rendered":"<p><img loading=\"lazy\" decoding=\"async\" class=\"aligncenter size-full wp-image-74118\" src=\"https:\/\/www.ucaldas.edu.co\/portal\/wp-content\/uploads\/2022\/12\/exposicion.jpg\" alt=\"Esta iniciativa liderada por la Facultad de Artes y Humanidades, busca que la comunidad desarrolle habilidades en las diferentes ramas de las artes\" width=\"700\" height=\"400\" srcset=\"https:\/\/www.ucaldas.edu.co\/portal\/wp-content\/uploads\/2022\/12\/exposicion.jpg 700w, https:\/\/www.ucaldas.edu.co\/portal\/wp-content\/uploads\/2022\/12\/exposicion-300x171.jpg 300w\" sizes=\"auto, (max-width: 700px) 100vw, 700px\" \/><\/p>\n<p>&nbsp;<\/p>\n<p>El programa de extensi\u00f3n en Artes Pl\u00e1sticas del departamento de Artes Pl\u00e1sticas de la Universidad de Caldas, invita el martes 13 de diciembre a la apertura de la exposici\u00f3n de obras realizadas en la categor\u00eda adultos del programa.<\/p>\n<p><!--more--><\/p>\n<p>Esta iniciativa liderada por la Facultad de Artes y Humanidades, busca que la comunidad desarrolle habilidades en las diferentes ramas de las artes, con el prop\u00f3sito de fomentar la cultura y fortalecer el arte en el departamento de Caldas.<\/p>\n<p>Los interesados en asistir, encontrar\u00e1n piezas en exposici\u00f3n bajo las siguientes t\u00e9cnicas:<\/p>\n<ul>\n<li>Pintura al \u00f3leo.<\/li>\n<li>Escultura<\/li>\n<li>Fotograf\u00eda.<\/li>\n<li>Talla en madera.<\/li>\n<li>Dibujo<\/li>\n<\/ul>\n<p>La explosi\u00f3n se llevar\u00e1 a cabo en la sala Cumanday del CCC Teatro Los Fundadores a partir de las 6:30 p.m. la exhibici\u00f3n estar\u00e1 abierta al p\u00fablico hasta el 17 de diciembre.<\/p>\n<p>&nbsp;<\/p>\n<p>Entrada libre.<\/p>\n<p><strong>\u00a0<\/strong><\/p>\n<p>&nbsp;<\/p>\n<p>&nbsp;<\/p>\n","protected":false},"excerpt":{"rendered":"<p>&nbsp; El programa de extensi\u00f3n en Artes Pl\u00e1sticas del departamento de Artes Pl\u00e1sticas de la Universidad de Caldas, invita el martes 13 de diciembre a la apertura de la exposici\u00f3n de obras realizadas en la categor\u00eda adultos del programa.<\/p>\n","protected":false},"author":2,"featured_media":74118,"comment_status":"closed","ping_status":"open","sticky":false,"template":"","format":"standard","meta":{"footnotes":""},"categories":[48,53,664],"tags":[336,445,9563],"class_list":["post-74117","post","type-post","status-publish","format-standard","has-post-thumbnail","hentry","category-actualidad","category-universidad-al-dia","category-ucaldas-cultural","tag-proyecto-de-extension","tag-artes-plasticas","tag-apertura-exposicion"],"yoast_head":"<!-- This site is optimized with the Yoast SEO plugin v27.5 - https:\/\/yoast.com\/product\/yoast-seo-wordpress\/ -->\n<title>Exposici\u00f3n de trabajos en la categor\u00eda adultos del programa de extensi\u00f3n en Artes Pl\u00e1sticas .<\/title>\n<meta name=\"robots\" content=\"index, follow, max-snippet:-1, max-image-preview:large, max-video-preview:-1\" \/>\n<link rel=\"canonical\" href=\"https:\/\/www.ucaldas.edu.co\/portal\/exposicion-de-trabajos-en-la-categoria-adultos-del-programa-de-extension-en-artes-plasticas\/\" \/>\n<script type=\"application\/ld+json\" class=\"yoast-schema-graph\">{\"@context\":\"https:\\\/\\\/schema.org\",\"@graph\":[{\"@type\":\"Article\",\"@id\":\"https:\\\/\\\/www.ucaldas.edu.co\\\/portal\\\/exposicion-de-trabajos-en-la-categoria-adultos-del-programa-de-extension-en-artes-plasticas\\\/#article\",\"isPartOf\":{\"@id\":\"https:\\\/\\\/www.ucaldas.edu.co\\\/portal\\\/exposicion-de-trabajos-en-la-categoria-adultos-del-programa-de-extension-en-artes-plasticas\\\/\"},\"author\":{\"name\":\"ofiprensa\",\"@id\":\"https:\\\/\\\/www.ucaldas.edu.co\\\/portal\\\/#\\\/schema\\\/person\\\/a1b482e23449158b4bc319926c074fdf\"},\"headline\":\"Exposici\u00f3n de trabajos en la categor\u00eda adultos del programa de extensi\u00f3n en Artes Pl\u00e1sticas\",\"datePublished\":\"2022-12-07T19:09:06+00:00\",\"dateModified\":\"2023-05-30T19:24:09+00:00\",\"mainEntityOfPage\":{\"@id\":\"https:\\\/\\\/www.ucaldas.edu.co\\\/portal\\\/exposicion-de-trabajos-en-la-categoria-adultos-del-programa-de-extension-en-artes-plasticas\\\/\"},\"wordCount\":165,\"publisher\":{\"@id\":\"https:\\\/\\\/www.ucaldas.edu.co\\\/portal\\\/#organization\"},\"image\":{\"@id\":\"https:\\\/\\\/www.ucaldas.edu.co\\\/portal\\\/exposicion-de-trabajos-en-la-categoria-adultos-del-programa-de-extension-en-artes-plasticas\\\/#primaryimage\"},\"thumbnailUrl\":\"https:\\\/\\\/www.ucaldas.edu.co\\\/portal\\\/wp-content\\\/uploads\\\/2022\\\/12\\\/exposicion.jpg\",\"keywords\":[\"proyecto de extensi\u00f3n\",\"artes pl\u00e1sticas\",\"apertura exposici\u00f3n\"],\"articleSection\":[\"Actualidad\",\"Universidad al D\u00eda\",\"UCaldas Cultural\"],\"inLanguage\":\"es\"},{\"@type\":\"WebPage\",\"@id\":\"https:\\\/\\\/www.ucaldas.edu.co\\\/portal\\\/exposicion-de-trabajos-en-la-categoria-adultos-del-programa-de-extension-en-artes-plasticas\\\/\",\"url\":\"https:\\\/\\\/www.ucaldas.edu.co\\\/portal\\\/exposicion-de-trabajos-en-la-categoria-adultos-del-programa-de-extension-en-artes-plasticas\\\/\",\"name\":\"Exposici\u00f3n de trabajos en la categor\u00eda adultos del programa de extensi\u00f3n en Artes Pl\u00e1sticas .\",\"isPartOf\":{\"@id\":\"https:\\\/\\\/www.ucaldas.edu.co\\\/portal\\\/#website\"},\"primaryImageOfPage\":{\"@id\":\"https:\\\/\\\/www.ucaldas.edu.co\\\/portal\\\/exposicion-de-trabajos-en-la-categoria-adultos-del-programa-de-extension-en-artes-plasticas\\\/#primaryimage\"},\"image\":{\"@id\":\"https:\\\/\\\/www.ucaldas.edu.co\\\/portal\\\/exposicion-de-trabajos-en-la-categoria-adultos-del-programa-de-extension-en-artes-plasticas\\\/#primaryimage\"},\"thumbnailUrl\":\"https:\\\/\\\/www.ucaldas.edu.co\\\/portal\\\/wp-content\\\/uploads\\\/2022\\\/12\\\/exposicion.jpg\",\"datePublished\":\"2022-12-07T19:09:06+00:00\",\"dateModified\":\"2023-05-30T19:24:09+00:00\",\"breadcrumb\":{\"@id\":\"https:\\\/\\\/www.ucaldas.edu.co\\\/portal\\\/exposicion-de-trabajos-en-la-categoria-adultos-del-programa-de-extension-en-artes-plasticas\\\/#breadcrumb\"},\"inLanguage\":\"es\",\"potentialAction\":[{\"@type\":\"ReadAction\",\"target\":[\"https:\\\/\\\/www.ucaldas.edu.co\\\/portal\\\/exposicion-de-trabajos-en-la-categoria-adultos-del-programa-de-extension-en-artes-plasticas\\\/\"]}]},{\"@type\":\"ImageObject\",\"inLanguage\":\"es\",\"@id\":\"https:\\\/\\\/www.ucaldas.edu.co\\\/portal\\\/exposicion-de-trabajos-en-la-categoria-adultos-del-programa-de-extension-en-artes-plasticas\\\/#primaryimage\",\"url\":\"https:\\\/\\\/www.ucaldas.edu.co\\\/portal\\\/wp-content\\\/uploads\\\/2022\\\/12\\\/exposicion.jpg\",\"contentUrl\":\"https:\\\/\\\/www.ucaldas.edu.co\\\/portal\\\/wp-content\\\/uploads\\\/2022\\\/12\\\/exposicion.jpg\",\"width\":700,\"height\":400,\"caption\":\"Esta iniciativa liderada por la Facultad de Artes y Humanidades, busca que la comunidad desarrolle habilidades en las diferentes ramas de las artes\"},{\"@type\":\"BreadcrumbList\",\"@id\":\"https:\\\/\\\/www.ucaldas.edu.co\\\/portal\\\/exposicion-de-trabajos-en-la-categoria-adultos-del-programa-de-extension-en-artes-plasticas\\\/#breadcrumb\",\"itemListElement\":[{\"@type\":\"ListItem\",\"position\":1,\"name\":\"Portada\",\"item\":\"https:\\\/\\\/www.ucaldas.edu.co\\\/portal\\\/\"},{\"@type\":\"ListItem\",\"position\":2,\"name\":\"Exposici\u00f3n de trabajos en la categor\u00eda adultos del programa de extensi\u00f3n en Artes Pl\u00e1sticas\"}]},{\"@type\":\"WebSite\",\"@id\":\"https:\\\/\\\/www.ucaldas.edu.co\\\/portal\\\/#website\",\"url\":\"https:\\\/\\\/www.ucaldas.edu.co\\\/portal\\\/\",\"name\":\"Universidad de Caldas\",\"description\":\"\",\"publisher\":{\"@id\":\"https:\\\/\\\/www.ucaldas.edu.co\\\/portal\\\/#organization\"},\"alternateName\":\"U. de Caldas\",\"potentialAction\":[{\"@type\":\"SearchAction\",\"target\":{\"@type\":\"EntryPoint\",\"urlTemplate\":\"https:\\\/\\\/www.ucaldas.edu.co\\\/portal\\\/?s={search_term_string}\"},\"query-input\":{\"@type\":\"PropertyValueSpecification\",\"valueRequired\":true,\"valueName\":\"search_term_string\"}}],\"inLanguage\":\"es\"},{\"@type\":\"Organization\",\"@id\":\"https:\\\/\\\/www.ucaldas.edu.co\\\/portal\\\/#organization\",\"name\":\"Universidad de Caldas\",\"alternateName\":\"U. de Caldas\",\"url\":\"https:\\\/\\\/www.ucaldas.edu.co\\\/portal\\\/\",\"logo\":{\"@type\":\"ImageObject\",\"inLanguage\":\"es\",\"@id\":\"https:\\\/\\\/www.ucaldas.edu.co\\\/portal\\\/#\\\/schema\\\/logo\\\/image\\\/\",\"url\":\"https:\\\/\\\/www.ucaldas.edu.co\\\/portal\\\/wp-content\\\/uploads\\\/2023\\\/11\\\/Logo_horizontal_oscuroU-2023.png\",\"contentUrl\":\"https:\\\/\\\/www.ucaldas.edu.co\\\/portal\\\/wp-content\\\/uploads\\\/2023\\\/11\\\/Logo_horizontal_oscuroU-2023.png\",\"width\":263,\"height\":101,\"caption\":\"Universidad de Caldas\"},\"image\":{\"@id\":\"https:\\\/\\\/www.ucaldas.edu.co\\\/portal\\\/#\\\/schema\\\/logo\\\/image\\\/\"},\"sameAs\":[\"https:\\\/\\\/www.facebook.com\\\/udecaldas\",\"https:\\\/\\\/x.com\\\/udecaldas\",\"https:\\\/\\\/www.youtube.com\\\/universidadcaldas\",\"https:\\\/\\\/www.instagram.com\\\/udecaldas\\\/\"]},{\"@type\":\"Person\",\"@id\":\"https:\\\/\\\/www.ucaldas.edu.co\\\/portal\\\/#\\\/schema\\\/person\\\/a1b482e23449158b4bc319926c074fdf\",\"name\":\"ofiprensa\",\"image\":{\"@type\":\"ImageObject\",\"inLanguage\":\"es\",\"@id\":\"https:\\\/\\\/www.ucaldas.edu.co\\\/portal\\\/wp-content\\\/litespeed\\\/avatar\\\/09ea5085e600095a7a811142c6944527.jpg?ver=1777497608\",\"url\":\"https:\\\/\\\/www.ucaldas.edu.co\\\/portal\\\/wp-content\\\/litespeed\\\/avatar\\\/09ea5085e600095a7a811142c6944527.jpg?ver=1777497608\",\"contentUrl\":\"https:\\\/\\\/www.ucaldas.edu.co\\\/portal\\\/wp-content\\\/litespeed\\\/avatar\\\/09ea5085e600095a7a811142c6944527.jpg?ver=1777497608\",\"caption\":\"ofiprensa\"},\"url\":\"https:\\\/\\\/www.ucaldas.edu.co\\\/portal\\\/author\\\/ofiprensa\\\/\"}]}<\/script>\n<!-- \/ Yoast SEO plugin. -->","yoast_head_json":{"title":"Exposici\u00f3n de trabajos en la categor\u00eda adultos del programa de extensi\u00f3n en Artes Pl\u00e1sticas .","robots":{"index":"index","follow":"follow","max-snippet":"max-snippet:-1","max-image-preview":"max-image-preview:large","max-video-preview":"max-video-preview:-1"},"canonical":"https:\/\/www.ucaldas.edu.co\/portal\/exposicion-de-trabajos-en-la-categoria-adultos-del-programa-de-extension-en-artes-plasticas\/","schema":{"@context":"https:\/\/schema.org","@graph":[{"@type":"Article","@id":"https:\/\/www.ucaldas.edu.co\/portal\/exposicion-de-trabajos-en-la-categoria-adultos-del-programa-de-extension-en-artes-plasticas\/#article","isPartOf":{"@id":"https:\/\/www.ucaldas.edu.co\/portal\/exposicion-de-trabajos-en-la-categoria-adultos-del-programa-de-extension-en-artes-plasticas\/"},"author":{"name":"ofiprensa","@id":"https:\/\/www.ucaldas.edu.co\/portal\/#\/schema\/person\/a1b482e23449158b4bc319926c074fdf"},"headline":"Exposici\u00f3n de trabajos en la categor\u00eda adultos del programa de extensi\u00f3n en Artes Pl\u00e1sticas","datePublished":"2022-12-07T19:09:06+00:00","dateModified":"2023-05-30T19:24:09+00:00","mainEntityOfPage":{"@id":"https:\/\/www.ucaldas.edu.co\/portal\/exposicion-de-trabajos-en-la-categoria-adultos-del-programa-de-extension-en-artes-plasticas\/"},"wordCount":165,"publisher":{"@id":"https:\/\/www.ucaldas.edu.co\/portal\/#organization"},"image":{"@id":"https:\/\/www.ucaldas.edu.co\/portal\/exposicion-de-trabajos-en-la-categoria-adultos-del-programa-de-extension-en-artes-plasticas\/#primaryimage"},"thumbnailUrl":"https:\/\/www.ucaldas.edu.co\/portal\/wp-content\/uploads\/2022\/12\/exposicion.jpg","keywords":["proyecto de extensi\u00f3n","artes pl\u00e1sticas","apertura exposici\u00f3n"],"articleSection":["Actualidad","Universidad al D\u00eda","UCaldas Cultural"],"inLanguage":"es"},{"@type":"WebPage","@id":"https:\/\/www.ucaldas.edu.co\/portal\/exposicion-de-trabajos-en-la-categoria-adultos-del-programa-de-extension-en-artes-plasticas\/","url":"https:\/\/www.ucaldas.edu.co\/portal\/exposicion-de-trabajos-en-la-categoria-adultos-del-programa-de-extension-en-artes-plasticas\/","name":"Exposici\u00f3n de trabajos en la categor\u00eda adultos del programa de extensi\u00f3n en Artes Pl\u00e1sticas .","isPartOf":{"@id":"https:\/\/www.ucaldas.edu.co\/portal\/#website"},"primaryImageOfPage":{"@id":"https:\/\/www.ucaldas.edu.co\/portal\/exposicion-de-trabajos-en-la-categoria-adultos-del-programa-de-extension-en-artes-plasticas\/#primaryimage"},"image":{"@id":"https:\/\/www.ucaldas.edu.co\/portal\/exposicion-de-trabajos-en-la-categoria-adultos-del-programa-de-extension-en-artes-plasticas\/#primaryimage"},"thumbnailUrl":"https:\/\/www.ucaldas.edu.co\/portal\/wp-content\/uploads\/2022\/12\/exposicion.jpg","datePublished":"2022-12-07T19:09:06+00:00","dateModified":"2023-05-30T19:24:09+00:00","breadcrumb":{"@id":"https:\/\/www.ucaldas.edu.co\/portal\/exposicion-de-trabajos-en-la-categoria-adultos-del-programa-de-extension-en-artes-plasticas\/#breadcrumb"},"inLanguage":"es","potentialAction":[{"@type":"ReadAction","target":["https:\/\/www.ucaldas.edu.co\/portal\/exposicion-de-trabajos-en-la-categoria-adultos-del-programa-de-extension-en-artes-plasticas\/"]}]},{"@type":"ImageObject","inLanguage":"es","@id":"https:\/\/www.ucaldas.edu.co\/portal\/exposicion-de-trabajos-en-la-categoria-adultos-del-programa-de-extension-en-artes-plasticas\/#primaryimage","url":"https:\/\/www.ucaldas.edu.co\/portal\/wp-content\/uploads\/2022\/12\/exposicion.jpg","contentUrl":"https:\/\/www.ucaldas.edu.co\/portal\/wp-content\/uploads\/2022\/12\/exposicion.jpg","width":700,"height":400,"caption":"Esta iniciativa liderada por la Facultad de Artes y Humanidades, busca que la comunidad desarrolle habilidades en las diferentes ramas de las artes"},{"@type":"BreadcrumbList","@id":"https:\/\/www.ucaldas.edu.co\/portal\/exposicion-de-trabajos-en-la-categoria-adultos-del-programa-de-extension-en-artes-plasticas\/#breadcrumb","itemListElement":[{"@type":"ListItem","position":1,"name":"Portada","item":"https:\/\/www.ucaldas.edu.co\/portal\/"},{"@type":"ListItem","position":2,"name":"Exposici\u00f3n de trabajos en la categor\u00eda adultos del programa de extensi\u00f3n en Artes Pl\u00e1sticas"}]},{"@type":"WebSite","@id":"https:\/\/www.ucaldas.edu.co\/portal\/#website","url":"https:\/\/www.ucaldas.edu.co\/portal\/","name":"Universidad de Caldas","description":"","publisher":{"@id":"https:\/\/www.ucaldas.edu.co\/portal\/#organization"},"alternateName":"U. de Caldas","potentialAction":[{"@type":"SearchAction","target":{"@type":"EntryPoint","urlTemplate":"https:\/\/www.ucaldas.edu.co\/portal\/?s={search_term_string}"},"query-input":{"@type":"PropertyValueSpecification","valueRequired":true,"valueName":"search_term_string"}}],"inLanguage":"es"},{"@type":"Organization","@id":"https:\/\/www.ucaldas.edu.co\/portal\/#organization","name":"Universidad de Caldas","alternateName":"U. de Caldas","url":"https:\/\/www.ucaldas.edu.co\/portal\/","logo":{"@type":"ImageObject","inLanguage":"es","@id":"https:\/\/www.ucaldas.edu.co\/portal\/#\/schema\/logo\/image\/","url":"https:\/\/www.ucaldas.edu.co\/portal\/wp-content\/uploads\/2023\/11\/Logo_horizontal_oscuroU-2023.png","contentUrl":"https:\/\/www.ucaldas.edu.co\/portal\/wp-content\/uploads\/2023\/11\/Logo_horizontal_oscuroU-2023.png","width":263,"height":101,"caption":"Universidad de Caldas"},"image":{"@id":"https:\/\/www.ucaldas.edu.co\/portal\/#\/schema\/logo\/image\/"},"sameAs":["https:\/\/www.facebook.com\/udecaldas","https:\/\/x.com\/udecaldas","https:\/\/www.youtube.com\/universidadcaldas","https:\/\/www.instagram.com\/udecaldas\/"]},{"@type":"Person","@id":"https:\/\/www.ucaldas.edu.co\/portal\/#\/schema\/person\/a1b482e23449158b4bc319926c074fdf","name":"ofiprensa","image":{"@type":"ImageObject","inLanguage":"es","@id":"https:\/\/www.ucaldas.edu.co\/portal\/wp-content\/litespeed\/avatar\/09ea5085e600095a7a811142c6944527.jpg?ver=1777497608","url":"https:\/\/www.ucaldas.edu.co\/portal\/wp-content\/litespeed\/avatar\/09ea5085e600095a7a811142c6944527.jpg?ver=1777497608","contentUrl":"https:\/\/www.ucaldas.edu.co\/portal\/wp-content\/litespeed\/avatar\/09ea5085e600095a7a811142c6944527.jpg?ver=1777497608","caption":"ofiprensa"},"url":"https:\/\/www.ucaldas.edu.co\/portal\/author\/ofiprensa\/"}]}},"_links":{"self":[{"href":"https:\/\/www.ucaldas.edu.co\/portal\/wp-json\/wp\/v2\/posts\/74117","targetHints":{"allow":["GET"]}}],"collection":[{"href":"https:\/\/www.ucaldas.edu.co\/portal\/wp-json\/wp\/v2\/posts"}],"about":[{"href":"https:\/\/www.ucaldas.edu.co\/portal\/wp-json\/wp\/v2\/types\/post"}],"author":[{"embeddable":true,"href":"https:\/\/www.ucaldas.edu.co\/portal\/wp-json\/wp\/v2\/users\/2"}],"replies":[{"embeddable":true,"href":"https:\/\/www.ucaldas.edu.co\/portal\/wp-json\/wp\/v2\/comments?post=74117"}],"version-history":[{"count":0,"href":"https:\/\/www.ucaldas.edu.co\/portal\/wp-json\/wp\/v2\/posts\/74117\/revisions"}],"wp:featuredmedia":[{"embeddable":true,"href":"https:\/\/www.ucaldas.edu.co\/portal\/wp-json\/wp\/v2\/media\/74118"}],"wp:attachment":[{"href":"https:\/\/www.ucaldas.edu.co\/portal\/wp-json\/wp\/v2\/media?parent=74117"}],"wp:term":[{"taxonomy":"category","embeddable":true,"href":"https:\/\/www.ucaldas.edu.co\/portal\/wp-json\/wp\/v2\/categories?post=74117"},{"taxonomy":"post_tag","embeddable":true,"href":"https:\/\/www.ucaldas.edu.co\/portal\/wp-json\/wp\/v2\/tags?post=74117"}],"curies":[{"name":"wp","href":"https:\/\/api.w.org\/{rel}","templated":true}]}}