{"id":74114,"date":"2022-12-07T18:51:41","date_gmt":"2022-12-07T18:51:41","guid":{"rendered":"https:\/\/www.ucaldas.edu.co\/portal\/?p=74114"},"modified":"2022-12-07T18:51:41","modified_gmt":"2022-12-07T18:51:41","slug":"nueva-beca-fulbright-para-investigacion-en-la-amazonia-2022","status":"publish","type":"post","link":"https:\/\/www.ucaldas.edu.co\/portal\/nueva-beca-fulbright-para-investigacion-en-la-amazonia-2022\/","title":{"rendered":"Nueva Beca Fulbright para Investigaci\u00f3n en la Amazon\u00eda 2022"},"content":{"rendered":"<p>&nbsp;<\/p>\n<p><img loading=\"lazy\" decoding=\"async\" class=\"aligncenter size-full wp-image-74115\" src=\"https:\/\/www.ucaldas.edu.co\/portal\/wp-content\/uploads\/2022\/12\/Diseno-sin-titulo-2-1.jpg\" alt=\"La convocatoria de la Beca Fulbright de Investigaci\u00f3n en la Amazon\u00eda estar\u00e1 abierta hasta el 20 de diciembre de este a\u00f1o, con el objetivo de estimular la colaboraci\u00f3n cient\u00edfica internacional en temas pan-amaz\u00f3nicos, al tiempo que aumentar\u00e1 el entendimiento mutuo entre los investigadores de Estados Unidos y de otros pa\u00edses de la regi\u00f3n.\" width=\"700\" height=\"400\" srcset=\"https:\/\/www.ucaldas.edu.co\/portal\/wp-content\/uploads\/2022\/12\/Diseno-sin-titulo-2-1.jpg 700w, https:\/\/www.ucaldas.edu.co\/portal\/wp-content\/uploads\/2022\/12\/Diseno-sin-titulo-2-1-300x171.jpg 300w\" sizes=\"auto, (max-width: 700px) 100vw, 700px\" \/><\/p>\n<p>&nbsp;<\/p>\n<p>Teniendo en cuenta la situaci\u00f3n clim\u00e1tica global, el Programa Fulbright, la Oficina de Asuntos Educativos y Culturales (ECA) del Departamento de Estado de EE. UU., junto a la Comisi\u00f3n Fulbright Brasil y el Instituto de Educaci\u00f3n Internacional se han unido para crear una nueva Beca Fulbright dirigida a investigadores de Bolivia, Brasil, Colombia, Ecuador, Estados Unidos, Guyana, Per\u00fa, Surinam y Venezuela.<\/p>\n<p style=\"text-align: center;\"><!--more--><\/p>\n<p>Esta iniciativa busca convocar personas diversas con una destacada trayectoria profesional, alta vocaci\u00f3n de liderazgo y compromiso social, profesionales de todas las regiones de Colombia y que sean agentes de cambio comprometidos con la transformaci\u00f3n de sus comunidades y del territorio. Son de particular inter\u00e9s los candidatos y candidatas pertenecientes a grupos poblacionales diversos; profesionales de primera generaci\u00f3n, es decir, los primeros en ir a la universidad en su n\u00facleo familiar; y, aquellos con proyectos que beneficien a comunidades en la Amazon\u00eda colombiana.<\/p>\n<p>Utilizando un modelo de colaboraci\u00f3n para llevar la teor\u00eda a la pr\u00e1ctica, los participantes en el Programa Fulbright Amazon\u00eda pasar\u00e1n 18 meses dedicados a abordar cuestiones de investigaci\u00f3n de pol\u00edtica p\u00fablica relevantes para los desaf\u00edos compartidos por las naciones amaz\u00f3nicas.<\/p>\n<p>Los participantes del programa centrar\u00e1n su investigaci\u00f3n en uno de los siguientes temas de Fulbright Amazon\u00eda:<\/p>\n<ul>\n<li>Adaptaci\u00f3n y mitigaci\u00f3n del cambio clim\u00e1tico<\/li>\n<li>Reforzar la salud y la seguridad humana y medioambiental<\/li>\n<li>Bioeconom\u00eda y desarrollo sostenible<\/li>\n<\/ul>\n<p>Se tiene previsto que 16 becarios de Estados Unidos y de los pa\u00edses del Hemisferio Occidental que comparten la cuenca amaz\u00f3nica sean seleccionados para participar en el programa Fulbright Amazon\u00eda, a trav\u00e9s de una convocatoria abierta basada en m\u00e9ritos. Al menos cuatro de los becarios ser\u00e1n seleccionados de Estados Unidos, cuatro de Brasil y los restantes ser\u00e1n seleccionados de otras naciones amaz\u00f3nicas participantes.<\/p>\n<p>El programa otorga un estipendio mensual para cubrir los gastos de sostenimiento, tiquetes internacionales para asistir a las reuniones del Programa y materiales de investigaci\u00f3n del becario(a), alojamiento y comidas durante las reuniones grupales, programa de coberturas limitadas para accidentes y enfermedades, acompa\u00f1amiento y asesor\u00eda integral.<\/p>\n<p>La convocatoria estar\u00e1 abierta hasta el 20 de diciembre de 2022. Las personas interesadas deben descargar y leer detenidamente los Lineamientos de aplicaci\u00f3n.<\/p>\n<p>Informaci\u00f3n <strong><a href=\"https:\/\/fulbright.edu.co\/beca-fulbright-amazonia\/\">aqu\u00ed<\/a><\/strong><\/p>\n<p>&nbsp;<\/p>\n<p><strong>Informes: <\/strong>Oficina de Comunicaciones y Prensa Universidad de Caldas.<br \/>\n<strong>Redacci\u00f3n:<\/strong> Adriana Salazar Villegas<\/p>\n<p>&nbsp;<\/p>\n","protected":false},"excerpt":{"rendered":"<p>&nbsp; &nbsp; Teniendo en cuenta la situaci\u00f3n clim\u00e1tica global, el Programa Fulbright, la Oficina de Asuntos Educativos y Culturales (ECA) del Departamento de Estado de EE. UU., junto a la Comisi\u00f3n Fulbright Brasil y el Instituto de Educaci\u00f3n Internacional se han unido para crear una nueva Beca Fulbright dirigida a investigadores de Bolivia, Brasil, Colombia, [&hellip;]<\/p>\n","protected":false},"author":2,"featured_media":74115,"comment_status":"closed","ping_status":"open","sticky":false,"template":"","format":"standard","meta":{"footnotes":""},"categories":[48,53,620],"tags":[141,191,9561,9562],"class_list":["post-74114","post","type-post","status-publish","format-standard","has-post-thumbnail","hentry","category-actualidad","category-universidad-al-dia","category-ucaldas-transparente","tag-convocatoria","tag-investigacion","tag-beca-fulbright","tag-amazonia"],"yoast_head":"<!-- This site is optimized with the Yoast SEO plugin v27.5 - https:\/\/yoast.com\/product\/yoast-seo-wordpress\/ -->\n<title>Nueva Beca Fulbright para Investigaci\u00f3n en la Amazon\u00eda 2022 .<\/title>\n<meta name=\"robots\" content=\"index, follow, max-snippet:-1, max-image-preview:large, max-video-preview:-1\" \/>\n<link rel=\"canonical\" href=\"https:\/\/www.ucaldas.edu.co\/portal\/nueva-beca-fulbright-para-investigacion-en-la-amazonia-2022\/\" \/>\n<script type=\"application\/ld+json\" class=\"yoast-schema-graph\">{\"@context\":\"https:\\\/\\\/schema.org\",\"@graph\":[{\"@type\":\"Article\",\"@id\":\"https:\\\/\\\/www.ucaldas.edu.co\\\/portal\\\/nueva-beca-fulbright-para-investigacion-en-la-amazonia-2022\\\/#article\",\"isPartOf\":{\"@id\":\"https:\\\/\\\/www.ucaldas.edu.co\\\/portal\\\/nueva-beca-fulbright-para-investigacion-en-la-amazonia-2022\\\/\"},\"author\":{\"name\":\"ofiprensa\",\"@id\":\"https:\\\/\\\/www.ucaldas.edu.co\\\/portal\\\/#\\\/schema\\\/person\\\/a1b482e23449158b4bc319926c074fdf\"},\"headline\":\"Nueva Beca Fulbright para Investigaci\u00f3n en la Amazon\u00eda 2022\",\"datePublished\":\"2022-12-07T18:51:41+00:00\",\"mainEntityOfPage\":{\"@id\":\"https:\\\/\\\/www.ucaldas.edu.co\\\/portal\\\/nueva-beca-fulbright-para-investigacion-en-la-amazonia-2022\\\/\"},\"wordCount\":418,\"publisher\":{\"@id\":\"https:\\\/\\\/www.ucaldas.edu.co\\\/portal\\\/#organization\"},\"image\":{\"@id\":\"https:\\\/\\\/www.ucaldas.edu.co\\\/portal\\\/nueva-beca-fulbright-para-investigacion-en-la-amazonia-2022\\\/#primaryimage\"},\"thumbnailUrl\":\"https:\\\/\\\/www.ucaldas.edu.co\\\/portal\\\/wp-content\\\/uploads\\\/2022\\\/12\\\/Diseno-sin-titulo-2-1.jpg\",\"keywords\":[\"Convocatoria\",\"investigaci\u00f3n\",\"Beca Fulbright\",\"Amazon\u00eda\"],\"articleSection\":[\"Actualidad\",\"Universidad al D\u00eda\",\"UCaldas Transparente\"],\"inLanguage\":\"es\"},{\"@type\":\"WebPage\",\"@id\":\"https:\\\/\\\/www.ucaldas.edu.co\\\/portal\\\/nueva-beca-fulbright-para-investigacion-en-la-amazonia-2022\\\/\",\"url\":\"https:\\\/\\\/www.ucaldas.edu.co\\\/portal\\\/nueva-beca-fulbright-para-investigacion-en-la-amazonia-2022\\\/\",\"name\":\"Nueva Beca Fulbright para Investigaci\u00f3n en la Amazon\u00eda 2022 .\",\"isPartOf\":{\"@id\":\"https:\\\/\\\/www.ucaldas.edu.co\\\/portal\\\/#website\"},\"primaryImageOfPage\":{\"@id\":\"https:\\\/\\\/www.ucaldas.edu.co\\\/portal\\\/nueva-beca-fulbright-para-investigacion-en-la-amazonia-2022\\\/#primaryimage\"},\"image\":{\"@id\":\"https:\\\/\\\/www.ucaldas.edu.co\\\/portal\\\/nueva-beca-fulbright-para-investigacion-en-la-amazonia-2022\\\/#primaryimage\"},\"thumbnailUrl\":\"https:\\\/\\\/www.ucaldas.edu.co\\\/portal\\\/wp-content\\\/uploads\\\/2022\\\/12\\\/Diseno-sin-titulo-2-1.jpg\",\"datePublished\":\"2022-12-07T18:51:41+00:00\",\"breadcrumb\":{\"@id\":\"https:\\\/\\\/www.ucaldas.edu.co\\\/portal\\\/nueva-beca-fulbright-para-investigacion-en-la-amazonia-2022\\\/#breadcrumb\"},\"inLanguage\":\"es\",\"potentialAction\":[{\"@type\":\"ReadAction\",\"target\":[\"https:\\\/\\\/www.ucaldas.edu.co\\\/portal\\\/nueva-beca-fulbright-para-investigacion-en-la-amazonia-2022\\\/\"]}]},{\"@type\":\"ImageObject\",\"inLanguage\":\"es\",\"@id\":\"https:\\\/\\\/www.ucaldas.edu.co\\\/portal\\\/nueva-beca-fulbright-para-investigacion-en-la-amazonia-2022\\\/#primaryimage\",\"url\":\"https:\\\/\\\/www.ucaldas.edu.co\\\/portal\\\/wp-content\\\/uploads\\\/2022\\\/12\\\/Diseno-sin-titulo-2-1.jpg\",\"contentUrl\":\"https:\\\/\\\/www.ucaldas.edu.co\\\/portal\\\/wp-content\\\/uploads\\\/2022\\\/12\\\/Diseno-sin-titulo-2-1.jpg\",\"width\":700,\"height\":400,\"caption\":\"La convocatoria de la Beca Fulbright de Investigaci\u00f3n en la Amazon\u00eda estar\u00e1 abierta hasta el 20 de diciembre de este a\u00f1o, con el objetivo de estimular la colaboraci\u00f3n cient\u00edfica internacional en temas pan-amaz\u00f3nicos, al tiempo que aumentar\u00e1 el entendimiento mutuo entre los investigadores de Estados Unidos y de otros pa\u00edses de la regi\u00f3n.\"},{\"@type\":\"BreadcrumbList\",\"@id\":\"https:\\\/\\\/www.ucaldas.edu.co\\\/portal\\\/nueva-beca-fulbright-para-investigacion-en-la-amazonia-2022\\\/#breadcrumb\",\"itemListElement\":[{\"@type\":\"ListItem\",\"position\":1,\"name\":\"Portada\",\"item\":\"https:\\\/\\\/www.ucaldas.edu.co\\\/portal\\\/\"},{\"@type\":\"ListItem\",\"position\":2,\"name\":\"Nueva Beca Fulbright para Investigaci\u00f3n en la Amazon\u00eda 2022\"}]},{\"@type\":\"WebSite\",\"@id\":\"https:\\\/\\\/www.ucaldas.edu.co\\\/portal\\\/#website\",\"url\":\"https:\\\/\\\/www.ucaldas.edu.co\\\/portal\\\/\",\"name\":\"Universidad de Caldas\",\"description\":\"\",\"publisher\":{\"@id\":\"https:\\\/\\\/www.ucaldas.edu.co\\\/portal\\\/#organization\"},\"alternateName\":\"U. de Caldas\",\"potentialAction\":[{\"@type\":\"SearchAction\",\"target\":{\"@type\":\"EntryPoint\",\"urlTemplate\":\"https:\\\/\\\/www.ucaldas.edu.co\\\/portal\\\/?s={search_term_string}\"},\"query-input\":{\"@type\":\"PropertyValueSpecification\",\"valueRequired\":true,\"valueName\":\"search_term_string\"}}],\"inLanguage\":\"es\"},{\"@type\":\"Organization\",\"@id\":\"https:\\\/\\\/www.ucaldas.edu.co\\\/portal\\\/#organization\",\"name\":\"Universidad de Caldas\",\"alternateName\":\"U. de Caldas\",\"url\":\"https:\\\/\\\/www.ucaldas.edu.co\\\/portal\\\/\",\"logo\":{\"@type\":\"ImageObject\",\"inLanguage\":\"es\",\"@id\":\"https:\\\/\\\/www.ucaldas.edu.co\\\/portal\\\/#\\\/schema\\\/logo\\\/image\\\/\",\"url\":\"https:\\\/\\\/www.ucaldas.edu.co\\\/portal\\\/wp-content\\\/uploads\\\/2023\\\/11\\\/Logo_horizontal_oscuroU-2023.png\",\"contentUrl\":\"https:\\\/\\\/www.ucaldas.edu.co\\\/portal\\\/wp-content\\\/uploads\\\/2023\\\/11\\\/Logo_horizontal_oscuroU-2023.png\",\"width\":263,\"height\":101,\"caption\":\"Universidad de Caldas\"},\"image\":{\"@id\":\"https:\\\/\\\/www.ucaldas.edu.co\\\/portal\\\/#\\\/schema\\\/logo\\\/image\\\/\"},\"sameAs\":[\"https:\\\/\\\/www.facebook.com\\\/udecaldas\",\"https:\\\/\\\/x.com\\\/udecaldas\",\"https:\\\/\\\/www.youtube.com\\\/universidadcaldas\",\"https:\\\/\\\/www.instagram.com\\\/udecaldas\\\/\"]},{\"@type\":\"Person\",\"@id\":\"https:\\\/\\\/www.ucaldas.edu.co\\\/portal\\\/#\\\/schema\\\/person\\\/a1b482e23449158b4bc319926c074fdf\",\"name\":\"ofiprensa\",\"image\":{\"@type\":\"ImageObject\",\"inLanguage\":\"es\",\"@id\":\"https:\\\/\\\/www.ucaldas.edu.co\\\/portal\\\/wp-content\\\/litespeed\\\/avatar\\\/09ea5085e600095a7a811142c6944527.jpg?ver=1777497608\",\"url\":\"https:\\\/\\\/www.ucaldas.edu.co\\\/portal\\\/wp-content\\\/litespeed\\\/avatar\\\/09ea5085e600095a7a811142c6944527.jpg?ver=1777497608\",\"contentUrl\":\"https:\\\/\\\/www.ucaldas.edu.co\\\/portal\\\/wp-content\\\/litespeed\\\/avatar\\\/09ea5085e600095a7a811142c6944527.jpg?ver=1777497608\",\"caption\":\"ofiprensa\"},\"url\":\"https:\\\/\\\/www.ucaldas.edu.co\\\/portal\\\/author\\\/ofiprensa\\\/\"}]}<\/script>\n<!-- \/ Yoast SEO plugin. -->","yoast_head_json":{"title":"Nueva Beca Fulbright para Investigaci\u00f3n en la Amazon\u00eda 2022 .","robots":{"index":"index","follow":"follow","max-snippet":"max-snippet:-1","max-image-preview":"max-image-preview:large","max-video-preview":"max-video-preview:-1"},"canonical":"https:\/\/www.ucaldas.edu.co\/portal\/nueva-beca-fulbright-para-investigacion-en-la-amazonia-2022\/","schema":{"@context":"https:\/\/schema.org","@graph":[{"@type":"Article","@id":"https:\/\/www.ucaldas.edu.co\/portal\/nueva-beca-fulbright-para-investigacion-en-la-amazonia-2022\/#article","isPartOf":{"@id":"https:\/\/www.ucaldas.edu.co\/portal\/nueva-beca-fulbright-para-investigacion-en-la-amazonia-2022\/"},"author":{"name":"ofiprensa","@id":"https:\/\/www.ucaldas.edu.co\/portal\/#\/schema\/person\/a1b482e23449158b4bc319926c074fdf"},"headline":"Nueva Beca Fulbright para Investigaci\u00f3n en la Amazon\u00eda 2022","datePublished":"2022-12-07T18:51:41+00:00","mainEntityOfPage":{"@id":"https:\/\/www.ucaldas.edu.co\/portal\/nueva-beca-fulbright-para-investigacion-en-la-amazonia-2022\/"},"wordCount":418,"publisher":{"@id":"https:\/\/www.ucaldas.edu.co\/portal\/#organization"},"image":{"@id":"https:\/\/www.ucaldas.edu.co\/portal\/nueva-beca-fulbright-para-investigacion-en-la-amazonia-2022\/#primaryimage"},"thumbnailUrl":"https:\/\/www.ucaldas.edu.co\/portal\/wp-content\/uploads\/2022\/12\/Diseno-sin-titulo-2-1.jpg","keywords":["Convocatoria","investigaci\u00f3n","Beca Fulbright","Amazon\u00eda"],"articleSection":["Actualidad","Universidad al D\u00eda","UCaldas Transparente"],"inLanguage":"es"},{"@type":"WebPage","@id":"https:\/\/www.ucaldas.edu.co\/portal\/nueva-beca-fulbright-para-investigacion-en-la-amazonia-2022\/","url":"https:\/\/www.ucaldas.edu.co\/portal\/nueva-beca-fulbright-para-investigacion-en-la-amazonia-2022\/","name":"Nueva Beca Fulbright para Investigaci\u00f3n en la Amazon\u00eda 2022 .","isPartOf":{"@id":"https:\/\/www.ucaldas.edu.co\/portal\/#website"},"primaryImageOfPage":{"@id":"https:\/\/www.ucaldas.edu.co\/portal\/nueva-beca-fulbright-para-investigacion-en-la-amazonia-2022\/#primaryimage"},"image":{"@id":"https:\/\/www.ucaldas.edu.co\/portal\/nueva-beca-fulbright-para-investigacion-en-la-amazonia-2022\/#primaryimage"},"thumbnailUrl":"https:\/\/www.ucaldas.edu.co\/portal\/wp-content\/uploads\/2022\/12\/Diseno-sin-titulo-2-1.jpg","datePublished":"2022-12-07T18:51:41+00:00","breadcrumb":{"@id":"https:\/\/www.ucaldas.edu.co\/portal\/nueva-beca-fulbright-para-investigacion-en-la-amazonia-2022\/#breadcrumb"},"inLanguage":"es","potentialAction":[{"@type":"ReadAction","target":["https:\/\/www.ucaldas.edu.co\/portal\/nueva-beca-fulbright-para-investigacion-en-la-amazonia-2022\/"]}]},{"@type":"ImageObject","inLanguage":"es","@id":"https:\/\/www.ucaldas.edu.co\/portal\/nueva-beca-fulbright-para-investigacion-en-la-amazonia-2022\/#primaryimage","url":"https:\/\/www.ucaldas.edu.co\/portal\/wp-content\/uploads\/2022\/12\/Diseno-sin-titulo-2-1.jpg","contentUrl":"https:\/\/www.ucaldas.edu.co\/portal\/wp-content\/uploads\/2022\/12\/Diseno-sin-titulo-2-1.jpg","width":700,"height":400,"caption":"La convocatoria de la Beca Fulbright de Investigaci\u00f3n en la Amazon\u00eda estar\u00e1 abierta hasta el 20 de diciembre de este a\u00f1o, con el objetivo de estimular la colaboraci\u00f3n cient\u00edfica internacional en temas pan-amaz\u00f3nicos, al tiempo que aumentar\u00e1 el entendimiento mutuo entre los investigadores de Estados Unidos y de otros pa\u00edses de la regi\u00f3n."},{"@type":"BreadcrumbList","@id":"https:\/\/www.ucaldas.edu.co\/portal\/nueva-beca-fulbright-para-investigacion-en-la-amazonia-2022\/#breadcrumb","itemListElement":[{"@type":"ListItem","position":1,"name":"Portada","item":"https:\/\/www.ucaldas.edu.co\/portal\/"},{"@type":"ListItem","position":2,"name":"Nueva Beca Fulbright para Investigaci\u00f3n en la Amazon\u00eda 2022"}]},{"@type":"WebSite","@id":"https:\/\/www.ucaldas.edu.co\/portal\/#website","url":"https:\/\/www.ucaldas.edu.co\/portal\/","name":"Universidad de Caldas","description":"","publisher":{"@id":"https:\/\/www.ucaldas.edu.co\/portal\/#organization"},"alternateName":"U. de Caldas","potentialAction":[{"@type":"SearchAction","target":{"@type":"EntryPoint","urlTemplate":"https:\/\/www.ucaldas.edu.co\/portal\/?s={search_term_string}"},"query-input":{"@type":"PropertyValueSpecification","valueRequired":true,"valueName":"search_term_string"}}],"inLanguage":"es"},{"@type":"Organization","@id":"https:\/\/www.ucaldas.edu.co\/portal\/#organization","name":"Universidad de Caldas","alternateName":"U. de Caldas","url":"https:\/\/www.ucaldas.edu.co\/portal\/","logo":{"@type":"ImageObject","inLanguage":"es","@id":"https:\/\/www.ucaldas.edu.co\/portal\/#\/schema\/logo\/image\/","url":"https:\/\/www.ucaldas.edu.co\/portal\/wp-content\/uploads\/2023\/11\/Logo_horizontal_oscuroU-2023.png","contentUrl":"https:\/\/www.ucaldas.edu.co\/portal\/wp-content\/uploads\/2023\/11\/Logo_horizontal_oscuroU-2023.png","width":263,"height":101,"caption":"Universidad de Caldas"},"image":{"@id":"https:\/\/www.ucaldas.edu.co\/portal\/#\/schema\/logo\/image\/"},"sameAs":["https:\/\/www.facebook.com\/udecaldas","https:\/\/x.com\/udecaldas","https:\/\/www.youtube.com\/universidadcaldas","https:\/\/www.instagram.com\/udecaldas\/"]},{"@type":"Person","@id":"https:\/\/www.ucaldas.edu.co\/portal\/#\/schema\/person\/a1b482e23449158b4bc319926c074fdf","name":"ofiprensa","image":{"@type":"ImageObject","inLanguage":"es","@id":"https:\/\/www.ucaldas.edu.co\/portal\/wp-content\/litespeed\/avatar\/09ea5085e600095a7a811142c6944527.jpg?ver=1777497608","url":"https:\/\/www.ucaldas.edu.co\/portal\/wp-content\/litespeed\/avatar\/09ea5085e600095a7a811142c6944527.jpg?ver=1777497608","contentUrl":"https:\/\/www.ucaldas.edu.co\/portal\/wp-content\/litespeed\/avatar\/09ea5085e600095a7a811142c6944527.jpg?ver=1777497608","caption":"ofiprensa"},"url":"https:\/\/www.ucaldas.edu.co\/portal\/author\/ofiprensa\/"}]}},"_links":{"self":[{"href":"https:\/\/www.ucaldas.edu.co\/portal\/wp-json\/wp\/v2\/posts\/74114","targetHints":{"allow":["GET"]}}],"collection":[{"href":"https:\/\/www.ucaldas.edu.co\/portal\/wp-json\/wp\/v2\/posts"}],"about":[{"href":"https:\/\/www.ucaldas.edu.co\/portal\/wp-json\/wp\/v2\/types\/post"}],"author":[{"embeddable":true,"href":"https:\/\/www.ucaldas.edu.co\/portal\/wp-json\/wp\/v2\/users\/2"}],"replies":[{"embeddable":true,"href":"https:\/\/www.ucaldas.edu.co\/portal\/wp-json\/wp\/v2\/comments?post=74114"}],"version-history":[{"count":0,"href":"https:\/\/www.ucaldas.edu.co\/portal\/wp-json\/wp\/v2\/posts\/74114\/revisions"}],"wp:featuredmedia":[{"embeddable":true,"href":"https:\/\/www.ucaldas.edu.co\/portal\/wp-json\/wp\/v2\/media\/74115"}],"wp:attachment":[{"href":"https:\/\/www.ucaldas.edu.co\/portal\/wp-json\/wp\/v2\/media?parent=74114"}],"wp:term":[{"taxonomy":"category","embeddable":true,"href":"https:\/\/www.ucaldas.edu.co\/portal\/wp-json\/wp\/v2\/categories?post=74114"},{"taxonomy":"post_tag","embeddable":true,"href":"https:\/\/www.ucaldas.edu.co\/portal\/wp-json\/wp\/v2\/tags?post=74114"}],"curies":[{"name":"wp","href":"https:\/\/api.w.org\/{rel}","templated":true}]}}