{"id":74073,"date":"2022-12-06T22:34:25","date_gmt":"2022-12-06T22:34:25","guid":{"rendered":"https:\/\/www.ucaldas.edu.co\/portal\/?p=74073"},"modified":"2022-12-06T22:34:25","modified_gmt":"2022-12-06T22:34:25","slug":"convocatoria-para-otorgar-creditos-de-estudios-a-consejeros-de-juventud-miembros-de-la-poblacion-lgbtiq-y-vendedores-informales-e-hijos-de-todas-las-regiones-del-pais","status":"publish","type":"post","link":"https:\/\/www.ucaldas.edu.co\/portal\/convocatoria-para-otorgar-creditos-de-estudios-a-consejeros-de-juventud-miembros-de-la-poblacion-lgbtiq-y-vendedores-informales-e-hijos-de-todas-las-regiones-del-pais\/","title":{"rendered":"Convocatoria para otorgar cr\u00e9ditos de estudios a consejeros de juventud, miembros de la poblaci\u00f3n LGBTIQ+ y vendedores informales e hijos de todas las regiones del pa\u00eds."},"content":{"rendered":"<p><img loading=\"lazy\" decoding=\"async\" class=\"aligncenter size-full wp-image-74074\" src=\"https:\/\/www.ucaldas.edu.co\/portal\/wp-content\/uploads\/2022\/12\/Diseno-sin-titulo-5.jpg\" alt=\"Generaci\u00f3n Valor tambi\u00e9n beneficia a l\u00edderes, lideresas y defensores de DD.HH., poblaci\u00f3n desplazada, v\u00edctimas del conflicto armado, mujeres v\u00edctimas de la violencia sexual y personas en situaci\u00f3n de riesgo en contra de su vida integridad o seguridad.\" width=\"700\" height=\"400\" srcset=\"https:\/\/www.ucaldas.edu.co\/portal\/wp-content\/uploads\/2022\/12\/Diseno-sin-titulo-5.jpg 700w, https:\/\/www.ucaldas.edu.co\/portal\/wp-content\/uploads\/2022\/12\/Diseno-sin-titulo-5-300x171.jpg 300w\" sizes=\"auto, (max-width: 700px) 100vw, 700px\" \/><\/p>\n<p>El Ministerio del Interior y el Instituto Colombiano de Cr\u00e9dito Educativo y Estudios T\u00e9cnicos en el Exterior ICETEX, abrieron la convocatoria del Fondo Generaci\u00f3n Valor, que otorga cr\u00e9ditos condonables para estudios de educaci\u00f3n superior, pregrado y postgrado, dirigidos a diferentes grupos poblacionales, entre los que se destacan consejeros de juventud, poblaci\u00f3n LGBTIQ+, vendedores informales y sus hijos. Las inscripciones finalizan el pr\u00f3ximo 22 de enero de 2023.<\/p>\n<p><!--more--><\/p>\n<p>El Fondo Generaci\u00f3n Valor es financiado por el Ministerio del Interior con recursos por m\u00e1s de $10.000 millones y administrado por el ICETEX, constituy\u00e9ndose en uno de los programas m\u00e1s plurales, llegando a una amplia variedad de beneficiarios y reconociendo los or\u00edgenes, condiciones y roles de sus integrantes.<\/p>\n<p>El programa va de la mano con las acciones que adelanta el ICETEX en su proceso de humanizaci\u00f3n de la entidad. De esta manera, la convocatoria integra a las comunidades con la inclusi\u00f3n de poblaci\u00f3n diversa, adem\u00e1s de brindar acompa\u00f1amiento y gu\u00eda a los aspirantes y beneficiarios en todas las regiones tambi\u00e9n en sus Centro de Experiencia Presencial (cuya ubicaci\u00f3n puede conocer en https:\/\/bit.ly\/3UAETna) y llegando a las diferentes comunidades en territorios.<\/p>\n<p>Acceder al Fondo Generaci\u00f3n Valor no requiere de codeudor, quienes sean seleccionados tendr\u00e1n financiaci\u00f3n de hasta 3 salarios m\u00ednimos (SMLMV), por semestre para costear su matr\u00edcula o sostenimiento.<\/p>\n<p>Las inscripciones se encuentran abiertas en: <strong><a href=\"https:\/\/bit.ly\/3VVmsuv\">https:\/\/bit.ly\/3VVmsuv<\/a><\/strong><\/p>\n<p>En el sitio web de la convocatoria los interesados tambi\u00e9n pueden conocer el detalle de los requisitos y criterios, as\u00ed como toda la informaci\u00f3n de este proceso de solicitud y posterior condonaci\u00f3n.<\/p>\n<p>&nbsp;<\/p>\n<p><strong>Anexo:<br \/>\n<\/strong><strong><a href=\"https:\/\/go.ivoox.com\/rf\/98196966\">Audio Presidente de Icetex, Mauricio Toro Orjuela<\/a><br \/>\n<iframe loading=\"lazy\" src=\"https:\/\/www.ivoox.com\/player_ek_98196966_2_1.html\" width=\"238\" height=\"48\" frameborder=\"0\" scrolling=\"no\" allowfullscreen=\"allowfullscreen\"><\/iframe><\/strong><\/p>\n<p>&nbsp;<\/p>\n<p><strong>Informes: <\/strong>Oficina de Comunicaciones y Prensa Universidad de Caldas.<br \/>\n<strong>Redacci\u00f3n:<\/strong> Adriana Salazar Villegas<\/p>\n<p>&nbsp;<\/p>\n<p>&nbsp;<\/p>\n","protected":false},"excerpt":{"rendered":"<p>El Ministerio del Interior y el Instituto Colombiano de Cr\u00e9dito Educativo y Estudios T\u00e9cnicos en el Exterior ICETEX, abrieron la convocatoria del Fondo Generaci\u00f3n Valor, que otorga cr\u00e9ditos condonables para estudios de educaci\u00f3n superior, pregrado y postgrado, dirigidos a diferentes grupos poblacionales, entre los que se destacan consejeros de juventud, poblaci\u00f3n LGBTIQ+, vendedores informales y [&hellip;]<\/p>\n","protected":false},"author":2,"featured_media":74074,"comment_status":"closed","ping_status":"open","sticky":false,"template":"","format":"standard","meta":{"footnotes":""},"categories":[48,53,620],"tags":[351,745,4527,9554,9555],"class_list":["post-74073","post","type-post","status-publish","format-standard","has-post-thumbnail","hentry","category-actualidad","category-universidad-al-dia","category-ucaldas-transparente","tag-icetex","tag-poblacion-vulnerable","tag-creditos","tag-generacion-de-valor","tag-ministerio-del-interior"],"yoast_head":"<!-- This site is optimized with the Yoast SEO plugin v27.5 - https:\/\/yoast.com\/product\/yoast-seo-wordpress\/ -->\n<title>Convocatoria para otorgar cr\u00e9ditos de estudios a consejeros de juventud, miembros de la poblaci\u00f3n LGBTIQ+ y vendedores informales e hijos de todas las regiones del pa\u00eds. .<\/title>\n<meta name=\"robots\" content=\"index, follow, max-snippet:-1, max-image-preview:large, max-video-preview:-1\" \/>\n<link rel=\"canonical\" href=\"https:\/\/www.ucaldas.edu.co\/portal\/convocatoria-para-otorgar-creditos-de-estudios-a-consejeros-de-juventud-miembros-de-la-poblacion-lgbtiq-y-vendedores-informales-e-hijos-de-todas-las-regiones-del-pais\/\" \/>\n<script type=\"application\/ld+json\" class=\"yoast-schema-graph\">{\"@context\":\"https:\\\/\\\/schema.org\",\"@graph\":[{\"@type\":\"Article\",\"@id\":\"https:\\\/\\\/www.ucaldas.edu.co\\\/portal\\\/convocatoria-para-otorgar-creditos-de-estudios-a-consejeros-de-juventud-miembros-de-la-poblacion-lgbtiq-y-vendedores-informales-e-hijos-de-todas-las-regiones-del-pais\\\/#article\",\"isPartOf\":{\"@id\":\"https:\\\/\\\/www.ucaldas.edu.co\\\/portal\\\/convocatoria-para-otorgar-creditos-de-estudios-a-consejeros-de-juventud-miembros-de-la-poblacion-lgbtiq-y-vendedores-informales-e-hijos-de-todas-las-regiones-del-pais\\\/\"},\"author\":{\"name\":\"ofiprensa\",\"@id\":\"https:\\\/\\\/www.ucaldas.edu.co\\\/portal\\\/#\\\/schema\\\/person\\\/a1b482e23449158b4bc319926c074fdf\"},\"headline\":\"Convocatoria para otorgar cr\u00e9ditos de estudios a consejeros de juventud, miembros de la poblaci\u00f3n LGBTIQ+ y vendedores informales e hijos de todas las regiones del pa\u00eds.\",\"datePublished\":\"2022-12-06T22:34:25+00:00\",\"mainEntityOfPage\":{\"@id\":\"https:\\\/\\\/www.ucaldas.edu.co\\\/portal\\\/convocatoria-para-otorgar-creditos-de-estudios-a-consejeros-de-juventud-miembros-de-la-poblacion-lgbtiq-y-vendedores-informales-e-hijos-de-todas-las-regiones-del-pais\\\/\"},\"wordCount\":339,\"publisher\":{\"@id\":\"https:\\\/\\\/www.ucaldas.edu.co\\\/portal\\\/#organization\"},\"image\":{\"@id\":\"https:\\\/\\\/www.ucaldas.edu.co\\\/portal\\\/convocatoria-para-otorgar-creditos-de-estudios-a-consejeros-de-juventud-miembros-de-la-poblacion-lgbtiq-y-vendedores-informales-e-hijos-de-todas-las-regiones-del-pais\\\/#primaryimage\"},\"thumbnailUrl\":\"https:\\\/\\\/www.ucaldas.edu.co\\\/portal\\\/wp-content\\\/uploads\\\/2022\\\/12\\\/Diseno-sin-titulo-5.jpg\",\"keywords\":[\"Icetex\",\"poblaci\u00f3n vulnerable\",\"cr\u00e9ditos\",\"generaci\u00f3n de valor\",\"ministerio del interior\"],\"articleSection\":[\"Actualidad\",\"Universidad al D\u00eda\",\"UCaldas Transparente\"],\"inLanguage\":\"es\"},{\"@type\":\"WebPage\",\"@id\":\"https:\\\/\\\/www.ucaldas.edu.co\\\/portal\\\/convocatoria-para-otorgar-creditos-de-estudios-a-consejeros-de-juventud-miembros-de-la-poblacion-lgbtiq-y-vendedores-informales-e-hijos-de-todas-las-regiones-del-pais\\\/\",\"url\":\"https:\\\/\\\/www.ucaldas.edu.co\\\/portal\\\/convocatoria-para-otorgar-creditos-de-estudios-a-consejeros-de-juventud-miembros-de-la-poblacion-lgbtiq-y-vendedores-informales-e-hijos-de-todas-las-regiones-del-pais\\\/\",\"name\":\"Convocatoria para otorgar cr\u00e9ditos de estudios a consejeros de juventud, miembros de la poblaci\u00f3n LGBTIQ+ y vendedores informales e hijos de todas las regiones del pa\u00eds. .\",\"isPartOf\":{\"@id\":\"https:\\\/\\\/www.ucaldas.edu.co\\\/portal\\\/#website\"},\"primaryImageOfPage\":{\"@id\":\"https:\\\/\\\/www.ucaldas.edu.co\\\/portal\\\/convocatoria-para-otorgar-creditos-de-estudios-a-consejeros-de-juventud-miembros-de-la-poblacion-lgbtiq-y-vendedores-informales-e-hijos-de-todas-las-regiones-del-pais\\\/#primaryimage\"},\"image\":{\"@id\":\"https:\\\/\\\/www.ucaldas.edu.co\\\/portal\\\/convocatoria-para-otorgar-creditos-de-estudios-a-consejeros-de-juventud-miembros-de-la-poblacion-lgbtiq-y-vendedores-informales-e-hijos-de-todas-las-regiones-del-pais\\\/#primaryimage\"},\"thumbnailUrl\":\"https:\\\/\\\/www.ucaldas.edu.co\\\/portal\\\/wp-content\\\/uploads\\\/2022\\\/12\\\/Diseno-sin-titulo-5.jpg\",\"datePublished\":\"2022-12-06T22:34:25+00:00\",\"breadcrumb\":{\"@id\":\"https:\\\/\\\/www.ucaldas.edu.co\\\/portal\\\/convocatoria-para-otorgar-creditos-de-estudios-a-consejeros-de-juventud-miembros-de-la-poblacion-lgbtiq-y-vendedores-informales-e-hijos-de-todas-las-regiones-del-pais\\\/#breadcrumb\"},\"inLanguage\":\"es\",\"potentialAction\":[{\"@type\":\"ReadAction\",\"target\":[\"https:\\\/\\\/www.ucaldas.edu.co\\\/portal\\\/convocatoria-para-otorgar-creditos-de-estudios-a-consejeros-de-juventud-miembros-de-la-poblacion-lgbtiq-y-vendedores-informales-e-hijos-de-todas-las-regiones-del-pais\\\/\"]}]},{\"@type\":\"ImageObject\",\"inLanguage\":\"es\",\"@id\":\"https:\\\/\\\/www.ucaldas.edu.co\\\/portal\\\/convocatoria-para-otorgar-creditos-de-estudios-a-consejeros-de-juventud-miembros-de-la-poblacion-lgbtiq-y-vendedores-informales-e-hijos-de-todas-las-regiones-del-pais\\\/#primaryimage\",\"url\":\"https:\\\/\\\/www.ucaldas.edu.co\\\/portal\\\/wp-content\\\/uploads\\\/2022\\\/12\\\/Diseno-sin-titulo-5.jpg\",\"contentUrl\":\"https:\\\/\\\/www.ucaldas.edu.co\\\/portal\\\/wp-content\\\/uploads\\\/2022\\\/12\\\/Diseno-sin-titulo-5.jpg\",\"width\":700,\"height\":400,\"caption\":\"Generaci\u00f3n Valor tambi\u00e9n beneficia a l\u00edderes, lideresas y defensores de DD.HH., poblaci\u00f3n desplazada, v\u00edctimas del conflicto armado, mujeres v\u00edctimas de la violencia sexual y personas en situaci\u00f3n de riesgo en contra de su vida integridad o seguridad.\"},{\"@type\":\"BreadcrumbList\",\"@id\":\"https:\\\/\\\/www.ucaldas.edu.co\\\/portal\\\/convocatoria-para-otorgar-creditos-de-estudios-a-consejeros-de-juventud-miembros-de-la-poblacion-lgbtiq-y-vendedores-informales-e-hijos-de-todas-las-regiones-del-pais\\\/#breadcrumb\",\"itemListElement\":[{\"@type\":\"ListItem\",\"position\":1,\"name\":\"Portada\",\"item\":\"https:\\\/\\\/www.ucaldas.edu.co\\\/portal\\\/\"},{\"@type\":\"ListItem\",\"position\":2,\"name\":\"Convocatoria para otorgar cr\u00e9ditos de estudios a consejeros de juventud, miembros de la poblaci\u00f3n LGBTIQ+ y vendedores informales e hijos de todas las regiones del pa\u00eds.\"}]},{\"@type\":\"WebSite\",\"@id\":\"https:\\\/\\\/www.ucaldas.edu.co\\\/portal\\\/#website\",\"url\":\"https:\\\/\\\/www.ucaldas.edu.co\\\/portal\\\/\",\"name\":\"Universidad de Caldas\",\"description\":\"\",\"publisher\":{\"@id\":\"https:\\\/\\\/www.ucaldas.edu.co\\\/portal\\\/#organization\"},\"alternateName\":\"U. de Caldas\",\"potentialAction\":[{\"@type\":\"SearchAction\",\"target\":{\"@type\":\"EntryPoint\",\"urlTemplate\":\"https:\\\/\\\/www.ucaldas.edu.co\\\/portal\\\/?s={search_term_string}\"},\"query-input\":{\"@type\":\"PropertyValueSpecification\",\"valueRequired\":true,\"valueName\":\"search_term_string\"}}],\"inLanguage\":\"es\"},{\"@type\":\"Organization\",\"@id\":\"https:\\\/\\\/www.ucaldas.edu.co\\\/portal\\\/#organization\",\"name\":\"Universidad de Caldas\",\"alternateName\":\"U. de Caldas\",\"url\":\"https:\\\/\\\/www.ucaldas.edu.co\\\/portal\\\/\",\"logo\":{\"@type\":\"ImageObject\",\"inLanguage\":\"es\",\"@id\":\"https:\\\/\\\/www.ucaldas.edu.co\\\/portal\\\/#\\\/schema\\\/logo\\\/image\\\/\",\"url\":\"https:\\\/\\\/www.ucaldas.edu.co\\\/portal\\\/wp-content\\\/uploads\\\/2023\\\/11\\\/Logo_horizontal_oscuroU-2023.png\",\"contentUrl\":\"https:\\\/\\\/www.ucaldas.edu.co\\\/portal\\\/wp-content\\\/uploads\\\/2023\\\/11\\\/Logo_horizontal_oscuroU-2023.png\",\"width\":263,\"height\":101,\"caption\":\"Universidad de Caldas\"},\"image\":{\"@id\":\"https:\\\/\\\/www.ucaldas.edu.co\\\/portal\\\/#\\\/schema\\\/logo\\\/image\\\/\"},\"sameAs\":[\"https:\\\/\\\/www.facebook.com\\\/udecaldas\",\"https:\\\/\\\/x.com\\\/udecaldas\",\"https:\\\/\\\/www.youtube.com\\\/universidadcaldas\",\"https:\\\/\\\/www.instagram.com\\\/udecaldas\\\/\"]},{\"@type\":\"Person\",\"@id\":\"https:\\\/\\\/www.ucaldas.edu.co\\\/portal\\\/#\\\/schema\\\/person\\\/a1b482e23449158b4bc319926c074fdf\",\"name\":\"ofiprensa\",\"image\":{\"@type\":\"ImageObject\",\"inLanguage\":\"es\",\"@id\":\"https:\\\/\\\/www.ucaldas.edu.co\\\/portal\\\/wp-content\\\/litespeed\\\/avatar\\\/09ea5085e600095a7a811142c6944527.jpg?ver=1777497608\",\"url\":\"https:\\\/\\\/www.ucaldas.edu.co\\\/portal\\\/wp-content\\\/litespeed\\\/avatar\\\/09ea5085e600095a7a811142c6944527.jpg?ver=1777497608\",\"contentUrl\":\"https:\\\/\\\/www.ucaldas.edu.co\\\/portal\\\/wp-content\\\/litespeed\\\/avatar\\\/09ea5085e600095a7a811142c6944527.jpg?ver=1777497608\",\"caption\":\"ofiprensa\"},\"url\":\"https:\\\/\\\/www.ucaldas.edu.co\\\/portal\\\/author\\\/ofiprensa\\\/\"}]}<\/script>\n<!-- \/ Yoast SEO plugin. -->","yoast_head_json":{"title":"Convocatoria para otorgar cr\u00e9ditos de estudios a consejeros de juventud, miembros de la poblaci\u00f3n LGBTIQ+ y vendedores informales e hijos de todas las regiones del pa\u00eds. .","robots":{"index":"index","follow":"follow","max-snippet":"max-snippet:-1","max-image-preview":"max-image-preview:large","max-video-preview":"max-video-preview:-1"},"canonical":"https:\/\/www.ucaldas.edu.co\/portal\/convocatoria-para-otorgar-creditos-de-estudios-a-consejeros-de-juventud-miembros-de-la-poblacion-lgbtiq-y-vendedores-informales-e-hijos-de-todas-las-regiones-del-pais\/","schema":{"@context":"https:\/\/schema.org","@graph":[{"@type":"Article","@id":"https:\/\/www.ucaldas.edu.co\/portal\/convocatoria-para-otorgar-creditos-de-estudios-a-consejeros-de-juventud-miembros-de-la-poblacion-lgbtiq-y-vendedores-informales-e-hijos-de-todas-las-regiones-del-pais\/#article","isPartOf":{"@id":"https:\/\/www.ucaldas.edu.co\/portal\/convocatoria-para-otorgar-creditos-de-estudios-a-consejeros-de-juventud-miembros-de-la-poblacion-lgbtiq-y-vendedores-informales-e-hijos-de-todas-las-regiones-del-pais\/"},"author":{"name":"ofiprensa","@id":"https:\/\/www.ucaldas.edu.co\/portal\/#\/schema\/person\/a1b482e23449158b4bc319926c074fdf"},"headline":"Convocatoria para otorgar cr\u00e9ditos de estudios a consejeros de juventud, miembros de la poblaci\u00f3n LGBTIQ+ y vendedores informales e hijos de todas las regiones del pa\u00eds.","datePublished":"2022-12-06T22:34:25+00:00","mainEntityOfPage":{"@id":"https:\/\/www.ucaldas.edu.co\/portal\/convocatoria-para-otorgar-creditos-de-estudios-a-consejeros-de-juventud-miembros-de-la-poblacion-lgbtiq-y-vendedores-informales-e-hijos-de-todas-las-regiones-del-pais\/"},"wordCount":339,"publisher":{"@id":"https:\/\/www.ucaldas.edu.co\/portal\/#organization"},"image":{"@id":"https:\/\/www.ucaldas.edu.co\/portal\/convocatoria-para-otorgar-creditos-de-estudios-a-consejeros-de-juventud-miembros-de-la-poblacion-lgbtiq-y-vendedores-informales-e-hijos-de-todas-las-regiones-del-pais\/#primaryimage"},"thumbnailUrl":"https:\/\/www.ucaldas.edu.co\/portal\/wp-content\/uploads\/2022\/12\/Diseno-sin-titulo-5.jpg","keywords":["Icetex","poblaci\u00f3n vulnerable","cr\u00e9ditos","generaci\u00f3n de valor","ministerio del interior"],"articleSection":["Actualidad","Universidad al D\u00eda","UCaldas Transparente"],"inLanguage":"es"},{"@type":"WebPage","@id":"https:\/\/www.ucaldas.edu.co\/portal\/convocatoria-para-otorgar-creditos-de-estudios-a-consejeros-de-juventud-miembros-de-la-poblacion-lgbtiq-y-vendedores-informales-e-hijos-de-todas-las-regiones-del-pais\/","url":"https:\/\/www.ucaldas.edu.co\/portal\/convocatoria-para-otorgar-creditos-de-estudios-a-consejeros-de-juventud-miembros-de-la-poblacion-lgbtiq-y-vendedores-informales-e-hijos-de-todas-las-regiones-del-pais\/","name":"Convocatoria para otorgar cr\u00e9ditos de estudios a consejeros de juventud, miembros de la poblaci\u00f3n LGBTIQ+ y vendedores informales e hijos de todas las regiones del pa\u00eds. .","isPartOf":{"@id":"https:\/\/www.ucaldas.edu.co\/portal\/#website"},"primaryImageOfPage":{"@id":"https:\/\/www.ucaldas.edu.co\/portal\/convocatoria-para-otorgar-creditos-de-estudios-a-consejeros-de-juventud-miembros-de-la-poblacion-lgbtiq-y-vendedores-informales-e-hijos-de-todas-las-regiones-del-pais\/#primaryimage"},"image":{"@id":"https:\/\/www.ucaldas.edu.co\/portal\/convocatoria-para-otorgar-creditos-de-estudios-a-consejeros-de-juventud-miembros-de-la-poblacion-lgbtiq-y-vendedores-informales-e-hijos-de-todas-las-regiones-del-pais\/#primaryimage"},"thumbnailUrl":"https:\/\/www.ucaldas.edu.co\/portal\/wp-content\/uploads\/2022\/12\/Diseno-sin-titulo-5.jpg","datePublished":"2022-12-06T22:34:25+00:00","breadcrumb":{"@id":"https:\/\/www.ucaldas.edu.co\/portal\/convocatoria-para-otorgar-creditos-de-estudios-a-consejeros-de-juventud-miembros-de-la-poblacion-lgbtiq-y-vendedores-informales-e-hijos-de-todas-las-regiones-del-pais\/#breadcrumb"},"inLanguage":"es","potentialAction":[{"@type":"ReadAction","target":["https:\/\/www.ucaldas.edu.co\/portal\/convocatoria-para-otorgar-creditos-de-estudios-a-consejeros-de-juventud-miembros-de-la-poblacion-lgbtiq-y-vendedores-informales-e-hijos-de-todas-las-regiones-del-pais\/"]}]},{"@type":"ImageObject","inLanguage":"es","@id":"https:\/\/www.ucaldas.edu.co\/portal\/convocatoria-para-otorgar-creditos-de-estudios-a-consejeros-de-juventud-miembros-de-la-poblacion-lgbtiq-y-vendedores-informales-e-hijos-de-todas-las-regiones-del-pais\/#primaryimage","url":"https:\/\/www.ucaldas.edu.co\/portal\/wp-content\/uploads\/2022\/12\/Diseno-sin-titulo-5.jpg","contentUrl":"https:\/\/www.ucaldas.edu.co\/portal\/wp-content\/uploads\/2022\/12\/Diseno-sin-titulo-5.jpg","width":700,"height":400,"caption":"Generaci\u00f3n Valor tambi\u00e9n beneficia a l\u00edderes, lideresas y defensores de DD.HH., poblaci\u00f3n desplazada, v\u00edctimas del conflicto armado, mujeres v\u00edctimas de la violencia sexual y personas en situaci\u00f3n de riesgo en contra de su vida integridad o seguridad."},{"@type":"BreadcrumbList","@id":"https:\/\/www.ucaldas.edu.co\/portal\/convocatoria-para-otorgar-creditos-de-estudios-a-consejeros-de-juventud-miembros-de-la-poblacion-lgbtiq-y-vendedores-informales-e-hijos-de-todas-las-regiones-del-pais\/#breadcrumb","itemListElement":[{"@type":"ListItem","position":1,"name":"Portada","item":"https:\/\/www.ucaldas.edu.co\/portal\/"},{"@type":"ListItem","position":2,"name":"Convocatoria para otorgar cr\u00e9ditos de estudios a consejeros de juventud, miembros de la poblaci\u00f3n LGBTIQ+ y vendedores informales e hijos de todas las regiones del pa\u00eds."}]},{"@type":"WebSite","@id":"https:\/\/www.ucaldas.edu.co\/portal\/#website","url":"https:\/\/www.ucaldas.edu.co\/portal\/","name":"Universidad de Caldas","description":"","publisher":{"@id":"https:\/\/www.ucaldas.edu.co\/portal\/#organization"},"alternateName":"U. de Caldas","potentialAction":[{"@type":"SearchAction","target":{"@type":"EntryPoint","urlTemplate":"https:\/\/www.ucaldas.edu.co\/portal\/?s={search_term_string}"},"query-input":{"@type":"PropertyValueSpecification","valueRequired":true,"valueName":"search_term_string"}}],"inLanguage":"es"},{"@type":"Organization","@id":"https:\/\/www.ucaldas.edu.co\/portal\/#organization","name":"Universidad de Caldas","alternateName":"U. de Caldas","url":"https:\/\/www.ucaldas.edu.co\/portal\/","logo":{"@type":"ImageObject","inLanguage":"es","@id":"https:\/\/www.ucaldas.edu.co\/portal\/#\/schema\/logo\/image\/","url":"https:\/\/www.ucaldas.edu.co\/portal\/wp-content\/uploads\/2023\/11\/Logo_horizontal_oscuroU-2023.png","contentUrl":"https:\/\/www.ucaldas.edu.co\/portal\/wp-content\/uploads\/2023\/11\/Logo_horizontal_oscuroU-2023.png","width":263,"height":101,"caption":"Universidad de Caldas"},"image":{"@id":"https:\/\/www.ucaldas.edu.co\/portal\/#\/schema\/logo\/image\/"},"sameAs":["https:\/\/www.facebook.com\/udecaldas","https:\/\/x.com\/udecaldas","https:\/\/www.youtube.com\/universidadcaldas","https:\/\/www.instagram.com\/udecaldas\/"]},{"@type":"Person","@id":"https:\/\/www.ucaldas.edu.co\/portal\/#\/schema\/person\/a1b482e23449158b4bc319926c074fdf","name":"ofiprensa","image":{"@type":"ImageObject","inLanguage":"es","@id":"https:\/\/www.ucaldas.edu.co\/portal\/wp-content\/litespeed\/avatar\/09ea5085e600095a7a811142c6944527.jpg?ver=1777497608","url":"https:\/\/www.ucaldas.edu.co\/portal\/wp-content\/litespeed\/avatar\/09ea5085e600095a7a811142c6944527.jpg?ver=1777497608","contentUrl":"https:\/\/www.ucaldas.edu.co\/portal\/wp-content\/litespeed\/avatar\/09ea5085e600095a7a811142c6944527.jpg?ver=1777497608","caption":"ofiprensa"},"url":"https:\/\/www.ucaldas.edu.co\/portal\/author\/ofiprensa\/"}]}},"_links":{"self":[{"href":"https:\/\/www.ucaldas.edu.co\/portal\/wp-json\/wp\/v2\/posts\/74073","targetHints":{"allow":["GET"]}}],"collection":[{"href":"https:\/\/www.ucaldas.edu.co\/portal\/wp-json\/wp\/v2\/posts"}],"about":[{"href":"https:\/\/www.ucaldas.edu.co\/portal\/wp-json\/wp\/v2\/types\/post"}],"author":[{"embeddable":true,"href":"https:\/\/www.ucaldas.edu.co\/portal\/wp-json\/wp\/v2\/users\/2"}],"replies":[{"embeddable":true,"href":"https:\/\/www.ucaldas.edu.co\/portal\/wp-json\/wp\/v2\/comments?post=74073"}],"version-history":[{"count":0,"href":"https:\/\/www.ucaldas.edu.co\/portal\/wp-json\/wp\/v2\/posts\/74073\/revisions"}],"wp:featuredmedia":[{"embeddable":true,"href":"https:\/\/www.ucaldas.edu.co\/portal\/wp-json\/wp\/v2\/media\/74074"}],"wp:attachment":[{"href":"https:\/\/www.ucaldas.edu.co\/portal\/wp-json\/wp\/v2\/media?parent=74073"}],"wp:term":[{"taxonomy":"category","embeddable":true,"href":"https:\/\/www.ucaldas.edu.co\/portal\/wp-json\/wp\/v2\/categories?post=74073"},{"taxonomy":"post_tag","embeddable":true,"href":"https:\/\/www.ucaldas.edu.co\/portal\/wp-json\/wp\/v2\/tags?post=74073"}],"curies":[{"name":"wp","href":"https:\/\/api.w.org\/{rel}","templated":true}]}}