{"id":73979,"date":"2022-12-01T22:51:18","date_gmt":"2022-12-01T22:51:18","guid":{"rendered":"https:\/\/www.ucaldas.edu.co\/portal\/?p=73979"},"modified":"2022-12-01T22:52:19","modified_gmt":"2022-12-01T22:52:19","slug":"hallazgo-arqueologico-en-el-centro-de-innovacion-para-caldas-en-la-dorada-podria-pertenecer-al-periodo-holoceno-medio","status":"publish","type":"post","link":"https:\/\/www.ucaldas.edu.co\/portal\/hallazgo-arqueologico-en-el-centro-de-innovacion-para-caldas-en-la-dorada-podria-pertenecer-al-periodo-holoceno-medio\/","title":{"rendered":"Hallazgo arqueol\u00f3gico en el Centro de Innovaci\u00f3n para Caldas  (La Dorada) podr\u00eda pertenecer al per\u00edodo Holoceno Medio"},"content":{"rendered":"<p><img loading=\"lazy\" decoding=\"async\" class=\"aligncenter size-full wp-image-73980\" src=\"https:\/\/www.ucaldas.edu.co\/portal\/wp-content\/uploads\/2022\/12\/Diseno-sin-titulo-2.jpg\" alt=\"Grupo de Investigaci\u00f3n en Geoarqueolog\u00eda GIGA\" width=\"700\" height=\"400\" srcset=\"https:\/\/www.ucaldas.edu.co\/portal\/wp-content\/uploads\/2022\/12\/Diseno-sin-titulo-2.jpg 700w, https:\/\/www.ucaldas.edu.co\/portal\/wp-content\/uploads\/2022\/12\/Diseno-sin-titulo-2-300x171.jpg 300w\" sizes=\"auto, (max-width: 700px) 100vw, 700px\" \/><\/p>\n<p>El grupo de investigaci\u00f3n en Geoarqueolog\u00eda (GIGA) adscrito al programa de Antropolog\u00eda de la Universidad de Caldas encontr\u00f3 en la zona donde se encuentra el Centro de Innovaci\u00f3n para Caldas en el municipio de La Dorada, lo que pueden ser vestigios de sociedades humanas que habitaron la zona pues se report\u00f3 la evidencia de actividades antr\u00f3picas, relacionadas con la producci\u00f3n o reparaci\u00f3n de herramientas l\u00edticas, durante el per\u00edodo Holoceno Medio \u00a0(fechado aproximadamente entre los a\u00f1os de 7500 a 4500 antes del presente (5500-2500 a.C.).<\/p>\n<p><!--more--><\/p>\n<p>Durante la salida de campo a diferentes municipios del oriente de Caldas \u00a0\u00a0el grupo de estudiantes acompa\u00f1ado por el coordinador del Grupo de Investigaci\u00f3n y profesor del \u00e1rea de Arqueolog\u00eda Mario Alonso Berm\u00fadez Restrepo<\/p>\n<p>De acuerdo con el docente Berm\u00fadez: \u201cLos referidos artefactos son una evidencia, important\u00edsima, para la arqueolog\u00eda de la regi\u00f3n, ya que desde hace muchos a\u00f1os se hab\u00eda venido aceptando un \u201csilencio\u201d o desocupaci\u00f3n arqueol\u00f3gica en el Holoceno Medio, pero estos datos podr\u00edan ser pioneros en cambiar esa hip\u00f3tesis, situando a bandas de cazadores recolectores en el paleopaisaje\u201d.<\/p>\n<p>Se excavaron dos sondeos de prueba en el predio del Centro de Innovaci\u00f3n para Caldas, \u00a0con el fin de describir el proceso de formaci\u00f3n de los dep\u00f3sitos de desborde y la construcci\u00f3n de paleosuperficies en una llanura aluvial, fen\u00f3meno que ya hab\u00eda sido observado y descrito en trabajos de campo de cursos .<\/p>\n<p>\u201cDesde hace muchos a\u00f1os se hab\u00eda venido aceptando un \u201csilencio\u201d o desocupaci\u00f3n arqueol\u00f3gica en el Holoceno Medio, pero estos datos podr\u00edan ser pioneros en cambiar esa hip\u00f3tesis, situando a bandas de cazadores recolectores en el paleopaisaje que vivieron en esta zona de Suram\u00e9rica\u201d, indic\u00f3 el profesor del \u00e1rea de Arqueolog\u00eda Mario Alonso Berm\u00fadez Restrepo.<\/p>\n<p>Este hallazgo fue notificado al grupo de Arqueolog\u00eda del Instituto Colombiano de Antropolog\u00eda e Historia (ICANH), para iniciar los procedimientos de planeaci\u00f3n e intervenci\u00f3n arqueol\u00f3gica en el sitio, con el fin de recuperar la informaci\u00f3n cient\u00edfica, ya que la instituci\u00f3n cuenta con el personal, la experiencia y el Laboratorio de Arqueolog\u00eda para realizar la investigaci\u00f3n completa del tema.<\/p>\n<p>&nbsp;<\/p>\n<p><strong>Anexo:<br \/>\n<\/strong><strong><a href=\"https:\/\/go.ivoox.com\/rf\/97394304\">Audio docente \u00e1rea de Arqueolog\u00eda Mario Alonso Berm\u00fadez Restrepo.<\/a><br \/>\n<iframe loading=\"lazy\" src=\"https:\/\/www.ivoox.com\/player_ek_97394304_2_1.html?data=mpygm5mXdJWhhpywj5WVaZS1kpWah5yncZKhhpywj5WRaZi3jpWah5yncanVzdHO3MzTb8Lm0trS0dGJh5SZo5jUy8jTb8bijMrZjajJstXm0JDRx5Ctss_j18bQy4qnd4a2lNOY0sbWpY6ZmKiarKqqiYy4ppC9tKqyl6Khhpywj5k.&amp;\" width=\"238\" height=\"48\" frameborder=\"0\" scrolling=\"no\" allowfullscreen=\"allowfullscreen\"><\/iframe><br \/>\n<\/strong><\/p>\n<p><strong>\u00a0<\/strong><\/p>\n<p><strong>Informes: <\/strong>Oficina de Comunicaciones y Prensa Universidad de Caldas.<br \/>\n<strong>Redacci\u00f3n:<\/strong> Adriana Salazar Villegas<\/p>\n<p>&nbsp;<\/p>\n","protected":false},"excerpt":{"rendered":"<p>El grupo de investigaci\u00f3n en Geoarqueolog\u00eda (GIGA) adscrito al programa de Antropolog\u00eda de la Universidad de Caldas encontr\u00f3 en la zona donde se encuentra el Centro de Innovaci\u00f3n para Caldas en el municipio de La Dorada, lo que pueden ser vestigios de sociedades humanas que habitaron la zona pues se report\u00f3 la evidencia de actividades [&hellip;]<\/p>\n","protected":false},"author":2,"featured_media":73980,"comment_status":"closed","ping_status":"open","sticky":false,"template":"","format":"standard","meta":{"footnotes":""},"categories":[48,53],"tags":[670,2109,7884,9531],"class_list":["post-73979","post","type-post","status-publish","format-standard","has-post-thumbnail","hentry","category-actualidad","category-universidad-al-dia","tag-antropologia","tag-arqueologia","tag-centro-de-innovacion-para-caldas","tag-hallazgo"],"yoast_head":"<!-- This site is optimized with the Yoast SEO plugin v27.5 - https:\/\/yoast.com\/product\/yoast-seo-wordpress\/ -->\n<title>Hallazgo arqueol\u00f3gico en el Centro de Innovaci\u00f3n para Caldas (La Dorada) podr\u00eda pertenecer al per\u00edodo Holoceno Medio .<\/title>\n<meta name=\"robots\" content=\"index, follow, max-snippet:-1, max-image-preview:large, max-video-preview:-1\" \/>\n<link rel=\"canonical\" href=\"https:\/\/www.ucaldas.edu.co\/portal\/hallazgo-arqueologico-en-el-centro-de-innovacion-para-caldas-en-la-dorada-podria-pertenecer-al-periodo-holoceno-medio\/\" \/>\n<script type=\"application\/ld+json\" class=\"yoast-schema-graph\">{\"@context\":\"https:\\\/\\\/schema.org\",\"@graph\":[{\"@type\":\"Article\",\"@id\":\"https:\\\/\\\/www.ucaldas.edu.co\\\/portal\\\/hallazgo-arqueologico-en-el-centro-de-innovacion-para-caldas-en-la-dorada-podria-pertenecer-al-periodo-holoceno-medio\\\/#article\",\"isPartOf\":{\"@id\":\"https:\\\/\\\/www.ucaldas.edu.co\\\/portal\\\/hallazgo-arqueologico-en-el-centro-de-innovacion-para-caldas-en-la-dorada-podria-pertenecer-al-periodo-holoceno-medio\\\/\"},\"author\":{\"name\":\"ofiprensa\",\"@id\":\"https:\\\/\\\/www.ucaldas.edu.co\\\/portal\\\/#\\\/schema\\\/person\\\/a1b482e23449158b4bc319926c074fdf\"},\"headline\":\"Hallazgo arqueol\u00f3gico en el Centro de Innovaci\u00f3n para Caldas (La Dorada) podr\u00eda pertenecer al per\u00edodo Holoceno Medio\",\"datePublished\":\"2022-12-01T22:51:18+00:00\",\"dateModified\":\"2022-12-01T22:52:19+00:00\",\"mainEntityOfPage\":{\"@id\":\"https:\\\/\\\/www.ucaldas.edu.co\\\/portal\\\/hallazgo-arqueologico-en-el-centro-de-innovacion-para-caldas-en-la-dorada-podria-pertenecer-al-periodo-holoceno-medio\\\/\"},\"wordCount\":436,\"publisher\":{\"@id\":\"https:\\\/\\\/www.ucaldas.edu.co\\\/portal\\\/#organization\"},\"image\":{\"@id\":\"https:\\\/\\\/www.ucaldas.edu.co\\\/portal\\\/hallazgo-arqueologico-en-el-centro-de-innovacion-para-caldas-en-la-dorada-podria-pertenecer-al-periodo-holoceno-medio\\\/#primaryimage\"},\"thumbnailUrl\":\"https:\\\/\\\/www.ucaldas.edu.co\\\/portal\\\/wp-content\\\/uploads\\\/2022\\\/12\\\/Diseno-sin-titulo-2.jpg\",\"keywords\":[\"antropolog\u00eda\",\"Arqueolog\u00eda\",\"centro de innovaci\u00f3n para Caldas\",\"hallazgo\"],\"articleSection\":[\"Actualidad\",\"Universidad al D\u00eda\"],\"inLanguage\":\"es\"},{\"@type\":\"WebPage\",\"@id\":\"https:\\\/\\\/www.ucaldas.edu.co\\\/portal\\\/hallazgo-arqueologico-en-el-centro-de-innovacion-para-caldas-en-la-dorada-podria-pertenecer-al-periodo-holoceno-medio\\\/\",\"url\":\"https:\\\/\\\/www.ucaldas.edu.co\\\/portal\\\/hallazgo-arqueologico-en-el-centro-de-innovacion-para-caldas-en-la-dorada-podria-pertenecer-al-periodo-holoceno-medio\\\/\",\"name\":\"Hallazgo arqueol\u00f3gico en el Centro de Innovaci\u00f3n para Caldas (La Dorada) podr\u00eda pertenecer al per\u00edodo Holoceno Medio .\",\"isPartOf\":{\"@id\":\"https:\\\/\\\/www.ucaldas.edu.co\\\/portal\\\/#website\"},\"primaryImageOfPage\":{\"@id\":\"https:\\\/\\\/www.ucaldas.edu.co\\\/portal\\\/hallazgo-arqueologico-en-el-centro-de-innovacion-para-caldas-en-la-dorada-podria-pertenecer-al-periodo-holoceno-medio\\\/#primaryimage\"},\"image\":{\"@id\":\"https:\\\/\\\/www.ucaldas.edu.co\\\/portal\\\/hallazgo-arqueologico-en-el-centro-de-innovacion-para-caldas-en-la-dorada-podria-pertenecer-al-periodo-holoceno-medio\\\/#primaryimage\"},\"thumbnailUrl\":\"https:\\\/\\\/www.ucaldas.edu.co\\\/portal\\\/wp-content\\\/uploads\\\/2022\\\/12\\\/Diseno-sin-titulo-2.jpg\",\"datePublished\":\"2022-12-01T22:51:18+00:00\",\"dateModified\":\"2022-12-01T22:52:19+00:00\",\"breadcrumb\":{\"@id\":\"https:\\\/\\\/www.ucaldas.edu.co\\\/portal\\\/hallazgo-arqueologico-en-el-centro-de-innovacion-para-caldas-en-la-dorada-podria-pertenecer-al-periodo-holoceno-medio\\\/#breadcrumb\"},\"inLanguage\":\"es\",\"potentialAction\":[{\"@type\":\"ReadAction\",\"target\":[\"https:\\\/\\\/www.ucaldas.edu.co\\\/portal\\\/hallazgo-arqueologico-en-el-centro-de-innovacion-para-caldas-en-la-dorada-podria-pertenecer-al-periodo-holoceno-medio\\\/\"]}]},{\"@type\":\"ImageObject\",\"inLanguage\":\"es\",\"@id\":\"https:\\\/\\\/www.ucaldas.edu.co\\\/portal\\\/hallazgo-arqueologico-en-el-centro-de-innovacion-para-caldas-en-la-dorada-podria-pertenecer-al-periodo-holoceno-medio\\\/#primaryimage\",\"url\":\"https:\\\/\\\/www.ucaldas.edu.co\\\/portal\\\/wp-content\\\/uploads\\\/2022\\\/12\\\/Diseno-sin-titulo-2.jpg\",\"contentUrl\":\"https:\\\/\\\/www.ucaldas.edu.co\\\/portal\\\/wp-content\\\/uploads\\\/2022\\\/12\\\/Diseno-sin-titulo-2.jpg\",\"width\":700,\"height\":400,\"caption\":\"Grupo de Investigaci\u00f3n en Geoarqueolog\u00eda GIGA\"},{\"@type\":\"BreadcrumbList\",\"@id\":\"https:\\\/\\\/www.ucaldas.edu.co\\\/portal\\\/hallazgo-arqueologico-en-el-centro-de-innovacion-para-caldas-en-la-dorada-podria-pertenecer-al-periodo-holoceno-medio\\\/#breadcrumb\",\"itemListElement\":[{\"@type\":\"ListItem\",\"position\":1,\"name\":\"Portada\",\"item\":\"https:\\\/\\\/www.ucaldas.edu.co\\\/portal\\\/\"},{\"@type\":\"ListItem\",\"position\":2,\"name\":\"Hallazgo arqueol\u00f3gico en el Centro de Innovaci\u00f3n para Caldas (La Dorada) podr\u00eda pertenecer al per\u00edodo Holoceno Medio\"}]},{\"@type\":\"WebSite\",\"@id\":\"https:\\\/\\\/www.ucaldas.edu.co\\\/portal\\\/#website\",\"url\":\"https:\\\/\\\/www.ucaldas.edu.co\\\/portal\\\/\",\"name\":\"Universidad de Caldas\",\"description\":\"\",\"publisher\":{\"@id\":\"https:\\\/\\\/www.ucaldas.edu.co\\\/portal\\\/#organization\"},\"alternateName\":\"U. de Caldas\",\"potentialAction\":[{\"@type\":\"SearchAction\",\"target\":{\"@type\":\"EntryPoint\",\"urlTemplate\":\"https:\\\/\\\/www.ucaldas.edu.co\\\/portal\\\/?s={search_term_string}\"},\"query-input\":{\"@type\":\"PropertyValueSpecification\",\"valueRequired\":true,\"valueName\":\"search_term_string\"}}],\"inLanguage\":\"es\"},{\"@type\":\"Organization\",\"@id\":\"https:\\\/\\\/www.ucaldas.edu.co\\\/portal\\\/#organization\",\"name\":\"Universidad de Caldas\",\"alternateName\":\"U. de Caldas\",\"url\":\"https:\\\/\\\/www.ucaldas.edu.co\\\/portal\\\/\",\"logo\":{\"@type\":\"ImageObject\",\"inLanguage\":\"es\",\"@id\":\"https:\\\/\\\/www.ucaldas.edu.co\\\/portal\\\/#\\\/schema\\\/logo\\\/image\\\/\",\"url\":\"https:\\\/\\\/www.ucaldas.edu.co\\\/portal\\\/wp-content\\\/uploads\\\/2023\\\/11\\\/Logo_horizontal_oscuroU-2023.png\",\"contentUrl\":\"https:\\\/\\\/www.ucaldas.edu.co\\\/portal\\\/wp-content\\\/uploads\\\/2023\\\/11\\\/Logo_horizontal_oscuroU-2023.png\",\"width\":263,\"height\":101,\"caption\":\"Universidad de Caldas\"},\"image\":{\"@id\":\"https:\\\/\\\/www.ucaldas.edu.co\\\/portal\\\/#\\\/schema\\\/logo\\\/image\\\/\"},\"sameAs\":[\"https:\\\/\\\/www.facebook.com\\\/udecaldas\",\"https:\\\/\\\/x.com\\\/udecaldas\",\"https:\\\/\\\/www.youtube.com\\\/universidadcaldas\",\"https:\\\/\\\/www.instagram.com\\\/udecaldas\\\/\"]},{\"@type\":\"Person\",\"@id\":\"https:\\\/\\\/www.ucaldas.edu.co\\\/portal\\\/#\\\/schema\\\/person\\\/a1b482e23449158b4bc319926c074fdf\",\"name\":\"ofiprensa\",\"image\":{\"@type\":\"ImageObject\",\"inLanguage\":\"es\",\"@id\":\"https:\\\/\\\/www.ucaldas.edu.co\\\/portal\\\/wp-content\\\/litespeed\\\/avatar\\\/09ea5085e600095a7a811142c6944527.jpg?ver=1777497608\",\"url\":\"https:\\\/\\\/www.ucaldas.edu.co\\\/portal\\\/wp-content\\\/litespeed\\\/avatar\\\/09ea5085e600095a7a811142c6944527.jpg?ver=1777497608\",\"contentUrl\":\"https:\\\/\\\/www.ucaldas.edu.co\\\/portal\\\/wp-content\\\/litespeed\\\/avatar\\\/09ea5085e600095a7a811142c6944527.jpg?ver=1777497608\",\"caption\":\"ofiprensa\"},\"url\":\"https:\\\/\\\/www.ucaldas.edu.co\\\/portal\\\/author\\\/ofiprensa\\\/\"}]}<\/script>\n<!-- \/ Yoast SEO plugin. -->","yoast_head_json":{"title":"Hallazgo arqueol\u00f3gico en el Centro de Innovaci\u00f3n para Caldas (La Dorada) podr\u00eda pertenecer al per\u00edodo Holoceno Medio .","robots":{"index":"index","follow":"follow","max-snippet":"max-snippet:-1","max-image-preview":"max-image-preview:large","max-video-preview":"max-video-preview:-1"},"canonical":"https:\/\/www.ucaldas.edu.co\/portal\/hallazgo-arqueologico-en-el-centro-de-innovacion-para-caldas-en-la-dorada-podria-pertenecer-al-periodo-holoceno-medio\/","schema":{"@context":"https:\/\/schema.org","@graph":[{"@type":"Article","@id":"https:\/\/www.ucaldas.edu.co\/portal\/hallazgo-arqueologico-en-el-centro-de-innovacion-para-caldas-en-la-dorada-podria-pertenecer-al-periodo-holoceno-medio\/#article","isPartOf":{"@id":"https:\/\/www.ucaldas.edu.co\/portal\/hallazgo-arqueologico-en-el-centro-de-innovacion-para-caldas-en-la-dorada-podria-pertenecer-al-periodo-holoceno-medio\/"},"author":{"name":"ofiprensa","@id":"https:\/\/www.ucaldas.edu.co\/portal\/#\/schema\/person\/a1b482e23449158b4bc319926c074fdf"},"headline":"Hallazgo arqueol\u00f3gico en el Centro de Innovaci\u00f3n para Caldas (La Dorada) podr\u00eda pertenecer al per\u00edodo Holoceno Medio","datePublished":"2022-12-01T22:51:18+00:00","dateModified":"2022-12-01T22:52:19+00:00","mainEntityOfPage":{"@id":"https:\/\/www.ucaldas.edu.co\/portal\/hallazgo-arqueologico-en-el-centro-de-innovacion-para-caldas-en-la-dorada-podria-pertenecer-al-periodo-holoceno-medio\/"},"wordCount":436,"publisher":{"@id":"https:\/\/www.ucaldas.edu.co\/portal\/#organization"},"image":{"@id":"https:\/\/www.ucaldas.edu.co\/portal\/hallazgo-arqueologico-en-el-centro-de-innovacion-para-caldas-en-la-dorada-podria-pertenecer-al-periodo-holoceno-medio\/#primaryimage"},"thumbnailUrl":"https:\/\/www.ucaldas.edu.co\/portal\/wp-content\/uploads\/2022\/12\/Diseno-sin-titulo-2.jpg","keywords":["antropolog\u00eda","Arqueolog\u00eda","centro de innovaci\u00f3n para Caldas","hallazgo"],"articleSection":["Actualidad","Universidad al D\u00eda"],"inLanguage":"es"},{"@type":"WebPage","@id":"https:\/\/www.ucaldas.edu.co\/portal\/hallazgo-arqueologico-en-el-centro-de-innovacion-para-caldas-en-la-dorada-podria-pertenecer-al-periodo-holoceno-medio\/","url":"https:\/\/www.ucaldas.edu.co\/portal\/hallazgo-arqueologico-en-el-centro-de-innovacion-para-caldas-en-la-dorada-podria-pertenecer-al-periodo-holoceno-medio\/","name":"Hallazgo arqueol\u00f3gico en el Centro de Innovaci\u00f3n para Caldas (La Dorada) podr\u00eda pertenecer al per\u00edodo Holoceno Medio .","isPartOf":{"@id":"https:\/\/www.ucaldas.edu.co\/portal\/#website"},"primaryImageOfPage":{"@id":"https:\/\/www.ucaldas.edu.co\/portal\/hallazgo-arqueologico-en-el-centro-de-innovacion-para-caldas-en-la-dorada-podria-pertenecer-al-periodo-holoceno-medio\/#primaryimage"},"image":{"@id":"https:\/\/www.ucaldas.edu.co\/portal\/hallazgo-arqueologico-en-el-centro-de-innovacion-para-caldas-en-la-dorada-podria-pertenecer-al-periodo-holoceno-medio\/#primaryimage"},"thumbnailUrl":"https:\/\/www.ucaldas.edu.co\/portal\/wp-content\/uploads\/2022\/12\/Diseno-sin-titulo-2.jpg","datePublished":"2022-12-01T22:51:18+00:00","dateModified":"2022-12-01T22:52:19+00:00","breadcrumb":{"@id":"https:\/\/www.ucaldas.edu.co\/portal\/hallazgo-arqueologico-en-el-centro-de-innovacion-para-caldas-en-la-dorada-podria-pertenecer-al-periodo-holoceno-medio\/#breadcrumb"},"inLanguage":"es","potentialAction":[{"@type":"ReadAction","target":["https:\/\/www.ucaldas.edu.co\/portal\/hallazgo-arqueologico-en-el-centro-de-innovacion-para-caldas-en-la-dorada-podria-pertenecer-al-periodo-holoceno-medio\/"]}]},{"@type":"ImageObject","inLanguage":"es","@id":"https:\/\/www.ucaldas.edu.co\/portal\/hallazgo-arqueologico-en-el-centro-de-innovacion-para-caldas-en-la-dorada-podria-pertenecer-al-periodo-holoceno-medio\/#primaryimage","url":"https:\/\/www.ucaldas.edu.co\/portal\/wp-content\/uploads\/2022\/12\/Diseno-sin-titulo-2.jpg","contentUrl":"https:\/\/www.ucaldas.edu.co\/portal\/wp-content\/uploads\/2022\/12\/Diseno-sin-titulo-2.jpg","width":700,"height":400,"caption":"Grupo de Investigaci\u00f3n en Geoarqueolog\u00eda GIGA"},{"@type":"BreadcrumbList","@id":"https:\/\/www.ucaldas.edu.co\/portal\/hallazgo-arqueologico-en-el-centro-de-innovacion-para-caldas-en-la-dorada-podria-pertenecer-al-periodo-holoceno-medio\/#breadcrumb","itemListElement":[{"@type":"ListItem","position":1,"name":"Portada","item":"https:\/\/www.ucaldas.edu.co\/portal\/"},{"@type":"ListItem","position":2,"name":"Hallazgo arqueol\u00f3gico en el Centro de Innovaci\u00f3n para Caldas (La Dorada) podr\u00eda pertenecer al per\u00edodo Holoceno Medio"}]},{"@type":"WebSite","@id":"https:\/\/www.ucaldas.edu.co\/portal\/#website","url":"https:\/\/www.ucaldas.edu.co\/portal\/","name":"Universidad de Caldas","description":"","publisher":{"@id":"https:\/\/www.ucaldas.edu.co\/portal\/#organization"},"alternateName":"U. de Caldas","potentialAction":[{"@type":"SearchAction","target":{"@type":"EntryPoint","urlTemplate":"https:\/\/www.ucaldas.edu.co\/portal\/?s={search_term_string}"},"query-input":{"@type":"PropertyValueSpecification","valueRequired":true,"valueName":"search_term_string"}}],"inLanguage":"es"},{"@type":"Organization","@id":"https:\/\/www.ucaldas.edu.co\/portal\/#organization","name":"Universidad de Caldas","alternateName":"U. de Caldas","url":"https:\/\/www.ucaldas.edu.co\/portal\/","logo":{"@type":"ImageObject","inLanguage":"es","@id":"https:\/\/www.ucaldas.edu.co\/portal\/#\/schema\/logo\/image\/","url":"https:\/\/www.ucaldas.edu.co\/portal\/wp-content\/uploads\/2023\/11\/Logo_horizontal_oscuroU-2023.png","contentUrl":"https:\/\/www.ucaldas.edu.co\/portal\/wp-content\/uploads\/2023\/11\/Logo_horizontal_oscuroU-2023.png","width":263,"height":101,"caption":"Universidad de Caldas"},"image":{"@id":"https:\/\/www.ucaldas.edu.co\/portal\/#\/schema\/logo\/image\/"},"sameAs":["https:\/\/www.facebook.com\/udecaldas","https:\/\/x.com\/udecaldas","https:\/\/www.youtube.com\/universidadcaldas","https:\/\/www.instagram.com\/udecaldas\/"]},{"@type":"Person","@id":"https:\/\/www.ucaldas.edu.co\/portal\/#\/schema\/person\/a1b482e23449158b4bc319926c074fdf","name":"ofiprensa","image":{"@type":"ImageObject","inLanguage":"es","@id":"https:\/\/www.ucaldas.edu.co\/portal\/wp-content\/litespeed\/avatar\/09ea5085e600095a7a811142c6944527.jpg?ver=1777497608","url":"https:\/\/www.ucaldas.edu.co\/portal\/wp-content\/litespeed\/avatar\/09ea5085e600095a7a811142c6944527.jpg?ver=1777497608","contentUrl":"https:\/\/www.ucaldas.edu.co\/portal\/wp-content\/litespeed\/avatar\/09ea5085e600095a7a811142c6944527.jpg?ver=1777497608","caption":"ofiprensa"},"url":"https:\/\/www.ucaldas.edu.co\/portal\/author\/ofiprensa\/"}]}},"_links":{"self":[{"href":"https:\/\/www.ucaldas.edu.co\/portal\/wp-json\/wp\/v2\/posts\/73979","targetHints":{"allow":["GET"]}}],"collection":[{"href":"https:\/\/www.ucaldas.edu.co\/portal\/wp-json\/wp\/v2\/posts"}],"about":[{"href":"https:\/\/www.ucaldas.edu.co\/portal\/wp-json\/wp\/v2\/types\/post"}],"author":[{"embeddable":true,"href":"https:\/\/www.ucaldas.edu.co\/portal\/wp-json\/wp\/v2\/users\/2"}],"replies":[{"embeddable":true,"href":"https:\/\/www.ucaldas.edu.co\/portal\/wp-json\/wp\/v2\/comments?post=73979"}],"version-history":[{"count":0,"href":"https:\/\/www.ucaldas.edu.co\/portal\/wp-json\/wp\/v2\/posts\/73979\/revisions"}],"wp:featuredmedia":[{"embeddable":true,"href":"https:\/\/www.ucaldas.edu.co\/portal\/wp-json\/wp\/v2\/media\/73980"}],"wp:attachment":[{"href":"https:\/\/www.ucaldas.edu.co\/portal\/wp-json\/wp\/v2\/media?parent=73979"}],"wp:term":[{"taxonomy":"category","embeddable":true,"href":"https:\/\/www.ucaldas.edu.co\/portal\/wp-json\/wp\/v2\/categories?post=73979"},{"taxonomy":"post_tag","embeddable":true,"href":"https:\/\/www.ucaldas.edu.co\/portal\/wp-json\/wp\/v2\/tags?post=73979"}],"curies":[{"name":"wp","href":"https:\/\/api.w.org\/{rel}","templated":true}]}}