{"id":73938,"date":"2022-12-01T21:14:24","date_gmt":"2022-12-01T21:14:24","guid":{"rendered":"https:\/\/www.ucaldas.edu.co\/portal\/?p=73938"},"modified":"2022-12-01T21:14:24","modified_gmt":"2022-12-01T21:14:24","slug":"facultad-de-ciencias-juridicas-y-sociales-celebro-sus-25-anos","status":"publish","type":"post","link":"https:\/\/www.ucaldas.edu.co\/portal\/facultad-de-ciencias-juridicas-y-sociales-celebro-sus-25-anos\/","title":{"rendered":"Facultad de Ciencias Jur\u00eddicas y Sociales celebr\u00f3 sus 25 a\u00f1os"},"content":{"rendered":"<p><img loading=\"lazy\" decoding=\"async\" class=\"aligncenter size-full wp-image-73939\" src=\"https:\/\/www.ucaldas.edu.co\/portal\/wp-content\/uploads\/2022\/12\/Diseno-sin-titulo.jpg\" alt=\"Actividades acad\u00e9micas, deportivas y culturales durante la celebraci\u00f3n de los 25 a\u00f1os de la Facultad de Ciencias Jur\u00eddicas y sociales\" width=\"700\" height=\"400\" srcset=\"https:\/\/www.ucaldas.edu.co\/portal\/wp-content\/uploads\/2022\/12\/Diseno-sin-titulo.jpg 700w, https:\/\/www.ucaldas.edu.co\/portal\/wp-content\/uploads\/2022\/12\/Diseno-sin-titulo-300x171.jpg 300w\" sizes=\"auto, (max-width: 700px) 100vw, 700px\" \/><\/p>\n<p>La Facultad de Ciencias Jur\u00eddicas y Sociales de la Universidad de Caldas conmemor\u00f3 sus 25 a\u00f1os de creaci\u00f3n, con una jornada que resalt\u00f3 la labor de algunos miembros de la comunidad universitaria que desde 1997 han contribuido con sus aportes a la consolidaci\u00f3n y construcci\u00f3n de la instituci\u00f3n y la facultad<\/p>\n<p><!--more--><\/p>\n<p>El decano de la Facultad Gabriel Gallego Montes resalt\u00f3 el acto de entrega de reconocimientos a docentes, estudiantes, departamentos, programas acad\u00e9micos, semilleros de investigaci\u00f3n, entre otros grupos que hacen parte de la Facultad y que constantemente aportan a la construcci\u00f3n de la misma con su trabajo en investigaci\u00f3n y proyecci\u00f3n.<\/p>\n<p>La celebraci\u00f3n inici\u00f3 con la conferencia Sara Victoria Alvarado Salgado, miembro de la Comisi\u00f3n de Sabios 2019, quien plante\u00f3 los retos y futuro de las ciencias sociales en Am\u00e9rica Latina, instando a realizar reflexiones de las estrategias a tomar desde la academia.<\/p>\n<p>En horas de la tarde, la jornada se centr\u00f3 en actividades de integraci\u00f3n social como muestra de talentos, circuito de observaci\u00f3n y rumbaterapia, con el prop\u00f3sito de acercar a la comunidad universitaria que integra la facultad y brindar un espacio de esparcimiento y diversi\u00f3n a estudiantes, docentes y administrativo, asegur\u00f3 Gallego.<\/p>\n<p>&nbsp;<\/p>\n<p><strong>Anexo:<br \/>\n<\/strong><strong><a href=\"https:\/\/go.ivoox.com\/rf\/97356692\">Audio Gabriel Gallego Montes \u2013 decano Facultad Ciencias Jur\u00eddicas y Sociales.<\/a><br \/>\n<iframe loading=\"lazy\" src=\"https:\/\/www.ivoox.com\/player_ek_97356692_2_1.html\" width=\"238\" height=\"48\" frameborder=\"0\" scrolling=\"no\" allowfullscreen=\"allowfullscreen\"><\/iframe><\/strong><\/p>\n<p>&nbsp;<\/p>\n<p><strong>Informes: <\/strong>Oficina de Comunicaciones y Prensa Universidad de Caldas.<br \/>\n<strong>Redacci\u00f3n:<\/strong> Mateo Buritic\u00e1 Giraldo<\/p>\n","protected":false},"excerpt":{"rendered":"<p>La Facultad de Ciencias Jur\u00eddicas y Sociales de la Universidad de Caldas conmemor\u00f3 sus 25 a\u00f1os de creaci\u00f3n, con una jornada que resalt\u00f3 la labor de algunos miembros de la comunidad universitaria que desde 1997 han contribuido con sus aportes a la consolidaci\u00f3n y construcci\u00f3n de la instituci\u00f3n y la facultad<\/p>\n","protected":false},"author":2,"featured_media":73939,"comment_status":"closed","ping_status":"open","sticky":false,"template":"","format":"standard","meta":{"footnotes":""},"categories":[62,48,53],"tags":[9526,196,6296],"class_list":["post-73938","post","type-post","status-publish","format-standard","has-post-thumbnail","hentry","category-eventos","category-actualidad","category-universidad-al-dia","tag-aniversario-25","tag-conmemoracion","tag-facultad-ciencias-juridicas-y-sociales"],"yoast_head":"<!-- This site is optimized with the Yoast SEO plugin v27.5 - https:\/\/yoast.com\/product\/yoast-seo-wordpress\/ -->\n<title>Facultad de Ciencias Jur\u00eddicas y Sociales celebr\u00f3 sus 25 a\u00f1os .<\/title>\n<meta name=\"robots\" content=\"index, follow, max-snippet:-1, max-image-preview:large, max-video-preview:-1\" \/>\n<link rel=\"canonical\" href=\"https:\/\/www.ucaldas.edu.co\/portal\/facultad-de-ciencias-juridicas-y-sociales-celebro-sus-25-anos\/\" \/>\n<script type=\"application\/ld+json\" class=\"yoast-schema-graph\">{\"@context\":\"https:\\\/\\\/schema.org\",\"@graph\":[{\"@type\":\"Article\",\"@id\":\"https:\\\/\\\/www.ucaldas.edu.co\\\/portal\\\/facultad-de-ciencias-juridicas-y-sociales-celebro-sus-25-anos\\\/#article\",\"isPartOf\":{\"@id\":\"https:\\\/\\\/www.ucaldas.edu.co\\\/portal\\\/facultad-de-ciencias-juridicas-y-sociales-celebro-sus-25-anos\\\/\"},\"author\":{\"name\":\"ofiprensa\",\"@id\":\"https:\\\/\\\/www.ucaldas.edu.co\\\/portal\\\/#\\\/schema\\\/person\\\/a1b482e23449158b4bc319926c074fdf\"},\"headline\":\"Facultad de Ciencias Jur\u00eddicas y Sociales celebr\u00f3 sus 25 a\u00f1os\",\"datePublished\":\"2022-12-01T21:14:24+00:00\",\"mainEntityOfPage\":{\"@id\":\"https:\\\/\\\/www.ucaldas.edu.co\\\/portal\\\/facultad-de-ciencias-juridicas-y-sociales-celebro-sus-25-anos\\\/\"},\"wordCount\":248,\"publisher\":{\"@id\":\"https:\\\/\\\/www.ucaldas.edu.co\\\/portal\\\/#organization\"},\"image\":{\"@id\":\"https:\\\/\\\/www.ucaldas.edu.co\\\/portal\\\/facultad-de-ciencias-juridicas-y-sociales-celebro-sus-25-anos\\\/#primaryimage\"},\"thumbnailUrl\":\"https:\\\/\\\/www.ucaldas.edu.co\\\/portal\\\/wp-content\\\/uploads\\\/2022\\\/12\\\/Diseno-sin-titulo.jpg\",\"keywords\":[\"aniversario 25\",\"conmemoraci\u00f3n\",\"facultad ciencias jur\u00eddicas y sociales\"],\"articleSection\":[\"Eventos\",\"Actualidad\",\"Universidad al D\u00eda\"],\"inLanguage\":\"es\"},{\"@type\":\"WebPage\",\"@id\":\"https:\\\/\\\/www.ucaldas.edu.co\\\/portal\\\/facultad-de-ciencias-juridicas-y-sociales-celebro-sus-25-anos\\\/\",\"url\":\"https:\\\/\\\/www.ucaldas.edu.co\\\/portal\\\/facultad-de-ciencias-juridicas-y-sociales-celebro-sus-25-anos\\\/\",\"name\":\"Facultad de Ciencias Jur\u00eddicas y Sociales celebr\u00f3 sus 25 a\u00f1os .\",\"isPartOf\":{\"@id\":\"https:\\\/\\\/www.ucaldas.edu.co\\\/portal\\\/#website\"},\"primaryImageOfPage\":{\"@id\":\"https:\\\/\\\/www.ucaldas.edu.co\\\/portal\\\/facultad-de-ciencias-juridicas-y-sociales-celebro-sus-25-anos\\\/#primaryimage\"},\"image\":{\"@id\":\"https:\\\/\\\/www.ucaldas.edu.co\\\/portal\\\/facultad-de-ciencias-juridicas-y-sociales-celebro-sus-25-anos\\\/#primaryimage\"},\"thumbnailUrl\":\"https:\\\/\\\/www.ucaldas.edu.co\\\/portal\\\/wp-content\\\/uploads\\\/2022\\\/12\\\/Diseno-sin-titulo.jpg\",\"datePublished\":\"2022-12-01T21:14:24+00:00\",\"breadcrumb\":{\"@id\":\"https:\\\/\\\/www.ucaldas.edu.co\\\/portal\\\/facultad-de-ciencias-juridicas-y-sociales-celebro-sus-25-anos\\\/#breadcrumb\"},\"inLanguage\":\"es\",\"potentialAction\":[{\"@type\":\"ReadAction\",\"target\":[\"https:\\\/\\\/www.ucaldas.edu.co\\\/portal\\\/facultad-de-ciencias-juridicas-y-sociales-celebro-sus-25-anos\\\/\"]}]},{\"@type\":\"ImageObject\",\"inLanguage\":\"es\",\"@id\":\"https:\\\/\\\/www.ucaldas.edu.co\\\/portal\\\/facultad-de-ciencias-juridicas-y-sociales-celebro-sus-25-anos\\\/#primaryimage\",\"url\":\"https:\\\/\\\/www.ucaldas.edu.co\\\/portal\\\/wp-content\\\/uploads\\\/2022\\\/12\\\/Diseno-sin-titulo.jpg\",\"contentUrl\":\"https:\\\/\\\/www.ucaldas.edu.co\\\/portal\\\/wp-content\\\/uploads\\\/2022\\\/12\\\/Diseno-sin-titulo.jpg\",\"width\":700,\"height\":400,\"caption\":\"Actividades acad\u00e9micas, deportivas y culturales durante la celebraci\u00f3n de los 25 a\u00f1os de la Facultad de Ciencias Jur\u00eddicas y sociales\"},{\"@type\":\"BreadcrumbList\",\"@id\":\"https:\\\/\\\/www.ucaldas.edu.co\\\/portal\\\/facultad-de-ciencias-juridicas-y-sociales-celebro-sus-25-anos\\\/#breadcrumb\",\"itemListElement\":[{\"@type\":\"ListItem\",\"position\":1,\"name\":\"Portada\",\"item\":\"https:\\\/\\\/www.ucaldas.edu.co\\\/portal\\\/\"},{\"@type\":\"ListItem\",\"position\":2,\"name\":\"Facultad de Ciencias Jur\u00eddicas y Sociales celebr\u00f3 sus 25 a\u00f1os\"}]},{\"@type\":\"WebSite\",\"@id\":\"https:\\\/\\\/www.ucaldas.edu.co\\\/portal\\\/#website\",\"url\":\"https:\\\/\\\/www.ucaldas.edu.co\\\/portal\\\/\",\"name\":\"Universidad de Caldas\",\"description\":\"\",\"publisher\":{\"@id\":\"https:\\\/\\\/www.ucaldas.edu.co\\\/portal\\\/#organization\"},\"alternateName\":\"U. de Caldas\",\"potentialAction\":[{\"@type\":\"SearchAction\",\"target\":{\"@type\":\"EntryPoint\",\"urlTemplate\":\"https:\\\/\\\/www.ucaldas.edu.co\\\/portal\\\/?s={search_term_string}\"},\"query-input\":{\"@type\":\"PropertyValueSpecification\",\"valueRequired\":true,\"valueName\":\"search_term_string\"}}],\"inLanguage\":\"es\"},{\"@type\":\"Organization\",\"@id\":\"https:\\\/\\\/www.ucaldas.edu.co\\\/portal\\\/#organization\",\"name\":\"Universidad de Caldas\",\"alternateName\":\"U. de Caldas\",\"url\":\"https:\\\/\\\/www.ucaldas.edu.co\\\/portal\\\/\",\"logo\":{\"@type\":\"ImageObject\",\"inLanguage\":\"es\",\"@id\":\"https:\\\/\\\/www.ucaldas.edu.co\\\/portal\\\/#\\\/schema\\\/logo\\\/image\\\/\",\"url\":\"https:\\\/\\\/www.ucaldas.edu.co\\\/portal\\\/wp-content\\\/uploads\\\/2023\\\/11\\\/Logo_horizontal_oscuroU-2023.png\",\"contentUrl\":\"https:\\\/\\\/www.ucaldas.edu.co\\\/portal\\\/wp-content\\\/uploads\\\/2023\\\/11\\\/Logo_horizontal_oscuroU-2023.png\",\"width\":263,\"height\":101,\"caption\":\"Universidad de Caldas\"},\"image\":{\"@id\":\"https:\\\/\\\/www.ucaldas.edu.co\\\/portal\\\/#\\\/schema\\\/logo\\\/image\\\/\"},\"sameAs\":[\"https:\\\/\\\/www.facebook.com\\\/udecaldas\",\"https:\\\/\\\/x.com\\\/udecaldas\",\"https:\\\/\\\/www.youtube.com\\\/universidadcaldas\",\"https:\\\/\\\/www.instagram.com\\\/udecaldas\\\/\"]},{\"@type\":\"Person\",\"@id\":\"https:\\\/\\\/www.ucaldas.edu.co\\\/portal\\\/#\\\/schema\\\/person\\\/a1b482e23449158b4bc319926c074fdf\",\"name\":\"ofiprensa\",\"image\":{\"@type\":\"ImageObject\",\"inLanguage\":\"es\",\"@id\":\"https:\\\/\\\/www.ucaldas.edu.co\\\/portal\\\/wp-content\\\/litespeed\\\/avatar\\\/09ea5085e600095a7a811142c6944527.jpg?ver=1777497608\",\"url\":\"https:\\\/\\\/www.ucaldas.edu.co\\\/portal\\\/wp-content\\\/litespeed\\\/avatar\\\/09ea5085e600095a7a811142c6944527.jpg?ver=1777497608\",\"contentUrl\":\"https:\\\/\\\/www.ucaldas.edu.co\\\/portal\\\/wp-content\\\/litespeed\\\/avatar\\\/09ea5085e600095a7a811142c6944527.jpg?ver=1777497608\",\"caption\":\"ofiprensa\"},\"url\":\"https:\\\/\\\/www.ucaldas.edu.co\\\/portal\\\/author\\\/ofiprensa\\\/\"}]}<\/script>\n<!-- \/ Yoast SEO plugin. -->","yoast_head_json":{"title":"Facultad de Ciencias Jur\u00eddicas y Sociales celebr\u00f3 sus 25 a\u00f1os .","robots":{"index":"index","follow":"follow","max-snippet":"max-snippet:-1","max-image-preview":"max-image-preview:large","max-video-preview":"max-video-preview:-1"},"canonical":"https:\/\/www.ucaldas.edu.co\/portal\/facultad-de-ciencias-juridicas-y-sociales-celebro-sus-25-anos\/","schema":{"@context":"https:\/\/schema.org","@graph":[{"@type":"Article","@id":"https:\/\/www.ucaldas.edu.co\/portal\/facultad-de-ciencias-juridicas-y-sociales-celebro-sus-25-anos\/#article","isPartOf":{"@id":"https:\/\/www.ucaldas.edu.co\/portal\/facultad-de-ciencias-juridicas-y-sociales-celebro-sus-25-anos\/"},"author":{"name":"ofiprensa","@id":"https:\/\/www.ucaldas.edu.co\/portal\/#\/schema\/person\/a1b482e23449158b4bc319926c074fdf"},"headline":"Facultad de Ciencias Jur\u00eddicas y Sociales celebr\u00f3 sus 25 a\u00f1os","datePublished":"2022-12-01T21:14:24+00:00","mainEntityOfPage":{"@id":"https:\/\/www.ucaldas.edu.co\/portal\/facultad-de-ciencias-juridicas-y-sociales-celebro-sus-25-anos\/"},"wordCount":248,"publisher":{"@id":"https:\/\/www.ucaldas.edu.co\/portal\/#organization"},"image":{"@id":"https:\/\/www.ucaldas.edu.co\/portal\/facultad-de-ciencias-juridicas-y-sociales-celebro-sus-25-anos\/#primaryimage"},"thumbnailUrl":"https:\/\/www.ucaldas.edu.co\/portal\/wp-content\/uploads\/2022\/12\/Diseno-sin-titulo.jpg","keywords":["aniversario 25","conmemoraci\u00f3n","facultad ciencias jur\u00eddicas y sociales"],"articleSection":["Eventos","Actualidad","Universidad al D\u00eda"],"inLanguage":"es"},{"@type":"WebPage","@id":"https:\/\/www.ucaldas.edu.co\/portal\/facultad-de-ciencias-juridicas-y-sociales-celebro-sus-25-anos\/","url":"https:\/\/www.ucaldas.edu.co\/portal\/facultad-de-ciencias-juridicas-y-sociales-celebro-sus-25-anos\/","name":"Facultad de Ciencias Jur\u00eddicas y Sociales celebr\u00f3 sus 25 a\u00f1os .","isPartOf":{"@id":"https:\/\/www.ucaldas.edu.co\/portal\/#website"},"primaryImageOfPage":{"@id":"https:\/\/www.ucaldas.edu.co\/portal\/facultad-de-ciencias-juridicas-y-sociales-celebro-sus-25-anos\/#primaryimage"},"image":{"@id":"https:\/\/www.ucaldas.edu.co\/portal\/facultad-de-ciencias-juridicas-y-sociales-celebro-sus-25-anos\/#primaryimage"},"thumbnailUrl":"https:\/\/www.ucaldas.edu.co\/portal\/wp-content\/uploads\/2022\/12\/Diseno-sin-titulo.jpg","datePublished":"2022-12-01T21:14:24+00:00","breadcrumb":{"@id":"https:\/\/www.ucaldas.edu.co\/portal\/facultad-de-ciencias-juridicas-y-sociales-celebro-sus-25-anos\/#breadcrumb"},"inLanguage":"es","potentialAction":[{"@type":"ReadAction","target":["https:\/\/www.ucaldas.edu.co\/portal\/facultad-de-ciencias-juridicas-y-sociales-celebro-sus-25-anos\/"]}]},{"@type":"ImageObject","inLanguage":"es","@id":"https:\/\/www.ucaldas.edu.co\/portal\/facultad-de-ciencias-juridicas-y-sociales-celebro-sus-25-anos\/#primaryimage","url":"https:\/\/www.ucaldas.edu.co\/portal\/wp-content\/uploads\/2022\/12\/Diseno-sin-titulo.jpg","contentUrl":"https:\/\/www.ucaldas.edu.co\/portal\/wp-content\/uploads\/2022\/12\/Diseno-sin-titulo.jpg","width":700,"height":400,"caption":"Actividades acad\u00e9micas, deportivas y culturales durante la celebraci\u00f3n de los 25 a\u00f1os de la Facultad de Ciencias Jur\u00eddicas y sociales"},{"@type":"BreadcrumbList","@id":"https:\/\/www.ucaldas.edu.co\/portal\/facultad-de-ciencias-juridicas-y-sociales-celebro-sus-25-anos\/#breadcrumb","itemListElement":[{"@type":"ListItem","position":1,"name":"Portada","item":"https:\/\/www.ucaldas.edu.co\/portal\/"},{"@type":"ListItem","position":2,"name":"Facultad de Ciencias Jur\u00eddicas y Sociales celebr\u00f3 sus 25 a\u00f1os"}]},{"@type":"WebSite","@id":"https:\/\/www.ucaldas.edu.co\/portal\/#website","url":"https:\/\/www.ucaldas.edu.co\/portal\/","name":"Universidad de Caldas","description":"","publisher":{"@id":"https:\/\/www.ucaldas.edu.co\/portal\/#organization"},"alternateName":"U. de Caldas","potentialAction":[{"@type":"SearchAction","target":{"@type":"EntryPoint","urlTemplate":"https:\/\/www.ucaldas.edu.co\/portal\/?s={search_term_string}"},"query-input":{"@type":"PropertyValueSpecification","valueRequired":true,"valueName":"search_term_string"}}],"inLanguage":"es"},{"@type":"Organization","@id":"https:\/\/www.ucaldas.edu.co\/portal\/#organization","name":"Universidad de Caldas","alternateName":"U. de Caldas","url":"https:\/\/www.ucaldas.edu.co\/portal\/","logo":{"@type":"ImageObject","inLanguage":"es","@id":"https:\/\/www.ucaldas.edu.co\/portal\/#\/schema\/logo\/image\/","url":"https:\/\/www.ucaldas.edu.co\/portal\/wp-content\/uploads\/2023\/11\/Logo_horizontal_oscuroU-2023.png","contentUrl":"https:\/\/www.ucaldas.edu.co\/portal\/wp-content\/uploads\/2023\/11\/Logo_horizontal_oscuroU-2023.png","width":263,"height":101,"caption":"Universidad de Caldas"},"image":{"@id":"https:\/\/www.ucaldas.edu.co\/portal\/#\/schema\/logo\/image\/"},"sameAs":["https:\/\/www.facebook.com\/udecaldas","https:\/\/x.com\/udecaldas","https:\/\/www.youtube.com\/universidadcaldas","https:\/\/www.instagram.com\/udecaldas\/"]},{"@type":"Person","@id":"https:\/\/www.ucaldas.edu.co\/portal\/#\/schema\/person\/a1b482e23449158b4bc319926c074fdf","name":"ofiprensa","image":{"@type":"ImageObject","inLanguage":"es","@id":"https:\/\/www.ucaldas.edu.co\/portal\/wp-content\/litespeed\/avatar\/09ea5085e600095a7a811142c6944527.jpg?ver=1777497608","url":"https:\/\/www.ucaldas.edu.co\/portal\/wp-content\/litespeed\/avatar\/09ea5085e600095a7a811142c6944527.jpg?ver=1777497608","contentUrl":"https:\/\/www.ucaldas.edu.co\/portal\/wp-content\/litespeed\/avatar\/09ea5085e600095a7a811142c6944527.jpg?ver=1777497608","caption":"ofiprensa"},"url":"https:\/\/www.ucaldas.edu.co\/portal\/author\/ofiprensa\/"}]}},"_links":{"self":[{"href":"https:\/\/www.ucaldas.edu.co\/portal\/wp-json\/wp\/v2\/posts\/73938","targetHints":{"allow":["GET"]}}],"collection":[{"href":"https:\/\/www.ucaldas.edu.co\/portal\/wp-json\/wp\/v2\/posts"}],"about":[{"href":"https:\/\/www.ucaldas.edu.co\/portal\/wp-json\/wp\/v2\/types\/post"}],"author":[{"embeddable":true,"href":"https:\/\/www.ucaldas.edu.co\/portal\/wp-json\/wp\/v2\/users\/2"}],"replies":[{"embeddable":true,"href":"https:\/\/www.ucaldas.edu.co\/portal\/wp-json\/wp\/v2\/comments?post=73938"}],"version-history":[{"count":0,"href":"https:\/\/www.ucaldas.edu.co\/portal\/wp-json\/wp\/v2\/posts\/73938\/revisions"}],"wp:featuredmedia":[{"embeddable":true,"href":"https:\/\/www.ucaldas.edu.co\/portal\/wp-json\/wp\/v2\/media\/73939"}],"wp:attachment":[{"href":"https:\/\/www.ucaldas.edu.co\/portal\/wp-json\/wp\/v2\/media?parent=73938"}],"wp:term":[{"taxonomy":"category","embeddable":true,"href":"https:\/\/www.ucaldas.edu.co\/portal\/wp-json\/wp\/v2\/categories?post=73938"},{"taxonomy":"post_tag","embeddable":true,"href":"https:\/\/www.ucaldas.edu.co\/portal\/wp-json\/wp\/v2\/tags?post=73938"}],"curies":[{"name":"wp","href":"https:\/\/api.w.org\/{rel}","templated":true}]}}