{"id":73920,"date":"2022-11-30T22:03:30","date_gmt":"2022-11-30T22:03:30","guid":{"rendered":"https:\/\/www.ucaldas.edu.co\/portal\/?p=73920"},"modified":"2022-11-30T22:03:30","modified_gmt":"2022-11-30T22:03:30","slug":"presentacion-oficial-de-distrito-salmona-en-el-campus-palogrande","status":"publish","type":"post","link":"https:\/\/www.ucaldas.edu.co\/portal\/presentacion-oficial-de-distrito-salmona-en-el-campus-palogrande\/","title":{"rendered":"Presentaci\u00f3n oficial de Distrito Salmona en el campus Palogrande"},"content":{"rendered":"<p>&nbsp;<\/p>\n<p><img loading=\"lazy\" decoding=\"async\" class=\"aligncenter size-full wp-image-73921\" src=\"https:\/\/www.ucaldas.edu.co\/portal\/wp-content\/uploads\/2022\/11\/salmona-1.jpg\" alt=\"Distrito Salmona es un centro de actividad econ\u00f3mica y creativa para el fortalecimiento del emprendimiento y el empleo basado en la creatividad, turismo, sentido de pertenencia, innovaci\u00f3n, inclusi\u00f3n social\" width=\"700\" height=\"400\" srcset=\"https:\/\/www.ucaldas.edu.co\/portal\/wp-content\/uploads\/2022\/11\/salmona-1.jpg 700w, https:\/\/www.ucaldas.edu.co\/portal\/wp-content\/uploads\/2022\/11\/salmona-1-300x171.jpg 300w\" sizes=\"auto, (max-width: 700px) 100vw, 700px\" \/><\/p>\n<p>Este mi\u00e9rcoles 30 de noviembre a partir de las 7:00 p.m. en el campus Palogrande de la Universidad de Caldas se llevar\u00e1 a cabo la presentaci\u00f3n oficial de Distrito Salmona, una iniciativa que unir\u00e1 a los manizale\u00f1os en torno al futuro de las industrias culturales y creativas locales.<\/p>\n<p><!--more--><\/p>\n<p>Distrito Salmona es un centro de actividad econ\u00f3mica y creativa para el fortalecimiento del emprendimiento y el empleo basado en la creatividad, turismo, sentido de pertenencia, innovaci\u00f3n, inclusi\u00f3n social y acceso ciudadano a la oferta cultural. Este espacio comprende 89 hect\u00e1reas y su epicentro es el Centro Cultural Universitario Rogelio Salmona.<\/p>\n<p>El espacio comprende los barrios Palogrande, La Estrella, Palermo y F\u00e1tima, e integra espacios como los campus de la Universidad de Caldas, Universidad Nacional sede Manizales, Universidad Cat\u00f3lica de Manizales, Centro de Museos, Museo Samoga, Jard\u00edn Bot\u00e1nico, Centro Colombo Americano, Alianza Francesa, entre otros como librer\u00edas y restaurantes.<\/p>\n<p>Para la presentaci\u00f3n\u00a0 se tienen previstas diferentes actividades. La primera de ellas ser\u00e1 la proyecci\u00f3n de un corto de la Feria Internacional de Cine de Manizales FICMA llamado \u201c68 voces, 68 corazones\u201d una serie compuesta por 41 cuentos ind\u00edgenas narrados en sus lenguas originarias.<\/p>\n<p>Adem\u00e1s de la proyecci\u00f3n cinematogr\u00e1fica, se realizar\u00e1 la Ruta de Exposiciones la cual recorrer\u00e1 los diferentes espacios del Distrito Salmona que actualmente cuentan con una exhibici\u00f3n. La ruta ser\u00e1 la siguiente:<\/p>\n<ul>\n<li>Exposici\u00f3n \u201cAves en el arte\u201d \u2013 CCU Rogelio Salmona.<\/li>\n<li>Mural Salmona Distrito Creativo \u2013 CCU Rogelio Salmona.<\/li>\n<li>Exposici\u00f3n \u201cPinceladas por la paz\u201d \u2013 Alianza Francesa.<\/li>\n<li>Exposici\u00f3n \u201c25 a\u00f1os WTA Bienal Textil\u201d \u2013 Centro de Museos.<\/li>\n<li>Exposici\u00f3n \u201cInsectos maravillosos\u201d \u2013 Centro de Museos.<\/li>\n<li>Exposici\u00f3n \u201cSonajeros para el sue\u00f1o eterno\u201d \u2013 Centro de Museos.<\/li>\n<li>Gigantograf\u00edas \u201cLa nave de los locos\u201d \u2013 Campus Palogrande.<\/li>\n<\/ul>\n<p>Las salas y centros de exposici\u00f3n est\u00e1n abiertos a todo p\u00fablico.<\/p>\n<p><strong>\u00a0<\/strong><\/p>\n<p><strong>Informes: <\/strong>Oficina de Comunicaciones y Prensa Universidad de Caldas.<br \/>\n<strong>Redacci\u00f3n:<\/strong> Mateo Buritic\u00e1 Giraldo<\/p>\n<p>&nbsp;<\/p>\n","protected":false},"excerpt":{"rendered":"<p>&nbsp; Este mi\u00e9rcoles 30 de noviembre a partir de las 7:00 p.m. en el campus Palogrande de la Universidad de Caldas se llevar\u00e1 a cabo la presentaci\u00f3n oficial de Distrito Salmona, una iniciativa que unir\u00e1 a los manizale\u00f1os en torno al futuro de las industrias culturales y creativas locales.<\/p>\n","protected":false},"author":2,"featured_media":73921,"comment_status":"closed","ping_status":"open","sticky":false,"template":"","format":"standard","meta":{"footnotes":""},"categories":[48,53,664],"tags":[1725,9515,9516],"class_list":["post-73920","post","type-post","status-publish","format-standard","has-post-thumbnail","hentry","category-actualidad","category-universidad-al-dia","category-ucaldas-cultural","tag-industrias-creativas","tag-distrito-salmona","tag-lanzamiento-oficial"],"yoast_head":"<!-- This site is optimized with the Yoast SEO plugin v27.5 - https:\/\/yoast.com\/product\/yoast-seo-wordpress\/ -->\n<title>Presentaci\u00f3n oficial de Distrito Salmona en el campus Palogrande .<\/title>\n<meta name=\"robots\" content=\"index, follow, max-snippet:-1, max-image-preview:large, max-video-preview:-1\" \/>\n<link rel=\"canonical\" href=\"https:\/\/www.ucaldas.edu.co\/portal\/presentacion-oficial-de-distrito-salmona-en-el-campus-palogrande\/\" \/>\n<script type=\"application\/ld+json\" class=\"yoast-schema-graph\">{\"@context\":\"https:\\\/\\\/schema.org\",\"@graph\":[{\"@type\":\"Article\",\"@id\":\"https:\\\/\\\/www.ucaldas.edu.co\\\/portal\\\/presentacion-oficial-de-distrito-salmona-en-el-campus-palogrande\\\/#article\",\"isPartOf\":{\"@id\":\"https:\\\/\\\/www.ucaldas.edu.co\\\/portal\\\/presentacion-oficial-de-distrito-salmona-en-el-campus-palogrande\\\/\"},\"author\":{\"name\":\"ofiprensa\",\"@id\":\"https:\\\/\\\/www.ucaldas.edu.co\\\/portal\\\/#\\\/schema\\\/person\\\/a1b482e23449158b4bc319926c074fdf\"},\"headline\":\"Presentaci\u00f3n oficial de Distrito Salmona en el campus Palogrande\",\"datePublished\":\"2022-11-30T22:03:30+00:00\",\"mainEntityOfPage\":{\"@id\":\"https:\\\/\\\/www.ucaldas.edu.co\\\/portal\\\/presentacion-oficial-de-distrito-salmona-en-el-campus-palogrande\\\/\"},\"wordCount\":337,\"publisher\":{\"@id\":\"https:\\\/\\\/www.ucaldas.edu.co\\\/portal\\\/#organization\"},\"image\":{\"@id\":\"https:\\\/\\\/www.ucaldas.edu.co\\\/portal\\\/presentacion-oficial-de-distrito-salmona-en-el-campus-palogrande\\\/#primaryimage\"},\"thumbnailUrl\":\"https:\\\/\\\/www.ucaldas.edu.co\\\/portal\\\/wp-content\\\/uploads\\\/2022\\\/11\\\/salmona-1.jpg\",\"keywords\":[\"industrias creativas\",\"distrito Salmona\",\"lanzamiento oficial\"],\"articleSection\":[\"Actualidad\",\"Universidad al D\u00eda\",\"UCaldas Cultural\"],\"inLanguage\":\"es\"},{\"@type\":\"WebPage\",\"@id\":\"https:\\\/\\\/www.ucaldas.edu.co\\\/portal\\\/presentacion-oficial-de-distrito-salmona-en-el-campus-palogrande\\\/\",\"url\":\"https:\\\/\\\/www.ucaldas.edu.co\\\/portal\\\/presentacion-oficial-de-distrito-salmona-en-el-campus-palogrande\\\/\",\"name\":\"Presentaci\u00f3n oficial de Distrito Salmona en el campus Palogrande .\",\"isPartOf\":{\"@id\":\"https:\\\/\\\/www.ucaldas.edu.co\\\/portal\\\/#website\"},\"primaryImageOfPage\":{\"@id\":\"https:\\\/\\\/www.ucaldas.edu.co\\\/portal\\\/presentacion-oficial-de-distrito-salmona-en-el-campus-palogrande\\\/#primaryimage\"},\"image\":{\"@id\":\"https:\\\/\\\/www.ucaldas.edu.co\\\/portal\\\/presentacion-oficial-de-distrito-salmona-en-el-campus-palogrande\\\/#primaryimage\"},\"thumbnailUrl\":\"https:\\\/\\\/www.ucaldas.edu.co\\\/portal\\\/wp-content\\\/uploads\\\/2022\\\/11\\\/salmona-1.jpg\",\"datePublished\":\"2022-11-30T22:03:30+00:00\",\"breadcrumb\":{\"@id\":\"https:\\\/\\\/www.ucaldas.edu.co\\\/portal\\\/presentacion-oficial-de-distrito-salmona-en-el-campus-palogrande\\\/#breadcrumb\"},\"inLanguage\":\"es\",\"potentialAction\":[{\"@type\":\"ReadAction\",\"target\":[\"https:\\\/\\\/www.ucaldas.edu.co\\\/portal\\\/presentacion-oficial-de-distrito-salmona-en-el-campus-palogrande\\\/\"]}]},{\"@type\":\"ImageObject\",\"inLanguage\":\"es\",\"@id\":\"https:\\\/\\\/www.ucaldas.edu.co\\\/portal\\\/presentacion-oficial-de-distrito-salmona-en-el-campus-palogrande\\\/#primaryimage\",\"url\":\"https:\\\/\\\/www.ucaldas.edu.co\\\/portal\\\/wp-content\\\/uploads\\\/2022\\\/11\\\/salmona-1.jpg\",\"contentUrl\":\"https:\\\/\\\/www.ucaldas.edu.co\\\/portal\\\/wp-content\\\/uploads\\\/2022\\\/11\\\/salmona-1.jpg\",\"width\":700,\"height\":400,\"caption\":\"Distrito Salmona es un centro de actividad econ\u00f3mica y creativa para el fortalecimiento del emprendimiento y el empleo basado en la creatividad, turismo, sentido de pertenencia, innovaci\u00f3n, inclusi\u00f3n social\"},{\"@type\":\"BreadcrumbList\",\"@id\":\"https:\\\/\\\/www.ucaldas.edu.co\\\/portal\\\/presentacion-oficial-de-distrito-salmona-en-el-campus-palogrande\\\/#breadcrumb\",\"itemListElement\":[{\"@type\":\"ListItem\",\"position\":1,\"name\":\"Portada\",\"item\":\"https:\\\/\\\/www.ucaldas.edu.co\\\/portal\\\/\"},{\"@type\":\"ListItem\",\"position\":2,\"name\":\"Presentaci\u00f3n oficial de Distrito Salmona en el campus Palogrande\"}]},{\"@type\":\"WebSite\",\"@id\":\"https:\\\/\\\/www.ucaldas.edu.co\\\/portal\\\/#website\",\"url\":\"https:\\\/\\\/www.ucaldas.edu.co\\\/portal\\\/\",\"name\":\"Universidad de Caldas\",\"description\":\"\",\"publisher\":{\"@id\":\"https:\\\/\\\/www.ucaldas.edu.co\\\/portal\\\/#organization\"},\"alternateName\":\"U. de Caldas\",\"potentialAction\":[{\"@type\":\"SearchAction\",\"target\":{\"@type\":\"EntryPoint\",\"urlTemplate\":\"https:\\\/\\\/www.ucaldas.edu.co\\\/portal\\\/?s={search_term_string}\"},\"query-input\":{\"@type\":\"PropertyValueSpecification\",\"valueRequired\":true,\"valueName\":\"search_term_string\"}}],\"inLanguage\":\"es\"},{\"@type\":\"Organization\",\"@id\":\"https:\\\/\\\/www.ucaldas.edu.co\\\/portal\\\/#organization\",\"name\":\"Universidad de Caldas\",\"alternateName\":\"U. de Caldas\",\"url\":\"https:\\\/\\\/www.ucaldas.edu.co\\\/portal\\\/\",\"logo\":{\"@type\":\"ImageObject\",\"inLanguage\":\"es\",\"@id\":\"https:\\\/\\\/www.ucaldas.edu.co\\\/portal\\\/#\\\/schema\\\/logo\\\/image\\\/\",\"url\":\"https:\\\/\\\/www.ucaldas.edu.co\\\/portal\\\/wp-content\\\/uploads\\\/2023\\\/11\\\/Logo_horizontal_oscuroU-2023.png\",\"contentUrl\":\"https:\\\/\\\/www.ucaldas.edu.co\\\/portal\\\/wp-content\\\/uploads\\\/2023\\\/11\\\/Logo_horizontal_oscuroU-2023.png\",\"width\":263,\"height\":101,\"caption\":\"Universidad de Caldas\"},\"image\":{\"@id\":\"https:\\\/\\\/www.ucaldas.edu.co\\\/portal\\\/#\\\/schema\\\/logo\\\/image\\\/\"},\"sameAs\":[\"https:\\\/\\\/www.facebook.com\\\/udecaldas\",\"https:\\\/\\\/x.com\\\/udecaldas\",\"https:\\\/\\\/www.youtube.com\\\/universidadcaldas\",\"https:\\\/\\\/www.instagram.com\\\/udecaldas\\\/\"]},{\"@type\":\"Person\",\"@id\":\"https:\\\/\\\/www.ucaldas.edu.co\\\/portal\\\/#\\\/schema\\\/person\\\/a1b482e23449158b4bc319926c074fdf\",\"name\":\"ofiprensa\",\"image\":{\"@type\":\"ImageObject\",\"inLanguage\":\"es\",\"@id\":\"https:\\\/\\\/www.ucaldas.edu.co\\\/portal\\\/wp-content\\\/litespeed\\\/avatar\\\/09ea5085e600095a7a811142c6944527.jpg?ver=1777497608\",\"url\":\"https:\\\/\\\/www.ucaldas.edu.co\\\/portal\\\/wp-content\\\/litespeed\\\/avatar\\\/09ea5085e600095a7a811142c6944527.jpg?ver=1777497608\",\"contentUrl\":\"https:\\\/\\\/www.ucaldas.edu.co\\\/portal\\\/wp-content\\\/litespeed\\\/avatar\\\/09ea5085e600095a7a811142c6944527.jpg?ver=1777497608\",\"caption\":\"ofiprensa\"},\"url\":\"https:\\\/\\\/www.ucaldas.edu.co\\\/portal\\\/author\\\/ofiprensa\\\/\"}]}<\/script>\n<!-- \/ Yoast SEO plugin. -->","yoast_head_json":{"title":"Presentaci\u00f3n oficial de Distrito Salmona en el campus Palogrande .","robots":{"index":"index","follow":"follow","max-snippet":"max-snippet:-1","max-image-preview":"max-image-preview:large","max-video-preview":"max-video-preview:-1"},"canonical":"https:\/\/www.ucaldas.edu.co\/portal\/presentacion-oficial-de-distrito-salmona-en-el-campus-palogrande\/","schema":{"@context":"https:\/\/schema.org","@graph":[{"@type":"Article","@id":"https:\/\/www.ucaldas.edu.co\/portal\/presentacion-oficial-de-distrito-salmona-en-el-campus-palogrande\/#article","isPartOf":{"@id":"https:\/\/www.ucaldas.edu.co\/portal\/presentacion-oficial-de-distrito-salmona-en-el-campus-palogrande\/"},"author":{"name":"ofiprensa","@id":"https:\/\/www.ucaldas.edu.co\/portal\/#\/schema\/person\/a1b482e23449158b4bc319926c074fdf"},"headline":"Presentaci\u00f3n oficial de Distrito Salmona en el campus Palogrande","datePublished":"2022-11-30T22:03:30+00:00","mainEntityOfPage":{"@id":"https:\/\/www.ucaldas.edu.co\/portal\/presentacion-oficial-de-distrito-salmona-en-el-campus-palogrande\/"},"wordCount":337,"publisher":{"@id":"https:\/\/www.ucaldas.edu.co\/portal\/#organization"},"image":{"@id":"https:\/\/www.ucaldas.edu.co\/portal\/presentacion-oficial-de-distrito-salmona-en-el-campus-palogrande\/#primaryimage"},"thumbnailUrl":"https:\/\/www.ucaldas.edu.co\/portal\/wp-content\/uploads\/2022\/11\/salmona-1.jpg","keywords":["industrias creativas","distrito Salmona","lanzamiento oficial"],"articleSection":["Actualidad","Universidad al D\u00eda","UCaldas Cultural"],"inLanguage":"es"},{"@type":"WebPage","@id":"https:\/\/www.ucaldas.edu.co\/portal\/presentacion-oficial-de-distrito-salmona-en-el-campus-palogrande\/","url":"https:\/\/www.ucaldas.edu.co\/portal\/presentacion-oficial-de-distrito-salmona-en-el-campus-palogrande\/","name":"Presentaci\u00f3n oficial de Distrito Salmona en el campus Palogrande .","isPartOf":{"@id":"https:\/\/www.ucaldas.edu.co\/portal\/#website"},"primaryImageOfPage":{"@id":"https:\/\/www.ucaldas.edu.co\/portal\/presentacion-oficial-de-distrito-salmona-en-el-campus-palogrande\/#primaryimage"},"image":{"@id":"https:\/\/www.ucaldas.edu.co\/portal\/presentacion-oficial-de-distrito-salmona-en-el-campus-palogrande\/#primaryimage"},"thumbnailUrl":"https:\/\/www.ucaldas.edu.co\/portal\/wp-content\/uploads\/2022\/11\/salmona-1.jpg","datePublished":"2022-11-30T22:03:30+00:00","breadcrumb":{"@id":"https:\/\/www.ucaldas.edu.co\/portal\/presentacion-oficial-de-distrito-salmona-en-el-campus-palogrande\/#breadcrumb"},"inLanguage":"es","potentialAction":[{"@type":"ReadAction","target":["https:\/\/www.ucaldas.edu.co\/portal\/presentacion-oficial-de-distrito-salmona-en-el-campus-palogrande\/"]}]},{"@type":"ImageObject","inLanguage":"es","@id":"https:\/\/www.ucaldas.edu.co\/portal\/presentacion-oficial-de-distrito-salmona-en-el-campus-palogrande\/#primaryimage","url":"https:\/\/www.ucaldas.edu.co\/portal\/wp-content\/uploads\/2022\/11\/salmona-1.jpg","contentUrl":"https:\/\/www.ucaldas.edu.co\/portal\/wp-content\/uploads\/2022\/11\/salmona-1.jpg","width":700,"height":400,"caption":"Distrito Salmona es un centro de actividad econ\u00f3mica y creativa para el fortalecimiento del emprendimiento y el empleo basado en la creatividad, turismo, sentido de pertenencia, innovaci\u00f3n, inclusi\u00f3n social"},{"@type":"BreadcrumbList","@id":"https:\/\/www.ucaldas.edu.co\/portal\/presentacion-oficial-de-distrito-salmona-en-el-campus-palogrande\/#breadcrumb","itemListElement":[{"@type":"ListItem","position":1,"name":"Portada","item":"https:\/\/www.ucaldas.edu.co\/portal\/"},{"@type":"ListItem","position":2,"name":"Presentaci\u00f3n oficial de Distrito Salmona en el campus Palogrande"}]},{"@type":"WebSite","@id":"https:\/\/www.ucaldas.edu.co\/portal\/#website","url":"https:\/\/www.ucaldas.edu.co\/portal\/","name":"Universidad de Caldas","description":"","publisher":{"@id":"https:\/\/www.ucaldas.edu.co\/portal\/#organization"},"alternateName":"U. de Caldas","potentialAction":[{"@type":"SearchAction","target":{"@type":"EntryPoint","urlTemplate":"https:\/\/www.ucaldas.edu.co\/portal\/?s={search_term_string}"},"query-input":{"@type":"PropertyValueSpecification","valueRequired":true,"valueName":"search_term_string"}}],"inLanguage":"es"},{"@type":"Organization","@id":"https:\/\/www.ucaldas.edu.co\/portal\/#organization","name":"Universidad de Caldas","alternateName":"U. de Caldas","url":"https:\/\/www.ucaldas.edu.co\/portal\/","logo":{"@type":"ImageObject","inLanguage":"es","@id":"https:\/\/www.ucaldas.edu.co\/portal\/#\/schema\/logo\/image\/","url":"https:\/\/www.ucaldas.edu.co\/portal\/wp-content\/uploads\/2023\/11\/Logo_horizontal_oscuroU-2023.png","contentUrl":"https:\/\/www.ucaldas.edu.co\/portal\/wp-content\/uploads\/2023\/11\/Logo_horizontal_oscuroU-2023.png","width":263,"height":101,"caption":"Universidad de Caldas"},"image":{"@id":"https:\/\/www.ucaldas.edu.co\/portal\/#\/schema\/logo\/image\/"},"sameAs":["https:\/\/www.facebook.com\/udecaldas","https:\/\/x.com\/udecaldas","https:\/\/www.youtube.com\/universidadcaldas","https:\/\/www.instagram.com\/udecaldas\/"]},{"@type":"Person","@id":"https:\/\/www.ucaldas.edu.co\/portal\/#\/schema\/person\/a1b482e23449158b4bc319926c074fdf","name":"ofiprensa","image":{"@type":"ImageObject","inLanguage":"es","@id":"https:\/\/www.ucaldas.edu.co\/portal\/wp-content\/litespeed\/avatar\/09ea5085e600095a7a811142c6944527.jpg?ver=1777497608","url":"https:\/\/www.ucaldas.edu.co\/portal\/wp-content\/litespeed\/avatar\/09ea5085e600095a7a811142c6944527.jpg?ver=1777497608","contentUrl":"https:\/\/www.ucaldas.edu.co\/portal\/wp-content\/litespeed\/avatar\/09ea5085e600095a7a811142c6944527.jpg?ver=1777497608","caption":"ofiprensa"},"url":"https:\/\/www.ucaldas.edu.co\/portal\/author\/ofiprensa\/"}]}},"_links":{"self":[{"href":"https:\/\/www.ucaldas.edu.co\/portal\/wp-json\/wp\/v2\/posts\/73920","targetHints":{"allow":["GET"]}}],"collection":[{"href":"https:\/\/www.ucaldas.edu.co\/portal\/wp-json\/wp\/v2\/posts"}],"about":[{"href":"https:\/\/www.ucaldas.edu.co\/portal\/wp-json\/wp\/v2\/types\/post"}],"author":[{"embeddable":true,"href":"https:\/\/www.ucaldas.edu.co\/portal\/wp-json\/wp\/v2\/users\/2"}],"replies":[{"embeddable":true,"href":"https:\/\/www.ucaldas.edu.co\/portal\/wp-json\/wp\/v2\/comments?post=73920"}],"version-history":[{"count":0,"href":"https:\/\/www.ucaldas.edu.co\/portal\/wp-json\/wp\/v2\/posts\/73920\/revisions"}],"wp:featuredmedia":[{"embeddable":true,"href":"https:\/\/www.ucaldas.edu.co\/portal\/wp-json\/wp\/v2\/media\/73921"}],"wp:attachment":[{"href":"https:\/\/www.ucaldas.edu.co\/portal\/wp-json\/wp\/v2\/media?parent=73920"}],"wp:term":[{"taxonomy":"category","embeddable":true,"href":"https:\/\/www.ucaldas.edu.co\/portal\/wp-json\/wp\/v2\/categories?post=73920"},{"taxonomy":"post_tag","embeddable":true,"href":"https:\/\/www.ucaldas.edu.co\/portal\/wp-json\/wp\/v2\/tags?post=73920"}],"curies":[{"name":"wp","href":"https:\/\/api.w.org\/{rel}","templated":true}]}}