{"id":73899,"date":"2022-11-29T22:47:47","date_gmt":"2022-11-29T22:47:47","guid":{"rendered":"https:\/\/www.ucaldas.edu.co\/portal\/?p=73899"},"modified":"2022-11-29T22:47:47","modified_gmt":"2022-11-29T22:47:47","slug":"docente-universidad-de-caldas-ganadora-de-beca-del-programa-de-liderazgo-cientifico-de-america-latina-y-el-caribe-2022","status":"publish","type":"post","link":"https:\/\/www.ucaldas.edu.co\/portal\/docente-universidad-de-caldas-ganadora-de-beca-del-programa-de-liderazgo-cientifico-de-america-latina-y-el-caribe-2022\/","title":{"rendered":"Docente Universidad de Caldas ganadora de beca del programa de Liderazgo Cient\u00edfico de Am\u00e9rica Latina y el Caribe 2022"},"content":{"rendered":"<p><img loading=\"lazy\" decoding=\"async\" class=\"aligncenter size-full wp-image-73900\" src=\"https:\/\/www.ucaldas.edu.co\/portal\/wp-content\/uploads\/2022\/11\/beca-diana.jpg\" alt=\"docente destacada\" width=\"700\" height=\"400\" srcset=\"https:\/\/www.ucaldas.edu.co\/portal\/wp-content\/uploads\/2022\/11\/beca-diana.jpg 700w, https:\/\/www.ucaldas.edu.co\/portal\/wp-content\/uploads\/2022\/11\/beca-diana-300x171.jpg 300w\" sizes=\"auto, (max-width: 700px) 100vw, 700px\" \/><\/p>\n<p>La docente de la Facultad de Ciencias para la Salud Diana Paola Betancurth Loaiza, gan\u00f3 una beca para participar en el programa de Liderazgo Cient\u00edfico de Am\u00e9rica Latina y el Caribe 2022 de Global Young Academy.<\/p>\n<p><!--more--><\/p>\n<p>Este programa es una iniciativa de desarrollo de capacidades en ciencias b\u00e1sicas y aplicadas de ingenier\u00eda, ciencias sociales, artes y humanidades, con la cual se busca fortalecer las habilidades de liderazgo y empoderar a cient\u00edficos y cient\u00edficas para avanzar la ciencia en la regi\u00f3n.<\/p>\n<p>Seg\u00fan lo explica la docente Betancurth, la beca incluye un trabajo dividido en diferentes sesiones formativas, donde adem\u00e1s los becarios trabajaran en un proyecto colaborativo para desarrollar un resumen de pol\u00edticas sobre los desaf\u00edos que enfrentan los cient\u00edficos, con el fin de impactar los sistemas de ciencia en la regi\u00f3n utilizando redes de cooperaci\u00f3n.<\/p>\n<p>La primera sesi\u00f3n del programa dar\u00e1 inicio en la Universidad Nacional de Colombia sede Leticia, del 1 y 2 de diciembre del presente a\u00f1o.<\/p>\n<p>Este programa es organizado por la Global Young Academy, financiado por la Inter Academy Partnership, y cuenta con el apoyo de la Universidad Nacional de Colombia y UNESCO. Participan adem\u00e1s la Academia Joven Argentina AJA, Asociaci\u00f3n para el avance de las ciencias en M\u00e9xico AMEXAC, Organization for Women in Science for the Developing World OWSD; y cap\u00edtulo Colombia y Ciencia en Panam\u00e1 CEP.<\/p>\n<p><strong>Anexo:<\/strong><\/p>\n<p><a href=\"https:\/\/go.ivoox.com\/rf\/97160057\"><strong>Audio Diana Paola Betancurth Loaiza \u2013 docente Universidad de Caldas.<\/strong><\/a><\/p>\n<p><iframe loading=\"lazy\" src=\"https:\/\/www.ivoox.com\/player_ek_97160057_2_1.html\" width=\"238\" height=\"48\" frameborder=\"0\" scrolling=\"no\" allowfullscreen=\"allowfullscreen\"><\/iframe><\/p>\n<p>&nbsp;<\/p>\n<p><strong>Informes: <\/strong>Oficina de Comunicaciones y Prensa Universidad de Caldas.<\/p>\n<p><strong>Redacci\u00f3n:<\/strong> Mateo Buritic\u00e1 Giraldo<\/p>\n<p>&nbsp;<\/p>\n","protected":false},"excerpt":{"rendered":"<p>La docente de la Facultad de Ciencias para la Salud Diana Paola Betancurth Loaiza, gan\u00f3 una beca para participar en el programa de Liderazgo Cient\u00edfico de Am\u00e9rica Latina y el Caribe 2022 de Global Young Academy.<\/p>\n","protected":false},"author":2,"featured_media":73900,"comment_status":"closed","ping_status":"open","sticky":false,"template":"","format":"standard","meta":{"footnotes":""},"categories":[48,53,614],"tags":[9507,9508,9509],"class_list":["post-73899","post","type-post","status-publish","format-standard","has-post-thumbnail","hentry","category-actualidad","category-universidad-al-dia","category-ucaldas-internacional","tag-beca-investigacion","tag-liderazgo-cinetifico","tag-global-young-academy"],"yoast_head":"<!-- This site is optimized with the Yoast SEO plugin v27.5 - https:\/\/yoast.com\/product\/yoast-seo-wordpress\/ -->\n<title>Docente Universidad de Caldas ganadora de beca del programa de Liderazgo Cient\u00edfico de Am\u00e9rica Latina y el Caribe 2022 .<\/title>\n<meta name=\"robots\" content=\"index, follow, max-snippet:-1, max-image-preview:large, max-video-preview:-1\" \/>\n<link rel=\"canonical\" href=\"https:\/\/www.ucaldas.edu.co\/portal\/docente-universidad-de-caldas-ganadora-de-beca-del-programa-de-liderazgo-cientifico-de-america-latina-y-el-caribe-2022\/\" \/>\n<script type=\"application\/ld+json\" class=\"yoast-schema-graph\">{\"@context\":\"https:\\\/\\\/schema.org\",\"@graph\":[{\"@type\":\"Article\",\"@id\":\"https:\\\/\\\/www.ucaldas.edu.co\\\/portal\\\/docente-universidad-de-caldas-ganadora-de-beca-del-programa-de-liderazgo-cientifico-de-america-latina-y-el-caribe-2022\\\/#article\",\"isPartOf\":{\"@id\":\"https:\\\/\\\/www.ucaldas.edu.co\\\/portal\\\/docente-universidad-de-caldas-ganadora-de-beca-del-programa-de-liderazgo-cientifico-de-america-latina-y-el-caribe-2022\\\/\"},\"author\":{\"name\":\"ofiprensa\",\"@id\":\"https:\\\/\\\/www.ucaldas.edu.co\\\/portal\\\/#\\\/schema\\\/person\\\/a1b482e23449158b4bc319926c074fdf\"},\"headline\":\"Docente Universidad de Caldas ganadora de beca del programa de Liderazgo Cient\u00edfico de Am\u00e9rica Latina y el Caribe 2022\",\"datePublished\":\"2022-11-29T22:47:47+00:00\",\"mainEntityOfPage\":{\"@id\":\"https:\\\/\\\/www.ucaldas.edu.co\\\/portal\\\/docente-universidad-de-caldas-ganadora-de-beca-del-programa-de-liderazgo-cientifico-de-america-latina-y-el-caribe-2022\\\/\"},\"wordCount\":284,\"publisher\":{\"@id\":\"https:\\\/\\\/www.ucaldas.edu.co\\\/portal\\\/#organization\"},\"image\":{\"@id\":\"https:\\\/\\\/www.ucaldas.edu.co\\\/portal\\\/docente-universidad-de-caldas-ganadora-de-beca-del-programa-de-liderazgo-cientifico-de-america-latina-y-el-caribe-2022\\\/#primaryimage\"},\"thumbnailUrl\":\"https:\\\/\\\/www.ucaldas.edu.co\\\/portal\\\/wp-content\\\/uploads\\\/2022\\\/11\\\/beca-diana.jpg\",\"keywords\":[\"beca investigaci\u00f3n\",\"liderazgo cinetifico\",\"global Young academy\"],\"articleSection\":[\"Actualidad\",\"Universidad al D\u00eda\",\"Ucaldas Internacional\"],\"inLanguage\":\"es\"},{\"@type\":\"WebPage\",\"@id\":\"https:\\\/\\\/www.ucaldas.edu.co\\\/portal\\\/docente-universidad-de-caldas-ganadora-de-beca-del-programa-de-liderazgo-cientifico-de-america-latina-y-el-caribe-2022\\\/\",\"url\":\"https:\\\/\\\/www.ucaldas.edu.co\\\/portal\\\/docente-universidad-de-caldas-ganadora-de-beca-del-programa-de-liderazgo-cientifico-de-america-latina-y-el-caribe-2022\\\/\",\"name\":\"Docente Universidad de Caldas ganadora de beca del programa de Liderazgo Cient\u00edfico de Am\u00e9rica Latina y el Caribe 2022 .\",\"isPartOf\":{\"@id\":\"https:\\\/\\\/www.ucaldas.edu.co\\\/portal\\\/#website\"},\"primaryImageOfPage\":{\"@id\":\"https:\\\/\\\/www.ucaldas.edu.co\\\/portal\\\/docente-universidad-de-caldas-ganadora-de-beca-del-programa-de-liderazgo-cientifico-de-america-latina-y-el-caribe-2022\\\/#primaryimage\"},\"image\":{\"@id\":\"https:\\\/\\\/www.ucaldas.edu.co\\\/portal\\\/docente-universidad-de-caldas-ganadora-de-beca-del-programa-de-liderazgo-cientifico-de-america-latina-y-el-caribe-2022\\\/#primaryimage\"},\"thumbnailUrl\":\"https:\\\/\\\/www.ucaldas.edu.co\\\/portal\\\/wp-content\\\/uploads\\\/2022\\\/11\\\/beca-diana.jpg\",\"datePublished\":\"2022-11-29T22:47:47+00:00\",\"breadcrumb\":{\"@id\":\"https:\\\/\\\/www.ucaldas.edu.co\\\/portal\\\/docente-universidad-de-caldas-ganadora-de-beca-del-programa-de-liderazgo-cientifico-de-america-latina-y-el-caribe-2022\\\/#breadcrumb\"},\"inLanguage\":\"es\",\"potentialAction\":[{\"@type\":\"ReadAction\",\"target\":[\"https:\\\/\\\/www.ucaldas.edu.co\\\/portal\\\/docente-universidad-de-caldas-ganadora-de-beca-del-programa-de-liderazgo-cientifico-de-america-latina-y-el-caribe-2022\\\/\"]}]},{\"@type\":\"ImageObject\",\"inLanguage\":\"es\",\"@id\":\"https:\\\/\\\/www.ucaldas.edu.co\\\/portal\\\/docente-universidad-de-caldas-ganadora-de-beca-del-programa-de-liderazgo-cientifico-de-america-latina-y-el-caribe-2022\\\/#primaryimage\",\"url\":\"https:\\\/\\\/www.ucaldas.edu.co\\\/portal\\\/wp-content\\\/uploads\\\/2022\\\/11\\\/beca-diana.jpg\",\"contentUrl\":\"https:\\\/\\\/www.ucaldas.edu.co\\\/portal\\\/wp-content\\\/uploads\\\/2022\\\/11\\\/beca-diana.jpg\",\"width\":700,\"height\":400,\"caption\":\"docente destacada\"},{\"@type\":\"BreadcrumbList\",\"@id\":\"https:\\\/\\\/www.ucaldas.edu.co\\\/portal\\\/docente-universidad-de-caldas-ganadora-de-beca-del-programa-de-liderazgo-cientifico-de-america-latina-y-el-caribe-2022\\\/#breadcrumb\",\"itemListElement\":[{\"@type\":\"ListItem\",\"position\":1,\"name\":\"Portada\",\"item\":\"https:\\\/\\\/www.ucaldas.edu.co\\\/portal\\\/\"},{\"@type\":\"ListItem\",\"position\":2,\"name\":\"Docente Universidad de Caldas ganadora de beca del programa de Liderazgo Cient\u00edfico de Am\u00e9rica Latina y el Caribe 2022\"}]},{\"@type\":\"WebSite\",\"@id\":\"https:\\\/\\\/www.ucaldas.edu.co\\\/portal\\\/#website\",\"url\":\"https:\\\/\\\/www.ucaldas.edu.co\\\/portal\\\/\",\"name\":\"Universidad de Caldas\",\"description\":\"\",\"publisher\":{\"@id\":\"https:\\\/\\\/www.ucaldas.edu.co\\\/portal\\\/#organization\"},\"alternateName\":\"U. de Caldas\",\"potentialAction\":[{\"@type\":\"SearchAction\",\"target\":{\"@type\":\"EntryPoint\",\"urlTemplate\":\"https:\\\/\\\/www.ucaldas.edu.co\\\/portal\\\/?s={search_term_string}\"},\"query-input\":{\"@type\":\"PropertyValueSpecification\",\"valueRequired\":true,\"valueName\":\"search_term_string\"}}],\"inLanguage\":\"es\"},{\"@type\":\"Organization\",\"@id\":\"https:\\\/\\\/www.ucaldas.edu.co\\\/portal\\\/#organization\",\"name\":\"Universidad de Caldas\",\"alternateName\":\"U. de Caldas\",\"url\":\"https:\\\/\\\/www.ucaldas.edu.co\\\/portal\\\/\",\"logo\":{\"@type\":\"ImageObject\",\"inLanguage\":\"es\",\"@id\":\"https:\\\/\\\/www.ucaldas.edu.co\\\/portal\\\/#\\\/schema\\\/logo\\\/image\\\/\",\"url\":\"https:\\\/\\\/www.ucaldas.edu.co\\\/portal\\\/wp-content\\\/uploads\\\/2023\\\/11\\\/Logo_horizontal_oscuroU-2023.png\",\"contentUrl\":\"https:\\\/\\\/www.ucaldas.edu.co\\\/portal\\\/wp-content\\\/uploads\\\/2023\\\/11\\\/Logo_horizontal_oscuroU-2023.png\",\"width\":263,\"height\":101,\"caption\":\"Universidad de Caldas\"},\"image\":{\"@id\":\"https:\\\/\\\/www.ucaldas.edu.co\\\/portal\\\/#\\\/schema\\\/logo\\\/image\\\/\"},\"sameAs\":[\"https:\\\/\\\/www.facebook.com\\\/udecaldas\",\"https:\\\/\\\/x.com\\\/udecaldas\",\"https:\\\/\\\/www.youtube.com\\\/universidadcaldas\",\"https:\\\/\\\/www.instagram.com\\\/udecaldas\\\/\"]},{\"@type\":\"Person\",\"@id\":\"https:\\\/\\\/www.ucaldas.edu.co\\\/portal\\\/#\\\/schema\\\/person\\\/a1b482e23449158b4bc319926c074fdf\",\"name\":\"ofiprensa\",\"image\":{\"@type\":\"ImageObject\",\"inLanguage\":\"es\",\"@id\":\"https:\\\/\\\/www.ucaldas.edu.co\\\/portal\\\/wp-content\\\/litespeed\\\/avatar\\\/09ea5085e600095a7a811142c6944527.jpg?ver=1777497608\",\"url\":\"https:\\\/\\\/www.ucaldas.edu.co\\\/portal\\\/wp-content\\\/litespeed\\\/avatar\\\/09ea5085e600095a7a811142c6944527.jpg?ver=1777497608\",\"contentUrl\":\"https:\\\/\\\/www.ucaldas.edu.co\\\/portal\\\/wp-content\\\/litespeed\\\/avatar\\\/09ea5085e600095a7a811142c6944527.jpg?ver=1777497608\",\"caption\":\"ofiprensa\"},\"url\":\"https:\\\/\\\/www.ucaldas.edu.co\\\/portal\\\/author\\\/ofiprensa\\\/\"}]}<\/script>\n<!-- \/ Yoast SEO plugin. -->","yoast_head_json":{"title":"Docente Universidad de Caldas ganadora de beca del programa de Liderazgo Cient\u00edfico de Am\u00e9rica Latina y el Caribe 2022 .","robots":{"index":"index","follow":"follow","max-snippet":"max-snippet:-1","max-image-preview":"max-image-preview:large","max-video-preview":"max-video-preview:-1"},"canonical":"https:\/\/www.ucaldas.edu.co\/portal\/docente-universidad-de-caldas-ganadora-de-beca-del-programa-de-liderazgo-cientifico-de-america-latina-y-el-caribe-2022\/","schema":{"@context":"https:\/\/schema.org","@graph":[{"@type":"Article","@id":"https:\/\/www.ucaldas.edu.co\/portal\/docente-universidad-de-caldas-ganadora-de-beca-del-programa-de-liderazgo-cientifico-de-america-latina-y-el-caribe-2022\/#article","isPartOf":{"@id":"https:\/\/www.ucaldas.edu.co\/portal\/docente-universidad-de-caldas-ganadora-de-beca-del-programa-de-liderazgo-cientifico-de-america-latina-y-el-caribe-2022\/"},"author":{"name":"ofiprensa","@id":"https:\/\/www.ucaldas.edu.co\/portal\/#\/schema\/person\/a1b482e23449158b4bc319926c074fdf"},"headline":"Docente Universidad de Caldas ganadora de beca del programa de Liderazgo Cient\u00edfico de Am\u00e9rica Latina y el Caribe 2022","datePublished":"2022-11-29T22:47:47+00:00","mainEntityOfPage":{"@id":"https:\/\/www.ucaldas.edu.co\/portal\/docente-universidad-de-caldas-ganadora-de-beca-del-programa-de-liderazgo-cientifico-de-america-latina-y-el-caribe-2022\/"},"wordCount":284,"publisher":{"@id":"https:\/\/www.ucaldas.edu.co\/portal\/#organization"},"image":{"@id":"https:\/\/www.ucaldas.edu.co\/portal\/docente-universidad-de-caldas-ganadora-de-beca-del-programa-de-liderazgo-cientifico-de-america-latina-y-el-caribe-2022\/#primaryimage"},"thumbnailUrl":"https:\/\/www.ucaldas.edu.co\/portal\/wp-content\/uploads\/2022\/11\/beca-diana.jpg","keywords":["beca investigaci\u00f3n","liderazgo cinetifico","global Young academy"],"articleSection":["Actualidad","Universidad al D\u00eda","Ucaldas Internacional"],"inLanguage":"es"},{"@type":"WebPage","@id":"https:\/\/www.ucaldas.edu.co\/portal\/docente-universidad-de-caldas-ganadora-de-beca-del-programa-de-liderazgo-cientifico-de-america-latina-y-el-caribe-2022\/","url":"https:\/\/www.ucaldas.edu.co\/portal\/docente-universidad-de-caldas-ganadora-de-beca-del-programa-de-liderazgo-cientifico-de-america-latina-y-el-caribe-2022\/","name":"Docente Universidad de Caldas ganadora de beca del programa de Liderazgo Cient\u00edfico de Am\u00e9rica Latina y el Caribe 2022 .","isPartOf":{"@id":"https:\/\/www.ucaldas.edu.co\/portal\/#website"},"primaryImageOfPage":{"@id":"https:\/\/www.ucaldas.edu.co\/portal\/docente-universidad-de-caldas-ganadora-de-beca-del-programa-de-liderazgo-cientifico-de-america-latina-y-el-caribe-2022\/#primaryimage"},"image":{"@id":"https:\/\/www.ucaldas.edu.co\/portal\/docente-universidad-de-caldas-ganadora-de-beca-del-programa-de-liderazgo-cientifico-de-america-latina-y-el-caribe-2022\/#primaryimage"},"thumbnailUrl":"https:\/\/www.ucaldas.edu.co\/portal\/wp-content\/uploads\/2022\/11\/beca-diana.jpg","datePublished":"2022-11-29T22:47:47+00:00","breadcrumb":{"@id":"https:\/\/www.ucaldas.edu.co\/portal\/docente-universidad-de-caldas-ganadora-de-beca-del-programa-de-liderazgo-cientifico-de-america-latina-y-el-caribe-2022\/#breadcrumb"},"inLanguage":"es","potentialAction":[{"@type":"ReadAction","target":["https:\/\/www.ucaldas.edu.co\/portal\/docente-universidad-de-caldas-ganadora-de-beca-del-programa-de-liderazgo-cientifico-de-america-latina-y-el-caribe-2022\/"]}]},{"@type":"ImageObject","inLanguage":"es","@id":"https:\/\/www.ucaldas.edu.co\/portal\/docente-universidad-de-caldas-ganadora-de-beca-del-programa-de-liderazgo-cientifico-de-america-latina-y-el-caribe-2022\/#primaryimage","url":"https:\/\/www.ucaldas.edu.co\/portal\/wp-content\/uploads\/2022\/11\/beca-diana.jpg","contentUrl":"https:\/\/www.ucaldas.edu.co\/portal\/wp-content\/uploads\/2022\/11\/beca-diana.jpg","width":700,"height":400,"caption":"docente destacada"},{"@type":"BreadcrumbList","@id":"https:\/\/www.ucaldas.edu.co\/portal\/docente-universidad-de-caldas-ganadora-de-beca-del-programa-de-liderazgo-cientifico-de-america-latina-y-el-caribe-2022\/#breadcrumb","itemListElement":[{"@type":"ListItem","position":1,"name":"Portada","item":"https:\/\/www.ucaldas.edu.co\/portal\/"},{"@type":"ListItem","position":2,"name":"Docente Universidad de Caldas ganadora de beca del programa de Liderazgo Cient\u00edfico de Am\u00e9rica Latina y el Caribe 2022"}]},{"@type":"WebSite","@id":"https:\/\/www.ucaldas.edu.co\/portal\/#website","url":"https:\/\/www.ucaldas.edu.co\/portal\/","name":"Universidad de Caldas","description":"","publisher":{"@id":"https:\/\/www.ucaldas.edu.co\/portal\/#organization"},"alternateName":"U. de Caldas","potentialAction":[{"@type":"SearchAction","target":{"@type":"EntryPoint","urlTemplate":"https:\/\/www.ucaldas.edu.co\/portal\/?s={search_term_string}"},"query-input":{"@type":"PropertyValueSpecification","valueRequired":true,"valueName":"search_term_string"}}],"inLanguage":"es"},{"@type":"Organization","@id":"https:\/\/www.ucaldas.edu.co\/portal\/#organization","name":"Universidad de Caldas","alternateName":"U. de Caldas","url":"https:\/\/www.ucaldas.edu.co\/portal\/","logo":{"@type":"ImageObject","inLanguage":"es","@id":"https:\/\/www.ucaldas.edu.co\/portal\/#\/schema\/logo\/image\/","url":"https:\/\/www.ucaldas.edu.co\/portal\/wp-content\/uploads\/2023\/11\/Logo_horizontal_oscuroU-2023.png","contentUrl":"https:\/\/www.ucaldas.edu.co\/portal\/wp-content\/uploads\/2023\/11\/Logo_horizontal_oscuroU-2023.png","width":263,"height":101,"caption":"Universidad de Caldas"},"image":{"@id":"https:\/\/www.ucaldas.edu.co\/portal\/#\/schema\/logo\/image\/"},"sameAs":["https:\/\/www.facebook.com\/udecaldas","https:\/\/x.com\/udecaldas","https:\/\/www.youtube.com\/universidadcaldas","https:\/\/www.instagram.com\/udecaldas\/"]},{"@type":"Person","@id":"https:\/\/www.ucaldas.edu.co\/portal\/#\/schema\/person\/a1b482e23449158b4bc319926c074fdf","name":"ofiprensa","image":{"@type":"ImageObject","inLanguage":"es","@id":"https:\/\/www.ucaldas.edu.co\/portal\/wp-content\/litespeed\/avatar\/09ea5085e600095a7a811142c6944527.jpg?ver=1777497608","url":"https:\/\/www.ucaldas.edu.co\/portal\/wp-content\/litespeed\/avatar\/09ea5085e600095a7a811142c6944527.jpg?ver=1777497608","contentUrl":"https:\/\/www.ucaldas.edu.co\/portal\/wp-content\/litespeed\/avatar\/09ea5085e600095a7a811142c6944527.jpg?ver=1777497608","caption":"ofiprensa"},"url":"https:\/\/www.ucaldas.edu.co\/portal\/author\/ofiprensa\/"}]}},"_links":{"self":[{"href":"https:\/\/www.ucaldas.edu.co\/portal\/wp-json\/wp\/v2\/posts\/73899","targetHints":{"allow":["GET"]}}],"collection":[{"href":"https:\/\/www.ucaldas.edu.co\/portal\/wp-json\/wp\/v2\/posts"}],"about":[{"href":"https:\/\/www.ucaldas.edu.co\/portal\/wp-json\/wp\/v2\/types\/post"}],"author":[{"embeddable":true,"href":"https:\/\/www.ucaldas.edu.co\/portal\/wp-json\/wp\/v2\/users\/2"}],"replies":[{"embeddable":true,"href":"https:\/\/www.ucaldas.edu.co\/portal\/wp-json\/wp\/v2\/comments?post=73899"}],"version-history":[{"count":0,"href":"https:\/\/www.ucaldas.edu.co\/portal\/wp-json\/wp\/v2\/posts\/73899\/revisions"}],"wp:featuredmedia":[{"embeddable":true,"href":"https:\/\/www.ucaldas.edu.co\/portal\/wp-json\/wp\/v2\/media\/73900"}],"wp:attachment":[{"href":"https:\/\/www.ucaldas.edu.co\/portal\/wp-json\/wp\/v2\/media?parent=73899"}],"wp:term":[{"taxonomy":"category","embeddable":true,"href":"https:\/\/www.ucaldas.edu.co\/portal\/wp-json\/wp\/v2\/categories?post=73899"},{"taxonomy":"post_tag","embeddable":true,"href":"https:\/\/www.ucaldas.edu.co\/portal\/wp-json\/wp\/v2\/tags?post=73899"}],"curies":[{"name":"wp","href":"https:\/\/api.w.org\/{rel}","templated":true}]}}