{"id":73856,"date":"2022-11-25T22:04:46","date_gmt":"2022-11-25T22:04:46","guid":{"rendered":"https:\/\/www.ucaldas.edu.co\/portal\/?p=73856"},"modified":"2022-11-25T22:04:46","modified_gmt":"2022-11-25T22:04:46","slug":"en-2023-inicia-la-catedra-genero-interseccionalidad-y-enfoque-de-derecho","status":"publish","type":"post","link":"https:\/\/www.ucaldas.edu.co\/portal\/en-2023-inicia-la-catedra-genero-interseccionalidad-y-enfoque-de-derecho\/","title":{"rendered":"En 2023 inicia la C\u00e1tedra G\u00e9nero, interseccionalidad y enfoque de derecho"},"content":{"rendered":"<p><img loading=\"lazy\" decoding=\"async\" class=\"aligncenter size-full wp-image-73857\" src=\"https:\/\/www.ucaldas.edu.co\/portal\/wp-content\/uploads\/2022\/11\/Diseno-sin-titulo-2-1.jpg\" alt=\"C\u00e1tedra de G\u00e9nero 2023\" width=\"700\" height=\"400\" srcset=\"https:\/\/www.ucaldas.edu.co\/portal\/wp-content\/uploads\/2022\/11\/Diseno-sin-titulo-2-1.jpg 700w, https:\/\/www.ucaldas.edu.co\/portal\/wp-content\/uploads\/2022\/11\/Diseno-sin-titulo-2-1-300x171.jpg 300w\" sizes=\"auto, (max-width: 700px) 100vw, 700px\" \/><\/p>\n<p>&nbsp;<\/p>\n<p>La Facultad de Ciencias Jur\u00eddicas y Sociales de la Universidad de Caldas implementar\u00e1 para el semestre 2023 \u2013 1 la nueva C\u00e1tedra denominada: \u201cG\u00e9nero, interseccionalidad y enfoque de derecho\u201d, un nuevo componente acad\u00e9mico contextualizado en la promoci\u00f3n de la equidad y no discriminaci\u00f3n de g\u00e9nero.<\/p>\n<p><!--more--><\/p>\n<p>La c\u00e1tedra es una iniciativa que nace desde la Facultad de Ciencias Jur\u00eddicas y Sociales y su comit\u00e9 de g\u00e9nero y cuenta con el respaldo del Consejo Acad\u00e9mico, la Mesa de di\u00e1logo \u00a0Violenta y dem\u00e1s organizaciones y movimientos de la instituci\u00f3n que trabajan en torno a la igualdad de g\u00e9nero.<\/p>\n<p>Seg\u00fan lo explica el decano de la Facultad Gabriel Gallego Montes, la C\u00e1tedra responde al acuerdo 35 de 2022 del Consejo Superior con el que se busca la eliminaci\u00f3n de la discriminaci\u00f3n y la equidad de g\u00e9nero entre toda la comunidad universitaria.<\/p>\n<p>Este nuevo componente acad\u00e9mico es una de las diferentes acciones que est\u00e1 implementando la Universidad de Caldas, y abordar\u00e1 tem\u00e1ticas como la conceptualizaci\u00f3n de g\u00e9nero, la aplicaci\u00f3n de la perspectiva y el enfoque de interseccionalidad con la inclusi\u00f3n de las sexualidades, y la formulaci\u00f3n de problemas sociojur\u00eddicos desde la perspectiva de g\u00e9nero y sexualidades.<\/p>\n<p>La c\u00e1tedra dar\u00e1 inicio en el primer semestre de 2023 como una prueba piloto, la cual ser\u00e1 evaluada desde la pol\u00edtica curricular de la Universidad, para buscar implementarla en las dem\u00e1s facultades.<\/p>\n<p>&nbsp;<\/p>\n<p><strong>Anexo:<br \/>\n<\/strong><strong><a href=\"https:\/\/go.ivoox.com\/rf\/97000824\">Audio Gabriel Gallego Montes \u2013 decano Facultad de Ciencias Jur\u00eddicas y Sociales.<\/a><br \/>\n<iframe loading=\"lazy\" src=\"https:\/\/www.ivoox.com\/player_ek_97000824_2_1.html\" width=\"238\" height=\"48\" frameborder=\"0\" scrolling=\"no\" allowfullscreen=\"allowfullscreen\"><\/iframe> \u00a0<\/strong><\/p>\n<p>&nbsp;<\/p>\n<p>&nbsp;<\/p>\n<p><strong>Informes: <\/strong>Oficina de Comunicaciones y Prensa Universidad de Caldas.<br \/>\n<strong>Redacci\u00f3n:<\/strong> Mateo Buritic\u00e1 Giraldo<\/p>\n<p>&nbsp;<\/p>\n","protected":false},"excerpt":{"rendered":"<p>&nbsp; La Facultad de Ciencias Jur\u00eddicas y Sociales de la Universidad de Caldas implementar\u00e1 para el semestre 2023 \u2013 1 la nueva C\u00e1tedra denominada: \u201cG\u00e9nero, interseccionalidad y enfoque de derecho\u201d, un nuevo componente acad\u00e9mico contextualizado en la promoci\u00f3n de la equidad y no discriminaci\u00f3n de g\u00e9nero.<\/p>\n","protected":false},"author":2,"featured_media":73857,"comment_status":"closed","ping_status":"open","sticky":false,"template":"","format":"standard","meta":{"footnotes":""},"categories":[48,53,9323],"tags":[9491,9492,9493],"class_list":["post-73856","post","type-post","status-publish","format-standard","has-post-thumbnail","hentry","category-actualidad","category-universidad-al-dia","category-genero","tag-catedra-genero","tag-dia-no-violencia-de-genero","tag-mesa-violeta"],"yoast_head":"<!-- This site is optimized with the Yoast SEO plugin v27.5 - https:\/\/yoast.com\/product\/yoast-seo-wordpress\/ -->\n<title>En 2023 inicia la C\u00e1tedra G\u00e9nero, interseccionalidad y enfoque de derecho .<\/title>\n<meta name=\"robots\" content=\"index, follow, max-snippet:-1, max-image-preview:large, max-video-preview:-1\" \/>\n<link rel=\"canonical\" href=\"https:\/\/www.ucaldas.edu.co\/portal\/en-2023-inicia-la-catedra-genero-interseccionalidad-y-enfoque-de-derecho\/\" \/>\n<script type=\"application\/ld+json\" class=\"yoast-schema-graph\">{\"@context\":\"https:\\\/\\\/schema.org\",\"@graph\":[{\"@type\":\"Article\",\"@id\":\"https:\\\/\\\/www.ucaldas.edu.co\\\/portal\\\/en-2023-inicia-la-catedra-genero-interseccionalidad-y-enfoque-de-derecho\\\/#article\",\"isPartOf\":{\"@id\":\"https:\\\/\\\/www.ucaldas.edu.co\\\/portal\\\/en-2023-inicia-la-catedra-genero-interseccionalidad-y-enfoque-de-derecho\\\/\"},\"author\":{\"name\":\"ofiprensa\",\"@id\":\"https:\\\/\\\/www.ucaldas.edu.co\\\/portal\\\/#\\\/schema\\\/person\\\/a1b482e23449158b4bc319926c074fdf\"},\"headline\":\"En 2023 inicia la C\u00e1tedra G\u00e9nero, interseccionalidad y enfoque de derecho\",\"datePublished\":\"2022-11-25T22:04:46+00:00\",\"mainEntityOfPage\":{\"@id\":\"https:\\\/\\\/www.ucaldas.edu.co\\\/portal\\\/en-2023-inicia-la-catedra-genero-interseccionalidad-y-enfoque-de-derecho\\\/\"},\"wordCount\":293,\"publisher\":{\"@id\":\"https:\\\/\\\/www.ucaldas.edu.co\\\/portal\\\/#organization\"},\"image\":{\"@id\":\"https:\\\/\\\/www.ucaldas.edu.co\\\/portal\\\/en-2023-inicia-la-catedra-genero-interseccionalidad-y-enfoque-de-derecho\\\/#primaryimage\"},\"thumbnailUrl\":\"https:\\\/\\\/www.ucaldas.edu.co\\\/portal\\\/wp-content\\\/uploads\\\/2022\\\/11\\\/Diseno-sin-titulo-2-1.jpg\",\"keywords\":[\"c\u00e1tedra g\u00e9nero\",\"d\u00eda no violencia de g\u00e9nero\",\"mesa violeta\"],\"articleSection\":[\"Actualidad\",\"Universidad al D\u00eda\",\"G\u00e9nero\"],\"inLanguage\":\"es\"},{\"@type\":\"WebPage\",\"@id\":\"https:\\\/\\\/www.ucaldas.edu.co\\\/portal\\\/en-2023-inicia-la-catedra-genero-interseccionalidad-y-enfoque-de-derecho\\\/\",\"url\":\"https:\\\/\\\/www.ucaldas.edu.co\\\/portal\\\/en-2023-inicia-la-catedra-genero-interseccionalidad-y-enfoque-de-derecho\\\/\",\"name\":\"En 2023 inicia la C\u00e1tedra G\u00e9nero, interseccionalidad y enfoque de derecho .\",\"isPartOf\":{\"@id\":\"https:\\\/\\\/www.ucaldas.edu.co\\\/portal\\\/#website\"},\"primaryImageOfPage\":{\"@id\":\"https:\\\/\\\/www.ucaldas.edu.co\\\/portal\\\/en-2023-inicia-la-catedra-genero-interseccionalidad-y-enfoque-de-derecho\\\/#primaryimage\"},\"image\":{\"@id\":\"https:\\\/\\\/www.ucaldas.edu.co\\\/portal\\\/en-2023-inicia-la-catedra-genero-interseccionalidad-y-enfoque-de-derecho\\\/#primaryimage\"},\"thumbnailUrl\":\"https:\\\/\\\/www.ucaldas.edu.co\\\/portal\\\/wp-content\\\/uploads\\\/2022\\\/11\\\/Diseno-sin-titulo-2-1.jpg\",\"datePublished\":\"2022-11-25T22:04:46+00:00\",\"breadcrumb\":{\"@id\":\"https:\\\/\\\/www.ucaldas.edu.co\\\/portal\\\/en-2023-inicia-la-catedra-genero-interseccionalidad-y-enfoque-de-derecho\\\/#breadcrumb\"},\"inLanguage\":\"es\",\"potentialAction\":[{\"@type\":\"ReadAction\",\"target\":[\"https:\\\/\\\/www.ucaldas.edu.co\\\/portal\\\/en-2023-inicia-la-catedra-genero-interseccionalidad-y-enfoque-de-derecho\\\/\"]}]},{\"@type\":\"ImageObject\",\"inLanguage\":\"es\",\"@id\":\"https:\\\/\\\/www.ucaldas.edu.co\\\/portal\\\/en-2023-inicia-la-catedra-genero-interseccionalidad-y-enfoque-de-derecho\\\/#primaryimage\",\"url\":\"https:\\\/\\\/www.ucaldas.edu.co\\\/portal\\\/wp-content\\\/uploads\\\/2022\\\/11\\\/Diseno-sin-titulo-2-1.jpg\",\"contentUrl\":\"https:\\\/\\\/www.ucaldas.edu.co\\\/portal\\\/wp-content\\\/uploads\\\/2022\\\/11\\\/Diseno-sin-titulo-2-1.jpg\",\"width\":700,\"height\":400,\"caption\":\"C\u00e1tedra de G\u00e9nero 2023\"},{\"@type\":\"BreadcrumbList\",\"@id\":\"https:\\\/\\\/www.ucaldas.edu.co\\\/portal\\\/en-2023-inicia-la-catedra-genero-interseccionalidad-y-enfoque-de-derecho\\\/#breadcrumb\",\"itemListElement\":[{\"@type\":\"ListItem\",\"position\":1,\"name\":\"Portada\",\"item\":\"https:\\\/\\\/www.ucaldas.edu.co\\\/portal\\\/\"},{\"@type\":\"ListItem\",\"position\":2,\"name\":\"En 2023 inicia la C\u00e1tedra G\u00e9nero, interseccionalidad y enfoque de derecho\"}]},{\"@type\":\"WebSite\",\"@id\":\"https:\\\/\\\/www.ucaldas.edu.co\\\/portal\\\/#website\",\"url\":\"https:\\\/\\\/www.ucaldas.edu.co\\\/portal\\\/\",\"name\":\"Universidad de Caldas\",\"description\":\"\",\"publisher\":{\"@id\":\"https:\\\/\\\/www.ucaldas.edu.co\\\/portal\\\/#organization\"},\"alternateName\":\"U. de Caldas\",\"potentialAction\":[{\"@type\":\"SearchAction\",\"target\":{\"@type\":\"EntryPoint\",\"urlTemplate\":\"https:\\\/\\\/www.ucaldas.edu.co\\\/portal\\\/?s={search_term_string}\"},\"query-input\":{\"@type\":\"PropertyValueSpecification\",\"valueRequired\":true,\"valueName\":\"search_term_string\"}}],\"inLanguage\":\"es\"},{\"@type\":\"Organization\",\"@id\":\"https:\\\/\\\/www.ucaldas.edu.co\\\/portal\\\/#organization\",\"name\":\"Universidad de Caldas\",\"alternateName\":\"U. de Caldas\",\"url\":\"https:\\\/\\\/www.ucaldas.edu.co\\\/portal\\\/\",\"logo\":{\"@type\":\"ImageObject\",\"inLanguage\":\"es\",\"@id\":\"https:\\\/\\\/www.ucaldas.edu.co\\\/portal\\\/#\\\/schema\\\/logo\\\/image\\\/\",\"url\":\"https:\\\/\\\/www.ucaldas.edu.co\\\/portal\\\/wp-content\\\/uploads\\\/2023\\\/11\\\/Logo_horizontal_oscuroU-2023.png\",\"contentUrl\":\"https:\\\/\\\/www.ucaldas.edu.co\\\/portal\\\/wp-content\\\/uploads\\\/2023\\\/11\\\/Logo_horizontal_oscuroU-2023.png\",\"width\":263,\"height\":101,\"caption\":\"Universidad de Caldas\"},\"image\":{\"@id\":\"https:\\\/\\\/www.ucaldas.edu.co\\\/portal\\\/#\\\/schema\\\/logo\\\/image\\\/\"},\"sameAs\":[\"https:\\\/\\\/www.facebook.com\\\/udecaldas\",\"https:\\\/\\\/x.com\\\/udecaldas\",\"https:\\\/\\\/www.youtube.com\\\/universidadcaldas\",\"https:\\\/\\\/www.instagram.com\\\/udecaldas\\\/\"]},{\"@type\":\"Person\",\"@id\":\"https:\\\/\\\/www.ucaldas.edu.co\\\/portal\\\/#\\\/schema\\\/person\\\/a1b482e23449158b4bc319926c074fdf\",\"name\":\"ofiprensa\",\"image\":{\"@type\":\"ImageObject\",\"inLanguage\":\"es\",\"@id\":\"https:\\\/\\\/www.ucaldas.edu.co\\\/portal\\\/wp-content\\\/litespeed\\\/avatar\\\/09ea5085e600095a7a811142c6944527.jpg?ver=1777497608\",\"url\":\"https:\\\/\\\/www.ucaldas.edu.co\\\/portal\\\/wp-content\\\/litespeed\\\/avatar\\\/09ea5085e600095a7a811142c6944527.jpg?ver=1777497608\",\"contentUrl\":\"https:\\\/\\\/www.ucaldas.edu.co\\\/portal\\\/wp-content\\\/litespeed\\\/avatar\\\/09ea5085e600095a7a811142c6944527.jpg?ver=1777497608\",\"caption\":\"ofiprensa\"},\"url\":\"https:\\\/\\\/www.ucaldas.edu.co\\\/portal\\\/author\\\/ofiprensa\\\/\"}]}<\/script>\n<!-- \/ Yoast SEO plugin. -->","yoast_head_json":{"title":"En 2023 inicia la C\u00e1tedra G\u00e9nero, interseccionalidad y enfoque de derecho .","robots":{"index":"index","follow":"follow","max-snippet":"max-snippet:-1","max-image-preview":"max-image-preview:large","max-video-preview":"max-video-preview:-1"},"canonical":"https:\/\/www.ucaldas.edu.co\/portal\/en-2023-inicia-la-catedra-genero-interseccionalidad-y-enfoque-de-derecho\/","schema":{"@context":"https:\/\/schema.org","@graph":[{"@type":"Article","@id":"https:\/\/www.ucaldas.edu.co\/portal\/en-2023-inicia-la-catedra-genero-interseccionalidad-y-enfoque-de-derecho\/#article","isPartOf":{"@id":"https:\/\/www.ucaldas.edu.co\/portal\/en-2023-inicia-la-catedra-genero-interseccionalidad-y-enfoque-de-derecho\/"},"author":{"name":"ofiprensa","@id":"https:\/\/www.ucaldas.edu.co\/portal\/#\/schema\/person\/a1b482e23449158b4bc319926c074fdf"},"headline":"En 2023 inicia la C\u00e1tedra G\u00e9nero, interseccionalidad y enfoque de derecho","datePublished":"2022-11-25T22:04:46+00:00","mainEntityOfPage":{"@id":"https:\/\/www.ucaldas.edu.co\/portal\/en-2023-inicia-la-catedra-genero-interseccionalidad-y-enfoque-de-derecho\/"},"wordCount":293,"publisher":{"@id":"https:\/\/www.ucaldas.edu.co\/portal\/#organization"},"image":{"@id":"https:\/\/www.ucaldas.edu.co\/portal\/en-2023-inicia-la-catedra-genero-interseccionalidad-y-enfoque-de-derecho\/#primaryimage"},"thumbnailUrl":"https:\/\/www.ucaldas.edu.co\/portal\/wp-content\/uploads\/2022\/11\/Diseno-sin-titulo-2-1.jpg","keywords":["c\u00e1tedra g\u00e9nero","d\u00eda no violencia de g\u00e9nero","mesa violeta"],"articleSection":["Actualidad","Universidad al D\u00eda","G\u00e9nero"],"inLanguage":"es"},{"@type":"WebPage","@id":"https:\/\/www.ucaldas.edu.co\/portal\/en-2023-inicia-la-catedra-genero-interseccionalidad-y-enfoque-de-derecho\/","url":"https:\/\/www.ucaldas.edu.co\/portal\/en-2023-inicia-la-catedra-genero-interseccionalidad-y-enfoque-de-derecho\/","name":"En 2023 inicia la C\u00e1tedra G\u00e9nero, interseccionalidad y enfoque de derecho .","isPartOf":{"@id":"https:\/\/www.ucaldas.edu.co\/portal\/#website"},"primaryImageOfPage":{"@id":"https:\/\/www.ucaldas.edu.co\/portal\/en-2023-inicia-la-catedra-genero-interseccionalidad-y-enfoque-de-derecho\/#primaryimage"},"image":{"@id":"https:\/\/www.ucaldas.edu.co\/portal\/en-2023-inicia-la-catedra-genero-interseccionalidad-y-enfoque-de-derecho\/#primaryimage"},"thumbnailUrl":"https:\/\/www.ucaldas.edu.co\/portal\/wp-content\/uploads\/2022\/11\/Diseno-sin-titulo-2-1.jpg","datePublished":"2022-11-25T22:04:46+00:00","breadcrumb":{"@id":"https:\/\/www.ucaldas.edu.co\/portal\/en-2023-inicia-la-catedra-genero-interseccionalidad-y-enfoque-de-derecho\/#breadcrumb"},"inLanguage":"es","potentialAction":[{"@type":"ReadAction","target":["https:\/\/www.ucaldas.edu.co\/portal\/en-2023-inicia-la-catedra-genero-interseccionalidad-y-enfoque-de-derecho\/"]}]},{"@type":"ImageObject","inLanguage":"es","@id":"https:\/\/www.ucaldas.edu.co\/portal\/en-2023-inicia-la-catedra-genero-interseccionalidad-y-enfoque-de-derecho\/#primaryimage","url":"https:\/\/www.ucaldas.edu.co\/portal\/wp-content\/uploads\/2022\/11\/Diseno-sin-titulo-2-1.jpg","contentUrl":"https:\/\/www.ucaldas.edu.co\/portal\/wp-content\/uploads\/2022\/11\/Diseno-sin-titulo-2-1.jpg","width":700,"height":400,"caption":"C\u00e1tedra de G\u00e9nero 2023"},{"@type":"BreadcrumbList","@id":"https:\/\/www.ucaldas.edu.co\/portal\/en-2023-inicia-la-catedra-genero-interseccionalidad-y-enfoque-de-derecho\/#breadcrumb","itemListElement":[{"@type":"ListItem","position":1,"name":"Portada","item":"https:\/\/www.ucaldas.edu.co\/portal\/"},{"@type":"ListItem","position":2,"name":"En 2023 inicia la C\u00e1tedra G\u00e9nero, interseccionalidad y enfoque de derecho"}]},{"@type":"WebSite","@id":"https:\/\/www.ucaldas.edu.co\/portal\/#website","url":"https:\/\/www.ucaldas.edu.co\/portal\/","name":"Universidad de Caldas","description":"","publisher":{"@id":"https:\/\/www.ucaldas.edu.co\/portal\/#organization"},"alternateName":"U. de Caldas","potentialAction":[{"@type":"SearchAction","target":{"@type":"EntryPoint","urlTemplate":"https:\/\/www.ucaldas.edu.co\/portal\/?s={search_term_string}"},"query-input":{"@type":"PropertyValueSpecification","valueRequired":true,"valueName":"search_term_string"}}],"inLanguage":"es"},{"@type":"Organization","@id":"https:\/\/www.ucaldas.edu.co\/portal\/#organization","name":"Universidad de Caldas","alternateName":"U. de Caldas","url":"https:\/\/www.ucaldas.edu.co\/portal\/","logo":{"@type":"ImageObject","inLanguage":"es","@id":"https:\/\/www.ucaldas.edu.co\/portal\/#\/schema\/logo\/image\/","url":"https:\/\/www.ucaldas.edu.co\/portal\/wp-content\/uploads\/2023\/11\/Logo_horizontal_oscuroU-2023.png","contentUrl":"https:\/\/www.ucaldas.edu.co\/portal\/wp-content\/uploads\/2023\/11\/Logo_horizontal_oscuroU-2023.png","width":263,"height":101,"caption":"Universidad de Caldas"},"image":{"@id":"https:\/\/www.ucaldas.edu.co\/portal\/#\/schema\/logo\/image\/"},"sameAs":["https:\/\/www.facebook.com\/udecaldas","https:\/\/x.com\/udecaldas","https:\/\/www.youtube.com\/universidadcaldas","https:\/\/www.instagram.com\/udecaldas\/"]},{"@type":"Person","@id":"https:\/\/www.ucaldas.edu.co\/portal\/#\/schema\/person\/a1b482e23449158b4bc319926c074fdf","name":"ofiprensa","image":{"@type":"ImageObject","inLanguage":"es","@id":"https:\/\/www.ucaldas.edu.co\/portal\/wp-content\/litespeed\/avatar\/09ea5085e600095a7a811142c6944527.jpg?ver=1777497608","url":"https:\/\/www.ucaldas.edu.co\/portal\/wp-content\/litespeed\/avatar\/09ea5085e600095a7a811142c6944527.jpg?ver=1777497608","contentUrl":"https:\/\/www.ucaldas.edu.co\/portal\/wp-content\/litespeed\/avatar\/09ea5085e600095a7a811142c6944527.jpg?ver=1777497608","caption":"ofiprensa"},"url":"https:\/\/www.ucaldas.edu.co\/portal\/author\/ofiprensa\/"}]}},"_links":{"self":[{"href":"https:\/\/www.ucaldas.edu.co\/portal\/wp-json\/wp\/v2\/posts\/73856","targetHints":{"allow":["GET"]}}],"collection":[{"href":"https:\/\/www.ucaldas.edu.co\/portal\/wp-json\/wp\/v2\/posts"}],"about":[{"href":"https:\/\/www.ucaldas.edu.co\/portal\/wp-json\/wp\/v2\/types\/post"}],"author":[{"embeddable":true,"href":"https:\/\/www.ucaldas.edu.co\/portal\/wp-json\/wp\/v2\/users\/2"}],"replies":[{"embeddable":true,"href":"https:\/\/www.ucaldas.edu.co\/portal\/wp-json\/wp\/v2\/comments?post=73856"}],"version-history":[{"count":0,"href":"https:\/\/www.ucaldas.edu.co\/portal\/wp-json\/wp\/v2\/posts\/73856\/revisions"}],"wp:featuredmedia":[{"embeddable":true,"href":"https:\/\/www.ucaldas.edu.co\/portal\/wp-json\/wp\/v2\/media\/73857"}],"wp:attachment":[{"href":"https:\/\/www.ucaldas.edu.co\/portal\/wp-json\/wp\/v2\/media?parent=73856"}],"wp:term":[{"taxonomy":"category","embeddable":true,"href":"https:\/\/www.ucaldas.edu.co\/portal\/wp-json\/wp\/v2\/categories?post=73856"},{"taxonomy":"post_tag","embeddable":true,"href":"https:\/\/www.ucaldas.edu.co\/portal\/wp-json\/wp\/v2\/tags?post=73856"}],"curies":[{"name":"wp","href":"https:\/\/api.w.org\/{rel}","templated":true}]}}