{"id":73828,"date":"2022-11-24T22:22:52","date_gmt":"2022-11-24T22:22:52","guid":{"rendered":"https:\/\/www.ucaldas.edu.co\/portal\/?p=73828"},"modified":"2022-11-24T22:22:52","modified_gmt":"2022-11-24T22:22:52","slug":"ordenes-judiciales-proferidas-por-la-jep-en-la-audiencia-publica-territorial-en-el-municipio-de-marsella-risaralda","status":"publish","type":"post","link":"https:\/\/www.ucaldas.edu.co\/portal\/ordenes-judiciales-proferidas-por-la-jep-en-la-audiencia-publica-territorial-en-el-municipio-de-marsella-risaralda\/","title":{"rendered":"\u00d3rdenes judiciales proferidas por la JEP en la audiencia p\u00fablica territorial   en el municipio de Marsella (Risaralda)"},"content":{"rendered":"<p><img loading=\"lazy\" decoding=\"async\" class=\"aligncenter size-full wp-image-73829\" src=\"https:\/\/www.ucaldas.edu.co\/portal\/wp-content\/uploads\/2022\/11\/cedat-1.jpg\" alt=\"audiencia p\u00fablica jep\" width=\"700\" height=\"400\" srcset=\"https:\/\/www.ucaldas.edu.co\/portal\/wp-content\/uploads\/2022\/11\/cedat-1.jpg 700w, https:\/\/www.ucaldas.edu.co\/portal\/wp-content\/uploads\/2022\/11\/cedat-1-300x171.jpg 300w\" sizes=\"auto, (max-width: 700px) 100vw, 700px\" \/><\/p>\n<p>El 17 y 18 de noviembre el Centro de estudios sobre conflicto, violencia y convivencia social CEDAT particip\u00f3 en la audiencia p\u00fablica territorial de la Jurisdicci\u00f3n Especial para la Paz que tuvo como objetivo hacer seguimiento a medidas cautelares lideradas por la JEP para proteger sitios de disposici\u00f3n de cuerpos de personas no identificadas que podr\u00edan corresponder a cuerpos de personas desaparecidas en el contexto del conflicto armado colombiano.<\/p>\n<p><!--more--><\/p>\n<p>La directora del CEDAT Carolina L\u00f3pez Giraldo explica que esta audiencia se presenta dado el reciente planteamiento de la Comisi\u00f3n de Esclarecimiento de la Verdad, el cual establece que son cerca de 4 mil 800 v\u00edctimas de Caldas, Risaralda y Quind\u00edo desaparecidas en el conflicto armado que pudieran encontrarse en los cementerios de estas regiones.<\/p>\n<p>L\u00f3pez Giraldo agrega que esta alta cifra lleva a lleva a la necesidad de reconocer la importancia de los procesos de b\u00fasqueda de personas desaparecidas y la realizaci\u00f3n de este tipo de audiencias que se constituyen acciones y estrategias de incidencia social y pol\u00edtica para visibilizar la desaparici\u00f3n en los territorios.<\/p>\n<p>Durante la audiencia, los magistrados participantes profirieron las siguientes \u00f3rdenes judiciales:<\/p>\n<p>&nbsp;<\/p>\n<ul>\n<li>Prorrogar medidas cautelares de protecci\u00f3n de sitios de personas no identificadas en los 11 cementerios de Quind\u00edo y 13 de Risaralda por 6 meses adicionales.<\/li>\n<li>Vincular al departamento de Valle del Cauca y a las alcald\u00edas de los municipios de El Dovio, Bol\u00edvar, Cartago, Riofr\u00edo y Trujillo a los procesos de personas desaparecidas, dado que en los cementerios podr\u00edan hallarse personas de oriundas de estas zonas.<\/li>\n<li>Se ordena la prospecci\u00f3n y exhumaci\u00f3n en los cementerios Jes\u00fas Mar\u00eda Estrada del municipio de Marsella y el Carmelo de Salento, por medio del dise\u00f1o de una metodolog\u00eda de recuperaci\u00f3n de cuerpos.<\/li>\n<li>Se ordena al Instituto de Medicina Legal reiterar una orden dada el 10 de noviembre de 2022, en la cual promulga que en un lapso de 60 d\u00edas se entregue un plan estrat\u00e9gico e integral para dar celeridad a la localizaci\u00f3n, protecci\u00f3n, custodia e identificaci\u00f3n de cuerpos que est\u00e1n siendo recuperados en diferentes regiones del pa\u00eds.<\/li>\n<li>Se ordena a las gobernaciones de Caldas, Risaralda, Quind\u00edo y Valle del Cauca, en un lapso de 30 d\u00edas, formular planes integrales de atenci\u00f3n a v\u00edctimas de desaparici\u00f3n fundamentados en el derecho de las v\u00edctimas a la memoria y la verdad en el fen\u00f3meno de la desaparici\u00f3n de personas.<\/li>\n<\/ul>\n<p>&nbsp;<\/p>\n<p>Finalmente, L\u00f3pez manifiesta que el desarrollo de este tipo de audiencias es un avance significativo en el esclarecimiento de la verdad, y hace un llamado a las diferentes entidades vinculadas en este tr\u00e1mite a continuar implementando acciones que permitan una reparaci\u00f3n completa a las v\u00edctimas del conflicto armado en el pa\u00eds.<\/p>\n<p><a href=\"https:\/\/www.ucaldas.edu.co\/portal\/wp-content\/uploads\/2022\/11\/AUTO-SAR-AI-073-2022-17-nov-22.pdf\"><strong>Conozca aqu\u00ed el documento con las \u00f3rdenes promulgadas por la JEP.<\/strong><\/a><\/p>\n<p><strong>Anexo:<\/strong><\/p>\n<p><a href=\"https:\/\/go.ivoox.com\/rf\/96893096\"><strong>Audio Carolina L\u00f3pez Giraldo \u2013 directora CEDAT.<\/strong><\/a><\/p>\n<p><iframe loading=\"lazy\" src=\"https:\/\/www.ivoox.com\/player_ek_96893096_2_1.html\" width=\"238\" height=\"48\" frameborder=\"0\" scrolling=\"no\" allowfullscreen=\"allowfullscreen\"><\/iframe><\/p>\n<p>&nbsp;<\/p>\n<p><strong>Informes: <\/strong>Oficina de Comunicaciones y Prensa Universidad de Caldas.<\/p>\n<p><strong>Redacci\u00f3n:<\/strong> Mateo Buritic\u00e1 Giraldo<\/p>\n<p>&nbsp;<\/p>\n<p>&nbsp;<\/p>\n","protected":false},"excerpt":{"rendered":"<p>El 17 y 18 de noviembre el Centro de estudios sobre conflicto, violencia y convivencia social CEDAT particip\u00f3 en la audiencia p\u00fablica territorial de la Jurisdicci\u00f3n Especial para la Paz que tuvo como objetivo hacer seguimiento a medidas cautelares lideradas por la JEP para proteger sitios de disposici\u00f3n de cuerpos de personas no identificadas que [&hellip;]<\/p>\n","protected":false},"author":2,"featured_media":73829,"comment_status":"closed","ping_status":"open","sticky":false,"template":"","format":"standard","meta":{"footnotes":""},"categories":[48,53,600],"tags":[2086,8134,9483],"class_list":["post-73828","post","type-post","status-publish","format-standard","has-post-thumbnail","hentry","category-actualidad","category-universidad-al-dia","category-ucaldas-regional","tag-reparacion-de-victimas","tag-la-jep","tag-personas-desaparecidas"],"yoast_head":"<!-- This site is optimized with the Yoast SEO plugin v27.4 - https:\/\/yoast.com\/product\/yoast-seo-wordpress\/ -->\n<title>\u00d3rdenes judiciales proferidas por la JEP en la audiencia p\u00fablica territorial  en el municipio de Marsella (Risaralda) .<\/title>\n<meta name=\"robots\" content=\"index, follow, max-snippet:-1, max-image-preview:large, max-video-preview:-1\" \/>\n<link rel=\"canonical\" href=\"https:\/\/www.ucaldas.edu.co\/portal\/ordenes-judiciales-proferidas-por-la-jep-en-la-audiencia-publica-territorial-en-el-municipio-de-marsella-risaralda\/\" \/>\n<script type=\"application\/ld+json\" class=\"yoast-schema-graph\">{\"@context\":\"https:\\\/\\\/schema.org\",\"@graph\":[{\"@type\":\"Article\",\"@id\":\"https:\\\/\\\/www.ucaldas.edu.co\\\/portal\\\/ordenes-judiciales-proferidas-por-la-jep-en-la-audiencia-publica-territorial-en-el-municipio-de-marsella-risaralda\\\/#article\",\"isPartOf\":{\"@id\":\"https:\\\/\\\/www.ucaldas.edu.co\\\/portal\\\/ordenes-judiciales-proferidas-por-la-jep-en-la-audiencia-publica-territorial-en-el-municipio-de-marsella-risaralda\\\/\"},\"author\":{\"name\":\"ofiprensa\",\"@id\":\"https:\\\/\\\/www.ucaldas.edu.co\\\/portal\\\/#\\\/schema\\\/person\\\/a1b482e23449158b4bc319926c074fdf\"},\"headline\":\"\u00d3rdenes judiciales proferidas por la JEP en la audiencia p\u00fablica territorial en el municipio de Marsella (Risaralda)\",\"datePublished\":\"2022-11-24T22:22:52+00:00\",\"mainEntityOfPage\":{\"@id\":\"https:\\\/\\\/www.ucaldas.edu.co\\\/portal\\\/ordenes-judiciales-proferidas-por-la-jep-en-la-audiencia-publica-territorial-en-el-municipio-de-marsella-risaralda\\\/\"},\"wordCount\":531,\"publisher\":{\"@id\":\"https:\\\/\\\/www.ucaldas.edu.co\\\/portal\\\/#organization\"},\"image\":{\"@id\":\"https:\\\/\\\/www.ucaldas.edu.co\\\/portal\\\/ordenes-judiciales-proferidas-por-la-jep-en-la-audiencia-publica-territorial-en-el-municipio-de-marsella-risaralda\\\/#primaryimage\"},\"thumbnailUrl\":\"https:\\\/\\\/www.ucaldas.edu.co\\\/portal\\\/wp-content\\\/uploads\\\/2022\\\/11\\\/cedat-1.jpg\",\"keywords\":[\"reparaci\u00f3n de v\u00edctimas\",\"la jep\",\"personas desaparecidas\"],\"articleSection\":[\"Actualidad\",\"Universidad al D\u00eda\",\"UCaldas Regional\"],\"inLanguage\":\"es\"},{\"@type\":\"WebPage\",\"@id\":\"https:\\\/\\\/www.ucaldas.edu.co\\\/portal\\\/ordenes-judiciales-proferidas-por-la-jep-en-la-audiencia-publica-territorial-en-el-municipio-de-marsella-risaralda\\\/\",\"url\":\"https:\\\/\\\/www.ucaldas.edu.co\\\/portal\\\/ordenes-judiciales-proferidas-por-la-jep-en-la-audiencia-publica-territorial-en-el-municipio-de-marsella-risaralda\\\/\",\"name\":\"\u00d3rdenes judiciales proferidas por la JEP en la audiencia p\u00fablica territorial en el municipio de Marsella (Risaralda) .\",\"isPartOf\":{\"@id\":\"https:\\\/\\\/www.ucaldas.edu.co\\\/portal\\\/#website\"},\"primaryImageOfPage\":{\"@id\":\"https:\\\/\\\/www.ucaldas.edu.co\\\/portal\\\/ordenes-judiciales-proferidas-por-la-jep-en-la-audiencia-publica-territorial-en-el-municipio-de-marsella-risaralda\\\/#primaryimage\"},\"image\":{\"@id\":\"https:\\\/\\\/www.ucaldas.edu.co\\\/portal\\\/ordenes-judiciales-proferidas-por-la-jep-en-la-audiencia-publica-territorial-en-el-municipio-de-marsella-risaralda\\\/#primaryimage\"},\"thumbnailUrl\":\"https:\\\/\\\/www.ucaldas.edu.co\\\/portal\\\/wp-content\\\/uploads\\\/2022\\\/11\\\/cedat-1.jpg\",\"datePublished\":\"2022-11-24T22:22:52+00:00\",\"breadcrumb\":{\"@id\":\"https:\\\/\\\/www.ucaldas.edu.co\\\/portal\\\/ordenes-judiciales-proferidas-por-la-jep-en-la-audiencia-publica-territorial-en-el-municipio-de-marsella-risaralda\\\/#breadcrumb\"},\"inLanguage\":\"es\",\"potentialAction\":[{\"@type\":\"ReadAction\",\"target\":[\"https:\\\/\\\/www.ucaldas.edu.co\\\/portal\\\/ordenes-judiciales-proferidas-por-la-jep-en-la-audiencia-publica-territorial-en-el-municipio-de-marsella-risaralda\\\/\"]}]},{\"@type\":\"ImageObject\",\"inLanguage\":\"es\",\"@id\":\"https:\\\/\\\/www.ucaldas.edu.co\\\/portal\\\/ordenes-judiciales-proferidas-por-la-jep-en-la-audiencia-publica-territorial-en-el-municipio-de-marsella-risaralda\\\/#primaryimage\",\"url\":\"https:\\\/\\\/www.ucaldas.edu.co\\\/portal\\\/wp-content\\\/uploads\\\/2022\\\/11\\\/cedat-1.jpg\",\"contentUrl\":\"https:\\\/\\\/www.ucaldas.edu.co\\\/portal\\\/wp-content\\\/uploads\\\/2022\\\/11\\\/cedat-1.jpg\",\"width\":700,\"height\":400,\"caption\":\"audiencia p\u00fablica jep\"},{\"@type\":\"BreadcrumbList\",\"@id\":\"https:\\\/\\\/www.ucaldas.edu.co\\\/portal\\\/ordenes-judiciales-proferidas-por-la-jep-en-la-audiencia-publica-territorial-en-el-municipio-de-marsella-risaralda\\\/#breadcrumb\",\"itemListElement\":[{\"@type\":\"ListItem\",\"position\":1,\"name\":\"Portada\",\"item\":\"https:\\\/\\\/www.ucaldas.edu.co\\\/portal\\\/\"},{\"@type\":\"ListItem\",\"position\":2,\"name\":\"\u00d3rdenes judiciales proferidas por la JEP en la audiencia p\u00fablica territorial en el municipio de Marsella (Risaralda)\"}]},{\"@type\":\"WebSite\",\"@id\":\"https:\\\/\\\/www.ucaldas.edu.co\\\/portal\\\/#website\",\"url\":\"https:\\\/\\\/www.ucaldas.edu.co\\\/portal\\\/\",\"name\":\"Universidad de Caldas\",\"description\":\"\",\"publisher\":{\"@id\":\"https:\\\/\\\/www.ucaldas.edu.co\\\/portal\\\/#organization\"},\"alternateName\":\"U. de Caldas\",\"potentialAction\":[{\"@type\":\"SearchAction\",\"target\":{\"@type\":\"EntryPoint\",\"urlTemplate\":\"https:\\\/\\\/www.ucaldas.edu.co\\\/portal\\\/?s={search_term_string}\"},\"query-input\":{\"@type\":\"PropertyValueSpecification\",\"valueRequired\":true,\"valueName\":\"search_term_string\"}}],\"inLanguage\":\"es\"},{\"@type\":\"Organization\",\"@id\":\"https:\\\/\\\/www.ucaldas.edu.co\\\/portal\\\/#organization\",\"name\":\"Universidad de Caldas\",\"alternateName\":\"U. de Caldas\",\"url\":\"https:\\\/\\\/www.ucaldas.edu.co\\\/portal\\\/\",\"logo\":{\"@type\":\"ImageObject\",\"inLanguage\":\"es\",\"@id\":\"https:\\\/\\\/www.ucaldas.edu.co\\\/portal\\\/#\\\/schema\\\/logo\\\/image\\\/\",\"url\":\"https:\\\/\\\/www.ucaldas.edu.co\\\/portal\\\/wp-content\\\/uploads\\\/2023\\\/11\\\/Logo_horizontal_oscuroU-2023.png\",\"contentUrl\":\"https:\\\/\\\/www.ucaldas.edu.co\\\/portal\\\/wp-content\\\/uploads\\\/2023\\\/11\\\/Logo_horizontal_oscuroU-2023.png\",\"width\":263,\"height\":101,\"caption\":\"Universidad de Caldas\"},\"image\":{\"@id\":\"https:\\\/\\\/www.ucaldas.edu.co\\\/portal\\\/#\\\/schema\\\/logo\\\/image\\\/\"},\"sameAs\":[\"https:\\\/\\\/www.facebook.com\\\/udecaldas\",\"https:\\\/\\\/x.com\\\/udecaldas\",\"https:\\\/\\\/www.youtube.com\\\/universidadcaldas\",\"https:\\\/\\\/www.instagram.com\\\/udecaldas\\\/\"]},{\"@type\":\"Person\",\"@id\":\"https:\\\/\\\/www.ucaldas.edu.co\\\/portal\\\/#\\\/schema\\\/person\\\/a1b482e23449158b4bc319926c074fdf\",\"name\":\"ofiprensa\",\"image\":{\"@type\":\"ImageObject\",\"inLanguage\":\"es\",\"@id\":\"https:\\\/\\\/www.ucaldas.edu.co\\\/portal\\\/wp-content\\\/litespeed\\\/avatar\\\/09ea5085e600095a7a811142c6944527.jpg?ver=1776892805\",\"url\":\"https:\\\/\\\/www.ucaldas.edu.co\\\/portal\\\/wp-content\\\/litespeed\\\/avatar\\\/09ea5085e600095a7a811142c6944527.jpg?ver=1776892805\",\"contentUrl\":\"https:\\\/\\\/www.ucaldas.edu.co\\\/portal\\\/wp-content\\\/litespeed\\\/avatar\\\/09ea5085e600095a7a811142c6944527.jpg?ver=1776892805\",\"caption\":\"ofiprensa\"},\"url\":\"https:\\\/\\\/www.ucaldas.edu.co\\\/portal\\\/author\\\/ofiprensa\\\/\"}]}<\/script>\n<!-- \/ Yoast SEO plugin. -->","yoast_head_json":{"title":"\u00d3rdenes judiciales proferidas por la JEP en la audiencia p\u00fablica territorial  en el municipio de Marsella (Risaralda) .","robots":{"index":"index","follow":"follow","max-snippet":"max-snippet:-1","max-image-preview":"max-image-preview:large","max-video-preview":"max-video-preview:-1"},"canonical":"https:\/\/www.ucaldas.edu.co\/portal\/ordenes-judiciales-proferidas-por-la-jep-en-la-audiencia-publica-territorial-en-el-municipio-de-marsella-risaralda\/","schema":{"@context":"https:\/\/schema.org","@graph":[{"@type":"Article","@id":"https:\/\/www.ucaldas.edu.co\/portal\/ordenes-judiciales-proferidas-por-la-jep-en-la-audiencia-publica-territorial-en-el-municipio-de-marsella-risaralda\/#article","isPartOf":{"@id":"https:\/\/www.ucaldas.edu.co\/portal\/ordenes-judiciales-proferidas-por-la-jep-en-la-audiencia-publica-territorial-en-el-municipio-de-marsella-risaralda\/"},"author":{"name":"ofiprensa","@id":"https:\/\/www.ucaldas.edu.co\/portal\/#\/schema\/person\/a1b482e23449158b4bc319926c074fdf"},"headline":"\u00d3rdenes judiciales proferidas por la JEP en la audiencia p\u00fablica territorial en el municipio de Marsella (Risaralda)","datePublished":"2022-11-24T22:22:52+00:00","mainEntityOfPage":{"@id":"https:\/\/www.ucaldas.edu.co\/portal\/ordenes-judiciales-proferidas-por-la-jep-en-la-audiencia-publica-territorial-en-el-municipio-de-marsella-risaralda\/"},"wordCount":531,"publisher":{"@id":"https:\/\/www.ucaldas.edu.co\/portal\/#organization"},"image":{"@id":"https:\/\/www.ucaldas.edu.co\/portal\/ordenes-judiciales-proferidas-por-la-jep-en-la-audiencia-publica-territorial-en-el-municipio-de-marsella-risaralda\/#primaryimage"},"thumbnailUrl":"https:\/\/www.ucaldas.edu.co\/portal\/wp-content\/uploads\/2022\/11\/cedat-1.jpg","keywords":["reparaci\u00f3n de v\u00edctimas","la jep","personas desaparecidas"],"articleSection":["Actualidad","Universidad al D\u00eda","UCaldas Regional"],"inLanguage":"es"},{"@type":"WebPage","@id":"https:\/\/www.ucaldas.edu.co\/portal\/ordenes-judiciales-proferidas-por-la-jep-en-la-audiencia-publica-territorial-en-el-municipio-de-marsella-risaralda\/","url":"https:\/\/www.ucaldas.edu.co\/portal\/ordenes-judiciales-proferidas-por-la-jep-en-la-audiencia-publica-territorial-en-el-municipio-de-marsella-risaralda\/","name":"\u00d3rdenes judiciales proferidas por la JEP en la audiencia p\u00fablica territorial en el municipio de Marsella (Risaralda) .","isPartOf":{"@id":"https:\/\/www.ucaldas.edu.co\/portal\/#website"},"primaryImageOfPage":{"@id":"https:\/\/www.ucaldas.edu.co\/portal\/ordenes-judiciales-proferidas-por-la-jep-en-la-audiencia-publica-territorial-en-el-municipio-de-marsella-risaralda\/#primaryimage"},"image":{"@id":"https:\/\/www.ucaldas.edu.co\/portal\/ordenes-judiciales-proferidas-por-la-jep-en-la-audiencia-publica-territorial-en-el-municipio-de-marsella-risaralda\/#primaryimage"},"thumbnailUrl":"https:\/\/www.ucaldas.edu.co\/portal\/wp-content\/uploads\/2022\/11\/cedat-1.jpg","datePublished":"2022-11-24T22:22:52+00:00","breadcrumb":{"@id":"https:\/\/www.ucaldas.edu.co\/portal\/ordenes-judiciales-proferidas-por-la-jep-en-la-audiencia-publica-territorial-en-el-municipio-de-marsella-risaralda\/#breadcrumb"},"inLanguage":"es","potentialAction":[{"@type":"ReadAction","target":["https:\/\/www.ucaldas.edu.co\/portal\/ordenes-judiciales-proferidas-por-la-jep-en-la-audiencia-publica-territorial-en-el-municipio-de-marsella-risaralda\/"]}]},{"@type":"ImageObject","inLanguage":"es","@id":"https:\/\/www.ucaldas.edu.co\/portal\/ordenes-judiciales-proferidas-por-la-jep-en-la-audiencia-publica-territorial-en-el-municipio-de-marsella-risaralda\/#primaryimage","url":"https:\/\/www.ucaldas.edu.co\/portal\/wp-content\/uploads\/2022\/11\/cedat-1.jpg","contentUrl":"https:\/\/www.ucaldas.edu.co\/portal\/wp-content\/uploads\/2022\/11\/cedat-1.jpg","width":700,"height":400,"caption":"audiencia p\u00fablica jep"},{"@type":"BreadcrumbList","@id":"https:\/\/www.ucaldas.edu.co\/portal\/ordenes-judiciales-proferidas-por-la-jep-en-la-audiencia-publica-territorial-en-el-municipio-de-marsella-risaralda\/#breadcrumb","itemListElement":[{"@type":"ListItem","position":1,"name":"Portada","item":"https:\/\/www.ucaldas.edu.co\/portal\/"},{"@type":"ListItem","position":2,"name":"\u00d3rdenes judiciales proferidas por la JEP en la audiencia p\u00fablica territorial en el municipio de Marsella (Risaralda)"}]},{"@type":"WebSite","@id":"https:\/\/www.ucaldas.edu.co\/portal\/#website","url":"https:\/\/www.ucaldas.edu.co\/portal\/","name":"Universidad de Caldas","description":"","publisher":{"@id":"https:\/\/www.ucaldas.edu.co\/portal\/#organization"},"alternateName":"U. de Caldas","potentialAction":[{"@type":"SearchAction","target":{"@type":"EntryPoint","urlTemplate":"https:\/\/www.ucaldas.edu.co\/portal\/?s={search_term_string}"},"query-input":{"@type":"PropertyValueSpecification","valueRequired":true,"valueName":"search_term_string"}}],"inLanguage":"es"},{"@type":"Organization","@id":"https:\/\/www.ucaldas.edu.co\/portal\/#organization","name":"Universidad de Caldas","alternateName":"U. de Caldas","url":"https:\/\/www.ucaldas.edu.co\/portal\/","logo":{"@type":"ImageObject","inLanguage":"es","@id":"https:\/\/www.ucaldas.edu.co\/portal\/#\/schema\/logo\/image\/","url":"https:\/\/www.ucaldas.edu.co\/portal\/wp-content\/uploads\/2023\/11\/Logo_horizontal_oscuroU-2023.png","contentUrl":"https:\/\/www.ucaldas.edu.co\/portal\/wp-content\/uploads\/2023\/11\/Logo_horizontal_oscuroU-2023.png","width":263,"height":101,"caption":"Universidad de Caldas"},"image":{"@id":"https:\/\/www.ucaldas.edu.co\/portal\/#\/schema\/logo\/image\/"},"sameAs":["https:\/\/www.facebook.com\/udecaldas","https:\/\/x.com\/udecaldas","https:\/\/www.youtube.com\/universidadcaldas","https:\/\/www.instagram.com\/udecaldas\/"]},{"@type":"Person","@id":"https:\/\/www.ucaldas.edu.co\/portal\/#\/schema\/person\/a1b482e23449158b4bc319926c074fdf","name":"ofiprensa","image":{"@type":"ImageObject","inLanguage":"es","@id":"https:\/\/www.ucaldas.edu.co\/portal\/wp-content\/litespeed\/avatar\/09ea5085e600095a7a811142c6944527.jpg?ver=1776892805","url":"https:\/\/www.ucaldas.edu.co\/portal\/wp-content\/litespeed\/avatar\/09ea5085e600095a7a811142c6944527.jpg?ver=1776892805","contentUrl":"https:\/\/www.ucaldas.edu.co\/portal\/wp-content\/litespeed\/avatar\/09ea5085e600095a7a811142c6944527.jpg?ver=1776892805","caption":"ofiprensa"},"url":"https:\/\/www.ucaldas.edu.co\/portal\/author\/ofiprensa\/"}]}},"_links":{"self":[{"href":"https:\/\/www.ucaldas.edu.co\/portal\/wp-json\/wp\/v2\/posts\/73828","targetHints":{"allow":["GET"]}}],"collection":[{"href":"https:\/\/www.ucaldas.edu.co\/portal\/wp-json\/wp\/v2\/posts"}],"about":[{"href":"https:\/\/www.ucaldas.edu.co\/portal\/wp-json\/wp\/v2\/types\/post"}],"author":[{"embeddable":true,"href":"https:\/\/www.ucaldas.edu.co\/portal\/wp-json\/wp\/v2\/users\/2"}],"replies":[{"embeddable":true,"href":"https:\/\/www.ucaldas.edu.co\/portal\/wp-json\/wp\/v2\/comments?post=73828"}],"version-history":[{"count":0,"href":"https:\/\/www.ucaldas.edu.co\/portal\/wp-json\/wp\/v2\/posts\/73828\/revisions"}],"wp:featuredmedia":[{"embeddable":true,"href":"https:\/\/www.ucaldas.edu.co\/portal\/wp-json\/wp\/v2\/media\/73829"}],"wp:attachment":[{"href":"https:\/\/www.ucaldas.edu.co\/portal\/wp-json\/wp\/v2\/media?parent=73828"}],"wp:term":[{"taxonomy":"category","embeddable":true,"href":"https:\/\/www.ucaldas.edu.co\/portal\/wp-json\/wp\/v2\/categories?post=73828"},{"taxonomy":"post_tag","embeddable":true,"href":"https:\/\/www.ucaldas.edu.co\/portal\/wp-json\/wp\/v2\/tags?post=73828"}],"curies":[{"name":"wp","href":"https:\/\/api.w.org\/{rel}","templated":true}]}}