{"id":73806,"date":"2022-11-23T21:10:28","date_gmt":"2022-11-23T21:10:28","guid":{"rendered":"https:\/\/www.ucaldas.edu.co\/portal\/?p=73806"},"modified":"2022-11-23T21:10:28","modified_gmt":"2022-11-23T21:10:28","slug":"universidad-de-caldas-participo-en-la-reunion-plenaria-del-proyecto-equam-la-en-madrid","status":"publish","type":"post","link":"https:\/\/www.ucaldas.edu.co\/portal\/universidad-de-caldas-participo-en-la-reunion-plenaria-del-proyecto-equam-la-en-madrid\/","title":{"rendered":"Universidad de Caldas particip\u00f3 en la reuni\u00f3n plenaria del proyecto EQUAM-LA en Madrid"},"content":{"rendered":"<p>&nbsp;<\/p>\n<p><img loading=\"lazy\" decoding=\"async\" class=\"aligncenter size-full wp-image-73807\" src=\"https:\/\/www.ucaldas.edu.co\/portal\/wp-content\/uploads\/2022\/11\/equam-la.jpg\" alt=\"el proyecto EQUAM-LA es financiado con recursos del programa Erasmus + de la Uni\u00f3n Europea\" width=\"700\" height=\"400\" srcset=\"https:\/\/www.ucaldas.edu.co\/portal\/wp-content\/uploads\/2022\/11\/equam-la.jpg 700w, https:\/\/www.ucaldas.edu.co\/portal\/wp-content\/uploads\/2022\/11\/equam-la-300x171.jpg 300w\" sizes=\"auto, (max-width: 700px) 100vw, 700px\" \/><\/p>\n<p>El docente de la Facultad de Ciencias Agropecuarias Bernardo Rivera S\u00e1nchez y el director de la Oficina de Evaluaci\u00f3n y Calidad Acad\u00e9mica Juli\u00e1n Orozco Ospina, representaron a la Universidad de Caldas en la reuni\u00f3n plenaria del proyecto EQUAM-LA en la Universidad Complutense de Madrid.<\/p>\n<p><!--more--><\/p>\n<p>El objetivo de la reuni\u00f3n fue evaluar el avance del proceso de implementaci\u00f3n de la propuesta de institucionalizaci\u00f3n de la cultura de la calidad del proyecto, como ejercicio para que la excelencia y el mejoramiento continuo que permita el cumplimiento de los requerimientos establecidos por la Uni\u00f3n Europea.<\/p>\n<p>Para el proyecto EQUAM-LA, financiado con recursos del programa Erasmus + de la Uni\u00f3n Europea, la consolidaci\u00f3n de los sistemas internos de aseguramiento de la calidad, con un enfoque compartido y comparable, es fundamental para generar confianza mutua y profundizar las pol\u00edticas de internacionalizaci\u00f3n para el reconocimiento de t\u00edtulos y estudios.<\/p>\n<p>Actualmente, la Universidad de Caldas como instituci\u00f3n participante del proyecto, implementa lineamientos establecidos por la Uni\u00f3n Europea para la realizaci\u00f3n de la autoevaluaci\u00f3n que permitir\u00e1 la acreditaci\u00f3n de Alta Calidad bajo est\u00e1ndares europeos en los siguientes programas: Maestr\u00eda en Salud Publica, Maestr\u00eda en Ciencias Biol\u00f3gicas, Maestr\u00eda en Sociedades Rurales, Maestr\u00eda en Culturas y Droga, Maestr\u00eda en Did\u00e1ctica del Ingl\u00e9s, Y Maestr\u00eda en Sistemas de Producci\u00f3n Agropecuaria.<\/p>\n<p>La reuni\u00f3n cont\u00f3 con la participaci\u00f3n del ministro de universidades de Espa\u00f1a Joan Subirats y con el rector de la Universidad Complutense de Madrid Joaqu\u00edn Goyache, quienes dieron a conocer los programas que desarrolla la Agencia Nacional de Evaluaci\u00f3n de la Calidad y Acreditaci\u00f3n de Espa\u00f1a ANECA, organismo adscrito al Ministerio de Universidades encargado de la promoci\u00f3n y el aseguramiento de la calidad del Sistema de Educaci\u00f3n Superior.<\/p>\n<p><strong>\u00a0<\/strong><\/p>\n<p><strong>Informes: <\/strong>Oficina de Comunicaciones y Prensa Universidad de Caldas.<br \/>\n<strong>Redacci\u00f3n:<\/strong> Mateo Buritic\u00e1 Giraldo<\/p>\n<p>&nbsp;<\/p>\n","protected":false},"excerpt":{"rendered":"<p>&nbsp; El docente de la Facultad de Ciencias Agropecuarias Bernardo Rivera S\u00e1nchez y el director de la Oficina de Evaluaci\u00f3n y Calidad Acad\u00e9mica Juli\u00e1n Orozco Ospina, representaron a la Universidad de Caldas en la reuni\u00f3n plenaria del proyecto EQUAM-LA en la Universidad Complutense de Madrid.<\/p>\n","protected":false},"author":2,"featured_media":73807,"comment_status":"closed","ping_status":"open","sticky":false,"template":"","format":"standard","meta":{"footnotes":""},"categories":[48,53,614],"tags":[2609,9475,9476],"class_list":["post-73806","post","type-post","status-publish","format-standard","has-post-thumbnail","hentry","category-actualidad","category-universidad-al-dia","category-ucaldas-internacional","tag-acreditacion-alta-calidad","tag-equam-la","tag-proyecto-union-europea"],"yoast_head":"<!-- This site is optimized with the Yoast SEO plugin v27.4 - https:\/\/yoast.com\/product\/yoast-seo-wordpress\/ -->\n<title>Universidad de Caldas particip\u00f3 en la reuni\u00f3n plenaria del proyecto EQUAM-LA en Madrid .<\/title>\n<meta name=\"robots\" content=\"index, follow, max-snippet:-1, max-image-preview:large, max-video-preview:-1\" \/>\n<link rel=\"canonical\" href=\"https:\/\/www.ucaldas.edu.co\/portal\/universidad-de-caldas-participo-en-la-reunion-plenaria-del-proyecto-equam-la-en-madrid\/\" \/>\n<script type=\"application\/ld+json\" class=\"yoast-schema-graph\">{\"@context\":\"https:\\\/\\\/schema.org\",\"@graph\":[{\"@type\":\"Article\",\"@id\":\"https:\\\/\\\/www.ucaldas.edu.co\\\/portal\\\/universidad-de-caldas-participo-en-la-reunion-plenaria-del-proyecto-equam-la-en-madrid\\\/#article\",\"isPartOf\":{\"@id\":\"https:\\\/\\\/www.ucaldas.edu.co\\\/portal\\\/universidad-de-caldas-participo-en-la-reunion-plenaria-del-proyecto-equam-la-en-madrid\\\/\"},\"author\":{\"name\":\"ofiprensa\",\"@id\":\"https:\\\/\\\/www.ucaldas.edu.co\\\/portal\\\/#\\\/schema\\\/person\\\/a1b482e23449158b4bc319926c074fdf\"},\"headline\":\"Universidad de Caldas particip\u00f3 en la reuni\u00f3n plenaria del proyecto EQUAM-LA en Madrid\",\"datePublished\":\"2022-11-23T21:10:28+00:00\",\"mainEntityOfPage\":{\"@id\":\"https:\\\/\\\/www.ucaldas.edu.co\\\/portal\\\/universidad-de-caldas-participo-en-la-reunion-plenaria-del-proyecto-equam-la-en-madrid\\\/\"},\"wordCount\":345,\"publisher\":{\"@id\":\"https:\\\/\\\/www.ucaldas.edu.co\\\/portal\\\/#organization\"},\"image\":{\"@id\":\"https:\\\/\\\/www.ucaldas.edu.co\\\/portal\\\/universidad-de-caldas-participo-en-la-reunion-plenaria-del-proyecto-equam-la-en-madrid\\\/#primaryimage\"},\"thumbnailUrl\":\"https:\\\/\\\/www.ucaldas.edu.co\\\/portal\\\/wp-content\\\/uploads\\\/2022\\\/11\\\/equam-la.jpg\",\"keywords\":[\"Acreditaci\u00f3n Alta Calidad\",\"equam la\",\"proyecto uni\u00f3n europea\"],\"articleSection\":[\"Actualidad\",\"Universidad al D\u00eda\",\"Ucaldas Internacional\"],\"inLanguage\":\"es\"},{\"@type\":\"WebPage\",\"@id\":\"https:\\\/\\\/www.ucaldas.edu.co\\\/portal\\\/universidad-de-caldas-participo-en-la-reunion-plenaria-del-proyecto-equam-la-en-madrid\\\/\",\"url\":\"https:\\\/\\\/www.ucaldas.edu.co\\\/portal\\\/universidad-de-caldas-participo-en-la-reunion-plenaria-del-proyecto-equam-la-en-madrid\\\/\",\"name\":\"Universidad de Caldas particip\u00f3 en la reuni\u00f3n plenaria del proyecto EQUAM-LA en Madrid .\",\"isPartOf\":{\"@id\":\"https:\\\/\\\/www.ucaldas.edu.co\\\/portal\\\/#website\"},\"primaryImageOfPage\":{\"@id\":\"https:\\\/\\\/www.ucaldas.edu.co\\\/portal\\\/universidad-de-caldas-participo-en-la-reunion-plenaria-del-proyecto-equam-la-en-madrid\\\/#primaryimage\"},\"image\":{\"@id\":\"https:\\\/\\\/www.ucaldas.edu.co\\\/portal\\\/universidad-de-caldas-participo-en-la-reunion-plenaria-del-proyecto-equam-la-en-madrid\\\/#primaryimage\"},\"thumbnailUrl\":\"https:\\\/\\\/www.ucaldas.edu.co\\\/portal\\\/wp-content\\\/uploads\\\/2022\\\/11\\\/equam-la.jpg\",\"datePublished\":\"2022-11-23T21:10:28+00:00\",\"breadcrumb\":{\"@id\":\"https:\\\/\\\/www.ucaldas.edu.co\\\/portal\\\/universidad-de-caldas-participo-en-la-reunion-plenaria-del-proyecto-equam-la-en-madrid\\\/#breadcrumb\"},\"inLanguage\":\"es\",\"potentialAction\":[{\"@type\":\"ReadAction\",\"target\":[\"https:\\\/\\\/www.ucaldas.edu.co\\\/portal\\\/universidad-de-caldas-participo-en-la-reunion-plenaria-del-proyecto-equam-la-en-madrid\\\/\"]}]},{\"@type\":\"ImageObject\",\"inLanguage\":\"es\",\"@id\":\"https:\\\/\\\/www.ucaldas.edu.co\\\/portal\\\/universidad-de-caldas-participo-en-la-reunion-plenaria-del-proyecto-equam-la-en-madrid\\\/#primaryimage\",\"url\":\"https:\\\/\\\/www.ucaldas.edu.co\\\/portal\\\/wp-content\\\/uploads\\\/2022\\\/11\\\/equam-la.jpg\",\"contentUrl\":\"https:\\\/\\\/www.ucaldas.edu.co\\\/portal\\\/wp-content\\\/uploads\\\/2022\\\/11\\\/equam-la.jpg\",\"width\":700,\"height\":400,\"caption\":\"el proyecto EQUAM-LA es financiado con recursos del programa Erasmus + de la Uni\u00f3n Europea\"},{\"@type\":\"BreadcrumbList\",\"@id\":\"https:\\\/\\\/www.ucaldas.edu.co\\\/portal\\\/universidad-de-caldas-participo-en-la-reunion-plenaria-del-proyecto-equam-la-en-madrid\\\/#breadcrumb\",\"itemListElement\":[{\"@type\":\"ListItem\",\"position\":1,\"name\":\"Portada\",\"item\":\"https:\\\/\\\/www.ucaldas.edu.co\\\/portal\\\/\"},{\"@type\":\"ListItem\",\"position\":2,\"name\":\"Universidad de Caldas particip\u00f3 en la reuni\u00f3n plenaria del proyecto EQUAM-LA en Madrid\"}]},{\"@type\":\"WebSite\",\"@id\":\"https:\\\/\\\/www.ucaldas.edu.co\\\/portal\\\/#website\",\"url\":\"https:\\\/\\\/www.ucaldas.edu.co\\\/portal\\\/\",\"name\":\"Universidad de Caldas\",\"description\":\"\",\"publisher\":{\"@id\":\"https:\\\/\\\/www.ucaldas.edu.co\\\/portal\\\/#organization\"},\"alternateName\":\"U. de Caldas\",\"potentialAction\":[{\"@type\":\"SearchAction\",\"target\":{\"@type\":\"EntryPoint\",\"urlTemplate\":\"https:\\\/\\\/www.ucaldas.edu.co\\\/portal\\\/?s={search_term_string}\"},\"query-input\":{\"@type\":\"PropertyValueSpecification\",\"valueRequired\":true,\"valueName\":\"search_term_string\"}}],\"inLanguage\":\"es\"},{\"@type\":\"Organization\",\"@id\":\"https:\\\/\\\/www.ucaldas.edu.co\\\/portal\\\/#organization\",\"name\":\"Universidad de Caldas\",\"alternateName\":\"U. de Caldas\",\"url\":\"https:\\\/\\\/www.ucaldas.edu.co\\\/portal\\\/\",\"logo\":{\"@type\":\"ImageObject\",\"inLanguage\":\"es\",\"@id\":\"https:\\\/\\\/www.ucaldas.edu.co\\\/portal\\\/#\\\/schema\\\/logo\\\/image\\\/\",\"url\":\"https:\\\/\\\/www.ucaldas.edu.co\\\/portal\\\/wp-content\\\/uploads\\\/2023\\\/11\\\/Logo_horizontal_oscuroU-2023.png\",\"contentUrl\":\"https:\\\/\\\/www.ucaldas.edu.co\\\/portal\\\/wp-content\\\/uploads\\\/2023\\\/11\\\/Logo_horizontal_oscuroU-2023.png\",\"width\":263,\"height\":101,\"caption\":\"Universidad de Caldas\"},\"image\":{\"@id\":\"https:\\\/\\\/www.ucaldas.edu.co\\\/portal\\\/#\\\/schema\\\/logo\\\/image\\\/\"},\"sameAs\":[\"https:\\\/\\\/www.facebook.com\\\/udecaldas\",\"https:\\\/\\\/x.com\\\/udecaldas\",\"https:\\\/\\\/www.youtube.com\\\/universidadcaldas\",\"https:\\\/\\\/www.instagram.com\\\/udecaldas\\\/\"]},{\"@type\":\"Person\",\"@id\":\"https:\\\/\\\/www.ucaldas.edu.co\\\/portal\\\/#\\\/schema\\\/person\\\/a1b482e23449158b4bc319926c074fdf\",\"name\":\"ofiprensa\",\"image\":{\"@type\":\"ImageObject\",\"inLanguage\":\"es\",\"@id\":\"https:\\\/\\\/www.ucaldas.edu.co\\\/portal\\\/wp-content\\\/litespeed\\\/avatar\\\/09ea5085e600095a7a811142c6944527.jpg?ver=1776892805\",\"url\":\"https:\\\/\\\/www.ucaldas.edu.co\\\/portal\\\/wp-content\\\/litespeed\\\/avatar\\\/09ea5085e600095a7a811142c6944527.jpg?ver=1776892805\",\"contentUrl\":\"https:\\\/\\\/www.ucaldas.edu.co\\\/portal\\\/wp-content\\\/litespeed\\\/avatar\\\/09ea5085e600095a7a811142c6944527.jpg?ver=1776892805\",\"caption\":\"ofiprensa\"},\"url\":\"https:\\\/\\\/www.ucaldas.edu.co\\\/portal\\\/author\\\/ofiprensa\\\/\"}]}<\/script>\n<!-- \/ Yoast SEO plugin. -->","yoast_head_json":{"title":"Universidad de Caldas particip\u00f3 en la reuni\u00f3n plenaria del proyecto EQUAM-LA en Madrid .","robots":{"index":"index","follow":"follow","max-snippet":"max-snippet:-1","max-image-preview":"max-image-preview:large","max-video-preview":"max-video-preview:-1"},"canonical":"https:\/\/www.ucaldas.edu.co\/portal\/universidad-de-caldas-participo-en-la-reunion-plenaria-del-proyecto-equam-la-en-madrid\/","schema":{"@context":"https:\/\/schema.org","@graph":[{"@type":"Article","@id":"https:\/\/www.ucaldas.edu.co\/portal\/universidad-de-caldas-participo-en-la-reunion-plenaria-del-proyecto-equam-la-en-madrid\/#article","isPartOf":{"@id":"https:\/\/www.ucaldas.edu.co\/portal\/universidad-de-caldas-participo-en-la-reunion-plenaria-del-proyecto-equam-la-en-madrid\/"},"author":{"name":"ofiprensa","@id":"https:\/\/www.ucaldas.edu.co\/portal\/#\/schema\/person\/a1b482e23449158b4bc319926c074fdf"},"headline":"Universidad de Caldas particip\u00f3 en la reuni\u00f3n plenaria del proyecto EQUAM-LA en Madrid","datePublished":"2022-11-23T21:10:28+00:00","mainEntityOfPage":{"@id":"https:\/\/www.ucaldas.edu.co\/portal\/universidad-de-caldas-participo-en-la-reunion-plenaria-del-proyecto-equam-la-en-madrid\/"},"wordCount":345,"publisher":{"@id":"https:\/\/www.ucaldas.edu.co\/portal\/#organization"},"image":{"@id":"https:\/\/www.ucaldas.edu.co\/portal\/universidad-de-caldas-participo-en-la-reunion-plenaria-del-proyecto-equam-la-en-madrid\/#primaryimage"},"thumbnailUrl":"https:\/\/www.ucaldas.edu.co\/portal\/wp-content\/uploads\/2022\/11\/equam-la.jpg","keywords":["Acreditaci\u00f3n Alta Calidad","equam la","proyecto uni\u00f3n europea"],"articleSection":["Actualidad","Universidad al D\u00eda","Ucaldas Internacional"],"inLanguage":"es"},{"@type":"WebPage","@id":"https:\/\/www.ucaldas.edu.co\/portal\/universidad-de-caldas-participo-en-la-reunion-plenaria-del-proyecto-equam-la-en-madrid\/","url":"https:\/\/www.ucaldas.edu.co\/portal\/universidad-de-caldas-participo-en-la-reunion-plenaria-del-proyecto-equam-la-en-madrid\/","name":"Universidad de Caldas particip\u00f3 en la reuni\u00f3n plenaria del proyecto EQUAM-LA en Madrid .","isPartOf":{"@id":"https:\/\/www.ucaldas.edu.co\/portal\/#website"},"primaryImageOfPage":{"@id":"https:\/\/www.ucaldas.edu.co\/portal\/universidad-de-caldas-participo-en-la-reunion-plenaria-del-proyecto-equam-la-en-madrid\/#primaryimage"},"image":{"@id":"https:\/\/www.ucaldas.edu.co\/portal\/universidad-de-caldas-participo-en-la-reunion-plenaria-del-proyecto-equam-la-en-madrid\/#primaryimage"},"thumbnailUrl":"https:\/\/www.ucaldas.edu.co\/portal\/wp-content\/uploads\/2022\/11\/equam-la.jpg","datePublished":"2022-11-23T21:10:28+00:00","breadcrumb":{"@id":"https:\/\/www.ucaldas.edu.co\/portal\/universidad-de-caldas-participo-en-la-reunion-plenaria-del-proyecto-equam-la-en-madrid\/#breadcrumb"},"inLanguage":"es","potentialAction":[{"@type":"ReadAction","target":["https:\/\/www.ucaldas.edu.co\/portal\/universidad-de-caldas-participo-en-la-reunion-plenaria-del-proyecto-equam-la-en-madrid\/"]}]},{"@type":"ImageObject","inLanguage":"es","@id":"https:\/\/www.ucaldas.edu.co\/portal\/universidad-de-caldas-participo-en-la-reunion-plenaria-del-proyecto-equam-la-en-madrid\/#primaryimage","url":"https:\/\/www.ucaldas.edu.co\/portal\/wp-content\/uploads\/2022\/11\/equam-la.jpg","contentUrl":"https:\/\/www.ucaldas.edu.co\/portal\/wp-content\/uploads\/2022\/11\/equam-la.jpg","width":700,"height":400,"caption":"el proyecto EQUAM-LA es financiado con recursos del programa Erasmus + de la Uni\u00f3n Europea"},{"@type":"BreadcrumbList","@id":"https:\/\/www.ucaldas.edu.co\/portal\/universidad-de-caldas-participo-en-la-reunion-plenaria-del-proyecto-equam-la-en-madrid\/#breadcrumb","itemListElement":[{"@type":"ListItem","position":1,"name":"Portada","item":"https:\/\/www.ucaldas.edu.co\/portal\/"},{"@type":"ListItem","position":2,"name":"Universidad de Caldas particip\u00f3 en la reuni\u00f3n plenaria del proyecto EQUAM-LA en Madrid"}]},{"@type":"WebSite","@id":"https:\/\/www.ucaldas.edu.co\/portal\/#website","url":"https:\/\/www.ucaldas.edu.co\/portal\/","name":"Universidad de Caldas","description":"","publisher":{"@id":"https:\/\/www.ucaldas.edu.co\/portal\/#organization"},"alternateName":"U. de Caldas","potentialAction":[{"@type":"SearchAction","target":{"@type":"EntryPoint","urlTemplate":"https:\/\/www.ucaldas.edu.co\/portal\/?s={search_term_string}"},"query-input":{"@type":"PropertyValueSpecification","valueRequired":true,"valueName":"search_term_string"}}],"inLanguage":"es"},{"@type":"Organization","@id":"https:\/\/www.ucaldas.edu.co\/portal\/#organization","name":"Universidad de Caldas","alternateName":"U. de Caldas","url":"https:\/\/www.ucaldas.edu.co\/portal\/","logo":{"@type":"ImageObject","inLanguage":"es","@id":"https:\/\/www.ucaldas.edu.co\/portal\/#\/schema\/logo\/image\/","url":"https:\/\/www.ucaldas.edu.co\/portal\/wp-content\/uploads\/2023\/11\/Logo_horizontal_oscuroU-2023.png","contentUrl":"https:\/\/www.ucaldas.edu.co\/portal\/wp-content\/uploads\/2023\/11\/Logo_horizontal_oscuroU-2023.png","width":263,"height":101,"caption":"Universidad de Caldas"},"image":{"@id":"https:\/\/www.ucaldas.edu.co\/portal\/#\/schema\/logo\/image\/"},"sameAs":["https:\/\/www.facebook.com\/udecaldas","https:\/\/x.com\/udecaldas","https:\/\/www.youtube.com\/universidadcaldas","https:\/\/www.instagram.com\/udecaldas\/"]},{"@type":"Person","@id":"https:\/\/www.ucaldas.edu.co\/portal\/#\/schema\/person\/a1b482e23449158b4bc319926c074fdf","name":"ofiprensa","image":{"@type":"ImageObject","inLanguage":"es","@id":"https:\/\/www.ucaldas.edu.co\/portal\/wp-content\/litespeed\/avatar\/09ea5085e600095a7a811142c6944527.jpg?ver=1776892805","url":"https:\/\/www.ucaldas.edu.co\/portal\/wp-content\/litespeed\/avatar\/09ea5085e600095a7a811142c6944527.jpg?ver=1776892805","contentUrl":"https:\/\/www.ucaldas.edu.co\/portal\/wp-content\/litespeed\/avatar\/09ea5085e600095a7a811142c6944527.jpg?ver=1776892805","caption":"ofiprensa"},"url":"https:\/\/www.ucaldas.edu.co\/portal\/author\/ofiprensa\/"}]}},"_links":{"self":[{"href":"https:\/\/www.ucaldas.edu.co\/portal\/wp-json\/wp\/v2\/posts\/73806","targetHints":{"allow":["GET"]}}],"collection":[{"href":"https:\/\/www.ucaldas.edu.co\/portal\/wp-json\/wp\/v2\/posts"}],"about":[{"href":"https:\/\/www.ucaldas.edu.co\/portal\/wp-json\/wp\/v2\/types\/post"}],"author":[{"embeddable":true,"href":"https:\/\/www.ucaldas.edu.co\/portal\/wp-json\/wp\/v2\/users\/2"}],"replies":[{"embeddable":true,"href":"https:\/\/www.ucaldas.edu.co\/portal\/wp-json\/wp\/v2\/comments?post=73806"}],"version-history":[{"count":0,"href":"https:\/\/www.ucaldas.edu.co\/portal\/wp-json\/wp\/v2\/posts\/73806\/revisions"}],"wp:featuredmedia":[{"embeddable":true,"href":"https:\/\/www.ucaldas.edu.co\/portal\/wp-json\/wp\/v2\/media\/73807"}],"wp:attachment":[{"href":"https:\/\/www.ucaldas.edu.co\/portal\/wp-json\/wp\/v2\/media?parent=73806"}],"wp:term":[{"taxonomy":"category","embeddable":true,"href":"https:\/\/www.ucaldas.edu.co\/portal\/wp-json\/wp\/v2\/categories?post=73806"},{"taxonomy":"post_tag","embeddable":true,"href":"https:\/\/www.ucaldas.edu.co\/portal\/wp-json\/wp\/v2\/tags?post=73806"}],"curies":[{"name":"wp","href":"https:\/\/api.w.org\/{rel}","templated":true}]}}