{"id":73786,"date":"2022-11-22T22:07:19","date_gmt":"2022-11-22T22:07:19","guid":{"rendered":"https:\/\/www.ucaldas.edu.co\/portal\/?p=73786"},"modified":"2022-11-22T22:07:19","modified_gmt":"2022-11-22T22:07:19","slug":"centro-de-estudios-sobre-conflicto-violencia-y-convivencia-social-cedat-participo-en-audiencia-publica-de-la-jep","status":"publish","type":"post","link":"https:\/\/www.ucaldas.edu.co\/portal\/centro-de-estudios-sobre-conflicto-violencia-y-convivencia-social-cedat-participo-en-audiencia-publica-de-la-jep\/","title":{"rendered":"Centro de Estudios sobre Conflicto, Violencia y Convivencia Social (CEDAT) particip\u00f3 en audiencia p\u00fablica de la JEP"},"content":{"rendered":"<p><img loading=\"lazy\" decoding=\"async\" class=\"aligncenter size-full wp-image-73787\" src=\"https:\/\/www.ucaldas.edu.co\/portal\/wp-content\/uploads\/2022\/11\/cedat.jpg\" alt=\"El CEDAT de la Universidad de Caldas es una de las organizaciones que trabaja en el acompa\u00f1amiento y asesor\u00eda t\u00e9cnica y acad\u00e9mica en el proceso de b\u00fasqueda de personas dadas por desaparecidas en el conflicto armado\" width=\"700\" height=\"400\" srcset=\"https:\/\/www.ucaldas.edu.co\/portal\/wp-content\/uploads\/2022\/11\/cedat.jpg 700w, https:\/\/www.ucaldas.edu.co\/portal\/wp-content\/uploads\/2022\/11\/cedat-300x171.jpg 300w\" sizes=\"auto, (max-width: 700px) 100vw, 700px\" \/><\/p>\n<p>Delegados del Centro de Estudios sobre Conflicto, Violencia y Convivencia Social (CEDAT) de la Universidad de Caldas participaron en la audiencia p\u00fablica de seguimiento a las medidas cautelares que fueron impartidas a 27 cementerios de igual n\u00famero de municipios de los departamentos de Risaralda y Quind\u00edo.<\/p>\n<p><!--more--><\/p>\n<p>Durante la diligencia que se llev\u00f3 a cabo en el municipio de Marsella en el occidente del departamento de Risaralda, se recibieron y revisaron diversos informes sobre los cementerios protegidos, realizados por la Unidad de Investigaci\u00f3n y Acusaci\u00f3n UIA, la Fiscal\u00eda General de la Naci\u00f3n, la Unidad de B\u00fasqueda de Personas dadas por Desaparecidas UBPD, con el apoyo y gesti\u00f3n de diferentes autoridades del orden nacional que tienen el deber de conservar, custodiar y proteger los cuerpos de las v\u00edctimas.<\/p>\n<p>\u201cLa realizaci\u00f3n de esta audiencia se traduce en una oportunidad para la visibilizaci\u00f3n de las din\u00e1micas de desaparici\u00f3n forzada en la regi\u00f3n, donde seg\u00fan la Comisi\u00f3n de la Verdad m\u00e1s de 4 mil personas han sido v\u00edctimas de violaci\u00f3n a los derechos humanos\u201d, indic\u00f3 la directora del CEDAT Carolina L\u00f3pez Giraldo.<\/p>\n<p>En la audiencia participaron representantes del Colectivo Sociojur\u00eddico Orlando Fals Borda; Movimiento Nacional de V\u00edctimas de Cr\u00edmenes de Estado;\u00a0Corporaci\u00f3n Mimbre, legado para La Paz;\u00a0Programa de Investigaci\u00f3n Transiciones y Memoria; Semillero de Investigaci\u00f3n Figuraciones de la Violencia y el poder; y la Asociaci\u00f3n de Familiares V\u00edctimas de la Masacre de Trujillo AFAVIT.<\/p>\n<p>Seg\u00fan el informe emitido por organizaciones de v\u00edctimas y familias, este tipo de actividades son necesarias para contrarrestar los procesos de invisibilizaci\u00f3n del conflicto a nivel regional, los cual afectan el despliegue territorial de instituciones que tienen como misi\u00f3n la b\u00fasqueda de desaparecidos.<\/p>\n<p>El CEDAT de la Universidad de Caldas es una de las organizaciones que trabaja en el acompa\u00f1amiento y asesor\u00eda t\u00e9cnica y acad\u00e9mica en el proceso de b\u00fasqueda de personas dadas por desaparecidas en el conflicto armado y en la reparaci\u00f3n de las familias v\u00edctimas de la violencia en Colombia<\/p>\n<p>&nbsp;<\/p>\n<p><strong><a href=\"https:\/\/movimientodevictimas.org\/el-eje-cafetero-busca-sus-desaparecidxs\/\">Informe aqu\u00ed.<\/a><\/strong><\/p>\n<p><strong>\u00a0<\/strong><\/p>\n<p><strong>Informes: <\/strong>Oficina de Comunicaciones y Prensa Universidad de Caldas.<br \/>\n<strong>Redacci\u00f3n:<\/strong> Mateo Buritic\u00e1 Giraldo<\/p>\n<p>&nbsp;<\/p>\n","protected":false},"excerpt":{"rendered":"<p>Delegados del Centro de Estudios sobre Conflicto, Violencia y Convivencia Social (CEDAT) de la Universidad de Caldas participaron en la audiencia p\u00fablica de seguimiento a las medidas cautelares que fueron impartidas a 27 cementerios de igual n\u00famero de municipios de los departamentos de Risaralda y Quind\u00edo.<\/p>\n","protected":false},"author":2,"featured_media":73787,"comment_status":"closed","ping_status":"open","sticky":false,"template":"","format":"standard","meta":{"footnotes":""},"categories":[48,53,62],"tags":[2055,4126,4495,9468],"class_list":["post-73786","post","type-post","status-publish","format-standard","has-post-thumbnail","hentry","category-actualidad","category-universidad-al-dia","category-eventos","tag-cedat","tag-comision-de-la-verdad","tag-jep","tag-reparacion-victimas"],"yoast_head":"<!-- This site is optimized with the Yoast SEO plugin v27.5 - https:\/\/yoast.com\/product\/yoast-seo-wordpress\/ -->\n<title>Centro de Estudios sobre Conflicto, Violencia y Convivencia Social (CEDAT) particip\u00f3 en audiencia p\u00fablica de la JEP .<\/title>\n<meta name=\"robots\" content=\"index, follow, max-snippet:-1, max-image-preview:large, max-video-preview:-1\" \/>\n<link rel=\"canonical\" href=\"https:\/\/www.ucaldas.edu.co\/portal\/centro-de-estudios-sobre-conflicto-violencia-y-convivencia-social-cedat-participo-en-audiencia-publica-de-la-jep\/\" \/>\n<script type=\"application\/ld+json\" class=\"yoast-schema-graph\">{\"@context\":\"https:\\\/\\\/schema.org\",\"@graph\":[{\"@type\":\"Article\",\"@id\":\"https:\\\/\\\/www.ucaldas.edu.co\\\/portal\\\/centro-de-estudios-sobre-conflicto-violencia-y-convivencia-social-cedat-participo-en-audiencia-publica-de-la-jep\\\/#article\",\"isPartOf\":{\"@id\":\"https:\\\/\\\/www.ucaldas.edu.co\\\/portal\\\/centro-de-estudios-sobre-conflicto-violencia-y-convivencia-social-cedat-participo-en-audiencia-publica-de-la-jep\\\/\"},\"author\":{\"name\":\"ofiprensa\",\"@id\":\"https:\\\/\\\/www.ucaldas.edu.co\\\/portal\\\/#\\\/schema\\\/person\\\/a1b482e23449158b4bc319926c074fdf\"},\"headline\":\"Centro de Estudios sobre Conflicto, Violencia y Convivencia Social (CEDAT) particip\u00f3 en audiencia p\u00fablica de la JEP\",\"datePublished\":\"2022-11-22T22:07:19+00:00\",\"mainEntityOfPage\":{\"@id\":\"https:\\\/\\\/www.ucaldas.edu.co\\\/portal\\\/centro-de-estudios-sobre-conflicto-violencia-y-convivencia-social-cedat-participo-en-audiencia-publica-de-la-jep\\\/\"},\"wordCount\":397,\"publisher\":{\"@id\":\"https:\\\/\\\/www.ucaldas.edu.co\\\/portal\\\/#organization\"},\"image\":{\"@id\":\"https:\\\/\\\/www.ucaldas.edu.co\\\/portal\\\/centro-de-estudios-sobre-conflicto-violencia-y-convivencia-social-cedat-participo-en-audiencia-publica-de-la-jep\\\/#primaryimage\"},\"thumbnailUrl\":\"https:\\\/\\\/www.ucaldas.edu.co\\\/portal\\\/wp-content\\\/uploads\\\/2022\\\/11\\\/cedat.jpg\",\"keywords\":[\"Cedat\",\"comisi\u00f3n de la verdad\",\"JEP\",\"reparaci\u00f3n v\u00edctimas\"],\"articleSection\":[\"Actualidad\",\"Universidad al D\u00eda\",\"Eventos\"],\"inLanguage\":\"es\"},{\"@type\":\"WebPage\",\"@id\":\"https:\\\/\\\/www.ucaldas.edu.co\\\/portal\\\/centro-de-estudios-sobre-conflicto-violencia-y-convivencia-social-cedat-participo-en-audiencia-publica-de-la-jep\\\/\",\"url\":\"https:\\\/\\\/www.ucaldas.edu.co\\\/portal\\\/centro-de-estudios-sobre-conflicto-violencia-y-convivencia-social-cedat-participo-en-audiencia-publica-de-la-jep\\\/\",\"name\":\"Centro de Estudios sobre Conflicto, Violencia y Convivencia Social (CEDAT) particip\u00f3 en audiencia p\u00fablica de la JEP .\",\"isPartOf\":{\"@id\":\"https:\\\/\\\/www.ucaldas.edu.co\\\/portal\\\/#website\"},\"primaryImageOfPage\":{\"@id\":\"https:\\\/\\\/www.ucaldas.edu.co\\\/portal\\\/centro-de-estudios-sobre-conflicto-violencia-y-convivencia-social-cedat-participo-en-audiencia-publica-de-la-jep\\\/#primaryimage\"},\"image\":{\"@id\":\"https:\\\/\\\/www.ucaldas.edu.co\\\/portal\\\/centro-de-estudios-sobre-conflicto-violencia-y-convivencia-social-cedat-participo-en-audiencia-publica-de-la-jep\\\/#primaryimage\"},\"thumbnailUrl\":\"https:\\\/\\\/www.ucaldas.edu.co\\\/portal\\\/wp-content\\\/uploads\\\/2022\\\/11\\\/cedat.jpg\",\"datePublished\":\"2022-11-22T22:07:19+00:00\",\"breadcrumb\":{\"@id\":\"https:\\\/\\\/www.ucaldas.edu.co\\\/portal\\\/centro-de-estudios-sobre-conflicto-violencia-y-convivencia-social-cedat-participo-en-audiencia-publica-de-la-jep\\\/#breadcrumb\"},\"inLanguage\":\"es\",\"potentialAction\":[{\"@type\":\"ReadAction\",\"target\":[\"https:\\\/\\\/www.ucaldas.edu.co\\\/portal\\\/centro-de-estudios-sobre-conflicto-violencia-y-convivencia-social-cedat-participo-en-audiencia-publica-de-la-jep\\\/\"]}]},{\"@type\":\"ImageObject\",\"inLanguage\":\"es\",\"@id\":\"https:\\\/\\\/www.ucaldas.edu.co\\\/portal\\\/centro-de-estudios-sobre-conflicto-violencia-y-convivencia-social-cedat-participo-en-audiencia-publica-de-la-jep\\\/#primaryimage\",\"url\":\"https:\\\/\\\/www.ucaldas.edu.co\\\/portal\\\/wp-content\\\/uploads\\\/2022\\\/11\\\/cedat.jpg\",\"contentUrl\":\"https:\\\/\\\/www.ucaldas.edu.co\\\/portal\\\/wp-content\\\/uploads\\\/2022\\\/11\\\/cedat.jpg\",\"width\":700,\"height\":400,\"caption\":\"El CEDAT de la Universidad de Caldas es una de las organizaciones que trabaja en el acompa\u00f1amiento y asesor\u00eda t\u00e9cnica y acad\u00e9mica en el proceso de b\u00fasqueda de personas dadas por desaparecidas en el conflicto armado\"},{\"@type\":\"BreadcrumbList\",\"@id\":\"https:\\\/\\\/www.ucaldas.edu.co\\\/portal\\\/centro-de-estudios-sobre-conflicto-violencia-y-convivencia-social-cedat-participo-en-audiencia-publica-de-la-jep\\\/#breadcrumb\",\"itemListElement\":[{\"@type\":\"ListItem\",\"position\":1,\"name\":\"Portada\",\"item\":\"https:\\\/\\\/www.ucaldas.edu.co\\\/portal\\\/\"},{\"@type\":\"ListItem\",\"position\":2,\"name\":\"Centro de Estudios sobre Conflicto, Violencia y Convivencia Social (CEDAT) particip\u00f3 en audiencia p\u00fablica de la JEP\"}]},{\"@type\":\"WebSite\",\"@id\":\"https:\\\/\\\/www.ucaldas.edu.co\\\/portal\\\/#website\",\"url\":\"https:\\\/\\\/www.ucaldas.edu.co\\\/portal\\\/\",\"name\":\"Universidad de Caldas\",\"description\":\"\",\"publisher\":{\"@id\":\"https:\\\/\\\/www.ucaldas.edu.co\\\/portal\\\/#organization\"},\"alternateName\":\"U. de Caldas\",\"potentialAction\":[{\"@type\":\"SearchAction\",\"target\":{\"@type\":\"EntryPoint\",\"urlTemplate\":\"https:\\\/\\\/www.ucaldas.edu.co\\\/portal\\\/?s={search_term_string}\"},\"query-input\":{\"@type\":\"PropertyValueSpecification\",\"valueRequired\":true,\"valueName\":\"search_term_string\"}}],\"inLanguage\":\"es\"},{\"@type\":\"Organization\",\"@id\":\"https:\\\/\\\/www.ucaldas.edu.co\\\/portal\\\/#organization\",\"name\":\"Universidad de Caldas\",\"alternateName\":\"U. de Caldas\",\"url\":\"https:\\\/\\\/www.ucaldas.edu.co\\\/portal\\\/\",\"logo\":{\"@type\":\"ImageObject\",\"inLanguage\":\"es\",\"@id\":\"https:\\\/\\\/www.ucaldas.edu.co\\\/portal\\\/#\\\/schema\\\/logo\\\/image\\\/\",\"url\":\"https:\\\/\\\/www.ucaldas.edu.co\\\/portal\\\/wp-content\\\/uploads\\\/2023\\\/11\\\/Logo_horizontal_oscuroU-2023.png\",\"contentUrl\":\"https:\\\/\\\/www.ucaldas.edu.co\\\/portal\\\/wp-content\\\/uploads\\\/2023\\\/11\\\/Logo_horizontal_oscuroU-2023.png\",\"width\":263,\"height\":101,\"caption\":\"Universidad de Caldas\"},\"image\":{\"@id\":\"https:\\\/\\\/www.ucaldas.edu.co\\\/portal\\\/#\\\/schema\\\/logo\\\/image\\\/\"},\"sameAs\":[\"https:\\\/\\\/www.facebook.com\\\/udecaldas\",\"https:\\\/\\\/x.com\\\/udecaldas\",\"https:\\\/\\\/www.youtube.com\\\/universidadcaldas\",\"https:\\\/\\\/www.instagram.com\\\/udecaldas\\\/\"]},{\"@type\":\"Person\",\"@id\":\"https:\\\/\\\/www.ucaldas.edu.co\\\/portal\\\/#\\\/schema\\\/person\\\/a1b482e23449158b4bc319926c074fdf\",\"name\":\"ofiprensa\",\"image\":{\"@type\":\"ImageObject\",\"inLanguage\":\"es\",\"@id\":\"https:\\\/\\\/www.ucaldas.edu.co\\\/portal\\\/wp-content\\\/litespeed\\\/avatar\\\/09ea5085e600095a7a811142c6944527.jpg?ver=1777497608\",\"url\":\"https:\\\/\\\/www.ucaldas.edu.co\\\/portal\\\/wp-content\\\/litespeed\\\/avatar\\\/09ea5085e600095a7a811142c6944527.jpg?ver=1777497608\",\"contentUrl\":\"https:\\\/\\\/www.ucaldas.edu.co\\\/portal\\\/wp-content\\\/litespeed\\\/avatar\\\/09ea5085e600095a7a811142c6944527.jpg?ver=1777497608\",\"caption\":\"ofiprensa\"},\"url\":\"https:\\\/\\\/www.ucaldas.edu.co\\\/portal\\\/author\\\/ofiprensa\\\/\"}]}<\/script>\n<!-- \/ Yoast SEO plugin. -->","yoast_head_json":{"title":"Centro de Estudios sobre Conflicto, Violencia y Convivencia Social (CEDAT) particip\u00f3 en audiencia p\u00fablica de la JEP .","robots":{"index":"index","follow":"follow","max-snippet":"max-snippet:-1","max-image-preview":"max-image-preview:large","max-video-preview":"max-video-preview:-1"},"canonical":"https:\/\/www.ucaldas.edu.co\/portal\/centro-de-estudios-sobre-conflicto-violencia-y-convivencia-social-cedat-participo-en-audiencia-publica-de-la-jep\/","schema":{"@context":"https:\/\/schema.org","@graph":[{"@type":"Article","@id":"https:\/\/www.ucaldas.edu.co\/portal\/centro-de-estudios-sobre-conflicto-violencia-y-convivencia-social-cedat-participo-en-audiencia-publica-de-la-jep\/#article","isPartOf":{"@id":"https:\/\/www.ucaldas.edu.co\/portal\/centro-de-estudios-sobre-conflicto-violencia-y-convivencia-social-cedat-participo-en-audiencia-publica-de-la-jep\/"},"author":{"name":"ofiprensa","@id":"https:\/\/www.ucaldas.edu.co\/portal\/#\/schema\/person\/a1b482e23449158b4bc319926c074fdf"},"headline":"Centro de Estudios sobre Conflicto, Violencia y Convivencia Social (CEDAT) particip\u00f3 en audiencia p\u00fablica de la JEP","datePublished":"2022-11-22T22:07:19+00:00","mainEntityOfPage":{"@id":"https:\/\/www.ucaldas.edu.co\/portal\/centro-de-estudios-sobre-conflicto-violencia-y-convivencia-social-cedat-participo-en-audiencia-publica-de-la-jep\/"},"wordCount":397,"publisher":{"@id":"https:\/\/www.ucaldas.edu.co\/portal\/#organization"},"image":{"@id":"https:\/\/www.ucaldas.edu.co\/portal\/centro-de-estudios-sobre-conflicto-violencia-y-convivencia-social-cedat-participo-en-audiencia-publica-de-la-jep\/#primaryimage"},"thumbnailUrl":"https:\/\/www.ucaldas.edu.co\/portal\/wp-content\/uploads\/2022\/11\/cedat.jpg","keywords":["Cedat","comisi\u00f3n de la verdad","JEP","reparaci\u00f3n v\u00edctimas"],"articleSection":["Actualidad","Universidad al D\u00eda","Eventos"],"inLanguage":"es"},{"@type":"WebPage","@id":"https:\/\/www.ucaldas.edu.co\/portal\/centro-de-estudios-sobre-conflicto-violencia-y-convivencia-social-cedat-participo-en-audiencia-publica-de-la-jep\/","url":"https:\/\/www.ucaldas.edu.co\/portal\/centro-de-estudios-sobre-conflicto-violencia-y-convivencia-social-cedat-participo-en-audiencia-publica-de-la-jep\/","name":"Centro de Estudios sobre Conflicto, Violencia y Convivencia Social (CEDAT) particip\u00f3 en audiencia p\u00fablica de la JEP .","isPartOf":{"@id":"https:\/\/www.ucaldas.edu.co\/portal\/#website"},"primaryImageOfPage":{"@id":"https:\/\/www.ucaldas.edu.co\/portal\/centro-de-estudios-sobre-conflicto-violencia-y-convivencia-social-cedat-participo-en-audiencia-publica-de-la-jep\/#primaryimage"},"image":{"@id":"https:\/\/www.ucaldas.edu.co\/portal\/centro-de-estudios-sobre-conflicto-violencia-y-convivencia-social-cedat-participo-en-audiencia-publica-de-la-jep\/#primaryimage"},"thumbnailUrl":"https:\/\/www.ucaldas.edu.co\/portal\/wp-content\/uploads\/2022\/11\/cedat.jpg","datePublished":"2022-11-22T22:07:19+00:00","breadcrumb":{"@id":"https:\/\/www.ucaldas.edu.co\/portal\/centro-de-estudios-sobre-conflicto-violencia-y-convivencia-social-cedat-participo-en-audiencia-publica-de-la-jep\/#breadcrumb"},"inLanguage":"es","potentialAction":[{"@type":"ReadAction","target":["https:\/\/www.ucaldas.edu.co\/portal\/centro-de-estudios-sobre-conflicto-violencia-y-convivencia-social-cedat-participo-en-audiencia-publica-de-la-jep\/"]}]},{"@type":"ImageObject","inLanguage":"es","@id":"https:\/\/www.ucaldas.edu.co\/portal\/centro-de-estudios-sobre-conflicto-violencia-y-convivencia-social-cedat-participo-en-audiencia-publica-de-la-jep\/#primaryimage","url":"https:\/\/www.ucaldas.edu.co\/portal\/wp-content\/uploads\/2022\/11\/cedat.jpg","contentUrl":"https:\/\/www.ucaldas.edu.co\/portal\/wp-content\/uploads\/2022\/11\/cedat.jpg","width":700,"height":400,"caption":"El CEDAT de la Universidad de Caldas es una de las organizaciones que trabaja en el acompa\u00f1amiento y asesor\u00eda t\u00e9cnica y acad\u00e9mica en el proceso de b\u00fasqueda de personas dadas por desaparecidas en el conflicto armado"},{"@type":"BreadcrumbList","@id":"https:\/\/www.ucaldas.edu.co\/portal\/centro-de-estudios-sobre-conflicto-violencia-y-convivencia-social-cedat-participo-en-audiencia-publica-de-la-jep\/#breadcrumb","itemListElement":[{"@type":"ListItem","position":1,"name":"Portada","item":"https:\/\/www.ucaldas.edu.co\/portal\/"},{"@type":"ListItem","position":2,"name":"Centro de Estudios sobre Conflicto, Violencia y Convivencia Social (CEDAT) particip\u00f3 en audiencia p\u00fablica de la JEP"}]},{"@type":"WebSite","@id":"https:\/\/www.ucaldas.edu.co\/portal\/#website","url":"https:\/\/www.ucaldas.edu.co\/portal\/","name":"Universidad de Caldas","description":"","publisher":{"@id":"https:\/\/www.ucaldas.edu.co\/portal\/#organization"},"alternateName":"U. de Caldas","potentialAction":[{"@type":"SearchAction","target":{"@type":"EntryPoint","urlTemplate":"https:\/\/www.ucaldas.edu.co\/portal\/?s={search_term_string}"},"query-input":{"@type":"PropertyValueSpecification","valueRequired":true,"valueName":"search_term_string"}}],"inLanguage":"es"},{"@type":"Organization","@id":"https:\/\/www.ucaldas.edu.co\/portal\/#organization","name":"Universidad de Caldas","alternateName":"U. de Caldas","url":"https:\/\/www.ucaldas.edu.co\/portal\/","logo":{"@type":"ImageObject","inLanguage":"es","@id":"https:\/\/www.ucaldas.edu.co\/portal\/#\/schema\/logo\/image\/","url":"https:\/\/www.ucaldas.edu.co\/portal\/wp-content\/uploads\/2023\/11\/Logo_horizontal_oscuroU-2023.png","contentUrl":"https:\/\/www.ucaldas.edu.co\/portal\/wp-content\/uploads\/2023\/11\/Logo_horizontal_oscuroU-2023.png","width":263,"height":101,"caption":"Universidad de Caldas"},"image":{"@id":"https:\/\/www.ucaldas.edu.co\/portal\/#\/schema\/logo\/image\/"},"sameAs":["https:\/\/www.facebook.com\/udecaldas","https:\/\/x.com\/udecaldas","https:\/\/www.youtube.com\/universidadcaldas","https:\/\/www.instagram.com\/udecaldas\/"]},{"@type":"Person","@id":"https:\/\/www.ucaldas.edu.co\/portal\/#\/schema\/person\/a1b482e23449158b4bc319926c074fdf","name":"ofiprensa","image":{"@type":"ImageObject","inLanguage":"es","@id":"https:\/\/www.ucaldas.edu.co\/portal\/wp-content\/litespeed\/avatar\/09ea5085e600095a7a811142c6944527.jpg?ver=1777497608","url":"https:\/\/www.ucaldas.edu.co\/portal\/wp-content\/litespeed\/avatar\/09ea5085e600095a7a811142c6944527.jpg?ver=1777497608","contentUrl":"https:\/\/www.ucaldas.edu.co\/portal\/wp-content\/litespeed\/avatar\/09ea5085e600095a7a811142c6944527.jpg?ver=1777497608","caption":"ofiprensa"},"url":"https:\/\/www.ucaldas.edu.co\/portal\/author\/ofiprensa\/"}]}},"_links":{"self":[{"href":"https:\/\/www.ucaldas.edu.co\/portal\/wp-json\/wp\/v2\/posts\/73786","targetHints":{"allow":["GET"]}}],"collection":[{"href":"https:\/\/www.ucaldas.edu.co\/portal\/wp-json\/wp\/v2\/posts"}],"about":[{"href":"https:\/\/www.ucaldas.edu.co\/portal\/wp-json\/wp\/v2\/types\/post"}],"author":[{"embeddable":true,"href":"https:\/\/www.ucaldas.edu.co\/portal\/wp-json\/wp\/v2\/users\/2"}],"replies":[{"embeddable":true,"href":"https:\/\/www.ucaldas.edu.co\/portal\/wp-json\/wp\/v2\/comments?post=73786"}],"version-history":[{"count":0,"href":"https:\/\/www.ucaldas.edu.co\/portal\/wp-json\/wp\/v2\/posts\/73786\/revisions"}],"wp:featuredmedia":[{"embeddable":true,"href":"https:\/\/www.ucaldas.edu.co\/portal\/wp-json\/wp\/v2\/media\/73787"}],"wp:attachment":[{"href":"https:\/\/www.ucaldas.edu.co\/portal\/wp-json\/wp\/v2\/media?parent=73786"}],"wp:term":[{"taxonomy":"category","embeddable":true,"href":"https:\/\/www.ucaldas.edu.co\/portal\/wp-json\/wp\/v2\/categories?post=73786"},{"taxonomy":"post_tag","embeddable":true,"href":"https:\/\/www.ucaldas.edu.co\/portal\/wp-json\/wp\/v2\/tags?post=73786"}],"curies":[{"name":"wp","href":"https:\/\/api.w.org\/{rel}","templated":true}]}}