{"id":73745,"date":"2022-11-21T21:07:10","date_gmt":"2022-11-21T21:07:10","guid":{"rendered":"https:\/\/www.ucaldas.edu.co\/portal\/?p=73745"},"modified":"2022-11-21T21:07:10","modified_gmt":"2022-11-21T21:07:10","slug":"minciencias-abre-convocatoria-estancias-con-proposito-empresarial","status":"publish","type":"post","link":"https:\/\/www.ucaldas.edu.co\/portal\/minciencias-abre-convocatoria-estancias-con-proposito-empresarial\/","title":{"rendered":"Minciencias abre convocatoria estancias con prop\u00f3sito empresarial."},"content":{"rendered":"<p><img loading=\"lazy\" decoding=\"async\" class=\"aligncenter size-full wp-image-73746\" src=\"https:\/\/www.ucaldas.edu.co\/portal\/wp-content\/uploads\/2022\/11\/El-texto-del-parrafo.jpg\" alt=\"Informaci\u00f3n completa en el portal de Minciencias\" width=\"700\" height=\"400\" srcset=\"https:\/\/www.ucaldas.edu.co\/portal\/wp-content\/uploads\/2022\/11\/El-texto-del-parrafo.jpg 700w, https:\/\/www.ucaldas.edu.co\/portal\/wp-content\/uploads\/2022\/11\/El-texto-del-parrafo-300x171.jpg 300w\" sizes=\"auto, (max-width: 700px) 100vw, 700px\" \/><\/p>\n<p>&nbsp;<\/p>\n<p>Hasta el 23 de febrero de 2023 Minciencias tiene abierta la convocatoria estancias con prop\u00f3sito empresarial, para el fortalecimiento de la relaci\u00f3n entre el sector acad\u00e9mico, actores del SNCTI y empresas colombianas.<\/p>\n<p><!--more--><\/p>\n<p>El prop\u00f3sito de esta convocatoria es consolidar la relaci\u00f3n entre el sector acad\u00e9mico, los actores reconocidos del Sistema Nacional de CTeI y las empresas colombianas, mediante la realizaci\u00f3n de estancias cortas de investigaci\u00f3n, desarrollo tecnol\u00f3gico y\/o innovaci\u00f3n de inter\u00e9s mutuo y que contribuyan a elevar las capacidades de I+D+i de las empresas con la participaci\u00f3n de j\u00f3venes investigadores e innovadores y doctores.<\/p>\n<p>As\u00ed mismo, se busca promover la interacci\u00f3n del recurso humano de alto nivel y de los j\u00f3venes investigadores e innovadores que permita facilitar el desarrollo de nuevas tecnolog\u00edas, productos y procesos de las empresas y enriquecer la experiencia del joven investigador e innovador acompa\u00f1ado de un doctor para la realizaci\u00f3n de propuestas de estancias cortas de investigaci\u00f3n, desarrollo tecnol\u00f3gico y\/o innovaci\u00f3n en empresas colombianas.<\/p>\n<p>La convocatoria est\u00e1 dirigida a instituciones \u00a0de Educaci\u00f3n Superior (IES) o actores reconocidos del Sistema Nacional de CTeI-3- (excepto las Empresas Altamente Innovadoras (EAI) y las Unidades de I+D+i de Empresas, toda vez est\u00e1n en la categor\u00eda de empresas) y una empresa , interesadas en trabajar de manera articulada para contribuir a elevar las capacidades de I+D+i de la empresa, mediante la realizaci\u00f3n de una estancia corta de investigaci\u00f3n, desarrollo tecnol\u00f3gico y\/o innovaci\u00f3n, en la que participe un joven investigador e innovador y un doctor.<\/p>\n<p>Las propuestas para el desarrollo de las estancias cortas de investigaci\u00f3n, desarrollo tecnol\u00f3gico y\/o innovaci\u00f3n, deber\u00e1n estar relacionadas con al menos uno de los Focos tem\u00e1ticos de la Misi\u00f3n Internacional de Sabios se\u00f1alados a continuaci\u00f3n:<\/p>\n<ol>\n<li>Tecnolog\u00edas convergentes (nano, info y cognotecnolog\u00eda) \u2013 Industrias 4.0<\/li>\n<li>Industrias culturales y creativas.<\/li>\n<li>Energ\u00eda sostenible.<\/li>\n<li>Biotecnolog\u00eda, medio ambiente y bioeconom\u00eda.<\/li>\n<li>Oc\u00e9anos y recursos hidrobiol\u00f3gicos.<\/li>\n<li>Ciencias sociales y Desarrollo Humano con Equidad.<\/li>\n<li>Ciencias de la vida y de la salud.<\/li>\n<li>Ciencias b\u00e1sicas y del espacio<\/li>\n<\/ol>\n<p>Los Doctores y los candidatos a J\u00f3venes Investigadores e Innovadores en primera instancia deber\u00e1n registrar o actualizar su hoja de vida en el aplicativo CvLAC disponible en el sitio WEB de la plataforma ScienTI del Ministerio de Ciencia, Tecnolog\u00eda e Innovaci\u00f3n, sitio web: <strong><a href=\"https:\/\/www.minciencias.gov.co\/scienti\">https:\/\/www.minciencias.gov.co\/scienti<\/a><\/strong><\/p>\n<p><strong>\u00a0<\/strong><\/p>\n<p>Convocatoria completa<strong> <a href=\"Los%20Doctores%20y%20los%20candidatos%20a%20J\u00f3venes%20Investigadores%20e%20Innovadores%20en%20primera%20instancia%20deber\u00e1n%20registrar%20o\">aqu\u00ed<\/a><\/strong><\/p>\n<p><strong>\u00a0<\/strong><\/p>\n<p>&nbsp;<\/p>\n<p><strong>Informes: <\/strong>Oficina de Comunicaciones y Prensa Universidad de Caldas.<br \/>\n<strong>Redacci\u00f3n:<\/strong> Adriana Salazar Villegas<\/p>\n<p>&nbsp;<\/p>\n","protected":false},"excerpt":{"rendered":"<p>&nbsp; Hasta el 23 de febrero de 2023 Minciencias tiene abierta la convocatoria estancias con prop\u00f3sito empresarial, para el fortalecimiento de la relaci\u00f3n entre el sector acad\u00e9mico, actores del SNCTI y empresas colombianas.<\/p>\n","protected":false},"author":2,"featured_media":73746,"comment_status":"closed","ping_status":"open","sticky":false,"template":"","format":"standard","meta":{"footnotes":""},"categories":[48,53,620],"tags":[141,4543,9455,9456,9457],"class_list":["post-73745","post","type-post","status-publish","format-standard","has-post-thumbnail","hentry","category-actualidad","category-universidad-al-dia","category-ucaldas-transparente","tag-convocatoria","tag-minciencias","tag-sector-academico","tag-actores-del-sncti","tag-empresas-colombianas"],"yoast_head":"<!-- This site is optimized with the Yoast SEO plugin v27.5 - https:\/\/yoast.com\/product\/yoast-seo-wordpress\/ -->\n<title>Minciencias abre convocatoria estancias con prop\u00f3sito empresarial. .<\/title>\n<meta name=\"robots\" content=\"index, follow, max-snippet:-1, max-image-preview:large, max-video-preview:-1\" \/>\n<link rel=\"canonical\" href=\"https:\/\/www.ucaldas.edu.co\/portal\/minciencias-abre-convocatoria-estancias-con-proposito-empresarial\/\" \/>\n<script type=\"application\/ld+json\" class=\"yoast-schema-graph\">{\"@context\":\"https:\\\/\\\/schema.org\",\"@graph\":[{\"@type\":\"Article\",\"@id\":\"https:\\\/\\\/www.ucaldas.edu.co\\\/portal\\\/minciencias-abre-convocatoria-estancias-con-proposito-empresarial\\\/#article\",\"isPartOf\":{\"@id\":\"https:\\\/\\\/www.ucaldas.edu.co\\\/portal\\\/minciencias-abre-convocatoria-estancias-con-proposito-empresarial\\\/\"},\"author\":{\"name\":\"ofiprensa\",\"@id\":\"https:\\\/\\\/www.ucaldas.edu.co\\\/portal\\\/#\\\/schema\\\/person\\\/a1b482e23449158b4bc319926c074fdf\"},\"headline\":\"Minciencias abre convocatoria estancias con prop\u00f3sito empresarial.\",\"datePublished\":\"2022-11-21T21:07:10+00:00\",\"mainEntityOfPage\":{\"@id\":\"https:\\\/\\\/www.ucaldas.edu.co\\\/portal\\\/minciencias-abre-convocatoria-estancias-con-proposito-empresarial\\\/\"},\"wordCount\":453,\"publisher\":{\"@id\":\"https:\\\/\\\/www.ucaldas.edu.co\\\/portal\\\/#organization\"},\"image\":{\"@id\":\"https:\\\/\\\/www.ucaldas.edu.co\\\/portal\\\/minciencias-abre-convocatoria-estancias-con-proposito-empresarial\\\/#primaryimage\"},\"thumbnailUrl\":\"https:\\\/\\\/www.ucaldas.edu.co\\\/portal\\\/wp-content\\\/uploads\\\/2022\\\/11\\\/El-texto-del-parrafo.jpg\",\"keywords\":[\"Convocatoria\",\"Minciencias\",\"sector acad\u00e9mico\",\"actores del SNCTI\",\"empresas colombianas.\"],\"articleSection\":[\"Actualidad\",\"Universidad al D\u00eda\",\"UCaldas Transparente\"],\"inLanguage\":\"es\"},{\"@type\":\"WebPage\",\"@id\":\"https:\\\/\\\/www.ucaldas.edu.co\\\/portal\\\/minciencias-abre-convocatoria-estancias-con-proposito-empresarial\\\/\",\"url\":\"https:\\\/\\\/www.ucaldas.edu.co\\\/portal\\\/minciencias-abre-convocatoria-estancias-con-proposito-empresarial\\\/\",\"name\":\"Minciencias abre convocatoria estancias con prop\u00f3sito empresarial. .\",\"isPartOf\":{\"@id\":\"https:\\\/\\\/www.ucaldas.edu.co\\\/portal\\\/#website\"},\"primaryImageOfPage\":{\"@id\":\"https:\\\/\\\/www.ucaldas.edu.co\\\/portal\\\/minciencias-abre-convocatoria-estancias-con-proposito-empresarial\\\/#primaryimage\"},\"image\":{\"@id\":\"https:\\\/\\\/www.ucaldas.edu.co\\\/portal\\\/minciencias-abre-convocatoria-estancias-con-proposito-empresarial\\\/#primaryimage\"},\"thumbnailUrl\":\"https:\\\/\\\/www.ucaldas.edu.co\\\/portal\\\/wp-content\\\/uploads\\\/2022\\\/11\\\/El-texto-del-parrafo.jpg\",\"datePublished\":\"2022-11-21T21:07:10+00:00\",\"breadcrumb\":{\"@id\":\"https:\\\/\\\/www.ucaldas.edu.co\\\/portal\\\/minciencias-abre-convocatoria-estancias-con-proposito-empresarial\\\/#breadcrumb\"},\"inLanguage\":\"es\",\"potentialAction\":[{\"@type\":\"ReadAction\",\"target\":[\"https:\\\/\\\/www.ucaldas.edu.co\\\/portal\\\/minciencias-abre-convocatoria-estancias-con-proposito-empresarial\\\/\"]}]},{\"@type\":\"ImageObject\",\"inLanguage\":\"es\",\"@id\":\"https:\\\/\\\/www.ucaldas.edu.co\\\/portal\\\/minciencias-abre-convocatoria-estancias-con-proposito-empresarial\\\/#primaryimage\",\"url\":\"https:\\\/\\\/www.ucaldas.edu.co\\\/portal\\\/wp-content\\\/uploads\\\/2022\\\/11\\\/El-texto-del-parrafo.jpg\",\"contentUrl\":\"https:\\\/\\\/www.ucaldas.edu.co\\\/portal\\\/wp-content\\\/uploads\\\/2022\\\/11\\\/El-texto-del-parrafo.jpg\",\"width\":700,\"height\":400,\"caption\":\"Informaci\u00f3n completa en el portal de Minciencias\"},{\"@type\":\"BreadcrumbList\",\"@id\":\"https:\\\/\\\/www.ucaldas.edu.co\\\/portal\\\/minciencias-abre-convocatoria-estancias-con-proposito-empresarial\\\/#breadcrumb\",\"itemListElement\":[{\"@type\":\"ListItem\",\"position\":1,\"name\":\"Portada\",\"item\":\"https:\\\/\\\/www.ucaldas.edu.co\\\/portal\\\/\"},{\"@type\":\"ListItem\",\"position\":2,\"name\":\"Minciencias abre convocatoria estancias con prop\u00f3sito empresarial.\"}]},{\"@type\":\"WebSite\",\"@id\":\"https:\\\/\\\/www.ucaldas.edu.co\\\/portal\\\/#website\",\"url\":\"https:\\\/\\\/www.ucaldas.edu.co\\\/portal\\\/\",\"name\":\"Universidad de Caldas\",\"description\":\"\",\"publisher\":{\"@id\":\"https:\\\/\\\/www.ucaldas.edu.co\\\/portal\\\/#organization\"},\"alternateName\":\"U. de Caldas\",\"potentialAction\":[{\"@type\":\"SearchAction\",\"target\":{\"@type\":\"EntryPoint\",\"urlTemplate\":\"https:\\\/\\\/www.ucaldas.edu.co\\\/portal\\\/?s={search_term_string}\"},\"query-input\":{\"@type\":\"PropertyValueSpecification\",\"valueRequired\":true,\"valueName\":\"search_term_string\"}}],\"inLanguage\":\"es\"},{\"@type\":\"Organization\",\"@id\":\"https:\\\/\\\/www.ucaldas.edu.co\\\/portal\\\/#organization\",\"name\":\"Universidad de Caldas\",\"alternateName\":\"U. de Caldas\",\"url\":\"https:\\\/\\\/www.ucaldas.edu.co\\\/portal\\\/\",\"logo\":{\"@type\":\"ImageObject\",\"inLanguage\":\"es\",\"@id\":\"https:\\\/\\\/www.ucaldas.edu.co\\\/portal\\\/#\\\/schema\\\/logo\\\/image\\\/\",\"url\":\"https:\\\/\\\/www.ucaldas.edu.co\\\/portal\\\/wp-content\\\/uploads\\\/2023\\\/11\\\/Logo_horizontal_oscuroU-2023.png\",\"contentUrl\":\"https:\\\/\\\/www.ucaldas.edu.co\\\/portal\\\/wp-content\\\/uploads\\\/2023\\\/11\\\/Logo_horizontal_oscuroU-2023.png\",\"width\":263,\"height\":101,\"caption\":\"Universidad de Caldas\"},\"image\":{\"@id\":\"https:\\\/\\\/www.ucaldas.edu.co\\\/portal\\\/#\\\/schema\\\/logo\\\/image\\\/\"},\"sameAs\":[\"https:\\\/\\\/www.facebook.com\\\/udecaldas\",\"https:\\\/\\\/x.com\\\/udecaldas\",\"https:\\\/\\\/www.youtube.com\\\/universidadcaldas\",\"https:\\\/\\\/www.instagram.com\\\/udecaldas\\\/\"]},{\"@type\":\"Person\",\"@id\":\"https:\\\/\\\/www.ucaldas.edu.co\\\/portal\\\/#\\\/schema\\\/person\\\/a1b482e23449158b4bc319926c074fdf\",\"name\":\"ofiprensa\",\"image\":{\"@type\":\"ImageObject\",\"inLanguage\":\"es\",\"@id\":\"https:\\\/\\\/www.ucaldas.edu.co\\\/portal\\\/wp-content\\\/litespeed\\\/avatar\\\/09ea5085e600095a7a811142c6944527.jpg?ver=1777497608\",\"url\":\"https:\\\/\\\/www.ucaldas.edu.co\\\/portal\\\/wp-content\\\/litespeed\\\/avatar\\\/09ea5085e600095a7a811142c6944527.jpg?ver=1777497608\",\"contentUrl\":\"https:\\\/\\\/www.ucaldas.edu.co\\\/portal\\\/wp-content\\\/litespeed\\\/avatar\\\/09ea5085e600095a7a811142c6944527.jpg?ver=1777497608\",\"caption\":\"ofiprensa\"},\"url\":\"https:\\\/\\\/www.ucaldas.edu.co\\\/portal\\\/author\\\/ofiprensa\\\/\"}]}<\/script>\n<!-- \/ Yoast SEO plugin. -->","yoast_head_json":{"title":"Minciencias abre convocatoria estancias con prop\u00f3sito empresarial. .","robots":{"index":"index","follow":"follow","max-snippet":"max-snippet:-1","max-image-preview":"max-image-preview:large","max-video-preview":"max-video-preview:-1"},"canonical":"https:\/\/www.ucaldas.edu.co\/portal\/minciencias-abre-convocatoria-estancias-con-proposito-empresarial\/","schema":{"@context":"https:\/\/schema.org","@graph":[{"@type":"Article","@id":"https:\/\/www.ucaldas.edu.co\/portal\/minciencias-abre-convocatoria-estancias-con-proposito-empresarial\/#article","isPartOf":{"@id":"https:\/\/www.ucaldas.edu.co\/portal\/minciencias-abre-convocatoria-estancias-con-proposito-empresarial\/"},"author":{"name":"ofiprensa","@id":"https:\/\/www.ucaldas.edu.co\/portal\/#\/schema\/person\/a1b482e23449158b4bc319926c074fdf"},"headline":"Minciencias abre convocatoria estancias con prop\u00f3sito empresarial.","datePublished":"2022-11-21T21:07:10+00:00","mainEntityOfPage":{"@id":"https:\/\/www.ucaldas.edu.co\/portal\/minciencias-abre-convocatoria-estancias-con-proposito-empresarial\/"},"wordCount":453,"publisher":{"@id":"https:\/\/www.ucaldas.edu.co\/portal\/#organization"},"image":{"@id":"https:\/\/www.ucaldas.edu.co\/portal\/minciencias-abre-convocatoria-estancias-con-proposito-empresarial\/#primaryimage"},"thumbnailUrl":"https:\/\/www.ucaldas.edu.co\/portal\/wp-content\/uploads\/2022\/11\/El-texto-del-parrafo.jpg","keywords":["Convocatoria","Minciencias","sector acad\u00e9mico","actores del SNCTI","empresas colombianas."],"articleSection":["Actualidad","Universidad al D\u00eda","UCaldas Transparente"],"inLanguage":"es"},{"@type":"WebPage","@id":"https:\/\/www.ucaldas.edu.co\/portal\/minciencias-abre-convocatoria-estancias-con-proposito-empresarial\/","url":"https:\/\/www.ucaldas.edu.co\/portal\/minciencias-abre-convocatoria-estancias-con-proposito-empresarial\/","name":"Minciencias abre convocatoria estancias con prop\u00f3sito empresarial. .","isPartOf":{"@id":"https:\/\/www.ucaldas.edu.co\/portal\/#website"},"primaryImageOfPage":{"@id":"https:\/\/www.ucaldas.edu.co\/portal\/minciencias-abre-convocatoria-estancias-con-proposito-empresarial\/#primaryimage"},"image":{"@id":"https:\/\/www.ucaldas.edu.co\/portal\/minciencias-abre-convocatoria-estancias-con-proposito-empresarial\/#primaryimage"},"thumbnailUrl":"https:\/\/www.ucaldas.edu.co\/portal\/wp-content\/uploads\/2022\/11\/El-texto-del-parrafo.jpg","datePublished":"2022-11-21T21:07:10+00:00","breadcrumb":{"@id":"https:\/\/www.ucaldas.edu.co\/portal\/minciencias-abre-convocatoria-estancias-con-proposito-empresarial\/#breadcrumb"},"inLanguage":"es","potentialAction":[{"@type":"ReadAction","target":["https:\/\/www.ucaldas.edu.co\/portal\/minciencias-abre-convocatoria-estancias-con-proposito-empresarial\/"]}]},{"@type":"ImageObject","inLanguage":"es","@id":"https:\/\/www.ucaldas.edu.co\/portal\/minciencias-abre-convocatoria-estancias-con-proposito-empresarial\/#primaryimage","url":"https:\/\/www.ucaldas.edu.co\/portal\/wp-content\/uploads\/2022\/11\/El-texto-del-parrafo.jpg","contentUrl":"https:\/\/www.ucaldas.edu.co\/portal\/wp-content\/uploads\/2022\/11\/El-texto-del-parrafo.jpg","width":700,"height":400,"caption":"Informaci\u00f3n completa en el portal de Minciencias"},{"@type":"BreadcrumbList","@id":"https:\/\/www.ucaldas.edu.co\/portal\/minciencias-abre-convocatoria-estancias-con-proposito-empresarial\/#breadcrumb","itemListElement":[{"@type":"ListItem","position":1,"name":"Portada","item":"https:\/\/www.ucaldas.edu.co\/portal\/"},{"@type":"ListItem","position":2,"name":"Minciencias abre convocatoria estancias con prop\u00f3sito empresarial."}]},{"@type":"WebSite","@id":"https:\/\/www.ucaldas.edu.co\/portal\/#website","url":"https:\/\/www.ucaldas.edu.co\/portal\/","name":"Universidad de Caldas","description":"","publisher":{"@id":"https:\/\/www.ucaldas.edu.co\/portal\/#organization"},"alternateName":"U. de Caldas","potentialAction":[{"@type":"SearchAction","target":{"@type":"EntryPoint","urlTemplate":"https:\/\/www.ucaldas.edu.co\/portal\/?s={search_term_string}"},"query-input":{"@type":"PropertyValueSpecification","valueRequired":true,"valueName":"search_term_string"}}],"inLanguage":"es"},{"@type":"Organization","@id":"https:\/\/www.ucaldas.edu.co\/portal\/#organization","name":"Universidad de Caldas","alternateName":"U. de Caldas","url":"https:\/\/www.ucaldas.edu.co\/portal\/","logo":{"@type":"ImageObject","inLanguage":"es","@id":"https:\/\/www.ucaldas.edu.co\/portal\/#\/schema\/logo\/image\/","url":"https:\/\/www.ucaldas.edu.co\/portal\/wp-content\/uploads\/2023\/11\/Logo_horizontal_oscuroU-2023.png","contentUrl":"https:\/\/www.ucaldas.edu.co\/portal\/wp-content\/uploads\/2023\/11\/Logo_horizontal_oscuroU-2023.png","width":263,"height":101,"caption":"Universidad de Caldas"},"image":{"@id":"https:\/\/www.ucaldas.edu.co\/portal\/#\/schema\/logo\/image\/"},"sameAs":["https:\/\/www.facebook.com\/udecaldas","https:\/\/x.com\/udecaldas","https:\/\/www.youtube.com\/universidadcaldas","https:\/\/www.instagram.com\/udecaldas\/"]},{"@type":"Person","@id":"https:\/\/www.ucaldas.edu.co\/portal\/#\/schema\/person\/a1b482e23449158b4bc319926c074fdf","name":"ofiprensa","image":{"@type":"ImageObject","inLanguage":"es","@id":"https:\/\/www.ucaldas.edu.co\/portal\/wp-content\/litespeed\/avatar\/09ea5085e600095a7a811142c6944527.jpg?ver=1777497608","url":"https:\/\/www.ucaldas.edu.co\/portal\/wp-content\/litespeed\/avatar\/09ea5085e600095a7a811142c6944527.jpg?ver=1777497608","contentUrl":"https:\/\/www.ucaldas.edu.co\/portal\/wp-content\/litespeed\/avatar\/09ea5085e600095a7a811142c6944527.jpg?ver=1777497608","caption":"ofiprensa"},"url":"https:\/\/www.ucaldas.edu.co\/portal\/author\/ofiprensa\/"}]}},"_links":{"self":[{"href":"https:\/\/www.ucaldas.edu.co\/portal\/wp-json\/wp\/v2\/posts\/73745","targetHints":{"allow":["GET"]}}],"collection":[{"href":"https:\/\/www.ucaldas.edu.co\/portal\/wp-json\/wp\/v2\/posts"}],"about":[{"href":"https:\/\/www.ucaldas.edu.co\/portal\/wp-json\/wp\/v2\/types\/post"}],"author":[{"embeddable":true,"href":"https:\/\/www.ucaldas.edu.co\/portal\/wp-json\/wp\/v2\/users\/2"}],"replies":[{"embeddable":true,"href":"https:\/\/www.ucaldas.edu.co\/portal\/wp-json\/wp\/v2\/comments?post=73745"}],"version-history":[{"count":0,"href":"https:\/\/www.ucaldas.edu.co\/portal\/wp-json\/wp\/v2\/posts\/73745\/revisions"}],"wp:featuredmedia":[{"embeddable":true,"href":"https:\/\/www.ucaldas.edu.co\/portal\/wp-json\/wp\/v2\/media\/73746"}],"wp:attachment":[{"href":"https:\/\/www.ucaldas.edu.co\/portal\/wp-json\/wp\/v2\/media?parent=73745"}],"wp:term":[{"taxonomy":"category","embeddable":true,"href":"https:\/\/www.ucaldas.edu.co\/portal\/wp-json\/wp\/v2\/categories?post=73745"},{"taxonomy":"post_tag","embeddable":true,"href":"https:\/\/www.ucaldas.edu.co\/portal\/wp-json\/wp\/v2\/tags?post=73745"}],"curies":[{"name":"wp","href":"https:\/\/api.w.org\/{rel}","templated":true}]}}