{"id":73731,"date":"2022-11-18T21:33:23","date_gmt":"2022-11-18T21:33:23","guid":{"rendered":"https:\/\/www.ucaldas.edu.co\/portal\/?p=73731"},"modified":"2022-11-18T21:33:23","modified_gmt":"2022-11-18T21:33:23","slug":"catedra-de-historia-regional-de-manizales-y-caldas-sesionara-este-fin-de-semana-en-la-dorada","status":"publish","type":"post","link":"https:\/\/www.ucaldas.edu.co\/portal\/catedra-de-historia-regional-de-manizales-y-caldas-sesionara-este-fin-de-semana-en-la-dorada\/","title":{"rendered":"C\u00e1tedra de Historia regional de Manizales y Caldas sesionar\u00e1 este fin de semana en La Dorada"},"content":{"rendered":"<p>&nbsp;<\/p>\n<p><img loading=\"lazy\" decoding=\"async\" class=\"aligncenter size-full wp-image-73732\" src=\"https:\/\/www.ucaldas.edu.co\/portal\/wp-content\/uploads\/2022\/11\/Diseno-sin-titulo-1-1.jpg\" alt=\"Este fin de semana la c\u00e1tedra ser\u00e1 en La Dorada\" width=\"700\" height=\"400\" srcset=\"https:\/\/www.ucaldas.edu.co\/portal\/wp-content\/uploads\/2022\/11\/Diseno-sin-titulo-1-1.jpg 700w, https:\/\/www.ucaldas.edu.co\/portal\/wp-content\/uploads\/2022\/11\/Diseno-sin-titulo-1-1-300x171.jpg 300w\" sizes=\"auto, (max-width: 700px) 100vw, 700px\" \/><\/p>\n<p>Este s\u00e1bado 19 y domingo 20 de noviembre la c\u00e1tedra de Historia Regional de Manizales y Caldas se trasladar\u00e1 hasta el municipio de La Dorada con el fin de abordar el tema: \u201cLa Dorada retos hist\u00f3ricos, ambientales y sociales\u201d.<\/p>\n<p><!--more--><\/p>\n<p>La d\u00e9cimo sexta sesi\u00f3n contar\u00e1 con la participaci\u00f3n del docente y exrector de la Universidad de Caldas Alejandro Ceballos M\u00e1rquez, quien presentar\u00e1 una ponencia sobre la literatura y el r\u00edo Magdalena, \u00a0la vig\u00eda del patrimonio cultural Mar\u00eda Castro Herrera y el representante del Concejo Municipal de paz y convivencia Edwin Javier Esp\u00edndola Albarrac\u00edn.<\/p>\n<p>Las actividades se desarrollaran el s\u00e1bado en la charca de Guarinocito y en el Centro de Innovaci\u00f3n para Caldas y el domingo se realizar\u00e1 un recorrido hist\u00f3rico por el municipio de La Dorada.<\/p>\n<p>De acuerdo con el docente coordinador de la c\u00e1tedra Francisco Gonz\u00e1les S\u00e1nchez \u201ccon esta sesi\u00f3n se cierra el ciclo de los municipios que influyeron en el cable a\u00e9reo, despu\u00e9s de haber estado en Herveo y Mariquita\u201d.<\/p>\n<p>&nbsp;<\/p>\n<p><strong>Anexos:<br \/>\n<\/strong><strong><a href=\"https:\/\/go.ivoox.com\/rf\/96605696\">Audio coordinador de la C\u00e1tedra docente, Francisco Gonz\u00e1lez S\u00e1nchez<\/a><br \/>\n<iframe loading=\"lazy\" src=\"https:\/\/www.ivoox.com\/player_ek_96605696_2_1.html\" width=\"238\" height=\"48\" frameborder=\"0\" scrolling=\"no\" allowfullscreen=\"allowfullscreen\"><\/iframe><br \/>\n<\/strong><\/p>\n<p><strong><a href=\"https:\/\/www.youtube.com\/@piedramani\">Transmisi\u00f3n c\u00e1tedra<\/a><\/strong><\/p>\n<p><strong>\u00a0<\/strong><\/p>\n<p><strong>Informes: <\/strong>Oficina de Comunicaciones y Prensa Universidad de Caldas.<br \/>\n<strong>Redacci\u00f3n:<\/strong> Adriana Salazar Villegas<\/p>\n<p>&nbsp;<\/p>\n","protected":false},"excerpt":{"rendered":"<p>&nbsp; Este s\u00e1bado 19 y domingo 20 de noviembre la c\u00e1tedra de Historia Regional de Manizales y Caldas se trasladar\u00e1 hasta el municipio de La Dorada con el fin de abordar el tema: \u201cLa Dorada retos hist\u00f3ricos, ambientales y sociales\u201d.<\/p>\n","protected":false},"author":2,"featured_media":73732,"comment_status":"closed","ping_status":"open","sticky":false,"template":"","format":"standard","meta":{"footnotes":""},"categories":[62,48,53],"tags":[5216,7881,420,486],"class_list":["post-73731","post","type-post","status-publish","format-standard","has-post-thumbnail","hentry","category-eventos","category-actualidad","category-universidad-al-dia","tag-historia-regional","tag-cable-aereo","tag-catedra-2","tag-la-dorada"],"yoast_head":"<!-- This site is optimized with the Yoast SEO plugin v27.4 - https:\/\/yoast.com\/product\/yoast-seo-wordpress\/ -->\n<title>C\u00e1tedra de Historia regional de Manizales y Caldas sesionar\u00e1 este fin de semana en La Dorada .<\/title>\n<meta name=\"robots\" content=\"index, follow, max-snippet:-1, max-image-preview:large, max-video-preview:-1\" \/>\n<link rel=\"canonical\" href=\"https:\/\/www.ucaldas.edu.co\/portal\/catedra-de-historia-regional-de-manizales-y-caldas-sesionara-este-fin-de-semana-en-la-dorada\/\" \/>\n<script type=\"application\/ld+json\" class=\"yoast-schema-graph\">{\"@context\":\"https:\\\/\\\/schema.org\",\"@graph\":[{\"@type\":\"Article\",\"@id\":\"https:\\\/\\\/www.ucaldas.edu.co\\\/portal\\\/catedra-de-historia-regional-de-manizales-y-caldas-sesionara-este-fin-de-semana-en-la-dorada\\\/#article\",\"isPartOf\":{\"@id\":\"https:\\\/\\\/www.ucaldas.edu.co\\\/portal\\\/catedra-de-historia-regional-de-manizales-y-caldas-sesionara-este-fin-de-semana-en-la-dorada\\\/\"},\"author\":{\"name\":\"ofiprensa\",\"@id\":\"https:\\\/\\\/www.ucaldas.edu.co\\\/portal\\\/#\\\/schema\\\/person\\\/a1b482e23449158b4bc319926c074fdf\"},\"headline\":\"C\u00e1tedra de Historia regional de Manizales y Caldas sesionar\u00e1 este fin de semana en La Dorada\",\"datePublished\":\"2022-11-18T21:33:23+00:00\",\"mainEntityOfPage\":{\"@id\":\"https:\\\/\\\/www.ucaldas.edu.co\\\/portal\\\/catedra-de-historia-regional-de-manizales-y-caldas-sesionara-este-fin-de-semana-en-la-dorada\\\/\"},\"wordCount\":231,\"publisher\":{\"@id\":\"https:\\\/\\\/www.ucaldas.edu.co\\\/portal\\\/#organization\"},\"image\":{\"@id\":\"https:\\\/\\\/www.ucaldas.edu.co\\\/portal\\\/catedra-de-historia-regional-de-manizales-y-caldas-sesionara-este-fin-de-semana-en-la-dorada\\\/#primaryimage\"},\"thumbnailUrl\":\"https:\\\/\\\/www.ucaldas.edu.co\\\/portal\\\/wp-content\\\/uploads\\\/2022\\\/11\\\/Diseno-sin-titulo-1-1.jpg\",\"keywords\":[\"historia regional\",\"cable a\u00e9reo\",\"catedra\",\"La Dorada\"],\"articleSection\":[\"Eventos\",\"Actualidad\",\"Universidad al D\u00eda\"],\"inLanguage\":\"es\"},{\"@type\":\"WebPage\",\"@id\":\"https:\\\/\\\/www.ucaldas.edu.co\\\/portal\\\/catedra-de-historia-regional-de-manizales-y-caldas-sesionara-este-fin-de-semana-en-la-dorada\\\/\",\"url\":\"https:\\\/\\\/www.ucaldas.edu.co\\\/portal\\\/catedra-de-historia-regional-de-manizales-y-caldas-sesionara-este-fin-de-semana-en-la-dorada\\\/\",\"name\":\"C\u00e1tedra de Historia regional de Manizales y Caldas sesionar\u00e1 este fin de semana en La Dorada .\",\"isPartOf\":{\"@id\":\"https:\\\/\\\/www.ucaldas.edu.co\\\/portal\\\/#website\"},\"primaryImageOfPage\":{\"@id\":\"https:\\\/\\\/www.ucaldas.edu.co\\\/portal\\\/catedra-de-historia-regional-de-manizales-y-caldas-sesionara-este-fin-de-semana-en-la-dorada\\\/#primaryimage\"},\"image\":{\"@id\":\"https:\\\/\\\/www.ucaldas.edu.co\\\/portal\\\/catedra-de-historia-regional-de-manizales-y-caldas-sesionara-este-fin-de-semana-en-la-dorada\\\/#primaryimage\"},\"thumbnailUrl\":\"https:\\\/\\\/www.ucaldas.edu.co\\\/portal\\\/wp-content\\\/uploads\\\/2022\\\/11\\\/Diseno-sin-titulo-1-1.jpg\",\"datePublished\":\"2022-11-18T21:33:23+00:00\",\"breadcrumb\":{\"@id\":\"https:\\\/\\\/www.ucaldas.edu.co\\\/portal\\\/catedra-de-historia-regional-de-manizales-y-caldas-sesionara-este-fin-de-semana-en-la-dorada\\\/#breadcrumb\"},\"inLanguage\":\"es\",\"potentialAction\":[{\"@type\":\"ReadAction\",\"target\":[\"https:\\\/\\\/www.ucaldas.edu.co\\\/portal\\\/catedra-de-historia-regional-de-manizales-y-caldas-sesionara-este-fin-de-semana-en-la-dorada\\\/\"]}]},{\"@type\":\"ImageObject\",\"inLanguage\":\"es\",\"@id\":\"https:\\\/\\\/www.ucaldas.edu.co\\\/portal\\\/catedra-de-historia-regional-de-manizales-y-caldas-sesionara-este-fin-de-semana-en-la-dorada\\\/#primaryimage\",\"url\":\"https:\\\/\\\/www.ucaldas.edu.co\\\/portal\\\/wp-content\\\/uploads\\\/2022\\\/11\\\/Diseno-sin-titulo-1-1.jpg\",\"contentUrl\":\"https:\\\/\\\/www.ucaldas.edu.co\\\/portal\\\/wp-content\\\/uploads\\\/2022\\\/11\\\/Diseno-sin-titulo-1-1.jpg\",\"width\":700,\"height\":400,\"caption\":\"Este fin de semana la c\u00e1tedra ser\u00e1 en La Dorada\"},{\"@type\":\"BreadcrumbList\",\"@id\":\"https:\\\/\\\/www.ucaldas.edu.co\\\/portal\\\/catedra-de-historia-regional-de-manizales-y-caldas-sesionara-este-fin-de-semana-en-la-dorada\\\/#breadcrumb\",\"itemListElement\":[{\"@type\":\"ListItem\",\"position\":1,\"name\":\"Portada\",\"item\":\"https:\\\/\\\/www.ucaldas.edu.co\\\/portal\\\/\"},{\"@type\":\"ListItem\",\"position\":2,\"name\":\"C\u00e1tedra de Historia regional de Manizales y Caldas sesionar\u00e1 este fin de semana en La Dorada\"}]},{\"@type\":\"WebSite\",\"@id\":\"https:\\\/\\\/www.ucaldas.edu.co\\\/portal\\\/#website\",\"url\":\"https:\\\/\\\/www.ucaldas.edu.co\\\/portal\\\/\",\"name\":\"Universidad de Caldas\",\"description\":\"\",\"publisher\":{\"@id\":\"https:\\\/\\\/www.ucaldas.edu.co\\\/portal\\\/#organization\"},\"alternateName\":\"U. de Caldas\",\"potentialAction\":[{\"@type\":\"SearchAction\",\"target\":{\"@type\":\"EntryPoint\",\"urlTemplate\":\"https:\\\/\\\/www.ucaldas.edu.co\\\/portal\\\/?s={search_term_string}\"},\"query-input\":{\"@type\":\"PropertyValueSpecification\",\"valueRequired\":true,\"valueName\":\"search_term_string\"}}],\"inLanguage\":\"es\"},{\"@type\":\"Organization\",\"@id\":\"https:\\\/\\\/www.ucaldas.edu.co\\\/portal\\\/#organization\",\"name\":\"Universidad de Caldas\",\"alternateName\":\"U. de Caldas\",\"url\":\"https:\\\/\\\/www.ucaldas.edu.co\\\/portal\\\/\",\"logo\":{\"@type\":\"ImageObject\",\"inLanguage\":\"es\",\"@id\":\"https:\\\/\\\/www.ucaldas.edu.co\\\/portal\\\/#\\\/schema\\\/logo\\\/image\\\/\",\"url\":\"https:\\\/\\\/www.ucaldas.edu.co\\\/portal\\\/wp-content\\\/uploads\\\/2023\\\/11\\\/Logo_horizontal_oscuroU-2023.png\",\"contentUrl\":\"https:\\\/\\\/www.ucaldas.edu.co\\\/portal\\\/wp-content\\\/uploads\\\/2023\\\/11\\\/Logo_horizontal_oscuroU-2023.png\",\"width\":263,\"height\":101,\"caption\":\"Universidad de Caldas\"},\"image\":{\"@id\":\"https:\\\/\\\/www.ucaldas.edu.co\\\/portal\\\/#\\\/schema\\\/logo\\\/image\\\/\"},\"sameAs\":[\"https:\\\/\\\/www.facebook.com\\\/udecaldas\",\"https:\\\/\\\/x.com\\\/udecaldas\",\"https:\\\/\\\/www.youtube.com\\\/universidadcaldas\",\"https:\\\/\\\/www.instagram.com\\\/udecaldas\\\/\"]},{\"@type\":\"Person\",\"@id\":\"https:\\\/\\\/www.ucaldas.edu.co\\\/portal\\\/#\\\/schema\\\/person\\\/a1b482e23449158b4bc319926c074fdf\",\"name\":\"ofiprensa\",\"image\":{\"@type\":\"ImageObject\",\"inLanguage\":\"es\",\"@id\":\"https:\\\/\\\/www.ucaldas.edu.co\\\/portal\\\/wp-content\\\/litespeed\\\/avatar\\\/09ea5085e600095a7a811142c6944527.jpg?ver=1776892805\",\"url\":\"https:\\\/\\\/www.ucaldas.edu.co\\\/portal\\\/wp-content\\\/litespeed\\\/avatar\\\/09ea5085e600095a7a811142c6944527.jpg?ver=1776892805\",\"contentUrl\":\"https:\\\/\\\/www.ucaldas.edu.co\\\/portal\\\/wp-content\\\/litespeed\\\/avatar\\\/09ea5085e600095a7a811142c6944527.jpg?ver=1776892805\",\"caption\":\"ofiprensa\"},\"url\":\"https:\\\/\\\/www.ucaldas.edu.co\\\/portal\\\/author\\\/ofiprensa\\\/\"}]}<\/script>\n<!-- \/ Yoast SEO plugin. -->","yoast_head_json":{"title":"C\u00e1tedra de Historia regional de Manizales y Caldas sesionar\u00e1 este fin de semana en La Dorada .","robots":{"index":"index","follow":"follow","max-snippet":"max-snippet:-1","max-image-preview":"max-image-preview:large","max-video-preview":"max-video-preview:-1"},"canonical":"https:\/\/www.ucaldas.edu.co\/portal\/catedra-de-historia-regional-de-manizales-y-caldas-sesionara-este-fin-de-semana-en-la-dorada\/","schema":{"@context":"https:\/\/schema.org","@graph":[{"@type":"Article","@id":"https:\/\/www.ucaldas.edu.co\/portal\/catedra-de-historia-regional-de-manizales-y-caldas-sesionara-este-fin-de-semana-en-la-dorada\/#article","isPartOf":{"@id":"https:\/\/www.ucaldas.edu.co\/portal\/catedra-de-historia-regional-de-manizales-y-caldas-sesionara-este-fin-de-semana-en-la-dorada\/"},"author":{"name":"ofiprensa","@id":"https:\/\/www.ucaldas.edu.co\/portal\/#\/schema\/person\/a1b482e23449158b4bc319926c074fdf"},"headline":"C\u00e1tedra de Historia regional de Manizales y Caldas sesionar\u00e1 este fin de semana en La Dorada","datePublished":"2022-11-18T21:33:23+00:00","mainEntityOfPage":{"@id":"https:\/\/www.ucaldas.edu.co\/portal\/catedra-de-historia-regional-de-manizales-y-caldas-sesionara-este-fin-de-semana-en-la-dorada\/"},"wordCount":231,"publisher":{"@id":"https:\/\/www.ucaldas.edu.co\/portal\/#organization"},"image":{"@id":"https:\/\/www.ucaldas.edu.co\/portal\/catedra-de-historia-regional-de-manizales-y-caldas-sesionara-este-fin-de-semana-en-la-dorada\/#primaryimage"},"thumbnailUrl":"https:\/\/www.ucaldas.edu.co\/portal\/wp-content\/uploads\/2022\/11\/Diseno-sin-titulo-1-1.jpg","keywords":["historia regional","cable a\u00e9reo","catedra","La Dorada"],"articleSection":["Eventos","Actualidad","Universidad al D\u00eda"],"inLanguage":"es"},{"@type":"WebPage","@id":"https:\/\/www.ucaldas.edu.co\/portal\/catedra-de-historia-regional-de-manizales-y-caldas-sesionara-este-fin-de-semana-en-la-dorada\/","url":"https:\/\/www.ucaldas.edu.co\/portal\/catedra-de-historia-regional-de-manizales-y-caldas-sesionara-este-fin-de-semana-en-la-dorada\/","name":"C\u00e1tedra de Historia regional de Manizales y Caldas sesionar\u00e1 este fin de semana en La Dorada .","isPartOf":{"@id":"https:\/\/www.ucaldas.edu.co\/portal\/#website"},"primaryImageOfPage":{"@id":"https:\/\/www.ucaldas.edu.co\/portal\/catedra-de-historia-regional-de-manizales-y-caldas-sesionara-este-fin-de-semana-en-la-dorada\/#primaryimage"},"image":{"@id":"https:\/\/www.ucaldas.edu.co\/portal\/catedra-de-historia-regional-de-manizales-y-caldas-sesionara-este-fin-de-semana-en-la-dorada\/#primaryimage"},"thumbnailUrl":"https:\/\/www.ucaldas.edu.co\/portal\/wp-content\/uploads\/2022\/11\/Diseno-sin-titulo-1-1.jpg","datePublished":"2022-11-18T21:33:23+00:00","breadcrumb":{"@id":"https:\/\/www.ucaldas.edu.co\/portal\/catedra-de-historia-regional-de-manizales-y-caldas-sesionara-este-fin-de-semana-en-la-dorada\/#breadcrumb"},"inLanguage":"es","potentialAction":[{"@type":"ReadAction","target":["https:\/\/www.ucaldas.edu.co\/portal\/catedra-de-historia-regional-de-manizales-y-caldas-sesionara-este-fin-de-semana-en-la-dorada\/"]}]},{"@type":"ImageObject","inLanguage":"es","@id":"https:\/\/www.ucaldas.edu.co\/portal\/catedra-de-historia-regional-de-manizales-y-caldas-sesionara-este-fin-de-semana-en-la-dorada\/#primaryimage","url":"https:\/\/www.ucaldas.edu.co\/portal\/wp-content\/uploads\/2022\/11\/Diseno-sin-titulo-1-1.jpg","contentUrl":"https:\/\/www.ucaldas.edu.co\/portal\/wp-content\/uploads\/2022\/11\/Diseno-sin-titulo-1-1.jpg","width":700,"height":400,"caption":"Este fin de semana la c\u00e1tedra ser\u00e1 en La Dorada"},{"@type":"BreadcrumbList","@id":"https:\/\/www.ucaldas.edu.co\/portal\/catedra-de-historia-regional-de-manizales-y-caldas-sesionara-este-fin-de-semana-en-la-dorada\/#breadcrumb","itemListElement":[{"@type":"ListItem","position":1,"name":"Portada","item":"https:\/\/www.ucaldas.edu.co\/portal\/"},{"@type":"ListItem","position":2,"name":"C\u00e1tedra de Historia regional de Manizales y Caldas sesionar\u00e1 este fin de semana en La Dorada"}]},{"@type":"WebSite","@id":"https:\/\/www.ucaldas.edu.co\/portal\/#website","url":"https:\/\/www.ucaldas.edu.co\/portal\/","name":"Universidad de Caldas","description":"","publisher":{"@id":"https:\/\/www.ucaldas.edu.co\/portal\/#organization"},"alternateName":"U. de Caldas","potentialAction":[{"@type":"SearchAction","target":{"@type":"EntryPoint","urlTemplate":"https:\/\/www.ucaldas.edu.co\/portal\/?s={search_term_string}"},"query-input":{"@type":"PropertyValueSpecification","valueRequired":true,"valueName":"search_term_string"}}],"inLanguage":"es"},{"@type":"Organization","@id":"https:\/\/www.ucaldas.edu.co\/portal\/#organization","name":"Universidad de Caldas","alternateName":"U. de Caldas","url":"https:\/\/www.ucaldas.edu.co\/portal\/","logo":{"@type":"ImageObject","inLanguage":"es","@id":"https:\/\/www.ucaldas.edu.co\/portal\/#\/schema\/logo\/image\/","url":"https:\/\/www.ucaldas.edu.co\/portal\/wp-content\/uploads\/2023\/11\/Logo_horizontal_oscuroU-2023.png","contentUrl":"https:\/\/www.ucaldas.edu.co\/portal\/wp-content\/uploads\/2023\/11\/Logo_horizontal_oscuroU-2023.png","width":263,"height":101,"caption":"Universidad de Caldas"},"image":{"@id":"https:\/\/www.ucaldas.edu.co\/portal\/#\/schema\/logo\/image\/"},"sameAs":["https:\/\/www.facebook.com\/udecaldas","https:\/\/x.com\/udecaldas","https:\/\/www.youtube.com\/universidadcaldas","https:\/\/www.instagram.com\/udecaldas\/"]},{"@type":"Person","@id":"https:\/\/www.ucaldas.edu.co\/portal\/#\/schema\/person\/a1b482e23449158b4bc319926c074fdf","name":"ofiprensa","image":{"@type":"ImageObject","inLanguage":"es","@id":"https:\/\/www.ucaldas.edu.co\/portal\/wp-content\/litespeed\/avatar\/09ea5085e600095a7a811142c6944527.jpg?ver=1776892805","url":"https:\/\/www.ucaldas.edu.co\/portal\/wp-content\/litespeed\/avatar\/09ea5085e600095a7a811142c6944527.jpg?ver=1776892805","contentUrl":"https:\/\/www.ucaldas.edu.co\/portal\/wp-content\/litespeed\/avatar\/09ea5085e600095a7a811142c6944527.jpg?ver=1776892805","caption":"ofiprensa"},"url":"https:\/\/www.ucaldas.edu.co\/portal\/author\/ofiprensa\/"}]}},"_links":{"self":[{"href":"https:\/\/www.ucaldas.edu.co\/portal\/wp-json\/wp\/v2\/posts\/73731","targetHints":{"allow":["GET"]}}],"collection":[{"href":"https:\/\/www.ucaldas.edu.co\/portal\/wp-json\/wp\/v2\/posts"}],"about":[{"href":"https:\/\/www.ucaldas.edu.co\/portal\/wp-json\/wp\/v2\/types\/post"}],"author":[{"embeddable":true,"href":"https:\/\/www.ucaldas.edu.co\/portal\/wp-json\/wp\/v2\/users\/2"}],"replies":[{"embeddable":true,"href":"https:\/\/www.ucaldas.edu.co\/portal\/wp-json\/wp\/v2\/comments?post=73731"}],"version-history":[{"count":0,"href":"https:\/\/www.ucaldas.edu.co\/portal\/wp-json\/wp\/v2\/posts\/73731\/revisions"}],"wp:featuredmedia":[{"embeddable":true,"href":"https:\/\/www.ucaldas.edu.co\/portal\/wp-json\/wp\/v2\/media\/73732"}],"wp:attachment":[{"href":"https:\/\/www.ucaldas.edu.co\/portal\/wp-json\/wp\/v2\/media?parent=73731"}],"wp:term":[{"taxonomy":"category","embeddable":true,"href":"https:\/\/www.ucaldas.edu.co\/portal\/wp-json\/wp\/v2\/categories?post=73731"},{"taxonomy":"post_tag","embeddable":true,"href":"https:\/\/www.ucaldas.edu.co\/portal\/wp-json\/wp\/v2\/tags?post=73731"}],"curies":[{"name":"wp","href":"https:\/\/api.w.org\/{rel}","templated":true}]}}