{"id":73669,"date":"2022-11-16T22:25:10","date_gmt":"2022-11-16T22:25:10","guid":{"rendered":"https:\/\/www.ucaldas.edu.co\/portal\/?p=73669"},"modified":"2022-11-16T22:25:10","modified_gmt":"2022-11-16T22:25:10","slug":"abierta-convocatoria-para-la-septima-edicion-del-premio-antonio-restrepo-barco","status":"publish","type":"post","link":"https:\/\/www.ucaldas.edu.co\/portal\/abierta-convocatoria-para-la-septima-edicion-del-premio-antonio-restrepo-barco\/","title":{"rendered":"Abierta convocatoria para la s\u00e9ptima edici\u00f3n del \u201cPremio Antonio Restrepo Barco\u201d"},"content":{"rendered":"<p><img loading=\"lazy\" decoding=\"async\" class=\"aligncenter size-full wp-image-73670\" src=\"https:\/\/www.ucaldas.edu.co\/portal\/wp-content\/uploads\/2022\/11\/Diseno-sin-titulo-6.jpg\" alt=\"\u2022 La sexta versi\u00f3n, otorg\u00f3 el premio a Isabel Cristina \u00c1lvarez V\u00e9lez, con un trabajo de investigaci\u00f3n titulado: \u201cTransformaciones y experiencias de vida de mujeres y sus grupos familiares tras la desaparici\u00f3n forzada en el municipio de Granada, Antioquia\u201d.\" width=\"700\" height=\"400\" srcset=\"https:\/\/www.ucaldas.edu.co\/portal\/wp-content\/uploads\/2022\/11\/Diseno-sin-titulo-6.jpg 700w, https:\/\/www.ucaldas.edu.co\/portal\/wp-content\/uploads\/2022\/11\/Diseno-sin-titulo-6-300x171.jpg 300w\" sizes=\"auto, (max-width: 700px) 100vw, 700px\" \/><\/p>\n<p>&nbsp;<\/p>\n<p>La Fundaci\u00f3n Barco, en su prop\u00f3sito de promover, difundir la investigaci\u00f3n cient\u00edfica sobre familia en Colombia y reconocer el trabajo de quienes abordan temas enfocados a mejorar el desarrollo de la familia, abri\u00f3 la convocatoria para la s\u00e9ptima versi\u00f3n del \u201cPremio Antonio Restrepo Barco\u201d. Esta convocatoria estar\u00e1 abierta para postulaciones hasta el 28 de febrero de 2023 en www.fundacionbarco.org<\/p>\n<p><!--more--><\/p>\n<p>La iniciativa busca incentivar la generaci\u00f3n de conocimiento y documentaci\u00f3n de experiencias que contribuyan a la formulaci\u00f3n e implementaci\u00f3n de pol\u00edticas p\u00fablicas, programas, proyectos pertinentes a nivel local, regional o nacional.<\/p>\n<p>Las investigaciones que se inscriban al premio deben tener a la familia en Colombia, como sujeto de estudio principal. Los trabajos pueden corresponder a las conclusiones de una intervenci\u00f3n y\/o a la generaci\u00f3n sist\u00e9mica de conocimiento.<\/p>\n<p>\u201cLlegamos nuevamente este a\u00f1o, con altas expectativas a la s\u00e9ptima versi\u00f3n del Premio Antonio Restrepo Barco. Queremos extender una invitaci\u00f3n para que quienes est\u00e9n interesados y quieran a trav\u00e9s de sus investigaciones encontrar nuevas herramientas para combatir la violencia intrafamiliar, se inscriban al Premio. Un trabajo conjunto nos permitir\u00e1 alcanzar la tan anhelada meta de la paz\u201d. Destac\u00f3 Alfonso Otoya, director de la Fundaci\u00f3n Barco.<\/p>\n<p>Con m\u00e1s de 50 a\u00f1os de trabajo en Colombia, la Fundaci\u00f3n Barco, realiza desde 2015 el Premio Antonio Restrepo Barco, al que se han postulado m\u00e1s de 190 investigaciones. Este premio es la mayor distinci\u00f3n a la investigaci\u00f3n en familia que se entrega en Colombia y adicionalmente otorga al ganador 50 millones de pesos.<\/p>\n<p>La sexta versi\u00f3n, entreg\u00f3 el premio a Isabel Cristina \u00c1lvarez V\u00e9lez, con un trabajo de investigaci\u00f3n titulado: \u201cTransformaciones y experiencias de vida de mujeres y sus grupos familiares tras la desaparici\u00f3n forzada en el municipio de Granada, Antioquia.<\/p>\n<p>El jurado consider\u00f3 y premi\u00f3 este trabajo teniendo en cuenta su gran contribuci\u00f3n desde el punto de vista te\u00f3rico y epistemol\u00f3gico, al desarrollo del conocimiento sobre la desaparici\u00f3n forzada y sus impactos en los grupos familiares, una de las manifestaciones de la violencia en Colombia. La investigaci\u00f3n, se construy\u00f3 con base en la experiencia de vida de 3 mujeres rurales abuela, madre y esposa de desaparecidos forzadamente, sus duelos, sus vidas y sus capacidades de reconstruirlas.<\/p>\n<p>Todas las inquietudes referentes al Premio Antonio Restrepo Barco en su s\u00e9ptima versi\u00f3n ser\u00e1n resueltas en el correo electr\u00f3nico <a href=\"mailto:premiofamilia@fundacionbarco.org\">premiofamilia@fundacionbarco.org<\/a><\/p>\n<p>&nbsp;<\/p>\n<p><strong>Informes: <\/strong>Oficina de Comunicaciones y Prensa Universidad de Caldas.<br \/>\n<strong>Redacci\u00f3n:<\/strong> Gabriel Uma\u00f1a Suarez<\/p>\n<p>&nbsp;<\/p>\n","protected":false},"excerpt":{"rendered":"<p>&nbsp; La Fundaci\u00f3n Barco, en su prop\u00f3sito de promover, difundir la investigaci\u00f3n cient\u00edfica sobre familia en Colombia y reconocer el trabajo de quienes abordan temas enfocados a mejorar el desarrollo de la familia, abri\u00f3 la convocatoria para la s\u00e9ptima versi\u00f3n del \u201cPremio Antonio Restrepo Barco\u201d. Esta convocatoria estar\u00e1 abierta para postulaciones hasta el 28 de [&hellip;]<\/p>\n","protected":false},"author":2,"featured_media":73670,"comment_status":"closed","ping_status":"open","sticky":false,"template":"","format":"standard","meta":{"footnotes":"","_members_access_role":[],"_members_access_error":""},"categories":[48,53,620],"tags":[137,191,330,763,844,889,6351],"class_list":["post-73669","post","type-post","status-publish","format-standard","has-post-thumbnail","hentry","category-actualidad","category-universidad-al-dia","category-ucaldas-transparente","tag-familia","tag-investigacion","tag-estudiantes","tag-maestria","tag-doctorado","tag-grupos-de-investigacion","tag-fundacion-barco"],"yoast_head":"<!-- This site is optimized with the Yoast SEO plugin v28.3 - https:\/\/yoast.com\/product\/yoast-seo-wordpress\/ -->\n<title>Abierta convocatoria para la s\u00e9ptima edici\u00f3n del \u201cPremio Antonio Restrepo Barco\u201d .<\/title>\n<meta name=\"robots\" content=\"index, follow, max-snippet:-1, max-image-preview:large, max-video-preview:-1\" \/>\n<link rel=\"canonical\" href=\"https:\/\/www.ucaldas.edu.co\/portal\/abierta-convocatoria-para-la-septima-edicion-del-premio-antonio-restrepo-barco\/\" \/>\n<script type=\"application\/ld+json\" class=\"yoast-schema-graph\">{\"@context\":\"https:\\\/\\\/schema.org\",\"@graph\":[{\"@type\":\"Article\",\"@id\":\"https:\\\/\\\/www.ucaldas.edu.co\\\/portal\\\/abierta-convocatoria-para-la-septima-edicion-del-premio-antonio-restrepo-barco\\\/#article\",\"isPartOf\":{\"@id\":\"https:\\\/\\\/www.ucaldas.edu.co\\\/portal\\\/abierta-convocatoria-para-la-septima-edicion-del-premio-antonio-restrepo-barco\\\/\"},\"author\":{\"name\":\"ofiprensa\",\"@id\":\"https:\\\/\\\/www.ucaldas.edu.co\\\/portal\\\/#\\\/schema\\\/person\\\/a1b482e23449158b4bc319926c074fdf\"},\"headline\":\"Abierta convocatoria para la s\u00e9ptima edici\u00f3n del \u201cPremio Antonio Restrepo Barco\u201d\",\"datePublished\":\"2022-11-16T22:25:10+00:00\",\"mainEntityOfPage\":{\"@id\":\"https:\\\/\\\/www.ucaldas.edu.co\\\/portal\\\/abierta-convocatoria-para-la-septima-edicion-del-premio-antonio-restrepo-barco\\\/\"},\"wordCount\":449,\"publisher\":{\"@id\":\"https:\\\/\\\/www.ucaldas.edu.co\\\/portal\\\/#organization\"},\"image\":{\"@id\":\"https:\\\/\\\/www.ucaldas.edu.co\\\/portal\\\/abierta-convocatoria-para-la-septima-edicion-del-premio-antonio-restrepo-barco\\\/#primaryimage\"},\"thumbnailUrl\":\"https:\\\/\\\/www.ucaldas.edu.co\\\/portal\\\/wp-content\\\/uploads\\\/2022\\\/11\\\/Diseno-sin-titulo-6.jpg\",\"keywords\":[\"familia\",\"investigaci\u00f3n\",\"estudiantes\",\"maestr\u00eda\",\"doctorado\",\"grupos de investigaci\u00f3n\",\"fundaci\u00f3n barco\"],\"articleSection\":[\"Actualidad\",\"Universidad al D\u00eda\",\"UCaldas Transparente\"],\"inLanguage\":\"es\"},{\"@type\":\"WebPage\",\"@id\":\"https:\\\/\\\/www.ucaldas.edu.co\\\/portal\\\/abierta-convocatoria-para-la-septima-edicion-del-premio-antonio-restrepo-barco\\\/\",\"url\":\"https:\\\/\\\/www.ucaldas.edu.co\\\/portal\\\/abierta-convocatoria-para-la-septima-edicion-del-premio-antonio-restrepo-barco\\\/\",\"name\":\"Abierta convocatoria para la s\u00e9ptima edici\u00f3n del \u201cPremio Antonio Restrepo Barco\u201d .\",\"isPartOf\":{\"@id\":\"https:\\\/\\\/www.ucaldas.edu.co\\\/portal\\\/#website\"},\"primaryImageOfPage\":{\"@id\":\"https:\\\/\\\/www.ucaldas.edu.co\\\/portal\\\/abierta-convocatoria-para-la-septima-edicion-del-premio-antonio-restrepo-barco\\\/#primaryimage\"},\"image\":{\"@id\":\"https:\\\/\\\/www.ucaldas.edu.co\\\/portal\\\/abierta-convocatoria-para-la-septima-edicion-del-premio-antonio-restrepo-barco\\\/#primaryimage\"},\"thumbnailUrl\":\"https:\\\/\\\/www.ucaldas.edu.co\\\/portal\\\/wp-content\\\/uploads\\\/2022\\\/11\\\/Diseno-sin-titulo-6.jpg\",\"datePublished\":\"2022-11-16T22:25:10+00:00\",\"breadcrumb\":{\"@id\":\"https:\\\/\\\/www.ucaldas.edu.co\\\/portal\\\/abierta-convocatoria-para-la-septima-edicion-del-premio-antonio-restrepo-barco\\\/#breadcrumb\"},\"inLanguage\":\"es\",\"potentialAction\":[{\"@type\":\"ReadAction\",\"target\":[\"https:\\\/\\\/www.ucaldas.edu.co\\\/portal\\\/abierta-convocatoria-para-la-septima-edicion-del-premio-antonio-restrepo-barco\\\/\"]}]},{\"@type\":\"ImageObject\",\"inLanguage\":\"es\",\"@id\":\"https:\\\/\\\/www.ucaldas.edu.co\\\/portal\\\/abierta-convocatoria-para-la-septima-edicion-del-premio-antonio-restrepo-barco\\\/#primaryimage\",\"url\":\"https:\\\/\\\/www.ucaldas.edu.co\\\/portal\\\/wp-content\\\/uploads\\\/2022\\\/11\\\/Diseno-sin-titulo-6.jpg\",\"contentUrl\":\"https:\\\/\\\/www.ucaldas.edu.co\\\/portal\\\/wp-content\\\/uploads\\\/2022\\\/11\\\/Diseno-sin-titulo-6.jpg\",\"width\":700,\"height\":400,\"caption\":\"\u2022 La sexta versi\u00f3n, otorg\u00f3 el premio a Isabel Cristina \u00c1lvarez V\u00e9lez, con un trabajo de investigaci\u00f3n titulado: \u201cTransformaciones y experiencias de vida de mujeres y sus grupos familiares tras la desaparici\u00f3n forzada en el municipio de Granada, Antioquia\u201d.\"},{\"@type\":\"BreadcrumbList\",\"@id\":\"https:\\\/\\\/www.ucaldas.edu.co\\\/portal\\\/abierta-convocatoria-para-la-septima-edicion-del-premio-antonio-restrepo-barco\\\/#breadcrumb\",\"itemListElement\":[{\"@type\":\"ListItem\",\"position\":1,\"name\":\"Portada\",\"item\":\"https:\\\/\\\/www.ucaldas.edu.co\\\/portal\\\/\"},{\"@type\":\"ListItem\",\"position\":2,\"name\":\"Abierta convocatoria para la s\u00e9ptima edici\u00f3n del \u201cPremio Antonio Restrepo Barco\u201d\"}]},{\"@type\":\"WebSite\",\"@id\":\"https:\\\/\\\/www.ucaldas.edu.co\\\/portal\\\/#website\",\"url\":\"https:\\\/\\\/www.ucaldas.edu.co\\\/portal\\\/\",\"name\":\"Universidad de Caldas\",\"description\":\"\",\"publisher\":{\"@id\":\"https:\\\/\\\/www.ucaldas.edu.co\\\/portal\\\/#organization\"},\"alternateName\":\"U. de Caldas\",\"potentialAction\":[{\"@type\":\"SearchAction\",\"target\":{\"@type\":\"EntryPoint\",\"urlTemplate\":\"https:\\\/\\\/www.ucaldas.edu.co\\\/portal\\\/?s={search_term_string}\"},\"query-input\":{\"@type\":\"PropertyValueSpecification\",\"valueRequired\":true,\"valueName\":\"search_term_string\"}}],\"inLanguage\":\"es\"},{\"@type\":\"Organization\",\"@id\":\"https:\\\/\\\/www.ucaldas.edu.co\\\/portal\\\/#organization\",\"name\":\"Universidad de Caldas\",\"alternateName\":\"U. de Caldas\",\"url\":\"https:\\\/\\\/www.ucaldas.edu.co\\\/portal\\\/\",\"logo\":{\"@type\":\"ImageObject\",\"inLanguage\":\"es\",\"@id\":\"https:\\\/\\\/www.ucaldas.edu.co\\\/portal\\\/#\\\/schema\\\/logo\\\/image\\\/\",\"url\":\"https:\\\/\\\/www.ucaldas.edu.co\\\/portal\\\/wp-content\\\/uploads\\\/2023\\\/11\\\/Logo_horizontal_oscuroU-2023.png\",\"contentUrl\":\"https:\\\/\\\/www.ucaldas.edu.co\\\/portal\\\/wp-content\\\/uploads\\\/2023\\\/11\\\/Logo_horizontal_oscuroU-2023.png\",\"width\":263,\"height\":101,\"caption\":\"Universidad de Caldas\"},\"image\":{\"@id\":\"https:\\\/\\\/www.ucaldas.edu.co\\\/portal\\\/#\\\/schema\\\/logo\\\/image\\\/\"},\"sameAs\":[\"https:\\\/\\\/www.facebook.com\\\/udecaldas\",\"https:\\\/\\\/x.com\\\/udecaldas\",\"https:\\\/\\\/www.youtube.com\\\/universidadcaldas\",\"https:\\\/\\\/www.instagram.com\\\/udecaldas\\\/\"]},{\"@type\":\"Person\",\"@id\":\"https:\\\/\\\/www.ucaldas.edu.co\\\/portal\\\/#\\\/schema\\\/person\\\/a1b482e23449158b4bc319926c074fdf\",\"name\":\"ofiprensa\",\"image\":{\"@type\":\"ImageObject\",\"inLanguage\":\"es\",\"@id\":\"https:\\\/\\\/www.ucaldas.edu.co\\\/portal\\\/wp-content\\\/litespeed\\\/avatar\\\/09ea5085e600095a7a811142c6944527.jpg?ver=1787779368\",\"url\":\"https:\\\/\\\/www.ucaldas.edu.co\\\/portal\\\/wp-content\\\/litespeed\\\/avatar\\\/09ea5085e600095a7a811142c6944527.jpg?ver=1787779368\",\"contentUrl\":\"https:\\\/\\\/www.ucaldas.edu.co\\\/portal\\\/wp-content\\\/litespeed\\\/avatar\\\/09ea5085e600095a7a811142c6944527.jpg?ver=1787779368\",\"caption\":\"ofiprensa\"},\"url\":\"https:\\\/\\\/www.ucaldas.edu.co\\\/portal\\\/author\\\/ofiprensa\\\/\"}]}<\/script>\n<!-- \/ Yoast SEO plugin. -->","yoast_head_json":{"title":"Abierta convocatoria para la s\u00e9ptima edici\u00f3n del \u201cPremio Antonio Restrepo Barco\u201d .","robots":{"index":"index","follow":"follow","max-snippet":"max-snippet:-1","max-image-preview":"max-image-preview:large","max-video-preview":"max-video-preview:-1"},"canonical":"https:\/\/www.ucaldas.edu.co\/portal\/abierta-convocatoria-para-la-septima-edicion-del-premio-antonio-restrepo-barco\/","schema":{"@context":"https:\/\/schema.org","@graph":[{"@type":"Article","@id":"https:\/\/www.ucaldas.edu.co\/portal\/abierta-convocatoria-para-la-septima-edicion-del-premio-antonio-restrepo-barco\/#article","isPartOf":{"@id":"https:\/\/www.ucaldas.edu.co\/portal\/abierta-convocatoria-para-la-septima-edicion-del-premio-antonio-restrepo-barco\/"},"author":{"name":"ofiprensa","@id":"https:\/\/www.ucaldas.edu.co\/portal\/#\/schema\/person\/a1b482e23449158b4bc319926c074fdf"},"headline":"Abierta convocatoria para la s\u00e9ptima edici\u00f3n del \u201cPremio Antonio Restrepo Barco\u201d","datePublished":"2022-11-16T22:25:10+00:00","mainEntityOfPage":{"@id":"https:\/\/www.ucaldas.edu.co\/portal\/abierta-convocatoria-para-la-septima-edicion-del-premio-antonio-restrepo-barco\/"},"wordCount":449,"publisher":{"@id":"https:\/\/www.ucaldas.edu.co\/portal\/#organization"},"image":{"@id":"https:\/\/www.ucaldas.edu.co\/portal\/abierta-convocatoria-para-la-septima-edicion-del-premio-antonio-restrepo-barco\/#primaryimage"},"thumbnailUrl":"https:\/\/www.ucaldas.edu.co\/portal\/wp-content\/uploads\/2022\/11\/Diseno-sin-titulo-6.jpg","keywords":["familia","investigaci\u00f3n","estudiantes","maestr\u00eda","doctorado","grupos de investigaci\u00f3n","fundaci\u00f3n barco"],"articleSection":["Actualidad","Universidad al D\u00eda","UCaldas Transparente"],"inLanguage":"es"},{"@type":"WebPage","@id":"https:\/\/www.ucaldas.edu.co\/portal\/abierta-convocatoria-para-la-septima-edicion-del-premio-antonio-restrepo-barco\/","url":"https:\/\/www.ucaldas.edu.co\/portal\/abierta-convocatoria-para-la-septima-edicion-del-premio-antonio-restrepo-barco\/","name":"Abierta convocatoria para la s\u00e9ptima edici\u00f3n del \u201cPremio Antonio Restrepo Barco\u201d .","isPartOf":{"@id":"https:\/\/www.ucaldas.edu.co\/portal\/#website"},"primaryImageOfPage":{"@id":"https:\/\/www.ucaldas.edu.co\/portal\/abierta-convocatoria-para-la-septima-edicion-del-premio-antonio-restrepo-barco\/#primaryimage"},"image":{"@id":"https:\/\/www.ucaldas.edu.co\/portal\/abierta-convocatoria-para-la-septima-edicion-del-premio-antonio-restrepo-barco\/#primaryimage"},"thumbnailUrl":"https:\/\/www.ucaldas.edu.co\/portal\/wp-content\/uploads\/2022\/11\/Diseno-sin-titulo-6.jpg","datePublished":"2022-11-16T22:25:10+00:00","breadcrumb":{"@id":"https:\/\/www.ucaldas.edu.co\/portal\/abierta-convocatoria-para-la-septima-edicion-del-premio-antonio-restrepo-barco\/#breadcrumb"},"inLanguage":"es","potentialAction":[{"@type":"ReadAction","target":["https:\/\/www.ucaldas.edu.co\/portal\/abierta-convocatoria-para-la-septima-edicion-del-premio-antonio-restrepo-barco\/"]}]},{"@type":"ImageObject","inLanguage":"es","@id":"https:\/\/www.ucaldas.edu.co\/portal\/abierta-convocatoria-para-la-septima-edicion-del-premio-antonio-restrepo-barco\/#primaryimage","url":"https:\/\/www.ucaldas.edu.co\/portal\/wp-content\/uploads\/2022\/11\/Diseno-sin-titulo-6.jpg","contentUrl":"https:\/\/www.ucaldas.edu.co\/portal\/wp-content\/uploads\/2022\/11\/Diseno-sin-titulo-6.jpg","width":700,"height":400,"caption":"\u2022 La sexta versi\u00f3n, otorg\u00f3 el premio a Isabel Cristina \u00c1lvarez V\u00e9lez, con un trabajo de investigaci\u00f3n titulado: \u201cTransformaciones y experiencias de vida de mujeres y sus grupos familiares tras la desaparici\u00f3n forzada en el municipio de Granada, Antioquia\u201d."},{"@type":"BreadcrumbList","@id":"https:\/\/www.ucaldas.edu.co\/portal\/abierta-convocatoria-para-la-septima-edicion-del-premio-antonio-restrepo-barco\/#breadcrumb","itemListElement":[{"@type":"ListItem","position":1,"name":"Portada","item":"https:\/\/www.ucaldas.edu.co\/portal\/"},{"@type":"ListItem","position":2,"name":"Abierta convocatoria para la s\u00e9ptima edici\u00f3n del \u201cPremio Antonio Restrepo Barco\u201d"}]},{"@type":"WebSite","@id":"https:\/\/www.ucaldas.edu.co\/portal\/#website","url":"https:\/\/www.ucaldas.edu.co\/portal\/","name":"Universidad de Caldas","description":"","publisher":{"@id":"https:\/\/www.ucaldas.edu.co\/portal\/#organization"},"alternateName":"U. de Caldas","potentialAction":[{"@type":"SearchAction","target":{"@type":"EntryPoint","urlTemplate":"https:\/\/www.ucaldas.edu.co\/portal\/?s={search_term_string}"},"query-input":{"@type":"PropertyValueSpecification","valueRequired":true,"valueName":"search_term_string"}}],"inLanguage":"es"},{"@type":"Organization","@id":"https:\/\/www.ucaldas.edu.co\/portal\/#organization","name":"Universidad de Caldas","alternateName":"U. de Caldas","url":"https:\/\/www.ucaldas.edu.co\/portal\/","logo":{"@type":"ImageObject","inLanguage":"es","@id":"https:\/\/www.ucaldas.edu.co\/portal\/#\/schema\/logo\/image\/","url":"https:\/\/www.ucaldas.edu.co\/portal\/wp-content\/uploads\/2023\/11\/Logo_horizontal_oscuroU-2023.png","contentUrl":"https:\/\/www.ucaldas.edu.co\/portal\/wp-content\/uploads\/2023\/11\/Logo_horizontal_oscuroU-2023.png","width":263,"height":101,"caption":"Universidad de Caldas"},"image":{"@id":"https:\/\/www.ucaldas.edu.co\/portal\/#\/schema\/logo\/image\/"},"sameAs":["https:\/\/www.facebook.com\/udecaldas","https:\/\/x.com\/udecaldas","https:\/\/www.youtube.com\/universidadcaldas","https:\/\/www.instagram.com\/udecaldas\/"]},{"@type":"Person","@id":"https:\/\/www.ucaldas.edu.co\/portal\/#\/schema\/person\/a1b482e23449158b4bc319926c074fdf","name":"ofiprensa","image":{"@type":"ImageObject","inLanguage":"es","@id":"https:\/\/www.ucaldas.edu.co\/portal\/wp-content\/litespeed\/avatar\/09ea5085e600095a7a811142c6944527.jpg?ver=1787779368","url":"https:\/\/www.ucaldas.edu.co\/portal\/wp-content\/litespeed\/avatar\/09ea5085e600095a7a811142c6944527.jpg?ver=1787779368","contentUrl":"https:\/\/www.ucaldas.edu.co\/portal\/wp-content\/litespeed\/avatar\/09ea5085e600095a7a811142c6944527.jpg?ver=1787779368","caption":"ofiprensa"},"url":"https:\/\/www.ucaldas.edu.co\/portal\/author\/ofiprensa\/"}]}},"_links":{"self":[{"href":"https:\/\/www.ucaldas.edu.co\/portal\/wp-json\/wp\/v2\/posts\/73669","targetHints":{"allow":["GET"]}}],"collection":[{"href":"https:\/\/www.ucaldas.edu.co\/portal\/wp-json\/wp\/v2\/posts"}],"about":[{"href":"https:\/\/www.ucaldas.edu.co\/portal\/wp-json\/wp\/v2\/types\/post"}],"author":[{"embeddable":true,"href":"https:\/\/www.ucaldas.edu.co\/portal\/wp-json\/wp\/v2\/users\/2"}],"replies":[{"embeddable":true,"href":"https:\/\/www.ucaldas.edu.co\/portal\/wp-json\/wp\/v2\/comments?post=73669"}],"version-history":[{"count":0,"href":"https:\/\/www.ucaldas.edu.co\/portal\/wp-json\/wp\/v2\/posts\/73669\/revisions"}],"wp:featuredmedia":[{"embeddable":true,"href":"https:\/\/www.ucaldas.edu.co\/portal\/wp-json\/wp\/v2\/media\/73670"}],"wp:attachment":[{"href":"https:\/\/www.ucaldas.edu.co\/portal\/wp-json\/wp\/v2\/media?parent=73669"}],"wp:term":[{"taxonomy":"category","embeddable":true,"href":"https:\/\/www.ucaldas.edu.co\/portal\/wp-json\/wp\/v2\/categories?post=73669"},{"taxonomy":"post_tag","embeddable":true,"href":"https:\/\/www.ucaldas.edu.co\/portal\/wp-json\/wp\/v2\/tags?post=73669"}],"curies":[{"name":"wp","href":"https:\/\/api.w.org\/{rel}","templated":true}]}}