{"id":73638,"date":"2022-11-15T22:25:26","date_gmt":"2022-11-15T22:25:26","guid":{"rendered":"https:\/\/www.ucaldas.edu.co\/portal\/?p=73638"},"modified":"2022-11-15T23:04:04","modified_gmt":"2022-11-15T23:04:04","slug":"el-centro-de-innovacion-para-caldas-fue-presentado-a-la-comunidad-universitaria","status":"publish","type":"post","link":"https:\/\/www.ucaldas.edu.co\/portal\/el-centro-de-innovacion-para-caldas-fue-presentado-a-la-comunidad-universitaria\/","title":{"rendered":"El Centro de Innovaci\u00f3n para Caldas fue presentado a la comunidad universitaria"},"content":{"rendered":"<p><img loading=\"lazy\" decoding=\"async\" class=\"aligncenter size-full wp-image-73639\" src=\"https:\/\/www.ucaldas.edu.co\/portal\/wp-content\/uploads\/2022\/11\/Rectora.jpg\" alt=\"centro de innovacion del magdalena centro\" width=\"700\" height=\"400\" srcset=\"https:\/\/www.ucaldas.edu.co\/portal\/wp-content\/uploads\/2022\/11\/Rectora.jpg 700w, https:\/\/www.ucaldas.edu.co\/portal\/wp-content\/uploads\/2022\/11\/Rectora-300x171.jpg 300w\" sizes=\"auto, (max-width: 700px) 100vw, 700px\" \/><\/p>\n<p>A trav\u00e9s de un encuentro virtual y presencial la rectora encargada de la Universidad de Caldas Luisa Fernanda Giraldo Zuluaga present\u00f3 a la comunidad universitaria la creaci\u00f3n mediante resoluci\u00f3n del Consejo Superior del Centro de Innovaci\u00f3n para Caldas, con el prop\u00f3sito de contribuir a la mejora de la competitividad y de la productividad del tejido social y empresarial de la regi\u00f3n del Magdalena Centro colombiano.<\/p>\n<p><!--more--><\/p>\n<p>Durante el evento se llev\u00f3 a cabo un conversatorio en el que participaron los vicerrectores acad\u00e9mico Mauricio Arbel\u00e1ez Rend\u00f3n y de Proyecci\u00f3n Universitaria Patricia Salazar Villegas y la jefe de la oficina de Posgrados Adriana Zapata Mart\u00ednez quienes expusieron las iniciativas que desde las diversas \u00e1reas acad\u00e9micas y administrativas de la Universidad de Caldas se desarrollar\u00e1n en el Centro de Innovaci\u00f3n para Caldas.<\/p>\n<p>El encuentro sirvi\u00f3 adem\u00e1s para Consejo Superior entablar una conversaci\u00f3n sobre la visi\u00f3n y retos de la educaci\u00f3n superior en el territorio, el desarrollo del concepto de innovaci\u00f3n en el contexto regional y las estrategias desde el centro para aportar a la transformaci\u00f3n de un departamento innovador adem\u00e1s de compromisos con las necesidades de desarrollo de la regi\u00f3n del Magdalena centro.<\/p>\n<p>De acuerdo con la rectora encargada, Luisa Fernanda Giraldo Zuluaga \u201ceste proyecto fortalece a la instituci\u00f3n y representa para el futuro de la misma muchos retos a corto, mediano y largo plazo, que implica nos solo una oferta acad\u00e9mica estrat\u00e9gica en funci\u00f3n de las necesidades del territorio (\u2026) ligada al quehacer del Centro de Innovaci\u00f3n\u201d<\/p>\n<p><strong>\u00a0<\/strong><\/p>\n<p><strong>Anexos:<\/strong><\/p>\n<p><a href=\"https:\/\/go.ivoox.com\/rf\/96445588\"><strong>Audio rectora encargada, Luisa Fernanda Giraldo Zuluaga<\/strong><\/a><\/p>\n<p><iframe loading=\"lazy\" src=\"https:\/\/www.ivoox.com\/player_ek_96445588_2_1.html\" width=\"238\" height=\"48\" frameborder=\"0\" scrolling=\"no\" allowfullscreen=\"allowfullscreen\"><\/iframe><\/p>\n<p><a href=\"https:\/\/go.ivoox.com\/rf\/96445588\"><strong>Transmisi\u00f3n del evento<\/strong><\/a><\/p>\n<p><strong>\u00a0<\/strong><\/p>\n<p><strong>Informes: <\/strong>Oficina de Comunicaciones y Prensa Universidad de Caldas.<\/p>\n<p><strong>Redacci\u00f3n:<\/strong> Adriana Salazar Villegas<\/p>\n<p>&nbsp;<\/p>\n","protected":false},"excerpt":{"rendered":"<p>A trav\u00e9s de un encuentro virtual y presencial la rectora encargada de la Universidad de Caldas Luisa Fernanda Giraldo Zuluaga present\u00f3 a la comunidad universitaria la creaci\u00f3n mediante resoluci\u00f3n del Consejo Superior del Centro de Innovaci\u00f3n para Caldas, con el prop\u00f3sito de contribuir a la mejora de la competitividad y de la productividad del tejido [&hellip;]<\/p>\n","protected":false},"author":2,"featured_media":73639,"comment_status":"closed","ping_status":"open","sticky":false,"template":"","format":"standard","meta":{"footnotes":""},"categories":[48,53,620],"tags":[133,1090,7884],"class_list":["post-73638","post","type-post","status-publish","format-standard","has-post-thumbnail","hentry","category-actualidad","category-universidad-al-dia","category-ucaldas-transparente","tag-presentacion","tag-consejo-superior","tag-centro-de-innovacion-para-caldas"],"yoast_head":"<!-- This site is optimized with the Yoast SEO plugin v27.5 - https:\/\/yoast.com\/product\/yoast-seo-wordpress\/ -->\n<title>El Centro de Innovaci\u00f3n para Caldas fue presentado a la comunidad universitaria .<\/title>\n<meta name=\"robots\" content=\"index, follow, max-snippet:-1, max-image-preview:large, max-video-preview:-1\" \/>\n<link rel=\"canonical\" href=\"https:\/\/www.ucaldas.edu.co\/portal\/el-centro-de-innovacion-para-caldas-fue-presentado-a-la-comunidad-universitaria\/\" \/>\n<script type=\"application\/ld+json\" class=\"yoast-schema-graph\">{\"@context\":\"https:\\\/\\\/schema.org\",\"@graph\":[{\"@type\":\"Article\",\"@id\":\"https:\\\/\\\/www.ucaldas.edu.co\\\/portal\\\/el-centro-de-innovacion-para-caldas-fue-presentado-a-la-comunidad-universitaria\\\/#article\",\"isPartOf\":{\"@id\":\"https:\\\/\\\/www.ucaldas.edu.co\\\/portal\\\/el-centro-de-innovacion-para-caldas-fue-presentado-a-la-comunidad-universitaria\\\/\"},\"author\":{\"name\":\"ofiprensa\",\"@id\":\"https:\\\/\\\/www.ucaldas.edu.co\\\/portal\\\/#\\\/schema\\\/person\\\/a1b482e23449158b4bc319926c074fdf\"},\"headline\":\"El Centro de Innovaci\u00f3n para Caldas fue presentado a la comunidad universitaria\",\"datePublished\":\"2022-11-15T22:25:26+00:00\",\"dateModified\":\"2022-11-15T23:04:04+00:00\",\"mainEntityOfPage\":{\"@id\":\"https:\\\/\\\/www.ucaldas.edu.co\\\/portal\\\/el-centro-de-innovacion-para-caldas-fue-presentado-a-la-comunidad-universitaria\\\/\"},\"wordCount\":310,\"publisher\":{\"@id\":\"https:\\\/\\\/www.ucaldas.edu.co\\\/portal\\\/#organization\"},\"image\":{\"@id\":\"https:\\\/\\\/www.ucaldas.edu.co\\\/portal\\\/el-centro-de-innovacion-para-caldas-fue-presentado-a-la-comunidad-universitaria\\\/#primaryimage\"},\"thumbnailUrl\":\"https:\\\/\\\/www.ucaldas.edu.co\\\/portal\\\/wp-content\\\/uploads\\\/2022\\\/11\\\/Rectora.jpg\",\"keywords\":[\"Presentaci\u00f3n\",\"Consejo Superior\",\"centro de innovaci\u00f3n para Caldas\"],\"articleSection\":[\"Actualidad\",\"Universidad al D\u00eda\",\"UCaldas Transparente\"],\"inLanguage\":\"es\"},{\"@type\":\"WebPage\",\"@id\":\"https:\\\/\\\/www.ucaldas.edu.co\\\/portal\\\/el-centro-de-innovacion-para-caldas-fue-presentado-a-la-comunidad-universitaria\\\/\",\"url\":\"https:\\\/\\\/www.ucaldas.edu.co\\\/portal\\\/el-centro-de-innovacion-para-caldas-fue-presentado-a-la-comunidad-universitaria\\\/\",\"name\":\"El Centro de Innovaci\u00f3n para Caldas fue presentado a la comunidad universitaria .\",\"isPartOf\":{\"@id\":\"https:\\\/\\\/www.ucaldas.edu.co\\\/portal\\\/#website\"},\"primaryImageOfPage\":{\"@id\":\"https:\\\/\\\/www.ucaldas.edu.co\\\/portal\\\/el-centro-de-innovacion-para-caldas-fue-presentado-a-la-comunidad-universitaria\\\/#primaryimage\"},\"image\":{\"@id\":\"https:\\\/\\\/www.ucaldas.edu.co\\\/portal\\\/el-centro-de-innovacion-para-caldas-fue-presentado-a-la-comunidad-universitaria\\\/#primaryimage\"},\"thumbnailUrl\":\"https:\\\/\\\/www.ucaldas.edu.co\\\/portal\\\/wp-content\\\/uploads\\\/2022\\\/11\\\/Rectora.jpg\",\"datePublished\":\"2022-11-15T22:25:26+00:00\",\"dateModified\":\"2022-11-15T23:04:04+00:00\",\"breadcrumb\":{\"@id\":\"https:\\\/\\\/www.ucaldas.edu.co\\\/portal\\\/el-centro-de-innovacion-para-caldas-fue-presentado-a-la-comunidad-universitaria\\\/#breadcrumb\"},\"inLanguage\":\"es\",\"potentialAction\":[{\"@type\":\"ReadAction\",\"target\":[\"https:\\\/\\\/www.ucaldas.edu.co\\\/portal\\\/el-centro-de-innovacion-para-caldas-fue-presentado-a-la-comunidad-universitaria\\\/\"]}]},{\"@type\":\"ImageObject\",\"inLanguage\":\"es\",\"@id\":\"https:\\\/\\\/www.ucaldas.edu.co\\\/portal\\\/el-centro-de-innovacion-para-caldas-fue-presentado-a-la-comunidad-universitaria\\\/#primaryimage\",\"url\":\"https:\\\/\\\/www.ucaldas.edu.co\\\/portal\\\/wp-content\\\/uploads\\\/2022\\\/11\\\/Rectora.jpg\",\"contentUrl\":\"https:\\\/\\\/www.ucaldas.edu.co\\\/portal\\\/wp-content\\\/uploads\\\/2022\\\/11\\\/Rectora.jpg\",\"width\":700,\"height\":400,\"caption\":\"centro de innovacion del magdalena centro\"},{\"@type\":\"BreadcrumbList\",\"@id\":\"https:\\\/\\\/www.ucaldas.edu.co\\\/portal\\\/el-centro-de-innovacion-para-caldas-fue-presentado-a-la-comunidad-universitaria\\\/#breadcrumb\",\"itemListElement\":[{\"@type\":\"ListItem\",\"position\":1,\"name\":\"Portada\",\"item\":\"https:\\\/\\\/www.ucaldas.edu.co\\\/portal\\\/\"},{\"@type\":\"ListItem\",\"position\":2,\"name\":\"El Centro de Innovaci\u00f3n para Caldas fue presentado a la comunidad universitaria\"}]},{\"@type\":\"WebSite\",\"@id\":\"https:\\\/\\\/www.ucaldas.edu.co\\\/portal\\\/#website\",\"url\":\"https:\\\/\\\/www.ucaldas.edu.co\\\/portal\\\/\",\"name\":\"Universidad de Caldas\",\"description\":\"\",\"publisher\":{\"@id\":\"https:\\\/\\\/www.ucaldas.edu.co\\\/portal\\\/#organization\"},\"alternateName\":\"U. de Caldas\",\"potentialAction\":[{\"@type\":\"SearchAction\",\"target\":{\"@type\":\"EntryPoint\",\"urlTemplate\":\"https:\\\/\\\/www.ucaldas.edu.co\\\/portal\\\/?s={search_term_string}\"},\"query-input\":{\"@type\":\"PropertyValueSpecification\",\"valueRequired\":true,\"valueName\":\"search_term_string\"}}],\"inLanguage\":\"es\"},{\"@type\":\"Organization\",\"@id\":\"https:\\\/\\\/www.ucaldas.edu.co\\\/portal\\\/#organization\",\"name\":\"Universidad de Caldas\",\"alternateName\":\"U. de Caldas\",\"url\":\"https:\\\/\\\/www.ucaldas.edu.co\\\/portal\\\/\",\"logo\":{\"@type\":\"ImageObject\",\"inLanguage\":\"es\",\"@id\":\"https:\\\/\\\/www.ucaldas.edu.co\\\/portal\\\/#\\\/schema\\\/logo\\\/image\\\/\",\"url\":\"https:\\\/\\\/www.ucaldas.edu.co\\\/portal\\\/wp-content\\\/uploads\\\/2023\\\/11\\\/Logo_horizontal_oscuroU-2023.png\",\"contentUrl\":\"https:\\\/\\\/www.ucaldas.edu.co\\\/portal\\\/wp-content\\\/uploads\\\/2023\\\/11\\\/Logo_horizontal_oscuroU-2023.png\",\"width\":263,\"height\":101,\"caption\":\"Universidad de Caldas\"},\"image\":{\"@id\":\"https:\\\/\\\/www.ucaldas.edu.co\\\/portal\\\/#\\\/schema\\\/logo\\\/image\\\/\"},\"sameAs\":[\"https:\\\/\\\/www.facebook.com\\\/udecaldas\",\"https:\\\/\\\/x.com\\\/udecaldas\",\"https:\\\/\\\/www.youtube.com\\\/universidadcaldas\",\"https:\\\/\\\/www.instagram.com\\\/udecaldas\\\/\"]},{\"@type\":\"Person\",\"@id\":\"https:\\\/\\\/www.ucaldas.edu.co\\\/portal\\\/#\\\/schema\\\/person\\\/a1b482e23449158b4bc319926c074fdf\",\"name\":\"ofiprensa\",\"image\":{\"@type\":\"ImageObject\",\"inLanguage\":\"es\",\"@id\":\"https:\\\/\\\/www.ucaldas.edu.co\\\/portal\\\/wp-content\\\/litespeed\\\/avatar\\\/09ea5085e600095a7a811142c6944527.jpg?ver=1777497608\",\"url\":\"https:\\\/\\\/www.ucaldas.edu.co\\\/portal\\\/wp-content\\\/litespeed\\\/avatar\\\/09ea5085e600095a7a811142c6944527.jpg?ver=1777497608\",\"contentUrl\":\"https:\\\/\\\/www.ucaldas.edu.co\\\/portal\\\/wp-content\\\/litespeed\\\/avatar\\\/09ea5085e600095a7a811142c6944527.jpg?ver=1777497608\",\"caption\":\"ofiprensa\"},\"url\":\"https:\\\/\\\/www.ucaldas.edu.co\\\/portal\\\/author\\\/ofiprensa\\\/\"}]}<\/script>\n<!-- \/ Yoast SEO plugin. -->","yoast_head_json":{"title":"El Centro de Innovaci\u00f3n para Caldas fue presentado a la comunidad universitaria .","robots":{"index":"index","follow":"follow","max-snippet":"max-snippet:-1","max-image-preview":"max-image-preview:large","max-video-preview":"max-video-preview:-1"},"canonical":"https:\/\/www.ucaldas.edu.co\/portal\/el-centro-de-innovacion-para-caldas-fue-presentado-a-la-comunidad-universitaria\/","schema":{"@context":"https:\/\/schema.org","@graph":[{"@type":"Article","@id":"https:\/\/www.ucaldas.edu.co\/portal\/el-centro-de-innovacion-para-caldas-fue-presentado-a-la-comunidad-universitaria\/#article","isPartOf":{"@id":"https:\/\/www.ucaldas.edu.co\/portal\/el-centro-de-innovacion-para-caldas-fue-presentado-a-la-comunidad-universitaria\/"},"author":{"name":"ofiprensa","@id":"https:\/\/www.ucaldas.edu.co\/portal\/#\/schema\/person\/a1b482e23449158b4bc319926c074fdf"},"headline":"El Centro de Innovaci\u00f3n para Caldas fue presentado a la comunidad universitaria","datePublished":"2022-11-15T22:25:26+00:00","dateModified":"2022-11-15T23:04:04+00:00","mainEntityOfPage":{"@id":"https:\/\/www.ucaldas.edu.co\/portal\/el-centro-de-innovacion-para-caldas-fue-presentado-a-la-comunidad-universitaria\/"},"wordCount":310,"publisher":{"@id":"https:\/\/www.ucaldas.edu.co\/portal\/#organization"},"image":{"@id":"https:\/\/www.ucaldas.edu.co\/portal\/el-centro-de-innovacion-para-caldas-fue-presentado-a-la-comunidad-universitaria\/#primaryimage"},"thumbnailUrl":"https:\/\/www.ucaldas.edu.co\/portal\/wp-content\/uploads\/2022\/11\/Rectora.jpg","keywords":["Presentaci\u00f3n","Consejo Superior","centro de innovaci\u00f3n para Caldas"],"articleSection":["Actualidad","Universidad al D\u00eda","UCaldas Transparente"],"inLanguage":"es"},{"@type":"WebPage","@id":"https:\/\/www.ucaldas.edu.co\/portal\/el-centro-de-innovacion-para-caldas-fue-presentado-a-la-comunidad-universitaria\/","url":"https:\/\/www.ucaldas.edu.co\/portal\/el-centro-de-innovacion-para-caldas-fue-presentado-a-la-comunidad-universitaria\/","name":"El Centro de Innovaci\u00f3n para Caldas fue presentado a la comunidad universitaria .","isPartOf":{"@id":"https:\/\/www.ucaldas.edu.co\/portal\/#website"},"primaryImageOfPage":{"@id":"https:\/\/www.ucaldas.edu.co\/portal\/el-centro-de-innovacion-para-caldas-fue-presentado-a-la-comunidad-universitaria\/#primaryimage"},"image":{"@id":"https:\/\/www.ucaldas.edu.co\/portal\/el-centro-de-innovacion-para-caldas-fue-presentado-a-la-comunidad-universitaria\/#primaryimage"},"thumbnailUrl":"https:\/\/www.ucaldas.edu.co\/portal\/wp-content\/uploads\/2022\/11\/Rectora.jpg","datePublished":"2022-11-15T22:25:26+00:00","dateModified":"2022-11-15T23:04:04+00:00","breadcrumb":{"@id":"https:\/\/www.ucaldas.edu.co\/portal\/el-centro-de-innovacion-para-caldas-fue-presentado-a-la-comunidad-universitaria\/#breadcrumb"},"inLanguage":"es","potentialAction":[{"@type":"ReadAction","target":["https:\/\/www.ucaldas.edu.co\/portal\/el-centro-de-innovacion-para-caldas-fue-presentado-a-la-comunidad-universitaria\/"]}]},{"@type":"ImageObject","inLanguage":"es","@id":"https:\/\/www.ucaldas.edu.co\/portal\/el-centro-de-innovacion-para-caldas-fue-presentado-a-la-comunidad-universitaria\/#primaryimage","url":"https:\/\/www.ucaldas.edu.co\/portal\/wp-content\/uploads\/2022\/11\/Rectora.jpg","contentUrl":"https:\/\/www.ucaldas.edu.co\/portal\/wp-content\/uploads\/2022\/11\/Rectora.jpg","width":700,"height":400,"caption":"centro de innovacion del magdalena centro"},{"@type":"BreadcrumbList","@id":"https:\/\/www.ucaldas.edu.co\/portal\/el-centro-de-innovacion-para-caldas-fue-presentado-a-la-comunidad-universitaria\/#breadcrumb","itemListElement":[{"@type":"ListItem","position":1,"name":"Portada","item":"https:\/\/www.ucaldas.edu.co\/portal\/"},{"@type":"ListItem","position":2,"name":"El Centro de Innovaci\u00f3n para Caldas fue presentado a la comunidad universitaria"}]},{"@type":"WebSite","@id":"https:\/\/www.ucaldas.edu.co\/portal\/#website","url":"https:\/\/www.ucaldas.edu.co\/portal\/","name":"Universidad de Caldas","description":"","publisher":{"@id":"https:\/\/www.ucaldas.edu.co\/portal\/#organization"},"alternateName":"U. de Caldas","potentialAction":[{"@type":"SearchAction","target":{"@type":"EntryPoint","urlTemplate":"https:\/\/www.ucaldas.edu.co\/portal\/?s={search_term_string}"},"query-input":{"@type":"PropertyValueSpecification","valueRequired":true,"valueName":"search_term_string"}}],"inLanguage":"es"},{"@type":"Organization","@id":"https:\/\/www.ucaldas.edu.co\/portal\/#organization","name":"Universidad de Caldas","alternateName":"U. de Caldas","url":"https:\/\/www.ucaldas.edu.co\/portal\/","logo":{"@type":"ImageObject","inLanguage":"es","@id":"https:\/\/www.ucaldas.edu.co\/portal\/#\/schema\/logo\/image\/","url":"https:\/\/www.ucaldas.edu.co\/portal\/wp-content\/uploads\/2023\/11\/Logo_horizontal_oscuroU-2023.png","contentUrl":"https:\/\/www.ucaldas.edu.co\/portal\/wp-content\/uploads\/2023\/11\/Logo_horizontal_oscuroU-2023.png","width":263,"height":101,"caption":"Universidad de Caldas"},"image":{"@id":"https:\/\/www.ucaldas.edu.co\/portal\/#\/schema\/logo\/image\/"},"sameAs":["https:\/\/www.facebook.com\/udecaldas","https:\/\/x.com\/udecaldas","https:\/\/www.youtube.com\/universidadcaldas","https:\/\/www.instagram.com\/udecaldas\/"]},{"@type":"Person","@id":"https:\/\/www.ucaldas.edu.co\/portal\/#\/schema\/person\/a1b482e23449158b4bc319926c074fdf","name":"ofiprensa","image":{"@type":"ImageObject","inLanguage":"es","@id":"https:\/\/www.ucaldas.edu.co\/portal\/wp-content\/litespeed\/avatar\/09ea5085e600095a7a811142c6944527.jpg?ver=1777497608","url":"https:\/\/www.ucaldas.edu.co\/portal\/wp-content\/litespeed\/avatar\/09ea5085e600095a7a811142c6944527.jpg?ver=1777497608","contentUrl":"https:\/\/www.ucaldas.edu.co\/portal\/wp-content\/litespeed\/avatar\/09ea5085e600095a7a811142c6944527.jpg?ver=1777497608","caption":"ofiprensa"},"url":"https:\/\/www.ucaldas.edu.co\/portal\/author\/ofiprensa\/"}]}},"_links":{"self":[{"href":"https:\/\/www.ucaldas.edu.co\/portal\/wp-json\/wp\/v2\/posts\/73638","targetHints":{"allow":["GET"]}}],"collection":[{"href":"https:\/\/www.ucaldas.edu.co\/portal\/wp-json\/wp\/v2\/posts"}],"about":[{"href":"https:\/\/www.ucaldas.edu.co\/portal\/wp-json\/wp\/v2\/types\/post"}],"author":[{"embeddable":true,"href":"https:\/\/www.ucaldas.edu.co\/portal\/wp-json\/wp\/v2\/users\/2"}],"replies":[{"embeddable":true,"href":"https:\/\/www.ucaldas.edu.co\/portal\/wp-json\/wp\/v2\/comments?post=73638"}],"version-history":[{"count":0,"href":"https:\/\/www.ucaldas.edu.co\/portal\/wp-json\/wp\/v2\/posts\/73638\/revisions"}],"wp:featuredmedia":[{"embeddable":true,"href":"https:\/\/www.ucaldas.edu.co\/portal\/wp-json\/wp\/v2\/media\/73639"}],"wp:attachment":[{"href":"https:\/\/www.ucaldas.edu.co\/portal\/wp-json\/wp\/v2\/media?parent=73638"}],"wp:term":[{"taxonomy":"category","embeddable":true,"href":"https:\/\/www.ucaldas.edu.co\/portal\/wp-json\/wp\/v2\/categories?post=73638"},{"taxonomy":"post_tag","embeddable":true,"href":"https:\/\/www.ucaldas.edu.co\/portal\/wp-json\/wp\/v2\/tags?post=73638"}],"curies":[{"name":"wp","href":"https:\/\/api.w.org\/{rel}","templated":true}]}}