{"id":73577,"date":"2022-11-11T21:33:32","date_gmt":"2022-11-11T21:33:32","guid":{"rendered":"https:\/\/www.ucaldas.edu.co\/portal\/?p=73577"},"modified":"2022-11-11T21:33:32","modified_gmt":"2022-11-11T21:33:32","slug":"beneficiarios-de-los-creditos-educativos-condonables-minciencias-tendran-una-tasa-de-interes-del-0","status":"publish","type":"post","link":"https:\/\/www.ucaldas.edu.co\/portal\/beneficiarios-de-los-creditos-educativos-condonables-minciencias-tendran-una-tasa-de-interes-del-0\/","title":{"rendered":"Beneficiarios de los Cr\u00e9ditos Educativos Condonables Minciencias tendr\u00e1n una tasa de inter\u00e9s del 0 %"},"content":{"rendered":"<p><img loading=\"lazy\" decoding=\"async\" class=\"aligncenter size-full wp-image-73578\" src=\"https:\/\/www.ucaldas.edu.co\/portal\/wp-content\/uploads\/2022\/11\/Diseno-sin-titulo-4.jpg\" alt=\"los cr\u00e9ditos educativos condonables Minciencias, financiados con recursos del Presupuesto General de la Naci\u00f3n, tendr\u00e1n una tasa de inter\u00e9s del 0 %\" width=\"700\" height=\"400\" srcset=\"https:\/\/www.ucaldas.edu.co\/portal\/wp-content\/uploads\/2022\/11\/Diseno-sin-titulo-4.jpg 700w, https:\/\/www.ucaldas.edu.co\/portal\/wp-content\/uploads\/2022\/11\/Diseno-sin-titulo-4-300x171.jpg 300w\" sizes=\"auto, (max-width: 700px) 100vw, 700px\" \/><\/p>\n<p>De acuerdo con Ministerio de Ciencia, Tecnolog\u00eda e Innovaci\u00f3n los colombianos que financian sus estudios doctorales con cr\u00e9ditos educativos condonables no tendr\u00e1n que pagar intereses a partir del 1 de diciembre de 2022.<\/p>\n<p><!--more--><\/p>\n<p>Es decir que los cr\u00e9ditos educativos condonables Minciencias, financiados con recursos del Presupuesto General de la Naci\u00f3n, tendr\u00e1n una tasa de inter\u00e9s del 0 %. Usualmente esta tasa de inter\u00e9s se calculaba con el promedio del IPC acumulado anual, que para septiembre de 2022 estaba alrededor del 11.4% y eso implicaba un mayor gasto y esfuerzo econ\u00f3mico de los beneficiarios<\/p>\n<p>Para los beneficiarios de Maestr\u00eda y Doctorado financiados con recursos del Sistema General de Regal\u00edas, como parte de proyectos de inversi\u00f3n de entidades territoriales, el Ministerio har\u00e1 la sugerencia a los departamentos para que acojan a esta medida y ser\u00e1 la entidad territorial quien decida su viabilidad e implementaci\u00f3n.<\/p>\n<p>As\u00ed mismo el Gobierno Nacional ha dado lineamientos para el establecimiento de acuerdos particulares con aquellos beneficiarios que se encuentran en mora de 90 d\u00edas o m\u00e1s y que demuestren su insolvencia econ\u00f3mica en los t\u00e9rminos establecidos en la Ley 1564 de 2012, buscando que la persona pague en funci\u00f3n de sus ingresos.<\/p>\n<p>Actualmente el Ministerio de Ciencia, Tecnolog\u00eda e Innovaci\u00f3n tiene dos tipos de v\u00ednculo con la Fundaci\u00f3n para el Futuro de Colombia (Colfuturo). Por una parte, Colfuturo es el operador acad\u00e9mico y financiero de los Cr\u00e9ditos Educativos Condonables para formaci\u00f3n de alto nivel que ofrece directamente el Ministerio a trav\u00e9s de sus convocatorias, tanto para doctorado nacional como para doctorado exterior.<\/p>\n<p>Por otro lado, Colfuturo lidera el Programa Cr\u00e9dito Beca de Colfuturo, que financia el desarrollo de especializaciones, maestr\u00edas y doctorados en el exterior. Este programa es apoyado por Minciencias quien aporta el 40 % de los recursos para su funcionamiento y el 60% restante es aportado por empresas privadas. Si bien, el Ministerio es el mayor donante, todas las decisiones relacionadas con el mismo se toman en el marco de la Junta Directiva de Colfuturo.<\/p>\n<p>&nbsp;<\/p>\n<p>&nbsp;<\/p>\n<p><strong>Informes: <\/strong>Oficina de Comunicaciones y Prensa Universidad de Caldas.<br \/>\n<strong>Redacci\u00f3n:<\/strong> Adriana Salazar Villegas<\/p>\n<p>&nbsp;<\/p>\n","protected":false},"excerpt":{"rendered":"<p>De acuerdo con Ministerio de Ciencia, Tecnolog\u00eda e Innovaci\u00f3n los colombianos que financian sus estudios doctorales con cr\u00e9ditos educativos condonables no tendr\u00e1n que pagar intereses a partir del 1 de diciembre de 2022.<\/p>\n","protected":false},"author":2,"featured_media":73578,"comment_status":"closed","ping_status":"open","sticky":false,"template":"","format":"standard","meta":{"footnotes":"","_members_access_role":[],"_members_access_error":""},"categories":[48,53],"tags":[534,763,844,4527,4543],"class_list":["post-73577","post","type-post","status-publish","format-standard","has-post-thumbnail","hentry","category-actualidad","category-universidad-al-dia","tag-becas","tag-maestria","tag-doctorado","tag-creditos","tag-minciencias"],"yoast_head":"<!-- This site is optimized with the Yoast SEO plugin v28.3 - https:\/\/yoast.com\/product\/yoast-seo-wordpress\/ -->\n<title>Beneficiarios de los Cr\u00e9ditos Educativos Condonables Minciencias tendr\u00e1n una tasa de inter\u00e9s del 0 % .<\/title>\n<meta name=\"robots\" content=\"index, follow, max-snippet:-1, max-image-preview:large, max-video-preview:-1\" \/>\n<link rel=\"canonical\" href=\"https:\/\/www.ucaldas.edu.co\/portal\/beneficiarios-de-los-creditos-educativos-condonables-minciencias-tendran-una-tasa-de-interes-del-0\/\" \/>\n<script type=\"application\/ld+json\" class=\"yoast-schema-graph\">{\"@context\":\"https:\\\/\\\/schema.org\",\"@graph\":[{\"@type\":\"Article\",\"@id\":\"https:\\\/\\\/www.ucaldas.edu.co\\\/portal\\\/beneficiarios-de-los-creditos-educativos-condonables-minciencias-tendran-una-tasa-de-interes-del-0\\\/#article\",\"isPartOf\":{\"@id\":\"https:\\\/\\\/www.ucaldas.edu.co\\\/portal\\\/beneficiarios-de-los-creditos-educativos-condonables-minciencias-tendran-una-tasa-de-interes-del-0\\\/\"},\"author\":{\"name\":\"ofiprensa\",\"@id\":\"https:\\\/\\\/www.ucaldas.edu.co\\\/portal\\\/#\\\/schema\\\/person\\\/a1b482e23449158b4bc319926c074fdf\"},\"headline\":\"Beneficiarios de los Cr\u00e9ditos Educativos Condonables Minciencias tendr\u00e1n una tasa de inter\u00e9s del 0 %\",\"datePublished\":\"2022-11-11T21:33:32+00:00\",\"mainEntityOfPage\":{\"@id\":\"https:\\\/\\\/www.ucaldas.edu.co\\\/portal\\\/beneficiarios-de-los-creditos-educativos-condonables-minciencias-tendran-una-tasa-de-interes-del-0\\\/\"},\"wordCount\":380,\"publisher\":{\"@id\":\"https:\\\/\\\/www.ucaldas.edu.co\\\/portal\\\/#organization\"},\"image\":{\"@id\":\"https:\\\/\\\/www.ucaldas.edu.co\\\/portal\\\/beneficiarios-de-los-creditos-educativos-condonables-minciencias-tendran-una-tasa-de-interes-del-0\\\/#primaryimage\"},\"thumbnailUrl\":\"https:\\\/\\\/www.ucaldas.edu.co\\\/portal\\\/wp-content\\\/uploads\\\/2022\\\/11\\\/Diseno-sin-titulo-4.jpg\",\"keywords\":[\"Becas\",\"maestr\u00eda\",\"doctorado\",\"cr\u00e9ditos\",\"Minciencias\"],\"articleSection\":[\"Actualidad\",\"Universidad al D\u00eda\"],\"inLanguage\":\"es\"},{\"@type\":\"WebPage\",\"@id\":\"https:\\\/\\\/www.ucaldas.edu.co\\\/portal\\\/beneficiarios-de-los-creditos-educativos-condonables-minciencias-tendran-una-tasa-de-interes-del-0\\\/\",\"url\":\"https:\\\/\\\/www.ucaldas.edu.co\\\/portal\\\/beneficiarios-de-los-creditos-educativos-condonables-minciencias-tendran-una-tasa-de-interes-del-0\\\/\",\"name\":\"Beneficiarios de los Cr\u00e9ditos Educativos Condonables Minciencias tendr\u00e1n una tasa de inter\u00e9s del 0 % .\",\"isPartOf\":{\"@id\":\"https:\\\/\\\/www.ucaldas.edu.co\\\/portal\\\/#website\"},\"primaryImageOfPage\":{\"@id\":\"https:\\\/\\\/www.ucaldas.edu.co\\\/portal\\\/beneficiarios-de-los-creditos-educativos-condonables-minciencias-tendran-una-tasa-de-interes-del-0\\\/#primaryimage\"},\"image\":{\"@id\":\"https:\\\/\\\/www.ucaldas.edu.co\\\/portal\\\/beneficiarios-de-los-creditos-educativos-condonables-minciencias-tendran-una-tasa-de-interes-del-0\\\/#primaryimage\"},\"thumbnailUrl\":\"https:\\\/\\\/www.ucaldas.edu.co\\\/portal\\\/wp-content\\\/uploads\\\/2022\\\/11\\\/Diseno-sin-titulo-4.jpg\",\"datePublished\":\"2022-11-11T21:33:32+00:00\",\"breadcrumb\":{\"@id\":\"https:\\\/\\\/www.ucaldas.edu.co\\\/portal\\\/beneficiarios-de-los-creditos-educativos-condonables-minciencias-tendran-una-tasa-de-interes-del-0\\\/#breadcrumb\"},\"inLanguage\":\"es\",\"potentialAction\":[{\"@type\":\"ReadAction\",\"target\":[\"https:\\\/\\\/www.ucaldas.edu.co\\\/portal\\\/beneficiarios-de-los-creditos-educativos-condonables-minciencias-tendran-una-tasa-de-interes-del-0\\\/\"]}]},{\"@type\":\"ImageObject\",\"inLanguage\":\"es\",\"@id\":\"https:\\\/\\\/www.ucaldas.edu.co\\\/portal\\\/beneficiarios-de-los-creditos-educativos-condonables-minciencias-tendran-una-tasa-de-interes-del-0\\\/#primaryimage\",\"url\":\"https:\\\/\\\/www.ucaldas.edu.co\\\/portal\\\/wp-content\\\/uploads\\\/2022\\\/11\\\/Diseno-sin-titulo-4.jpg\",\"contentUrl\":\"https:\\\/\\\/www.ucaldas.edu.co\\\/portal\\\/wp-content\\\/uploads\\\/2022\\\/11\\\/Diseno-sin-titulo-4.jpg\",\"width\":700,\"height\":400,\"caption\":\"los cr\u00e9ditos educativos condonables Minciencias, financiados con recursos del Presupuesto General de la Naci\u00f3n, tendr\u00e1n una tasa de inter\u00e9s del 0 %\"},{\"@type\":\"BreadcrumbList\",\"@id\":\"https:\\\/\\\/www.ucaldas.edu.co\\\/portal\\\/beneficiarios-de-los-creditos-educativos-condonables-minciencias-tendran-una-tasa-de-interes-del-0\\\/#breadcrumb\",\"itemListElement\":[{\"@type\":\"ListItem\",\"position\":1,\"name\":\"Portada\",\"item\":\"https:\\\/\\\/www.ucaldas.edu.co\\\/portal\\\/\"},{\"@type\":\"ListItem\",\"position\":2,\"name\":\"Beneficiarios de los Cr\u00e9ditos Educativos Condonables Minciencias tendr\u00e1n una tasa de inter\u00e9s del 0 %\"}]},{\"@type\":\"WebSite\",\"@id\":\"https:\\\/\\\/www.ucaldas.edu.co\\\/portal\\\/#website\",\"url\":\"https:\\\/\\\/www.ucaldas.edu.co\\\/portal\\\/\",\"name\":\"Universidad de Caldas\",\"description\":\"\",\"publisher\":{\"@id\":\"https:\\\/\\\/www.ucaldas.edu.co\\\/portal\\\/#organization\"},\"alternateName\":\"U. de Caldas\",\"potentialAction\":[{\"@type\":\"SearchAction\",\"target\":{\"@type\":\"EntryPoint\",\"urlTemplate\":\"https:\\\/\\\/www.ucaldas.edu.co\\\/portal\\\/?s={search_term_string}\"},\"query-input\":{\"@type\":\"PropertyValueSpecification\",\"valueRequired\":true,\"valueName\":\"search_term_string\"}}],\"inLanguage\":\"es\"},{\"@type\":\"Organization\",\"@id\":\"https:\\\/\\\/www.ucaldas.edu.co\\\/portal\\\/#organization\",\"name\":\"Universidad de Caldas\",\"alternateName\":\"U. de Caldas\",\"url\":\"https:\\\/\\\/www.ucaldas.edu.co\\\/portal\\\/\",\"logo\":{\"@type\":\"ImageObject\",\"inLanguage\":\"es\",\"@id\":\"https:\\\/\\\/www.ucaldas.edu.co\\\/portal\\\/#\\\/schema\\\/logo\\\/image\\\/\",\"url\":\"https:\\\/\\\/www.ucaldas.edu.co\\\/portal\\\/wp-content\\\/uploads\\\/2023\\\/11\\\/Logo_horizontal_oscuroU-2023.png\",\"contentUrl\":\"https:\\\/\\\/www.ucaldas.edu.co\\\/portal\\\/wp-content\\\/uploads\\\/2023\\\/11\\\/Logo_horizontal_oscuroU-2023.png\",\"width\":263,\"height\":101,\"caption\":\"Universidad de Caldas\"},\"image\":{\"@id\":\"https:\\\/\\\/www.ucaldas.edu.co\\\/portal\\\/#\\\/schema\\\/logo\\\/image\\\/\"},\"sameAs\":[\"https:\\\/\\\/www.facebook.com\\\/udecaldas\",\"https:\\\/\\\/x.com\\\/udecaldas\",\"https:\\\/\\\/www.youtube.com\\\/universidadcaldas\",\"https:\\\/\\\/www.instagram.com\\\/udecaldas\\\/\"]},{\"@type\":\"Person\",\"@id\":\"https:\\\/\\\/www.ucaldas.edu.co\\\/portal\\\/#\\\/schema\\\/person\\\/a1b482e23449158b4bc319926c074fdf\",\"name\":\"ofiprensa\",\"image\":{\"@type\":\"ImageObject\",\"inLanguage\":\"es\",\"@id\":\"https:\\\/\\\/www.ucaldas.edu.co\\\/portal\\\/wp-content\\\/litespeed\\\/avatar\\\/09ea5085e600095a7a811142c6944527.jpg?ver=1787779368\",\"url\":\"https:\\\/\\\/www.ucaldas.edu.co\\\/portal\\\/wp-content\\\/litespeed\\\/avatar\\\/09ea5085e600095a7a811142c6944527.jpg?ver=1787779368\",\"contentUrl\":\"https:\\\/\\\/www.ucaldas.edu.co\\\/portal\\\/wp-content\\\/litespeed\\\/avatar\\\/09ea5085e600095a7a811142c6944527.jpg?ver=1787779368\",\"caption\":\"ofiprensa\"},\"url\":\"https:\\\/\\\/www.ucaldas.edu.co\\\/portal\\\/author\\\/ofiprensa\\\/\"}]}<\/script>\n<!-- \/ Yoast SEO plugin. -->","yoast_head_json":{"title":"Beneficiarios de los Cr\u00e9ditos Educativos Condonables Minciencias tendr\u00e1n una tasa de inter\u00e9s del 0 % .","robots":{"index":"index","follow":"follow","max-snippet":"max-snippet:-1","max-image-preview":"max-image-preview:large","max-video-preview":"max-video-preview:-1"},"canonical":"https:\/\/www.ucaldas.edu.co\/portal\/beneficiarios-de-los-creditos-educativos-condonables-minciencias-tendran-una-tasa-de-interes-del-0\/","schema":{"@context":"https:\/\/schema.org","@graph":[{"@type":"Article","@id":"https:\/\/www.ucaldas.edu.co\/portal\/beneficiarios-de-los-creditos-educativos-condonables-minciencias-tendran-una-tasa-de-interes-del-0\/#article","isPartOf":{"@id":"https:\/\/www.ucaldas.edu.co\/portal\/beneficiarios-de-los-creditos-educativos-condonables-minciencias-tendran-una-tasa-de-interes-del-0\/"},"author":{"name":"ofiprensa","@id":"https:\/\/www.ucaldas.edu.co\/portal\/#\/schema\/person\/a1b482e23449158b4bc319926c074fdf"},"headline":"Beneficiarios de los Cr\u00e9ditos Educativos Condonables Minciencias tendr\u00e1n una tasa de inter\u00e9s del 0 %","datePublished":"2022-11-11T21:33:32+00:00","mainEntityOfPage":{"@id":"https:\/\/www.ucaldas.edu.co\/portal\/beneficiarios-de-los-creditos-educativos-condonables-minciencias-tendran-una-tasa-de-interes-del-0\/"},"wordCount":380,"publisher":{"@id":"https:\/\/www.ucaldas.edu.co\/portal\/#organization"},"image":{"@id":"https:\/\/www.ucaldas.edu.co\/portal\/beneficiarios-de-los-creditos-educativos-condonables-minciencias-tendran-una-tasa-de-interes-del-0\/#primaryimage"},"thumbnailUrl":"https:\/\/www.ucaldas.edu.co\/portal\/wp-content\/uploads\/2022\/11\/Diseno-sin-titulo-4.jpg","keywords":["Becas","maestr\u00eda","doctorado","cr\u00e9ditos","Minciencias"],"articleSection":["Actualidad","Universidad al D\u00eda"],"inLanguage":"es"},{"@type":"WebPage","@id":"https:\/\/www.ucaldas.edu.co\/portal\/beneficiarios-de-los-creditos-educativos-condonables-minciencias-tendran-una-tasa-de-interes-del-0\/","url":"https:\/\/www.ucaldas.edu.co\/portal\/beneficiarios-de-los-creditos-educativos-condonables-minciencias-tendran-una-tasa-de-interes-del-0\/","name":"Beneficiarios de los Cr\u00e9ditos Educativos Condonables Minciencias tendr\u00e1n una tasa de inter\u00e9s del 0 % .","isPartOf":{"@id":"https:\/\/www.ucaldas.edu.co\/portal\/#website"},"primaryImageOfPage":{"@id":"https:\/\/www.ucaldas.edu.co\/portal\/beneficiarios-de-los-creditos-educativos-condonables-minciencias-tendran-una-tasa-de-interes-del-0\/#primaryimage"},"image":{"@id":"https:\/\/www.ucaldas.edu.co\/portal\/beneficiarios-de-los-creditos-educativos-condonables-minciencias-tendran-una-tasa-de-interes-del-0\/#primaryimage"},"thumbnailUrl":"https:\/\/www.ucaldas.edu.co\/portal\/wp-content\/uploads\/2022\/11\/Diseno-sin-titulo-4.jpg","datePublished":"2022-11-11T21:33:32+00:00","breadcrumb":{"@id":"https:\/\/www.ucaldas.edu.co\/portal\/beneficiarios-de-los-creditos-educativos-condonables-minciencias-tendran-una-tasa-de-interes-del-0\/#breadcrumb"},"inLanguage":"es","potentialAction":[{"@type":"ReadAction","target":["https:\/\/www.ucaldas.edu.co\/portal\/beneficiarios-de-los-creditos-educativos-condonables-minciencias-tendran-una-tasa-de-interes-del-0\/"]}]},{"@type":"ImageObject","inLanguage":"es","@id":"https:\/\/www.ucaldas.edu.co\/portal\/beneficiarios-de-los-creditos-educativos-condonables-minciencias-tendran-una-tasa-de-interes-del-0\/#primaryimage","url":"https:\/\/www.ucaldas.edu.co\/portal\/wp-content\/uploads\/2022\/11\/Diseno-sin-titulo-4.jpg","contentUrl":"https:\/\/www.ucaldas.edu.co\/portal\/wp-content\/uploads\/2022\/11\/Diseno-sin-titulo-4.jpg","width":700,"height":400,"caption":"los cr\u00e9ditos educativos condonables Minciencias, financiados con recursos del Presupuesto General de la Naci\u00f3n, tendr\u00e1n una tasa de inter\u00e9s del 0 %"},{"@type":"BreadcrumbList","@id":"https:\/\/www.ucaldas.edu.co\/portal\/beneficiarios-de-los-creditos-educativos-condonables-minciencias-tendran-una-tasa-de-interes-del-0\/#breadcrumb","itemListElement":[{"@type":"ListItem","position":1,"name":"Portada","item":"https:\/\/www.ucaldas.edu.co\/portal\/"},{"@type":"ListItem","position":2,"name":"Beneficiarios de los Cr\u00e9ditos Educativos Condonables Minciencias tendr\u00e1n una tasa de inter\u00e9s del 0 %"}]},{"@type":"WebSite","@id":"https:\/\/www.ucaldas.edu.co\/portal\/#website","url":"https:\/\/www.ucaldas.edu.co\/portal\/","name":"Universidad de Caldas","description":"","publisher":{"@id":"https:\/\/www.ucaldas.edu.co\/portal\/#organization"},"alternateName":"U. de Caldas","potentialAction":[{"@type":"SearchAction","target":{"@type":"EntryPoint","urlTemplate":"https:\/\/www.ucaldas.edu.co\/portal\/?s={search_term_string}"},"query-input":{"@type":"PropertyValueSpecification","valueRequired":true,"valueName":"search_term_string"}}],"inLanguage":"es"},{"@type":"Organization","@id":"https:\/\/www.ucaldas.edu.co\/portal\/#organization","name":"Universidad de Caldas","alternateName":"U. de Caldas","url":"https:\/\/www.ucaldas.edu.co\/portal\/","logo":{"@type":"ImageObject","inLanguage":"es","@id":"https:\/\/www.ucaldas.edu.co\/portal\/#\/schema\/logo\/image\/","url":"https:\/\/www.ucaldas.edu.co\/portal\/wp-content\/uploads\/2023\/11\/Logo_horizontal_oscuroU-2023.png","contentUrl":"https:\/\/www.ucaldas.edu.co\/portal\/wp-content\/uploads\/2023\/11\/Logo_horizontal_oscuroU-2023.png","width":263,"height":101,"caption":"Universidad de Caldas"},"image":{"@id":"https:\/\/www.ucaldas.edu.co\/portal\/#\/schema\/logo\/image\/"},"sameAs":["https:\/\/www.facebook.com\/udecaldas","https:\/\/x.com\/udecaldas","https:\/\/www.youtube.com\/universidadcaldas","https:\/\/www.instagram.com\/udecaldas\/"]},{"@type":"Person","@id":"https:\/\/www.ucaldas.edu.co\/portal\/#\/schema\/person\/a1b482e23449158b4bc319926c074fdf","name":"ofiprensa","image":{"@type":"ImageObject","inLanguage":"es","@id":"https:\/\/www.ucaldas.edu.co\/portal\/wp-content\/litespeed\/avatar\/09ea5085e600095a7a811142c6944527.jpg?ver=1787779368","url":"https:\/\/www.ucaldas.edu.co\/portal\/wp-content\/litespeed\/avatar\/09ea5085e600095a7a811142c6944527.jpg?ver=1787779368","contentUrl":"https:\/\/www.ucaldas.edu.co\/portal\/wp-content\/litespeed\/avatar\/09ea5085e600095a7a811142c6944527.jpg?ver=1787779368","caption":"ofiprensa"},"url":"https:\/\/www.ucaldas.edu.co\/portal\/author\/ofiprensa\/"}]}},"_links":{"self":[{"href":"https:\/\/www.ucaldas.edu.co\/portal\/wp-json\/wp\/v2\/posts\/73577","targetHints":{"allow":["GET"]}}],"collection":[{"href":"https:\/\/www.ucaldas.edu.co\/portal\/wp-json\/wp\/v2\/posts"}],"about":[{"href":"https:\/\/www.ucaldas.edu.co\/portal\/wp-json\/wp\/v2\/types\/post"}],"author":[{"embeddable":true,"href":"https:\/\/www.ucaldas.edu.co\/portal\/wp-json\/wp\/v2\/users\/2"}],"replies":[{"embeddable":true,"href":"https:\/\/www.ucaldas.edu.co\/portal\/wp-json\/wp\/v2\/comments?post=73577"}],"version-history":[{"count":0,"href":"https:\/\/www.ucaldas.edu.co\/portal\/wp-json\/wp\/v2\/posts\/73577\/revisions"}],"wp:featuredmedia":[{"embeddable":true,"href":"https:\/\/www.ucaldas.edu.co\/portal\/wp-json\/wp\/v2\/media\/73578"}],"wp:attachment":[{"href":"https:\/\/www.ucaldas.edu.co\/portal\/wp-json\/wp\/v2\/media?parent=73577"}],"wp:term":[{"taxonomy":"category","embeddable":true,"href":"https:\/\/www.ucaldas.edu.co\/portal\/wp-json\/wp\/v2\/categories?post=73577"},{"taxonomy":"post_tag","embeddable":true,"href":"https:\/\/www.ucaldas.edu.co\/portal\/wp-json\/wp\/v2\/tags?post=73577"}],"curies":[{"name":"wp","href":"https:\/\/api.w.org\/{rel}","templated":true}]}}