{"id":73424,"date":"2022-11-02T21:47:28","date_gmt":"2022-11-02T21:47:28","guid":{"rendered":"https:\/\/www.ucaldas.edu.co\/portal\/?p=73424"},"modified":"2022-11-02T21:47:28","modified_gmt":"2022-11-02T21:47:28","slug":"una-semana-con-lo-mejor-de-la-ciencia-el-diseno-la-tecnologia-y-el-arte","status":"publish","type":"post","link":"https:\/\/www.ucaldas.edu.co\/portal\/una-semana-con-lo-mejor-de-la-ciencia-el-diseno-la-tecnologia-y-el-arte\/","title":{"rendered":"Una semana con lo mejor de la ciencia, el dise\u00f1o, la tecnolog\u00eda y el arte"},"content":{"rendered":"<p>&nbsp;<\/p>\n<p><img loading=\"lazy\" decoding=\"async\" class=\"aligncenter size-full wp-image-73425\" src=\"https:\/\/www.ucaldas.edu.co\/portal\/wp-content\/uploads\/2022\/11\/Diseno-sin-titulo-1.jpg\" alt=\"Balance positivo del Festival Internacional de la Imagen\" width=\"700\" height=\"400\" srcset=\"https:\/\/www.ucaldas.edu.co\/portal\/wp-content\/uploads\/2022\/11\/Diseno-sin-titulo-1.jpg 700w, https:\/\/www.ucaldas.edu.co\/portal\/wp-content\/uploads\/2022\/11\/Diseno-sin-titulo-1-300x171.jpg 300w\" sizes=\"auto, (max-width: 700px) 100vw, 700px\" \/><\/p>\n<p>El Festival Internacional de la Imagen SURtrop\u00edas, que se realiz\u00f3 durante la semana del 17 al 21 de octubre con actividades en Manizales y Bogot\u00e1, culmin\u00f3 con la asistencia de 5.300 personas que disfrutaron y compartieron ideas, discusiones y propuestas alrededor del dise\u00f1o visual, el arte electr\u00f3nico, la creaci\u00f3n audiovisual digital, el sonido digital, la electroac\u00fastica y, en general, las nuevas relaciones entre arte, dise\u00f1o, tecnolog\u00eda y ciencia.<\/p>\n<p><!--more--><\/p>\n<p>El encuentro entre artistas, dise\u00f1adores, cient\u00edficos y comunidad en general cont\u00f3 con la participaci\u00f3n de 271 invitados de 20 pa\u00edses del mundo como Alemania, Argentina, Austria, Brasil, Canad\u00e1, Colombia, Ecuador, Escocia, Espa\u00f1a, Estados Unidos, Francia, Guatemala, Italia, Lituania, M\u00e9xico, Per\u00fa, Portugal, Reino Unido, Uruguay y, por supuesto, Chile, invitado de honor en el marco de los 200 a\u00f1os de relaciones diplom\u00e1ticas entre ambos pa\u00edses.<\/p>\n<p>345 eventos tuvieron lugar en Manizales y Bogot\u00e1 alrededor de las SURtrop\u00edas, tem\u00e1tica central de este a\u00f1o. El objetivo fue reflexionar sobre la creaci\u00f3n desde perspectivas vanguardistas. Miradas que toman en cuenta descentramientos y movilidades y que intentan dar respuesta, de una manera alternativa, a desaf\u00edos geopol\u00edticos, ambientales y sociales de los territorios.<\/p>\n<p>Adem\u00e1s, el Festival Internacional de la Imagen, con el fin de aportar al fortalecimiento de las industrias creativas y culturales del pa\u00eds, realiz\u00f3 la IX versi\u00f3n del Mercado D+A+T, un escenario de di\u00e1logo que busca la identificaci\u00f3n de oportunidades y el desarrollo de intercambios comerciales, art\u00edsticos y culturales enmarcados en las din\u00e1micas del ecosistema creativo regional, nacional e internacional.<\/p>\n<p>La producci\u00f3n de este evento, que ocup\u00f3 diferentes escenarios de la ciudad como el Palacio de Bellas Artes, Alianza Francesa, Centro Colombo Americano, Centro de Museos, Teatro Los Fundadores y Centro Cultural Universitario Rogelio Salmona, en Manizales, y el Museo de Artes Visuales y la Universidad Jorge Tadeo Lozano en Bogot\u00e1, fue posible gracias al trabajo de un equipo de 264 personas de las cuales 171 fueron voluntarios.<\/p>\n<p>Entre conferencias, talleres, showcases, exhibiciones, sesiones de cine digital, paisajes y puentes sonoros, y distintos eventos acad\u00e9micos, se llev\u00f3 a cabo la programaci\u00f3n de la vig\u00e9sima primera versi\u00f3n del Imagen Fest, uno de los eventos de cultura acad\u00e9mica digital y artes electr\u00f3nicas m\u00e1s importantes de Colombia y uno de los m\u00e1s representativos en Latinoam\u00e9rica.<\/p>\n<p>&nbsp;<\/p>\n<p><strong>Informes: <\/strong>Oficina de Comunicaciones y Prensa Universidad de Caldas.<br \/>\n<strong>Redacci\u00f3n:<\/strong> Juana Valentina Bustos Villalba<\/p>\n<p>&nbsp;<\/p>\n","protected":false},"excerpt":{"rendered":"<p>&nbsp; El Festival Internacional de la Imagen SURtrop\u00edas, que se realiz\u00f3 durante la semana del 17 al 21 de octubre con actividades en Manizales y Bogot\u00e1, culmin\u00f3 con la asistencia de 5.300 personas que disfrutaron y compartieron ideas, discusiones y propuestas alrededor del dise\u00f1o visual, el arte electr\u00f3nico, la creaci\u00f3n audiovisual digital, el sonido digital, [&hellip;]<\/p>\n","protected":false},"author":2,"featured_media":73425,"comment_status":"closed","ping_status":"open","sticky":false,"template":"","format":"standard","meta":{"footnotes":""},"categories":[48,53,62],"tags":[1204,1798,2649,7120,9361],"class_list":["post-73424","post","type-post","status-publish","format-standard","has-post-thumbnail","hentry","category-actualidad","category-universidad-al-dia","category-eventos","tag-balance","tag-festival-de-la-imagen","tag-actividades","tag-7120","tag-participantes"],"yoast_head":"<!-- This site is optimized with the Yoast SEO plugin v27.5 - https:\/\/yoast.com\/product\/yoast-seo-wordpress\/ -->\n<title>Una semana con lo mejor de la ciencia, el dise\u00f1o, la tecnolog\u00eda y el arte .<\/title>\n<meta name=\"robots\" content=\"index, follow, max-snippet:-1, max-image-preview:large, max-video-preview:-1\" \/>\n<link rel=\"canonical\" href=\"https:\/\/www.ucaldas.edu.co\/portal\/una-semana-con-lo-mejor-de-la-ciencia-el-diseno-la-tecnologia-y-el-arte\/\" \/>\n<script type=\"application\/ld+json\" class=\"yoast-schema-graph\">{\"@context\":\"https:\\\/\\\/schema.org\",\"@graph\":[{\"@type\":\"Article\",\"@id\":\"https:\\\/\\\/www.ucaldas.edu.co\\\/portal\\\/una-semana-con-lo-mejor-de-la-ciencia-el-diseno-la-tecnologia-y-el-arte\\\/#article\",\"isPartOf\":{\"@id\":\"https:\\\/\\\/www.ucaldas.edu.co\\\/portal\\\/una-semana-con-lo-mejor-de-la-ciencia-el-diseno-la-tecnologia-y-el-arte\\\/\"},\"author\":{\"name\":\"ofiprensa\",\"@id\":\"https:\\\/\\\/www.ucaldas.edu.co\\\/portal\\\/#\\\/schema\\\/person\\\/a1b482e23449158b4bc319926c074fdf\"},\"headline\":\"Una semana con lo mejor de la ciencia, el dise\u00f1o, la tecnolog\u00eda y el arte\",\"datePublished\":\"2022-11-02T21:47:28+00:00\",\"mainEntityOfPage\":{\"@id\":\"https:\\\/\\\/www.ucaldas.edu.co\\\/portal\\\/una-semana-con-lo-mejor-de-la-ciencia-el-diseno-la-tecnologia-y-el-arte\\\/\"},\"wordCount\":433,\"publisher\":{\"@id\":\"https:\\\/\\\/www.ucaldas.edu.co\\\/portal\\\/#organization\"},\"image\":{\"@id\":\"https:\\\/\\\/www.ucaldas.edu.co\\\/portal\\\/una-semana-con-lo-mejor-de-la-ciencia-el-diseno-la-tecnologia-y-el-arte\\\/#primaryimage\"},\"thumbnailUrl\":\"https:\\\/\\\/www.ucaldas.edu.co\\\/portal\\\/wp-content\\\/uploads\\\/2022\\\/11\\\/Diseno-sin-titulo-1.jpg\",\"keywords\":[\"balance\",\"Festival de la Imagen\",\"actividades\",\"2022\",\"participantes\"],\"articleSection\":[\"Actualidad\",\"Universidad al D\u00eda\",\"Eventos\"],\"inLanguage\":\"es\"},{\"@type\":\"WebPage\",\"@id\":\"https:\\\/\\\/www.ucaldas.edu.co\\\/portal\\\/una-semana-con-lo-mejor-de-la-ciencia-el-diseno-la-tecnologia-y-el-arte\\\/\",\"url\":\"https:\\\/\\\/www.ucaldas.edu.co\\\/portal\\\/una-semana-con-lo-mejor-de-la-ciencia-el-diseno-la-tecnologia-y-el-arte\\\/\",\"name\":\"Una semana con lo mejor de la ciencia, el dise\u00f1o, la tecnolog\u00eda y el arte .\",\"isPartOf\":{\"@id\":\"https:\\\/\\\/www.ucaldas.edu.co\\\/portal\\\/#website\"},\"primaryImageOfPage\":{\"@id\":\"https:\\\/\\\/www.ucaldas.edu.co\\\/portal\\\/una-semana-con-lo-mejor-de-la-ciencia-el-diseno-la-tecnologia-y-el-arte\\\/#primaryimage\"},\"image\":{\"@id\":\"https:\\\/\\\/www.ucaldas.edu.co\\\/portal\\\/una-semana-con-lo-mejor-de-la-ciencia-el-diseno-la-tecnologia-y-el-arte\\\/#primaryimage\"},\"thumbnailUrl\":\"https:\\\/\\\/www.ucaldas.edu.co\\\/portal\\\/wp-content\\\/uploads\\\/2022\\\/11\\\/Diseno-sin-titulo-1.jpg\",\"datePublished\":\"2022-11-02T21:47:28+00:00\",\"breadcrumb\":{\"@id\":\"https:\\\/\\\/www.ucaldas.edu.co\\\/portal\\\/una-semana-con-lo-mejor-de-la-ciencia-el-diseno-la-tecnologia-y-el-arte\\\/#breadcrumb\"},\"inLanguage\":\"es\",\"potentialAction\":[{\"@type\":\"ReadAction\",\"target\":[\"https:\\\/\\\/www.ucaldas.edu.co\\\/portal\\\/una-semana-con-lo-mejor-de-la-ciencia-el-diseno-la-tecnologia-y-el-arte\\\/\"]}]},{\"@type\":\"ImageObject\",\"inLanguage\":\"es\",\"@id\":\"https:\\\/\\\/www.ucaldas.edu.co\\\/portal\\\/una-semana-con-lo-mejor-de-la-ciencia-el-diseno-la-tecnologia-y-el-arte\\\/#primaryimage\",\"url\":\"https:\\\/\\\/www.ucaldas.edu.co\\\/portal\\\/wp-content\\\/uploads\\\/2022\\\/11\\\/Diseno-sin-titulo-1.jpg\",\"contentUrl\":\"https:\\\/\\\/www.ucaldas.edu.co\\\/portal\\\/wp-content\\\/uploads\\\/2022\\\/11\\\/Diseno-sin-titulo-1.jpg\",\"width\":700,\"height\":400,\"caption\":\"Balance positivo del Festival Internacional de la Imagen\"},{\"@type\":\"BreadcrumbList\",\"@id\":\"https:\\\/\\\/www.ucaldas.edu.co\\\/portal\\\/una-semana-con-lo-mejor-de-la-ciencia-el-diseno-la-tecnologia-y-el-arte\\\/#breadcrumb\",\"itemListElement\":[{\"@type\":\"ListItem\",\"position\":1,\"name\":\"Portada\",\"item\":\"https:\\\/\\\/www.ucaldas.edu.co\\\/portal\\\/\"},{\"@type\":\"ListItem\",\"position\":2,\"name\":\"Una semana con lo mejor de la ciencia, el dise\u00f1o, la tecnolog\u00eda y el arte\"}]},{\"@type\":\"WebSite\",\"@id\":\"https:\\\/\\\/www.ucaldas.edu.co\\\/portal\\\/#website\",\"url\":\"https:\\\/\\\/www.ucaldas.edu.co\\\/portal\\\/\",\"name\":\"Universidad de Caldas\",\"description\":\"\",\"publisher\":{\"@id\":\"https:\\\/\\\/www.ucaldas.edu.co\\\/portal\\\/#organization\"},\"alternateName\":\"U. de Caldas\",\"potentialAction\":[{\"@type\":\"SearchAction\",\"target\":{\"@type\":\"EntryPoint\",\"urlTemplate\":\"https:\\\/\\\/www.ucaldas.edu.co\\\/portal\\\/?s={search_term_string}\"},\"query-input\":{\"@type\":\"PropertyValueSpecification\",\"valueRequired\":true,\"valueName\":\"search_term_string\"}}],\"inLanguage\":\"es\"},{\"@type\":\"Organization\",\"@id\":\"https:\\\/\\\/www.ucaldas.edu.co\\\/portal\\\/#organization\",\"name\":\"Universidad de Caldas\",\"alternateName\":\"U. de Caldas\",\"url\":\"https:\\\/\\\/www.ucaldas.edu.co\\\/portal\\\/\",\"logo\":{\"@type\":\"ImageObject\",\"inLanguage\":\"es\",\"@id\":\"https:\\\/\\\/www.ucaldas.edu.co\\\/portal\\\/#\\\/schema\\\/logo\\\/image\\\/\",\"url\":\"https:\\\/\\\/www.ucaldas.edu.co\\\/portal\\\/wp-content\\\/uploads\\\/2023\\\/11\\\/Logo_horizontal_oscuroU-2023.png\",\"contentUrl\":\"https:\\\/\\\/www.ucaldas.edu.co\\\/portal\\\/wp-content\\\/uploads\\\/2023\\\/11\\\/Logo_horizontal_oscuroU-2023.png\",\"width\":263,\"height\":101,\"caption\":\"Universidad de Caldas\"},\"image\":{\"@id\":\"https:\\\/\\\/www.ucaldas.edu.co\\\/portal\\\/#\\\/schema\\\/logo\\\/image\\\/\"},\"sameAs\":[\"https:\\\/\\\/www.facebook.com\\\/udecaldas\",\"https:\\\/\\\/x.com\\\/udecaldas\",\"https:\\\/\\\/www.youtube.com\\\/universidadcaldas\",\"https:\\\/\\\/www.instagram.com\\\/udecaldas\\\/\"]},{\"@type\":\"Person\",\"@id\":\"https:\\\/\\\/www.ucaldas.edu.co\\\/portal\\\/#\\\/schema\\\/person\\\/a1b482e23449158b4bc319926c074fdf\",\"name\":\"ofiprensa\",\"image\":{\"@type\":\"ImageObject\",\"inLanguage\":\"es\",\"@id\":\"https:\\\/\\\/www.ucaldas.edu.co\\\/portal\\\/wp-content\\\/litespeed\\\/avatar\\\/09ea5085e600095a7a811142c6944527.jpg?ver=1777497608\",\"url\":\"https:\\\/\\\/www.ucaldas.edu.co\\\/portal\\\/wp-content\\\/litespeed\\\/avatar\\\/09ea5085e600095a7a811142c6944527.jpg?ver=1777497608\",\"contentUrl\":\"https:\\\/\\\/www.ucaldas.edu.co\\\/portal\\\/wp-content\\\/litespeed\\\/avatar\\\/09ea5085e600095a7a811142c6944527.jpg?ver=1777497608\",\"caption\":\"ofiprensa\"},\"url\":\"https:\\\/\\\/www.ucaldas.edu.co\\\/portal\\\/author\\\/ofiprensa\\\/\"}]}<\/script>\n<!-- \/ Yoast SEO plugin. -->","yoast_head_json":{"title":"Una semana con lo mejor de la ciencia, el dise\u00f1o, la tecnolog\u00eda y el arte .","robots":{"index":"index","follow":"follow","max-snippet":"max-snippet:-1","max-image-preview":"max-image-preview:large","max-video-preview":"max-video-preview:-1"},"canonical":"https:\/\/www.ucaldas.edu.co\/portal\/una-semana-con-lo-mejor-de-la-ciencia-el-diseno-la-tecnologia-y-el-arte\/","schema":{"@context":"https:\/\/schema.org","@graph":[{"@type":"Article","@id":"https:\/\/www.ucaldas.edu.co\/portal\/una-semana-con-lo-mejor-de-la-ciencia-el-diseno-la-tecnologia-y-el-arte\/#article","isPartOf":{"@id":"https:\/\/www.ucaldas.edu.co\/portal\/una-semana-con-lo-mejor-de-la-ciencia-el-diseno-la-tecnologia-y-el-arte\/"},"author":{"name":"ofiprensa","@id":"https:\/\/www.ucaldas.edu.co\/portal\/#\/schema\/person\/a1b482e23449158b4bc319926c074fdf"},"headline":"Una semana con lo mejor de la ciencia, el dise\u00f1o, la tecnolog\u00eda y el arte","datePublished":"2022-11-02T21:47:28+00:00","mainEntityOfPage":{"@id":"https:\/\/www.ucaldas.edu.co\/portal\/una-semana-con-lo-mejor-de-la-ciencia-el-diseno-la-tecnologia-y-el-arte\/"},"wordCount":433,"publisher":{"@id":"https:\/\/www.ucaldas.edu.co\/portal\/#organization"},"image":{"@id":"https:\/\/www.ucaldas.edu.co\/portal\/una-semana-con-lo-mejor-de-la-ciencia-el-diseno-la-tecnologia-y-el-arte\/#primaryimage"},"thumbnailUrl":"https:\/\/www.ucaldas.edu.co\/portal\/wp-content\/uploads\/2022\/11\/Diseno-sin-titulo-1.jpg","keywords":["balance","Festival de la Imagen","actividades","2022","participantes"],"articleSection":["Actualidad","Universidad al D\u00eda","Eventos"],"inLanguage":"es"},{"@type":"WebPage","@id":"https:\/\/www.ucaldas.edu.co\/portal\/una-semana-con-lo-mejor-de-la-ciencia-el-diseno-la-tecnologia-y-el-arte\/","url":"https:\/\/www.ucaldas.edu.co\/portal\/una-semana-con-lo-mejor-de-la-ciencia-el-diseno-la-tecnologia-y-el-arte\/","name":"Una semana con lo mejor de la ciencia, el dise\u00f1o, la tecnolog\u00eda y el arte .","isPartOf":{"@id":"https:\/\/www.ucaldas.edu.co\/portal\/#website"},"primaryImageOfPage":{"@id":"https:\/\/www.ucaldas.edu.co\/portal\/una-semana-con-lo-mejor-de-la-ciencia-el-diseno-la-tecnologia-y-el-arte\/#primaryimage"},"image":{"@id":"https:\/\/www.ucaldas.edu.co\/portal\/una-semana-con-lo-mejor-de-la-ciencia-el-diseno-la-tecnologia-y-el-arte\/#primaryimage"},"thumbnailUrl":"https:\/\/www.ucaldas.edu.co\/portal\/wp-content\/uploads\/2022\/11\/Diseno-sin-titulo-1.jpg","datePublished":"2022-11-02T21:47:28+00:00","breadcrumb":{"@id":"https:\/\/www.ucaldas.edu.co\/portal\/una-semana-con-lo-mejor-de-la-ciencia-el-diseno-la-tecnologia-y-el-arte\/#breadcrumb"},"inLanguage":"es","potentialAction":[{"@type":"ReadAction","target":["https:\/\/www.ucaldas.edu.co\/portal\/una-semana-con-lo-mejor-de-la-ciencia-el-diseno-la-tecnologia-y-el-arte\/"]}]},{"@type":"ImageObject","inLanguage":"es","@id":"https:\/\/www.ucaldas.edu.co\/portal\/una-semana-con-lo-mejor-de-la-ciencia-el-diseno-la-tecnologia-y-el-arte\/#primaryimage","url":"https:\/\/www.ucaldas.edu.co\/portal\/wp-content\/uploads\/2022\/11\/Diseno-sin-titulo-1.jpg","contentUrl":"https:\/\/www.ucaldas.edu.co\/portal\/wp-content\/uploads\/2022\/11\/Diseno-sin-titulo-1.jpg","width":700,"height":400,"caption":"Balance positivo del Festival Internacional de la Imagen"},{"@type":"BreadcrumbList","@id":"https:\/\/www.ucaldas.edu.co\/portal\/una-semana-con-lo-mejor-de-la-ciencia-el-diseno-la-tecnologia-y-el-arte\/#breadcrumb","itemListElement":[{"@type":"ListItem","position":1,"name":"Portada","item":"https:\/\/www.ucaldas.edu.co\/portal\/"},{"@type":"ListItem","position":2,"name":"Una semana con lo mejor de la ciencia, el dise\u00f1o, la tecnolog\u00eda y el arte"}]},{"@type":"WebSite","@id":"https:\/\/www.ucaldas.edu.co\/portal\/#website","url":"https:\/\/www.ucaldas.edu.co\/portal\/","name":"Universidad de Caldas","description":"","publisher":{"@id":"https:\/\/www.ucaldas.edu.co\/portal\/#organization"},"alternateName":"U. de Caldas","potentialAction":[{"@type":"SearchAction","target":{"@type":"EntryPoint","urlTemplate":"https:\/\/www.ucaldas.edu.co\/portal\/?s={search_term_string}"},"query-input":{"@type":"PropertyValueSpecification","valueRequired":true,"valueName":"search_term_string"}}],"inLanguage":"es"},{"@type":"Organization","@id":"https:\/\/www.ucaldas.edu.co\/portal\/#organization","name":"Universidad de Caldas","alternateName":"U. de Caldas","url":"https:\/\/www.ucaldas.edu.co\/portal\/","logo":{"@type":"ImageObject","inLanguage":"es","@id":"https:\/\/www.ucaldas.edu.co\/portal\/#\/schema\/logo\/image\/","url":"https:\/\/www.ucaldas.edu.co\/portal\/wp-content\/uploads\/2023\/11\/Logo_horizontal_oscuroU-2023.png","contentUrl":"https:\/\/www.ucaldas.edu.co\/portal\/wp-content\/uploads\/2023\/11\/Logo_horizontal_oscuroU-2023.png","width":263,"height":101,"caption":"Universidad de Caldas"},"image":{"@id":"https:\/\/www.ucaldas.edu.co\/portal\/#\/schema\/logo\/image\/"},"sameAs":["https:\/\/www.facebook.com\/udecaldas","https:\/\/x.com\/udecaldas","https:\/\/www.youtube.com\/universidadcaldas","https:\/\/www.instagram.com\/udecaldas\/"]},{"@type":"Person","@id":"https:\/\/www.ucaldas.edu.co\/portal\/#\/schema\/person\/a1b482e23449158b4bc319926c074fdf","name":"ofiprensa","image":{"@type":"ImageObject","inLanguage":"es","@id":"https:\/\/www.ucaldas.edu.co\/portal\/wp-content\/litespeed\/avatar\/09ea5085e600095a7a811142c6944527.jpg?ver=1777497608","url":"https:\/\/www.ucaldas.edu.co\/portal\/wp-content\/litespeed\/avatar\/09ea5085e600095a7a811142c6944527.jpg?ver=1777497608","contentUrl":"https:\/\/www.ucaldas.edu.co\/portal\/wp-content\/litespeed\/avatar\/09ea5085e600095a7a811142c6944527.jpg?ver=1777497608","caption":"ofiprensa"},"url":"https:\/\/www.ucaldas.edu.co\/portal\/author\/ofiprensa\/"}]}},"_links":{"self":[{"href":"https:\/\/www.ucaldas.edu.co\/portal\/wp-json\/wp\/v2\/posts\/73424","targetHints":{"allow":["GET"]}}],"collection":[{"href":"https:\/\/www.ucaldas.edu.co\/portal\/wp-json\/wp\/v2\/posts"}],"about":[{"href":"https:\/\/www.ucaldas.edu.co\/portal\/wp-json\/wp\/v2\/types\/post"}],"author":[{"embeddable":true,"href":"https:\/\/www.ucaldas.edu.co\/portal\/wp-json\/wp\/v2\/users\/2"}],"replies":[{"embeddable":true,"href":"https:\/\/www.ucaldas.edu.co\/portal\/wp-json\/wp\/v2\/comments?post=73424"}],"version-history":[{"count":0,"href":"https:\/\/www.ucaldas.edu.co\/portal\/wp-json\/wp\/v2\/posts\/73424\/revisions"}],"wp:featuredmedia":[{"embeddable":true,"href":"https:\/\/www.ucaldas.edu.co\/portal\/wp-json\/wp\/v2\/media\/73425"}],"wp:attachment":[{"href":"https:\/\/www.ucaldas.edu.co\/portal\/wp-json\/wp\/v2\/media?parent=73424"}],"wp:term":[{"taxonomy":"category","embeddable":true,"href":"https:\/\/www.ucaldas.edu.co\/portal\/wp-json\/wp\/v2\/categories?post=73424"},{"taxonomy":"post_tag","embeddable":true,"href":"https:\/\/www.ucaldas.edu.co\/portal\/wp-json\/wp\/v2\/tags?post=73424"}],"curies":[{"name":"wp","href":"https:\/\/api.w.org\/{rel}","templated":true}]}}