{"id":73409,"date":"2022-11-01T22:55:39","date_gmt":"2022-11-01T22:55:39","guid":{"rendered":"https:\/\/www.ucaldas.edu.co\/portal\/?p=73409"},"modified":"2022-11-01T22:55:39","modified_gmt":"2022-11-01T22:55:39","slug":"semillero-de-investigacion-trabaja-en-la-conservacion-del-mono-nocturno","status":"publish","type":"post","link":"https:\/\/www.ucaldas.edu.co\/portal\/semillero-de-investigacion-trabaja-en-la-conservacion-del-mono-nocturno\/","title":{"rendered":"Semillero de investigaci\u00f3n trabaja en la conservaci\u00f3n del mono nocturno"},"content":{"rendered":"<p><strong>\u00a0<\/strong><\/p>\n<p><img loading=\"lazy\" decoding=\"async\" class=\"aligncenter size-full wp-image-73410\" src=\"https:\/\/www.ucaldas.edu.co\/portal\/wp-content\/uploads\/2022\/11\/investigacion-monos.jpg\" alt=\"Monos en Manizales\" width=\"700\" height=\"400\" srcset=\"https:\/\/www.ucaldas.edu.co\/portal\/wp-content\/uploads\/2022\/11\/investigacion-monos.jpg 700w, https:\/\/www.ucaldas.edu.co\/portal\/wp-content\/uploads\/2022\/11\/investigacion-monos-300x171.jpg 300w\" sizes=\"auto, (max-width: 700px) 100vw, 700px\" \/><\/p>\n<p>&nbsp;<\/p>\n<p>El semillero de investigaci\u00f3n en Primatolog\u00eda y Conservaci\u00f3n de sus Ecosistemas de la Universidad de Caldas trabaja en la creaci\u00f3n de un programa de conservaci\u00f3n para la especie de mono nocturno Aotus lemurinus, la cual habita en bosques perif\u00e9ricos de la ciudad de Manizales.<\/p>\n<p><!--more--><\/p>\n<p>El docente e integrante del semillero Sebasti\u00e1n Bustamante Manrique, explica que el trabajo del grupo de estudiantes y profesores se lleva a cabo desde hace varios a\u00f1os, cuando comenzaron el registro de la especie de monos nocturnos a lo largo de varias zonas boscosas de la ciudad de\u00a0 Manizales como Montele\u00f3n, San Isidro y Campohermoso.<\/p>\n<p>Su \u00faltimo trabajo de campo se est\u00e1 llevando a cabo en el Ecoparque Los Yarumos, donde buscan establecer un sitio de monitorio permanente que les permita aumentar los estudios y conocimientos de este primate que actualmente se encuentra en v\u00eda de extinci\u00f3n debido a la expansi\u00f3n de la urbanizaci\u00f3n en la ciudad, espec\u00edficamente Manizales.<\/p>\n<p>Bustamante manifiesta que el trabajo del semillero consiste en realizar un an\u00e1lisis poblacional con el prop\u00f3sito de determinar el impacto de la ciudad en sus h\u00e1bitats naturales. Tambi\u00e9n se realizar\u00e1 un estudio sobre la ecolog\u00eda de la especie, su alimentaci\u00f3n comportamiento; para luego identificar los bosques de la ciudad donde se encuentran y establecer si existe una conectividad entre las comunidades de monos nocturnos o si por el contrario el per\u00edmetro urbano es un obst\u00e1culo para su comunicaci\u00f3n.<\/p>\n<p>La informaci\u00f3n que sea recopilada permitir\u00e1 la creaci\u00f3n de estrategias de conservaci\u00f3n, las cuales ser\u00e1n difundidas a los largo de la ciudad, buscando as\u00ed generar espacios y medidas seguras para los monos nocturnos.<\/p>\n<p>&nbsp;<\/p>\n<p><strong>Anexo:<br \/>\n<\/strong><strong><a href=\"https:\/\/go.ivoox.com\/rf\/95267006\">Audio Sebasti\u00e1n Bustamante Manrique &#8211; docente catedr\u00e1tico Universidad de Caldas.<\/a><br \/>\n<iframe loading=\"lazy\" src=\"https:\/\/www.ivoox.com\/player_ek_95267006_2_1.html\" width=\"238\" height=\"48\" frameborder=\"0\" scrolling=\"no\" allowfullscreen=\"allowfullscreen\"><\/iframe> \u00a0<\/strong><\/p>\n<p>&nbsp;<\/p>\n<p>&nbsp;<\/p>\n<p><strong>Informes: <\/strong>Oficina de Comunicaciones y Prensa Universidad de Caldas.<br \/>\n<strong>Redacci\u00f3n:<\/strong> Mateo Buritic\u00e1 Giraldo<\/p>\n<p>&nbsp;<\/p>\n","protected":false},"excerpt":{"rendered":"<p>\u00a0 &nbsp; El semillero de investigaci\u00f3n en Primatolog\u00eda y Conservaci\u00f3n de sus Ecosistemas de la Universidad de Caldas trabaja en la creaci\u00f3n de un programa de conservaci\u00f3n para la especie de mono nocturno Aotus lemurinus, la cual habita en bosques perif\u00e9ricos de la ciudad de Manizales.<\/p>\n","protected":false},"author":2,"featured_media":73410,"comment_status":"closed","ping_status":"open","sticky":false,"template":"","format":"standard","meta":{"footnotes":""},"categories":[48,53],"tags":[9355,9356,9357],"class_list":["post-73409","post","type-post","status-publish","format-standard","has-post-thumbnail","hentry","category-actualidad","category-universidad-al-dia","tag-monos-nocturnos","tag-conservacion-fauna-silvestre","tag-investigacion-primates"],"yoast_head":"<!-- This site is optimized with the Yoast SEO plugin v27.5 - https:\/\/yoast.com\/product\/yoast-seo-wordpress\/ -->\n<title>Semillero de investigaci\u00f3n trabaja en la conservaci\u00f3n del mono nocturno .<\/title>\n<meta name=\"robots\" content=\"index, follow, max-snippet:-1, max-image-preview:large, max-video-preview:-1\" \/>\n<link rel=\"canonical\" href=\"https:\/\/www.ucaldas.edu.co\/portal\/semillero-de-investigacion-trabaja-en-la-conservacion-del-mono-nocturno\/\" \/>\n<script type=\"application\/ld+json\" class=\"yoast-schema-graph\">{\"@context\":\"https:\\\/\\\/schema.org\",\"@graph\":[{\"@type\":\"Article\",\"@id\":\"https:\\\/\\\/www.ucaldas.edu.co\\\/portal\\\/semillero-de-investigacion-trabaja-en-la-conservacion-del-mono-nocturno\\\/#article\",\"isPartOf\":{\"@id\":\"https:\\\/\\\/www.ucaldas.edu.co\\\/portal\\\/semillero-de-investigacion-trabaja-en-la-conservacion-del-mono-nocturno\\\/\"},\"author\":{\"name\":\"ofiprensa\",\"@id\":\"https:\\\/\\\/www.ucaldas.edu.co\\\/portal\\\/#\\\/schema\\\/person\\\/a1b482e23449158b4bc319926c074fdf\"},\"headline\":\"Semillero de investigaci\u00f3n trabaja en la conservaci\u00f3n del mono nocturno\",\"datePublished\":\"2022-11-01T22:55:39+00:00\",\"mainEntityOfPage\":{\"@id\":\"https:\\\/\\\/www.ucaldas.edu.co\\\/portal\\\/semillero-de-investigacion-trabaja-en-la-conservacion-del-mono-nocturno\\\/\"},\"wordCount\":335,\"publisher\":{\"@id\":\"https:\\\/\\\/www.ucaldas.edu.co\\\/portal\\\/#organization\"},\"image\":{\"@id\":\"https:\\\/\\\/www.ucaldas.edu.co\\\/portal\\\/semillero-de-investigacion-trabaja-en-la-conservacion-del-mono-nocturno\\\/#primaryimage\"},\"thumbnailUrl\":\"https:\\\/\\\/www.ucaldas.edu.co\\\/portal\\\/wp-content\\\/uploads\\\/2022\\\/11\\\/investigacion-monos.jpg\",\"keywords\":[\"monos nocturnos\",\"conservaci\u00f3n fauna silvestre\",\"investigaci\u00f3n primates\"],\"articleSection\":[\"Actualidad\",\"Universidad al D\u00eda\"],\"inLanguage\":\"es\"},{\"@type\":\"WebPage\",\"@id\":\"https:\\\/\\\/www.ucaldas.edu.co\\\/portal\\\/semillero-de-investigacion-trabaja-en-la-conservacion-del-mono-nocturno\\\/\",\"url\":\"https:\\\/\\\/www.ucaldas.edu.co\\\/portal\\\/semillero-de-investigacion-trabaja-en-la-conservacion-del-mono-nocturno\\\/\",\"name\":\"Semillero de investigaci\u00f3n trabaja en la conservaci\u00f3n del mono nocturno .\",\"isPartOf\":{\"@id\":\"https:\\\/\\\/www.ucaldas.edu.co\\\/portal\\\/#website\"},\"primaryImageOfPage\":{\"@id\":\"https:\\\/\\\/www.ucaldas.edu.co\\\/portal\\\/semillero-de-investigacion-trabaja-en-la-conservacion-del-mono-nocturno\\\/#primaryimage\"},\"image\":{\"@id\":\"https:\\\/\\\/www.ucaldas.edu.co\\\/portal\\\/semillero-de-investigacion-trabaja-en-la-conservacion-del-mono-nocturno\\\/#primaryimage\"},\"thumbnailUrl\":\"https:\\\/\\\/www.ucaldas.edu.co\\\/portal\\\/wp-content\\\/uploads\\\/2022\\\/11\\\/investigacion-monos.jpg\",\"datePublished\":\"2022-11-01T22:55:39+00:00\",\"breadcrumb\":{\"@id\":\"https:\\\/\\\/www.ucaldas.edu.co\\\/portal\\\/semillero-de-investigacion-trabaja-en-la-conservacion-del-mono-nocturno\\\/#breadcrumb\"},\"inLanguage\":\"es\",\"potentialAction\":[{\"@type\":\"ReadAction\",\"target\":[\"https:\\\/\\\/www.ucaldas.edu.co\\\/portal\\\/semillero-de-investigacion-trabaja-en-la-conservacion-del-mono-nocturno\\\/\"]}]},{\"@type\":\"ImageObject\",\"inLanguage\":\"es\",\"@id\":\"https:\\\/\\\/www.ucaldas.edu.co\\\/portal\\\/semillero-de-investigacion-trabaja-en-la-conservacion-del-mono-nocturno\\\/#primaryimage\",\"url\":\"https:\\\/\\\/www.ucaldas.edu.co\\\/portal\\\/wp-content\\\/uploads\\\/2022\\\/11\\\/investigacion-monos.jpg\",\"contentUrl\":\"https:\\\/\\\/www.ucaldas.edu.co\\\/portal\\\/wp-content\\\/uploads\\\/2022\\\/11\\\/investigacion-monos.jpg\",\"width\":700,\"height\":400,\"caption\":\"Monos en Manizales\"},{\"@type\":\"BreadcrumbList\",\"@id\":\"https:\\\/\\\/www.ucaldas.edu.co\\\/portal\\\/semillero-de-investigacion-trabaja-en-la-conservacion-del-mono-nocturno\\\/#breadcrumb\",\"itemListElement\":[{\"@type\":\"ListItem\",\"position\":1,\"name\":\"Portada\",\"item\":\"https:\\\/\\\/www.ucaldas.edu.co\\\/portal\\\/\"},{\"@type\":\"ListItem\",\"position\":2,\"name\":\"Semillero de investigaci\u00f3n trabaja en la conservaci\u00f3n del mono nocturno\"}]},{\"@type\":\"WebSite\",\"@id\":\"https:\\\/\\\/www.ucaldas.edu.co\\\/portal\\\/#website\",\"url\":\"https:\\\/\\\/www.ucaldas.edu.co\\\/portal\\\/\",\"name\":\"Universidad de Caldas\",\"description\":\"\",\"publisher\":{\"@id\":\"https:\\\/\\\/www.ucaldas.edu.co\\\/portal\\\/#organization\"},\"alternateName\":\"U. de Caldas\",\"potentialAction\":[{\"@type\":\"SearchAction\",\"target\":{\"@type\":\"EntryPoint\",\"urlTemplate\":\"https:\\\/\\\/www.ucaldas.edu.co\\\/portal\\\/?s={search_term_string}\"},\"query-input\":{\"@type\":\"PropertyValueSpecification\",\"valueRequired\":true,\"valueName\":\"search_term_string\"}}],\"inLanguage\":\"es\"},{\"@type\":\"Organization\",\"@id\":\"https:\\\/\\\/www.ucaldas.edu.co\\\/portal\\\/#organization\",\"name\":\"Universidad de Caldas\",\"alternateName\":\"U. de Caldas\",\"url\":\"https:\\\/\\\/www.ucaldas.edu.co\\\/portal\\\/\",\"logo\":{\"@type\":\"ImageObject\",\"inLanguage\":\"es\",\"@id\":\"https:\\\/\\\/www.ucaldas.edu.co\\\/portal\\\/#\\\/schema\\\/logo\\\/image\\\/\",\"url\":\"https:\\\/\\\/www.ucaldas.edu.co\\\/portal\\\/wp-content\\\/uploads\\\/2023\\\/11\\\/Logo_horizontal_oscuroU-2023.png\",\"contentUrl\":\"https:\\\/\\\/www.ucaldas.edu.co\\\/portal\\\/wp-content\\\/uploads\\\/2023\\\/11\\\/Logo_horizontal_oscuroU-2023.png\",\"width\":263,\"height\":101,\"caption\":\"Universidad de Caldas\"},\"image\":{\"@id\":\"https:\\\/\\\/www.ucaldas.edu.co\\\/portal\\\/#\\\/schema\\\/logo\\\/image\\\/\"},\"sameAs\":[\"https:\\\/\\\/www.facebook.com\\\/udecaldas\",\"https:\\\/\\\/x.com\\\/udecaldas\",\"https:\\\/\\\/www.youtube.com\\\/universidadcaldas\",\"https:\\\/\\\/www.instagram.com\\\/udecaldas\\\/\"]},{\"@type\":\"Person\",\"@id\":\"https:\\\/\\\/www.ucaldas.edu.co\\\/portal\\\/#\\\/schema\\\/person\\\/a1b482e23449158b4bc319926c074fdf\",\"name\":\"ofiprensa\",\"image\":{\"@type\":\"ImageObject\",\"inLanguage\":\"es\",\"@id\":\"https:\\\/\\\/www.ucaldas.edu.co\\\/portal\\\/wp-content\\\/litespeed\\\/avatar\\\/09ea5085e600095a7a811142c6944527.jpg?ver=1777497608\",\"url\":\"https:\\\/\\\/www.ucaldas.edu.co\\\/portal\\\/wp-content\\\/litespeed\\\/avatar\\\/09ea5085e600095a7a811142c6944527.jpg?ver=1777497608\",\"contentUrl\":\"https:\\\/\\\/www.ucaldas.edu.co\\\/portal\\\/wp-content\\\/litespeed\\\/avatar\\\/09ea5085e600095a7a811142c6944527.jpg?ver=1777497608\",\"caption\":\"ofiprensa\"},\"url\":\"https:\\\/\\\/www.ucaldas.edu.co\\\/portal\\\/author\\\/ofiprensa\\\/\"}]}<\/script>\n<!-- \/ Yoast SEO plugin. -->","yoast_head_json":{"title":"Semillero de investigaci\u00f3n trabaja en la conservaci\u00f3n del mono nocturno .","robots":{"index":"index","follow":"follow","max-snippet":"max-snippet:-1","max-image-preview":"max-image-preview:large","max-video-preview":"max-video-preview:-1"},"canonical":"https:\/\/www.ucaldas.edu.co\/portal\/semillero-de-investigacion-trabaja-en-la-conservacion-del-mono-nocturno\/","schema":{"@context":"https:\/\/schema.org","@graph":[{"@type":"Article","@id":"https:\/\/www.ucaldas.edu.co\/portal\/semillero-de-investigacion-trabaja-en-la-conservacion-del-mono-nocturno\/#article","isPartOf":{"@id":"https:\/\/www.ucaldas.edu.co\/portal\/semillero-de-investigacion-trabaja-en-la-conservacion-del-mono-nocturno\/"},"author":{"name":"ofiprensa","@id":"https:\/\/www.ucaldas.edu.co\/portal\/#\/schema\/person\/a1b482e23449158b4bc319926c074fdf"},"headline":"Semillero de investigaci\u00f3n trabaja en la conservaci\u00f3n del mono nocturno","datePublished":"2022-11-01T22:55:39+00:00","mainEntityOfPage":{"@id":"https:\/\/www.ucaldas.edu.co\/portal\/semillero-de-investigacion-trabaja-en-la-conservacion-del-mono-nocturno\/"},"wordCount":335,"publisher":{"@id":"https:\/\/www.ucaldas.edu.co\/portal\/#organization"},"image":{"@id":"https:\/\/www.ucaldas.edu.co\/portal\/semillero-de-investigacion-trabaja-en-la-conservacion-del-mono-nocturno\/#primaryimage"},"thumbnailUrl":"https:\/\/www.ucaldas.edu.co\/portal\/wp-content\/uploads\/2022\/11\/investigacion-monos.jpg","keywords":["monos nocturnos","conservaci\u00f3n fauna silvestre","investigaci\u00f3n primates"],"articleSection":["Actualidad","Universidad al D\u00eda"],"inLanguage":"es"},{"@type":"WebPage","@id":"https:\/\/www.ucaldas.edu.co\/portal\/semillero-de-investigacion-trabaja-en-la-conservacion-del-mono-nocturno\/","url":"https:\/\/www.ucaldas.edu.co\/portal\/semillero-de-investigacion-trabaja-en-la-conservacion-del-mono-nocturno\/","name":"Semillero de investigaci\u00f3n trabaja en la conservaci\u00f3n del mono nocturno .","isPartOf":{"@id":"https:\/\/www.ucaldas.edu.co\/portal\/#website"},"primaryImageOfPage":{"@id":"https:\/\/www.ucaldas.edu.co\/portal\/semillero-de-investigacion-trabaja-en-la-conservacion-del-mono-nocturno\/#primaryimage"},"image":{"@id":"https:\/\/www.ucaldas.edu.co\/portal\/semillero-de-investigacion-trabaja-en-la-conservacion-del-mono-nocturno\/#primaryimage"},"thumbnailUrl":"https:\/\/www.ucaldas.edu.co\/portal\/wp-content\/uploads\/2022\/11\/investigacion-monos.jpg","datePublished":"2022-11-01T22:55:39+00:00","breadcrumb":{"@id":"https:\/\/www.ucaldas.edu.co\/portal\/semillero-de-investigacion-trabaja-en-la-conservacion-del-mono-nocturno\/#breadcrumb"},"inLanguage":"es","potentialAction":[{"@type":"ReadAction","target":["https:\/\/www.ucaldas.edu.co\/portal\/semillero-de-investigacion-trabaja-en-la-conservacion-del-mono-nocturno\/"]}]},{"@type":"ImageObject","inLanguage":"es","@id":"https:\/\/www.ucaldas.edu.co\/portal\/semillero-de-investigacion-trabaja-en-la-conservacion-del-mono-nocturno\/#primaryimage","url":"https:\/\/www.ucaldas.edu.co\/portal\/wp-content\/uploads\/2022\/11\/investigacion-monos.jpg","contentUrl":"https:\/\/www.ucaldas.edu.co\/portal\/wp-content\/uploads\/2022\/11\/investigacion-monos.jpg","width":700,"height":400,"caption":"Monos en Manizales"},{"@type":"BreadcrumbList","@id":"https:\/\/www.ucaldas.edu.co\/portal\/semillero-de-investigacion-trabaja-en-la-conservacion-del-mono-nocturno\/#breadcrumb","itemListElement":[{"@type":"ListItem","position":1,"name":"Portada","item":"https:\/\/www.ucaldas.edu.co\/portal\/"},{"@type":"ListItem","position":2,"name":"Semillero de investigaci\u00f3n trabaja en la conservaci\u00f3n del mono nocturno"}]},{"@type":"WebSite","@id":"https:\/\/www.ucaldas.edu.co\/portal\/#website","url":"https:\/\/www.ucaldas.edu.co\/portal\/","name":"Universidad de Caldas","description":"","publisher":{"@id":"https:\/\/www.ucaldas.edu.co\/portal\/#organization"},"alternateName":"U. de Caldas","potentialAction":[{"@type":"SearchAction","target":{"@type":"EntryPoint","urlTemplate":"https:\/\/www.ucaldas.edu.co\/portal\/?s={search_term_string}"},"query-input":{"@type":"PropertyValueSpecification","valueRequired":true,"valueName":"search_term_string"}}],"inLanguage":"es"},{"@type":"Organization","@id":"https:\/\/www.ucaldas.edu.co\/portal\/#organization","name":"Universidad de Caldas","alternateName":"U. de Caldas","url":"https:\/\/www.ucaldas.edu.co\/portal\/","logo":{"@type":"ImageObject","inLanguage":"es","@id":"https:\/\/www.ucaldas.edu.co\/portal\/#\/schema\/logo\/image\/","url":"https:\/\/www.ucaldas.edu.co\/portal\/wp-content\/uploads\/2023\/11\/Logo_horizontal_oscuroU-2023.png","contentUrl":"https:\/\/www.ucaldas.edu.co\/portal\/wp-content\/uploads\/2023\/11\/Logo_horizontal_oscuroU-2023.png","width":263,"height":101,"caption":"Universidad de Caldas"},"image":{"@id":"https:\/\/www.ucaldas.edu.co\/portal\/#\/schema\/logo\/image\/"},"sameAs":["https:\/\/www.facebook.com\/udecaldas","https:\/\/x.com\/udecaldas","https:\/\/www.youtube.com\/universidadcaldas","https:\/\/www.instagram.com\/udecaldas\/"]},{"@type":"Person","@id":"https:\/\/www.ucaldas.edu.co\/portal\/#\/schema\/person\/a1b482e23449158b4bc319926c074fdf","name":"ofiprensa","image":{"@type":"ImageObject","inLanguage":"es","@id":"https:\/\/www.ucaldas.edu.co\/portal\/wp-content\/litespeed\/avatar\/09ea5085e600095a7a811142c6944527.jpg?ver=1777497608","url":"https:\/\/www.ucaldas.edu.co\/portal\/wp-content\/litespeed\/avatar\/09ea5085e600095a7a811142c6944527.jpg?ver=1777497608","contentUrl":"https:\/\/www.ucaldas.edu.co\/portal\/wp-content\/litespeed\/avatar\/09ea5085e600095a7a811142c6944527.jpg?ver=1777497608","caption":"ofiprensa"},"url":"https:\/\/www.ucaldas.edu.co\/portal\/author\/ofiprensa\/"}]}},"_links":{"self":[{"href":"https:\/\/www.ucaldas.edu.co\/portal\/wp-json\/wp\/v2\/posts\/73409","targetHints":{"allow":["GET"]}}],"collection":[{"href":"https:\/\/www.ucaldas.edu.co\/portal\/wp-json\/wp\/v2\/posts"}],"about":[{"href":"https:\/\/www.ucaldas.edu.co\/portal\/wp-json\/wp\/v2\/types\/post"}],"author":[{"embeddable":true,"href":"https:\/\/www.ucaldas.edu.co\/portal\/wp-json\/wp\/v2\/users\/2"}],"replies":[{"embeddable":true,"href":"https:\/\/www.ucaldas.edu.co\/portal\/wp-json\/wp\/v2\/comments?post=73409"}],"version-history":[{"count":0,"href":"https:\/\/www.ucaldas.edu.co\/portal\/wp-json\/wp\/v2\/posts\/73409\/revisions"}],"wp:featuredmedia":[{"embeddable":true,"href":"https:\/\/www.ucaldas.edu.co\/portal\/wp-json\/wp\/v2\/media\/73410"}],"wp:attachment":[{"href":"https:\/\/www.ucaldas.edu.co\/portal\/wp-json\/wp\/v2\/media?parent=73409"}],"wp:term":[{"taxonomy":"category","embeddable":true,"href":"https:\/\/www.ucaldas.edu.co\/portal\/wp-json\/wp\/v2\/categories?post=73409"},{"taxonomy":"post_tag","embeddable":true,"href":"https:\/\/www.ucaldas.edu.co\/portal\/wp-json\/wp\/v2\/tags?post=73409"}],"curies":[{"name":"wp","href":"https:\/\/api.w.org\/{rel}","templated":true}]}}