{"id":73393,"date":"2022-11-01T22:09:32","date_gmt":"2022-11-01T22:09:32","guid":{"rendered":"https:\/\/www.ucaldas.edu.co\/portal\/?p=73393"},"modified":"2022-11-02T19:55:26","modified_gmt":"2022-11-02T19:55:26","slug":"invitacion-a-presentar-propuesta-para-contratacion-de-actividades-de-ctei-diseno-y-formulacion-de-un-plan-para-el-fortalecimiento-y-la-integracion-de-los-centros-e-institutos-publicos-de-investigac","status":"publish","type":"post","link":"https:\/\/www.ucaldas.edu.co\/portal\/invitacion-a-presentar-propuesta-para-contratacion-de-actividades-de-ctei-diseno-y-formulacion-de-un-plan-para-el-fortalecimiento-y-la-integracion-de-los-centros-e-institutos-publicos-de-investigac\/","title":{"rendered":"Invitaci\u00f3n a presentar propuesta para contrataci\u00f3n de actividades de CTeI: \u00abDise\u00f1o y formulaci\u00f3n de un plan para el fortalecimiento y la integraci\u00f3n de los centros e institutos p\u00fablicos de investigaci\u00f3n y desarrollo\u00bb"},"content":{"rendered":"<p><img loading=\"lazy\" decoding=\"async\" class=\"aligncenter size-full wp-image-73394\" src=\"https:\/\/www.ucaldas.edu.co\/portal\/wp-content\/uploads\/2022\/11\/Convocatoria-para-contratacion-actividades-de-CTeI.jpg\" alt=\"cierre de la convocatoria 18 de noviembre de 2022\" width=\"700\" height=\"400\" srcset=\"https:\/\/www.ucaldas.edu.co\/portal\/wp-content\/uploads\/2022\/11\/Convocatoria-para-contratacion-actividades-de-CTeI.jpg 700w, https:\/\/www.ucaldas.edu.co\/portal\/wp-content\/uploads\/2022\/11\/Convocatoria-para-contratacion-actividades-de-CTeI-300x171.jpg 300w\" sizes=\"auto, (max-width: 700px) 100vw, 700px\" \/><\/p>\n<p>Hasta el 18 de noviembre el Ministerio de Ciencia, Tecnolog\u00eda e Innovaci\u00f3n tiene abierta la convocatoria para presentar propuesta para contrataci\u00f3n de actividades de CTeI: \u00abDise\u00f1o y formulaci\u00f3n de un plan para el fortalecimiento y la integraci\u00f3n de los centros e institutos p\u00fablicos de investigaci\u00f3n y desarrollo\u00bb.<\/p>\n<p><!--more--><\/p>\n<p>Dicha invitaci\u00f3n est\u00e1 dirigida a personas jur\u00eddicas nacionales presentadas de manera individual o en alianza con entidades extranjeras, con experiencia en el dise\u00f1o y formulaci\u00f3n, implementaci\u00f3n y evaluaci\u00f3n de pol\u00edticas, instrumentos, planes, programas y proyectos de Ciencia, Tecnolog\u00eda e Innovaci\u00f3n.<\/p>\n<p>La convocatoria tiene por objeto realizar el dise\u00f1o y formulaci\u00f3n de un plan de fortalecimiento e integraci\u00f3n para centros e Institutos p\u00fablicos de investigaci\u00f3n y desarrollo, basado en referentes internacionales de pol\u00edtica, gobernanza y gesti\u00f3n de institutos p\u00fablicos de I+D, con el fin de integrar un subsistema de estas organizaciones que les permita compartir en red experiencias y recursos, complementar sus agendas y potencializar sus aportes al desarrollo de la CTeI en el pa\u00eds.<\/p>\n<p>Convocatoria completa\u00a0<strong><a href=\"\/Users\/Usuario\/Downloads\/invitacion_centros_f%20(1).pdf\" target=\"_blank\" rel=\"noopener\">aqu\u00ed<\/a><\/strong><\/p>\n<p><strong>Informes: <\/strong>Oficina de Comunicaciones y Prensa Universidad de Caldas.<br \/>\n<strong>Redacci\u00f3n:<\/strong> Adriana Salazar Villegas <em><span style=\"font-size: 8pt;\">*con informaci\u00f3n de Minciencias<\/span><\/em><\/p>\n","protected":false},"excerpt":{"rendered":"<p>Hasta el 18 de noviembre el Ministerio de Ciencia, Tecnolog\u00eda e Innovaci\u00f3n tiene abierta la convocatoria para presentar propuesta para contrataci\u00f3n de actividades de CTeI: \u00abDise\u00f1o y formulaci\u00f3n de un plan para el fortalecimiento y la integraci\u00f3n de los centros e institutos p\u00fablicos de investigaci\u00f3n y desarrollo\u00bb.<\/p>\n","protected":false},"author":2,"featured_media":73394,"comment_status":"closed","ping_status":"open","sticky":false,"template":"","format":"standard","meta":{"footnotes":""},"categories":[48,53,620],"tags":[130,141,191,363,642,7860],"class_list":["post-73393","post","type-post","status-publish","format-standard","has-post-thumbnail","hentry","category-actualidad","category-universidad-al-dia","category-ucaldas-transparente","tag-ciencia","tag-convocatoria","tag-investigacion","tag-innovacion","tag-tecnologia","tag-ministerio-de-ciencia-tecnologia-e-innovacion"],"yoast_head":"<!-- This site is optimized with the Yoast SEO plugin v27.5 - https:\/\/yoast.com\/product\/yoast-seo-wordpress\/ -->\n<title>Invitaci\u00f3n a presentar propuesta para contrataci\u00f3n de actividades de CTeI: &quot;Dise\u00f1o y formulaci\u00f3n de un plan para el fortalecimiento y la integraci\u00f3n de los centros e institutos p\u00fablicos de investigaci\u00f3n y desarrollo&quot; .<\/title>\n<meta name=\"robots\" content=\"index, follow, max-snippet:-1, max-image-preview:large, max-video-preview:-1\" \/>\n<link rel=\"canonical\" href=\"https:\/\/www.ucaldas.edu.co\/portal\/invitacion-a-presentar-propuesta-para-contratacion-de-actividades-de-ctei-diseno-y-formulacion-de-un-plan-para-el-fortalecimiento-y-la-integracion-de-los-centros-e-institutos-publicos-de-investigac\/\" \/>\n<script type=\"application\/ld+json\" class=\"yoast-schema-graph\">{\"@context\":\"https:\\\/\\\/schema.org\",\"@graph\":[{\"@type\":\"Article\",\"@id\":\"https:\\\/\\\/www.ucaldas.edu.co\\\/portal\\\/invitacion-a-presentar-propuesta-para-contratacion-de-actividades-de-ctei-diseno-y-formulacion-de-un-plan-para-el-fortalecimiento-y-la-integracion-de-los-centros-e-institutos-publicos-de-investigac\\\/#article\",\"isPartOf\":{\"@id\":\"https:\\\/\\\/www.ucaldas.edu.co\\\/portal\\\/invitacion-a-presentar-propuesta-para-contratacion-de-actividades-de-ctei-diseno-y-formulacion-de-un-plan-para-el-fortalecimiento-y-la-integracion-de-los-centros-e-institutos-publicos-de-investigac\\\/\"},\"author\":{\"name\":\"ofiprensa\",\"@id\":\"https:\\\/\\\/www.ucaldas.edu.co\\\/portal\\\/#\\\/schema\\\/person\\\/a1b482e23449158b4bc319926c074fdf\"},\"headline\":\"Invitaci\u00f3n a presentar propuesta para contrataci\u00f3n de actividades de CTeI: \u00abDise\u00f1o y formulaci\u00f3n de un plan para el fortalecimiento y la integraci\u00f3n de los centros e institutos p\u00fablicos de investigaci\u00f3n y desarrollo\u00bb\",\"datePublished\":\"2022-11-01T22:09:32+00:00\",\"dateModified\":\"2022-11-02T19:55:26+00:00\",\"mainEntityOfPage\":{\"@id\":\"https:\\\/\\\/www.ucaldas.edu.co\\\/portal\\\/invitacion-a-presentar-propuesta-para-contratacion-de-actividades-de-ctei-diseno-y-formulacion-de-un-plan-para-el-fortalecimiento-y-la-integracion-de-los-centros-e-institutos-publicos-de-investigac\\\/\"},\"wordCount\":248,\"publisher\":{\"@id\":\"https:\\\/\\\/www.ucaldas.edu.co\\\/portal\\\/#organization\"},\"image\":{\"@id\":\"https:\\\/\\\/www.ucaldas.edu.co\\\/portal\\\/invitacion-a-presentar-propuesta-para-contratacion-de-actividades-de-ctei-diseno-y-formulacion-de-un-plan-para-el-fortalecimiento-y-la-integracion-de-los-centros-e-institutos-publicos-de-investigac\\\/#primaryimage\"},\"thumbnailUrl\":\"https:\\\/\\\/www.ucaldas.edu.co\\\/portal\\\/wp-content\\\/uploads\\\/2022\\\/11\\\/Convocatoria-para-contratacion-actividades-de-CTeI.jpg\",\"keywords\":[\"ciencia\",\"Convocatoria\",\"investigaci\u00f3n\",\"innovaci\u00f3n\",\"tecnolog\u00eda\",\"Ministerio de Ciencia Tecnolog\u00eda e Innovaci\u00f3n\"],\"articleSection\":[\"Actualidad\",\"Universidad al D\u00eda\",\"UCaldas Transparente\"],\"inLanguage\":\"es\"},{\"@type\":\"WebPage\",\"@id\":\"https:\\\/\\\/www.ucaldas.edu.co\\\/portal\\\/invitacion-a-presentar-propuesta-para-contratacion-de-actividades-de-ctei-diseno-y-formulacion-de-un-plan-para-el-fortalecimiento-y-la-integracion-de-los-centros-e-institutos-publicos-de-investigac\\\/\",\"url\":\"https:\\\/\\\/www.ucaldas.edu.co\\\/portal\\\/invitacion-a-presentar-propuesta-para-contratacion-de-actividades-de-ctei-diseno-y-formulacion-de-un-plan-para-el-fortalecimiento-y-la-integracion-de-los-centros-e-institutos-publicos-de-investigac\\\/\",\"name\":\"Invitaci\u00f3n a presentar propuesta para contrataci\u00f3n de actividades de CTeI: \\\"Dise\u00f1o y formulaci\u00f3n de un plan para el fortalecimiento y la integraci\u00f3n de los centros e institutos p\u00fablicos de investigaci\u00f3n y desarrollo\\\" .\",\"isPartOf\":{\"@id\":\"https:\\\/\\\/www.ucaldas.edu.co\\\/portal\\\/#website\"},\"primaryImageOfPage\":{\"@id\":\"https:\\\/\\\/www.ucaldas.edu.co\\\/portal\\\/invitacion-a-presentar-propuesta-para-contratacion-de-actividades-de-ctei-diseno-y-formulacion-de-un-plan-para-el-fortalecimiento-y-la-integracion-de-los-centros-e-institutos-publicos-de-investigac\\\/#primaryimage\"},\"image\":{\"@id\":\"https:\\\/\\\/www.ucaldas.edu.co\\\/portal\\\/invitacion-a-presentar-propuesta-para-contratacion-de-actividades-de-ctei-diseno-y-formulacion-de-un-plan-para-el-fortalecimiento-y-la-integracion-de-los-centros-e-institutos-publicos-de-investigac\\\/#primaryimage\"},\"thumbnailUrl\":\"https:\\\/\\\/www.ucaldas.edu.co\\\/portal\\\/wp-content\\\/uploads\\\/2022\\\/11\\\/Convocatoria-para-contratacion-actividades-de-CTeI.jpg\",\"datePublished\":\"2022-11-01T22:09:32+00:00\",\"dateModified\":\"2022-11-02T19:55:26+00:00\",\"breadcrumb\":{\"@id\":\"https:\\\/\\\/www.ucaldas.edu.co\\\/portal\\\/invitacion-a-presentar-propuesta-para-contratacion-de-actividades-de-ctei-diseno-y-formulacion-de-un-plan-para-el-fortalecimiento-y-la-integracion-de-los-centros-e-institutos-publicos-de-investigac\\\/#breadcrumb\"},\"inLanguage\":\"es\",\"potentialAction\":[{\"@type\":\"ReadAction\",\"target\":[\"https:\\\/\\\/www.ucaldas.edu.co\\\/portal\\\/invitacion-a-presentar-propuesta-para-contratacion-de-actividades-de-ctei-diseno-y-formulacion-de-un-plan-para-el-fortalecimiento-y-la-integracion-de-los-centros-e-institutos-publicos-de-investigac\\\/\"]}]},{\"@type\":\"ImageObject\",\"inLanguage\":\"es\",\"@id\":\"https:\\\/\\\/www.ucaldas.edu.co\\\/portal\\\/invitacion-a-presentar-propuesta-para-contratacion-de-actividades-de-ctei-diseno-y-formulacion-de-un-plan-para-el-fortalecimiento-y-la-integracion-de-los-centros-e-institutos-publicos-de-investigac\\\/#primaryimage\",\"url\":\"https:\\\/\\\/www.ucaldas.edu.co\\\/portal\\\/wp-content\\\/uploads\\\/2022\\\/11\\\/Convocatoria-para-contratacion-actividades-de-CTeI.jpg\",\"contentUrl\":\"https:\\\/\\\/www.ucaldas.edu.co\\\/portal\\\/wp-content\\\/uploads\\\/2022\\\/11\\\/Convocatoria-para-contratacion-actividades-de-CTeI.jpg\",\"width\":700,\"height\":400,\"caption\":\"cierre de la convocatoria 18 de noviembre de 2022\"},{\"@type\":\"BreadcrumbList\",\"@id\":\"https:\\\/\\\/www.ucaldas.edu.co\\\/portal\\\/invitacion-a-presentar-propuesta-para-contratacion-de-actividades-de-ctei-diseno-y-formulacion-de-un-plan-para-el-fortalecimiento-y-la-integracion-de-los-centros-e-institutos-publicos-de-investigac\\\/#breadcrumb\",\"itemListElement\":[{\"@type\":\"ListItem\",\"position\":1,\"name\":\"Portada\",\"item\":\"https:\\\/\\\/www.ucaldas.edu.co\\\/portal\\\/\"},{\"@type\":\"ListItem\",\"position\":2,\"name\":\"Invitaci\u00f3n a presentar propuesta para contrataci\u00f3n de actividades de CTeI: \u00abDise\u00f1o y formulaci\u00f3n de un plan para el fortalecimiento y la integraci\u00f3n de los centros e institutos p\u00fablicos de investigaci\u00f3n y desarrollo\u00bb\"}]},{\"@type\":\"WebSite\",\"@id\":\"https:\\\/\\\/www.ucaldas.edu.co\\\/portal\\\/#website\",\"url\":\"https:\\\/\\\/www.ucaldas.edu.co\\\/portal\\\/\",\"name\":\"Universidad de Caldas\",\"description\":\"\",\"publisher\":{\"@id\":\"https:\\\/\\\/www.ucaldas.edu.co\\\/portal\\\/#organization\"},\"alternateName\":\"U. de Caldas\",\"potentialAction\":[{\"@type\":\"SearchAction\",\"target\":{\"@type\":\"EntryPoint\",\"urlTemplate\":\"https:\\\/\\\/www.ucaldas.edu.co\\\/portal\\\/?s={search_term_string}\"},\"query-input\":{\"@type\":\"PropertyValueSpecification\",\"valueRequired\":true,\"valueName\":\"search_term_string\"}}],\"inLanguage\":\"es\"},{\"@type\":\"Organization\",\"@id\":\"https:\\\/\\\/www.ucaldas.edu.co\\\/portal\\\/#organization\",\"name\":\"Universidad de Caldas\",\"alternateName\":\"U. de Caldas\",\"url\":\"https:\\\/\\\/www.ucaldas.edu.co\\\/portal\\\/\",\"logo\":{\"@type\":\"ImageObject\",\"inLanguage\":\"es\",\"@id\":\"https:\\\/\\\/www.ucaldas.edu.co\\\/portal\\\/#\\\/schema\\\/logo\\\/image\\\/\",\"url\":\"https:\\\/\\\/www.ucaldas.edu.co\\\/portal\\\/wp-content\\\/uploads\\\/2023\\\/11\\\/Logo_horizontal_oscuroU-2023.png\",\"contentUrl\":\"https:\\\/\\\/www.ucaldas.edu.co\\\/portal\\\/wp-content\\\/uploads\\\/2023\\\/11\\\/Logo_horizontal_oscuroU-2023.png\",\"width\":263,\"height\":101,\"caption\":\"Universidad de Caldas\"},\"image\":{\"@id\":\"https:\\\/\\\/www.ucaldas.edu.co\\\/portal\\\/#\\\/schema\\\/logo\\\/image\\\/\"},\"sameAs\":[\"https:\\\/\\\/www.facebook.com\\\/udecaldas\",\"https:\\\/\\\/x.com\\\/udecaldas\",\"https:\\\/\\\/www.youtube.com\\\/universidadcaldas\",\"https:\\\/\\\/www.instagram.com\\\/udecaldas\\\/\"]},{\"@type\":\"Person\",\"@id\":\"https:\\\/\\\/www.ucaldas.edu.co\\\/portal\\\/#\\\/schema\\\/person\\\/a1b482e23449158b4bc319926c074fdf\",\"name\":\"ofiprensa\",\"image\":{\"@type\":\"ImageObject\",\"inLanguage\":\"es\",\"@id\":\"https:\\\/\\\/www.ucaldas.edu.co\\\/portal\\\/wp-content\\\/litespeed\\\/avatar\\\/09ea5085e600095a7a811142c6944527.jpg?ver=1777497608\",\"url\":\"https:\\\/\\\/www.ucaldas.edu.co\\\/portal\\\/wp-content\\\/litespeed\\\/avatar\\\/09ea5085e600095a7a811142c6944527.jpg?ver=1777497608\",\"contentUrl\":\"https:\\\/\\\/www.ucaldas.edu.co\\\/portal\\\/wp-content\\\/litespeed\\\/avatar\\\/09ea5085e600095a7a811142c6944527.jpg?ver=1777497608\",\"caption\":\"ofiprensa\"},\"url\":\"https:\\\/\\\/www.ucaldas.edu.co\\\/portal\\\/author\\\/ofiprensa\\\/\"}]}<\/script>\n<!-- \/ Yoast SEO plugin. -->","yoast_head_json":{"title":"Invitaci\u00f3n a presentar propuesta para contrataci\u00f3n de actividades de CTeI: \"Dise\u00f1o y formulaci\u00f3n de un plan para el fortalecimiento y la integraci\u00f3n de los centros e institutos p\u00fablicos de investigaci\u00f3n y desarrollo\" .","robots":{"index":"index","follow":"follow","max-snippet":"max-snippet:-1","max-image-preview":"max-image-preview:large","max-video-preview":"max-video-preview:-1"},"canonical":"https:\/\/www.ucaldas.edu.co\/portal\/invitacion-a-presentar-propuesta-para-contratacion-de-actividades-de-ctei-diseno-y-formulacion-de-un-plan-para-el-fortalecimiento-y-la-integracion-de-los-centros-e-institutos-publicos-de-investigac\/","schema":{"@context":"https:\/\/schema.org","@graph":[{"@type":"Article","@id":"https:\/\/www.ucaldas.edu.co\/portal\/invitacion-a-presentar-propuesta-para-contratacion-de-actividades-de-ctei-diseno-y-formulacion-de-un-plan-para-el-fortalecimiento-y-la-integracion-de-los-centros-e-institutos-publicos-de-investigac\/#article","isPartOf":{"@id":"https:\/\/www.ucaldas.edu.co\/portal\/invitacion-a-presentar-propuesta-para-contratacion-de-actividades-de-ctei-diseno-y-formulacion-de-un-plan-para-el-fortalecimiento-y-la-integracion-de-los-centros-e-institutos-publicos-de-investigac\/"},"author":{"name":"ofiprensa","@id":"https:\/\/www.ucaldas.edu.co\/portal\/#\/schema\/person\/a1b482e23449158b4bc319926c074fdf"},"headline":"Invitaci\u00f3n a presentar propuesta para contrataci\u00f3n de actividades de CTeI: \u00abDise\u00f1o y formulaci\u00f3n de un plan para el fortalecimiento y la integraci\u00f3n de los centros e institutos p\u00fablicos de investigaci\u00f3n y desarrollo\u00bb","datePublished":"2022-11-01T22:09:32+00:00","dateModified":"2022-11-02T19:55:26+00:00","mainEntityOfPage":{"@id":"https:\/\/www.ucaldas.edu.co\/portal\/invitacion-a-presentar-propuesta-para-contratacion-de-actividades-de-ctei-diseno-y-formulacion-de-un-plan-para-el-fortalecimiento-y-la-integracion-de-los-centros-e-institutos-publicos-de-investigac\/"},"wordCount":248,"publisher":{"@id":"https:\/\/www.ucaldas.edu.co\/portal\/#organization"},"image":{"@id":"https:\/\/www.ucaldas.edu.co\/portal\/invitacion-a-presentar-propuesta-para-contratacion-de-actividades-de-ctei-diseno-y-formulacion-de-un-plan-para-el-fortalecimiento-y-la-integracion-de-los-centros-e-institutos-publicos-de-investigac\/#primaryimage"},"thumbnailUrl":"https:\/\/www.ucaldas.edu.co\/portal\/wp-content\/uploads\/2022\/11\/Convocatoria-para-contratacion-actividades-de-CTeI.jpg","keywords":["ciencia","Convocatoria","investigaci\u00f3n","innovaci\u00f3n","tecnolog\u00eda","Ministerio de Ciencia Tecnolog\u00eda e Innovaci\u00f3n"],"articleSection":["Actualidad","Universidad al D\u00eda","UCaldas Transparente"],"inLanguage":"es"},{"@type":"WebPage","@id":"https:\/\/www.ucaldas.edu.co\/portal\/invitacion-a-presentar-propuesta-para-contratacion-de-actividades-de-ctei-diseno-y-formulacion-de-un-plan-para-el-fortalecimiento-y-la-integracion-de-los-centros-e-institutos-publicos-de-investigac\/","url":"https:\/\/www.ucaldas.edu.co\/portal\/invitacion-a-presentar-propuesta-para-contratacion-de-actividades-de-ctei-diseno-y-formulacion-de-un-plan-para-el-fortalecimiento-y-la-integracion-de-los-centros-e-institutos-publicos-de-investigac\/","name":"Invitaci\u00f3n a presentar propuesta para contrataci\u00f3n de actividades de CTeI: \"Dise\u00f1o y formulaci\u00f3n de un plan para el fortalecimiento y la integraci\u00f3n de los centros e institutos p\u00fablicos de investigaci\u00f3n y desarrollo\" .","isPartOf":{"@id":"https:\/\/www.ucaldas.edu.co\/portal\/#website"},"primaryImageOfPage":{"@id":"https:\/\/www.ucaldas.edu.co\/portal\/invitacion-a-presentar-propuesta-para-contratacion-de-actividades-de-ctei-diseno-y-formulacion-de-un-plan-para-el-fortalecimiento-y-la-integracion-de-los-centros-e-institutos-publicos-de-investigac\/#primaryimage"},"image":{"@id":"https:\/\/www.ucaldas.edu.co\/portal\/invitacion-a-presentar-propuesta-para-contratacion-de-actividades-de-ctei-diseno-y-formulacion-de-un-plan-para-el-fortalecimiento-y-la-integracion-de-los-centros-e-institutos-publicos-de-investigac\/#primaryimage"},"thumbnailUrl":"https:\/\/www.ucaldas.edu.co\/portal\/wp-content\/uploads\/2022\/11\/Convocatoria-para-contratacion-actividades-de-CTeI.jpg","datePublished":"2022-11-01T22:09:32+00:00","dateModified":"2022-11-02T19:55:26+00:00","breadcrumb":{"@id":"https:\/\/www.ucaldas.edu.co\/portal\/invitacion-a-presentar-propuesta-para-contratacion-de-actividades-de-ctei-diseno-y-formulacion-de-un-plan-para-el-fortalecimiento-y-la-integracion-de-los-centros-e-institutos-publicos-de-investigac\/#breadcrumb"},"inLanguage":"es","potentialAction":[{"@type":"ReadAction","target":["https:\/\/www.ucaldas.edu.co\/portal\/invitacion-a-presentar-propuesta-para-contratacion-de-actividades-de-ctei-diseno-y-formulacion-de-un-plan-para-el-fortalecimiento-y-la-integracion-de-los-centros-e-institutos-publicos-de-investigac\/"]}]},{"@type":"ImageObject","inLanguage":"es","@id":"https:\/\/www.ucaldas.edu.co\/portal\/invitacion-a-presentar-propuesta-para-contratacion-de-actividades-de-ctei-diseno-y-formulacion-de-un-plan-para-el-fortalecimiento-y-la-integracion-de-los-centros-e-institutos-publicos-de-investigac\/#primaryimage","url":"https:\/\/www.ucaldas.edu.co\/portal\/wp-content\/uploads\/2022\/11\/Convocatoria-para-contratacion-actividades-de-CTeI.jpg","contentUrl":"https:\/\/www.ucaldas.edu.co\/portal\/wp-content\/uploads\/2022\/11\/Convocatoria-para-contratacion-actividades-de-CTeI.jpg","width":700,"height":400,"caption":"cierre de la convocatoria 18 de noviembre de 2022"},{"@type":"BreadcrumbList","@id":"https:\/\/www.ucaldas.edu.co\/portal\/invitacion-a-presentar-propuesta-para-contratacion-de-actividades-de-ctei-diseno-y-formulacion-de-un-plan-para-el-fortalecimiento-y-la-integracion-de-los-centros-e-institutos-publicos-de-investigac\/#breadcrumb","itemListElement":[{"@type":"ListItem","position":1,"name":"Portada","item":"https:\/\/www.ucaldas.edu.co\/portal\/"},{"@type":"ListItem","position":2,"name":"Invitaci\u00f3n a presentar propuesta para contrataci\u00f3n de actividades de CTeI: \u00abDise\u00f1o y formulaci\u00f3n de un plan para el fortalecimiento y la integraci\u00f3n de los centros e institutos p\u00fablicos de investigaci\u00f3n y desarrollo\u00bb"}]},{"@type":"WebSite","@id":"https:\/\/www.ucaldas.edu.co\/portal\/#website","url":"https:\/\/www.ucaldas.edu.co\/portal\/","name":"Universidad de Caldas","description":"","publisher":{"@id":"https:\/\/www.ucaldas.edu.co\/portal\/#organization"},"alternateName":"U. de Caldas","potentialAction":[{"@type":"SearchAction","target":{"@type":"EntryPoint","urlTemplate":"https:\/\/www.ucaldas.edu.co\/portal\/?s={search_term_string}"},"query-input":{"@type":"PropertyValueSpecification","valueRequired":true,"valueName":"search_term_string"}}],"inLanguage":"es"},{"@type":"Organization","@id":"https:\/\/www.ucaldas.edu.co\/portal\/#organization","name":"Universidad de Caldas","alternateName":"U. de Caldas","url":"https:\/\/www.ucaldas.edu.co\/portal\/","logo":{"@type":"ImageObject","inLanguage":"es","@id":"https:\/\/www.ucaldas.edu.co\/portal\/#\/schema\/logo\/image\/","url":"https:\/\/www.ucaldas.edu.co\/portal\/wp-content\/uploads\/2023\/11\/Logo_horizontal_oscuroU-2023.png","contentUrl":"https:\/\/www.ucaldas.edu.co\/portal\/wp-content\/uploads\/2023\/11\/Logo_horizontal_oscuroU-2023.png","width":263,"height":101,"caption":"Universidad de Caldas"},"image":{"@id":"https:\/\/www.ucaldas.edu.co\/portal\/#\/schema\/logo\/image\/"},"sameAs":["https:\/\/www.facebook.com\/udecaldas","https:\/\/x.com\/udecaldas","https:\/\/www.youtube.com\/universidadcaldas","https:\/\/www.instagram.com\/udecaldas\/"]},{"@type":"Person","@id":"https:\/\/www.ucaldas.edu.co\/portal\/#\/schema\/person\/a1b482e23449158b4bc319926c074fdf","name":"ofiprensa","image":{"@type":"ImageObject","inLanguage":"es","@id":"https:\/\/www.ucaldas.edu.co\/portal\/wp-content\/litespeed\/avatar\/09ea5085e600095a7a811142c6944527.jpg?ver=1777497608","url":"https:\/\/www.ucaldas.edu.co\/portal\/wp-content\/litespeed\/avatar\/09ea5085e600095a7a811142c6944527.jpg?ver=1777497608","contentUrl":"https:\/\/www.ucaldas.edu.co\/portal\/wp-content\/litespeed\/avatar\/09ea5085e600095a7a811142c6944527.jpg?ver=1777497608","caption":"ofiprensa"},"url":"https:\/\/www.ucaldas.edu.co\/portal\/author\/ofiprensa\/"}]}},"_links":{"self":[{"href":"https:\/\/www.ucaldas.edu.co\/portal\/wp-json\/wp\/v2\/posts\/73393","targetHints":{"allow":["GET"]}}],"collection":[{"href":"https:\/\/www.ucaldas.edu.co\/portal\/wp-json\/wp\/v2\/posts"}],"about":[{"href":"https:\/\/www.ucaldas.edu.co\/portal\/wp-json\/wp\/v2\/types\/post"}],"author":[{"embeddable":true,"href":"https:\/\/www.ucaldas.edu.co\/portal\/wp-json\/wp\/v2\/users\/2"}],"replies":[{"embeddable":true,"href":"https:\/\/www.ucaldas.edu.co\/portal\/wp-json\/wp\/v2\/comments?post=73393"}],"version-history":[{"count":0,"href":"https:\/\/www.ucaldas.edu.co\/portal\/wp-json\/wp\/v2\/posts\/73393\/revisions"}],"wp:featuredmedia":[{"embeddable":true,"href":"https:\/\/www.ucaldas.edu.co\/portal\/wp-json\/wp\/v2\/media\/73394"}],"wp:attachment":[{"href":"https:\/\/www.ucaldas.edu.co\/portal\/wp-json\/wp\/v2\/media?parent=73393"}],"wp:term":[{"taxonomy":"category","embeddable":true,"href":"https:\/\/www.ucaldas.edu.co\/portal\/wp-json\/wp\/v2\/categories?post=73393"},{"taxonomy":"post_tag","embeddable":true,"href":"https:\/\/www.ucaldas.edu.co\/portal\/wp-json\/wp\/v2\/tags?post=73393"}],"curies":[{"name":"wp","href":"https:\/\/api.w.org\/{rel}","templated":true}]}}