{"id":73370,"date":"2022-10-31T22:42:15","date_gmt":"2022-10-31T22:42:15","guid":{"rendered":"https:\/\/www.ucaldas.edu.co\/portal\/?p=73370"},"modified":"2022-10-31T22:42:15","modified_gmt":"2022-10-31T22:42:15","slug":"la-catedra-de-historia-regional-de-manizales-y-caldas-sesionara-desde-el-cementerio-san-esteban-de-manizales","status":"publish","type":"post","link":"https:\/\/www.ucaldas.edu.co\/portal\/la-catedra-de-historia-regional-de-manizales-y-caldas-sesionara-desde-el-cementerio-san-esteban-de-manizales\/","title":{"rendered":"La C\u00e1tedra de Historia Regional de Manizales y Caldas sesionar\u00e1 desde el Cementerio San Esteban de Manizales"},"content":{"rendered":"<p><img loading=\"lazy\" decoding=\"async\" class=\"aligncenter size-full wp-image-73372\" src=\"https:\/\/www.ucaldas.edu.co\/portal\/wp-content\/uploads\/2022\/10\/catedra-1.jpg\" alt=\"Conozca la historia de los cementerios de caldas\" width=\"700\" height=\"400\" srcset=\"https:\/\/www.ucaldas.edu.co\/portal\/wp-content\/uploads\/2022\/10\/catedra-1.jpg 700w, https:\/\/www.ucaldas.edu.co\/portal\/wp-content\/uploads\/2022\/10\/catedra-1-300x171.jpg 300w\" sizes=\"auto, (max-width: 700px) 100vw, 700px\" \/><\/p>\n<p>Con\u00e9ctese con la sesi\u00f3n 13 de la C\u00e1tedra de Historia Regional de Manizales y Caldas, homenaje al Manuel Mej\u00eda Jaramillo, este martes 1 de noviembre a partir de las 6:30 p.m. en el cementerio San Esteban de Manizales.<\/p>\n<p>Para esta oportunidad el tema se denomina \u201cCementerios al alim\u00f3n\u201d, en el cual se hablar\u00e1 sobre sobre los diferentes cementerios que posee el departamento de Caldas, su historia, la importancia que estos tienen para los territorios, las creencias en torno a estos espacios de culto y \u201c\u00faltima morada\u201d.<\/p>\n<p>El evento estar\u00e1 a cargo de:<\/p>\n<ul>\n<li>Luis Fernando S\u00e1nchez Jaramillo; PhD en Historia, docente de la Universidad de Caldas y coordinador de Instituto de Investigaci\u00f3n en Ciencias Sociales y Humanas ICSH.<\/li>\n<li>David Esteban Molina Casta\u00f1o; PhD en Historia y docente de la Universidad Nacional de Colombia sede Manizales.<\/li>\n<\/ul>\n<p>La entrada ser\u00e1 libre al recinto hasta completar el aforo permitido. Tambi\u00e9n se transmitir\u00e1 a trav\u00e9s de YouTube en el siguiente enlace: <a href=\"https:\/\/www.youtube.com\/channel\/UCZNsYr9J5-LJRKoZ6fVC0mw\"><strong>conexi\u00f3n.<\/strong><\/a><\/p>\n<p><strong>\u00a0<\/strong><\/p>\n<p><strong>Informes: <\/strong>Oficina de Comunicaciones y Prensa Universidad de Caldas.<\/p>\n<p><strong>Redacci\u00f3n:<\/strong> Mateo Buritic\u00e1 Giraldo<\/p>\n<p>&nbsp;<\/p>\n","protected":false},"excerpt":{"rendered":"<p>Con\u00e9ctese con la sesi\u00f3n 13 de la C\u00e1tedra de Historia Regional de Manizales y Caldas, homenaje al Manuel Mej\u00eda Jaramillo, este martes 1 de noviembre a partir de las 6:30 p.m. en el cementerio San Esteban de Manizales. Para esta oportunidad el tema se denomina \u201cCementerios al alim\u00f3n\u201d, en el cual se hablar\u00e1 sobre sobre [&hellip;]<\/p>\n","protected":false},"author":2,"featured_media":73372,"comment_status":"closed","ping_status":"open","sticky":false,"template":"","format":"standard","meta":{"footnotes":""},"categories":[48,53],"tags":[7057,9345,9346],"class_list":["post-73370","post","type-post","status-publish","format-standard","has-post-thumbnail","hentry","category-actualidad","category-universidad-al-dia","tag-manizales-y-caldas","tag-catedra-historia","tag-cementerios-de-caldas"],"yoast_head":"<!-- This site is optimized with the Yoast SEO plugin v27.5 - https:\/\/yoast.com\/product\/yoast-seo-wordpress\/ -->\n<title>La C\u00e1tedra de Historia Regional de Manizales y Caldas sesionar\u00e1 desde el Cementerio San Esteban de Manizales .<\/title>\n<meta name=\"robots\" content=\"index, follow, max-snippet:-1, max-image-preview:large, max-video-preview:-1\" \/>\n<link rel=\"canonical\" href=\"https:\/\/www.ucaldas.edu.co\/portal\/la-catedra-de-historia-regional-de-manizales-y-caldas-sesionara-desde-el-cementerio-san-esteban-de-manizales\/\" \/>\n<script type=\"application\/ld+json\" class=\"yoast-schema-graph\">{\"@context\":\"https:\\\/\\\/schema.org\",\"@graph\":[{\"@type\":\"Article\",\"@id\":\"https:\\\/\\\/www.ucaldas.edu.co\\\/portal\\\/la-catedra-de-historia-regional-de-manizales-y-caldas-sesionara-desde-el-cementerio-san-esteban-de-manizales\\\/#article\",\"isPartOf\":{\"@id\":\"https:\\\/\\\/www.ucaldas.edu.co\\\/portal\\\/la-catedra-de-historia-regional-de-manizales-y-caldas-sesionara-desde-el-cementerio-san-esteban-de-manizales\\\/\"},\"author\":{\"name\":\"ofiprensa\",\"@id\":\"https:\\\/\\\/www.ucaldas.edu.co\\\/portal\\\/#\\\/schema\\\/person\\\/a1b482e23449158b4bc319926c074fdf\"},\"headline\":\"La C\u00e1tedra de Historia Regional de Manizales y Caldas sesionar\u00e1 desde el Cementerio San Esteban de Manizales\",\"datePublished\":\"2022-10-31T22:42:15+00:00\",\"mainEntityOfPage\":{\"@id\":\"https:\\\/\\\/www.ucaldas.edu.co\\\/portal\\\/la-catedra-de-historia-regional-de-manizales-y-caldas-sesionara-desde-el-cementerio-san-esteban-de-manizales\\\/\"},\"wordCount\":199,\"publisher\":{\"@id\":\"https:\\\/\\\/www.ucaldas.edu.co\\\/portal\\\/#organization\"},\"image\":{\"@id\":\"https:\\\/\\\/www.ucaldas.edu.co\\\/portal\\\/la-catedra-de-historia-regional-de-manizales-y-caldas-sesionara-desde-el-cementerio-san-esteban-de-manizales\\\/#primaryimage\"},\"thumbnailUrl\":\"https:\\\/\\\/www.ucaldas.edu.co\\\/portal\\\/wp-content\\\/uploads\\\/2022\\\/10\\\/catedra-1.jpg\",\"keywords\":[\"manizales y caldas\",\"c\u00e1tedra historia\",\"cementerios de caldas\"],\"articleSection\":[\"Actualidad\",\"Universidad al D\u00eda\"],\"inLanguage\":\"es\"},{\"@type\":\"WebPage\",\"@id\":\"https:\\\/\\\/www.ucaldas.edu.co\\\/portal\\\/la-catedra-de-historia-regional-de-manizales-y-caldas-sesionara-desde-el-cementerio-san-esteban-de-manizales\\\/\",\"url\":\"https:\\\/\\\/www.ucaldas.edu.co\\\/portal\\\/la-catedra-de-historia-regional-de-manizales-y-caldas-sesionara-desde-el-cementerio-san-esteban-de-manizales\\\/\",\"name\":\"La C\u00e1tedra de Historia Regional de Manizales y Caldas sesionar\u00e1 desde el Cementerio San Esteban de Manizales .\",\"isPartOf\":{\"@id\":\"https:\\\/\\\/www.ucaldas.edu.co\\\/portal\\\/#website\"},\"primaryImageOfPage\":{\"@id\":\"https:\\\/\\\/www.ucaldas.edu.co\\\/portal\\\/la-catedra-de-historia-regional-de-manizales-y-caldas-sesionara-desde-el-cementerio-san-esteban-de-manizales\\\/#primaryimage\"},\"image\":{\"@id\":\"https:\\\/\\\/www.ucaldas.edu.co\\\/portal\\\/la-catedra-de-historia-regional-de-manizales-y-caldas-sesionara-desde-el-cementerio-san-esteban-de-manizales\\\/#primaryimage\"},\"thumbnailUrl\":\"https:\\\/\\\/www.ucaldas.edu.co\\\/portal\\\/wp-content\\\/uploads\\\/2022\\\/10\\\/catedra-1.jpg\",\"datePublished\":\"2022-10-31T22:42:15+00:00\",\"breadcrumb\":{\"@id\":\"https:\\\/\\\/www.ucaldas.edu.co\\\/portal\\\/la-catedra-de-historia-regional-de-manizales-y-caldas-sesionara-desde-el-cementerio-san-esteban-de-manizales\\\/#breadcrumb\"},\"inLanguage\":\"es\",\"potentialAction\":[{\"@type\":\"ReadAction\",\"target\":[\"https:\\\/\\\/www.ucaldas.edu.co\\\/portal\\\/la-catedra-de-historia-regional-de-manizales-y-caldas-sesionara-desde-el-cementerio-san-esteban-de-manizales\\\/\"]}]},{\"@type\":\"ImageObject\",\"inLanguage\":\"es\",\"@id\":\"https:\\\/\\\/www.ucaldas.edu.co\\\/portal\\\/la-catedra-de-historia-regional-de-manizales-y-caldas-sesionara-desde-el-cementerio-san-esteban-de-manizales\\\/#primaryimage\",\"url\":\"https:\\\/\\\/www.ucaldas.edu.co\\\/portal\\\/wp-content\\\/uploads\\\/2022\\\/10\\\/catedra-1.jpg\",\"contentUrl\":\"https:\\\/\\\/www.ucaldas.edu.co\\\/portal\\\/wp-content\\\/uploads\\\/2022\\\/10\\\/catedra-1.jpg\",\"width\":700,\"height\":400,\"caption\":\"Conozca la historia de los cementerios de caldas\"},{\"@type\":\"BreadcrumbList\",\"@id\":\"https:\\\/\\\/www.ucaldas.edu.co\\\/portal\\\/la-catedra-de-historia-regional-de-manizales-y-caldas-sesionara-desde-el-cementerio-san-esteban-de-manizales\\\/#breadcrumb\",\"itemListElement\":[{\"@type\":\"ListItem\",\"position\":1,\"name\":\"Portada\",\"item\":\"https:\\\/\\\/www.ucaldas.edu.co\\\/portal\\\/\"},{\"@type\":\"ListItem\",\"position\":2,\"name\":\"La C\u00e1tedra de Historia Regional de Manizales y Caldas sesionar\u00e1 desde el Cementerio San Esteban de Manizales\"}]},{\"@type\":\"WebSite\",\"@id\":\"https:\\\/\\\/www.ucaldas.edu.co\\\/portal\\\/#website\",\"url\":\"https:\\\/\\\/www.ucaldas.edu.co\\\/portal\\\/\",\"name\":\"Universidad de Caldas\",\"description\":\"\",\"publisher\":{\"@id\":\"https:\\\/\\\/www.ucaldas.edu.co\\\/portal\\\/#organization\"},\"alternateName\":\"U. de Caldas\",\"potentialAction\":[{\"@type\":\"SearchAction\",\"target\":{\"@type\":\"EntryPoint\",\"urlTemplate\":\"https:\\\/\\\/www.ucaldas.edu.co\\\/portal\\\/?s={search_term_string}\"},\"query-input\":{\"@type\":\"PropertyValueSpecification\",\"valueRequired\":true,\"valueName\":\"search_term_string\"}}],\"inLanguage\":\"es\"},{\"@type\":\"Organization\",\"@id\":\"https:\\\/\\\/www.ucaldas.edu.co\\\/portal\\\/#organization\",\"name\":\"Universidad de Caldas\",\"alternateName\":\"U. de Caldas\",\"url\":\"https:\\\/\\\/www.ucaldas.edu.co\\\/portal\\\/\",\"logo\":{\"@type\":\"ImageObject\",\"inLanguage\":\"es\",\"@id\":\"https:\\\/\\\/www.ucaldas.edu.co\\\/portal\\\/#\\\/schema\\\/logo\\\/image\\\/\",\"url\":\"https:\\\/\\\/www.ucaldas.edu.co\\\/portal\\\/wp-content\\\/uploads\\\/2023\\\/11\\\/Logo_horizontal_oscuroU-2023.png\",\"contentUrl\":\"https:\\\/\\\/www.ucaldas.edu.co\\\/portal\\\/wp-content\\\/uploads\\\/2023\\\/11\\\/Logo_horizontal_oscuroU-2023.png\",\"width\":263,\"height\":101,\"caption\":\"Universidad de Caldas\"},\"image\":{\"@id\":\"https:\\\/\\\/www.ucaldas.edu.co\\\/portal\\\/#\\\/schema\\\/logo\\\/image\\\/\"},\"sameAs\":[\"https:\\\/\\\/www.facebook.com\\\/udecaldas\",\"https:\\\/\\\/x.com\\\/udecaldas\",\"https:\\\/\\\/www.youtube.com\\\/universidadcaldas\",\"https:\\\/\\\/www.instagram.com\\\/udecaldas\\\/\"]},{\"@type\":\"Person\",\"@id\":\"https:\\\/\\\/www.ucaldas.edu.co\\\/portal\\\/#\\\/schema\\\/person\\\/a1b482e23449158b4bc319926c074fdf\",\"name\":\"ofiprensa\",\"image\":{\"@type\":\"ImageObject\",\"inLanguage\":\"es\",\"@id\":\"https:\\\/\\\/www.ucaldas.edu.co\\\/portal\\\/wp-content\\\/litespeed\\\/avatar\\\/09ea5085e600095a7a811142c6944527.jpg?ver=1777497608\",\"url\":\"https:\\\/\\\/www.ucaldas.edu.co\\\/portal\\\/wp-content\\\/litespeed\\\/avatar\\\/09ea5085e600095a7a811142c6944527.jpg?ver=1777497608\",\"contentUrl\":\"https:\\\/\\\/www.ucaldas.edu.co\\\/portal\\\/wp-content\\\/litespeed\\\/avatar\\\/09ea5085e600095a7a811142c6944527.jpg?ver=1777497608\",\"caption\":\"ofiprensa\"},\"url\":\"https:\\\/\\\/www.ucaldas.edu.co\\\/portal\\\/author\\\/ofiprensa\\\/\"}]}<\/script>\n<!-- \/ Yoast SEO plugin. -->","yoast_head_json":{"title":"La C\u00e1tedra de Historia Regional de Manizales y Caldas sesionar\u00e1 desde el Cementerio San Esteban de Manizales .","robots":{"index":"index","follow":"follow","max-snippet":"max-snippet:-1","max-image-preview":"max-image-preview:large","max-video-preview":"max-video-preview:-1"},"canonical":"https:\/\/www.ucaldas.edu.co\/portal\/la-catedra-de-historia-regional-de-manizales-y-caldas-sesionara-desde-el-cementerio-san-esteban-de-manizales\/","schema":{"@context":"https:\/\/schema.org","@graph":[{"@type":"Article","@id":"https:\/\/www.ucaldas.edu.co\/portal\/la-catedra-de-historia-regional-de-manizales-y-caldas-sesionara-desde-el-cementerio-san-esteban-de-manizales\/#article","isPartOf":{"@id":"https:\/\/www.ucaldas.edu.co\/portal\/la-catedra-de-historia-regional-de-manizales-y-caldas-sesionara-desde-el-cementerio-san-esteban-de-manizales\/"},"author":{"name":"ofiprensa","@id":"https:\/\/www.ucaldas.edu.co\/portal\/#\/schema\/person\/a1b482e23449158b4bc319926c074fdf"},"headline":"La C\u00e1tedra de Historia Regional de Manizales y Caldas sesionar\u00e1 desde el Cementerio San Esteban de Manizales","datePublished":"2022-10-31T22:42:15+00:00","mainEntityOfPage":{"@id":"https:\/\/www.ucaldas.edu.co\/portal\/la-catedra-de-historia-regional-de-manizales-y-caldas-sesionara-desde-el-cementerio-san-esteban-de-manizales\/"},"wordCount":199,"publisher":{"@id":"https:\/\/www.ucaldas.edu.co\/portal\/#organization"},"image":{"@id":"https:\/\/www.ucaldas.edu.co\/portal\/la-catedra-de-historia-regional-de-manizales-y-caldas-sesionara-desde-el-cementerio-san-esteban-de-manizales\/#primaryimage"},"thumbnailUrl":"https:\/\/www.ucaldas.edu.co\/portal\/wp-content\/uploads\/2022\/10\/catedra-1.jpg","keywords":["manizales y caldas","c\u00e1tedra historia","cementerios de caldas"],"articleSection":["Actualidad","Universidad al D\u00eda"],"inLanguage":"es"},{"@type":"WebPage","@id":"https:\/\/www.ucaldas.edu.co\/portal\/la-catedra-de-historia-regional-de-manizales-y-caldas-sesionara-desde-el-cementerio-san-esteban-de-manizales\/","url":"https:\/\/www.ucaldas.edu.co\/portal\/la-catedra-de-historia-regional-de-manizales-y-caldas-sesionara-desde-el-cementerio-san-esteban-de-manizales\/","name":"La C\u00e1tedra de Historia Regional de Manizales y Caldas sesionar\u00e1 desde el Cementerio San Esteban de Manizales .","isPartOf":{"@id":"https:\/\/www.ucaldas.edu.co\/portal\/#website"},"primaryImageOfPage":{"@id":"https:\/\/www.ucaldas.edu.co\/portal\/la-catedra-de-historia-regional-de-manizales-y-caldas-sesionara-desde-el-cementerio-san-esteban-de-manizales\/#primaryimage"},"image":{"@id":"https:\/\/www.ucaldas.edu.co\/portal\/la-catedra-de-historia-regional-de-manizales-y-caldas-sesionara-desde-el-cementerio-san-esteban-de-manizales\/#primaryimage"},"thumbnailUrl":"https:\/\/www.ucaldas.edu.co\/portal\/wp-content\/uploads\/2022\/10\/catedra-1.jpg","datePublished":"2022-10-31T22:42:15+00:00","breadcrumb":{"@id":"https:\/\/www.ucaldas.edu.co\/portal\/la-catedra-de-historia-regional-de-manizales-y-caldas-sesionara-desde-el-cementerio-san-esteban-de-manizales\/#breadcrumb"},"inLanguage":"es","potentialAction":[{"@type":"ReadAction","target":["https:\/\/www.ucaldas.edu.co\/portal\/la-catedra-de-historia-regional-de-manizales-y-caldas-sesionara-desde-el-cementerio-san-esteban-de-manizales\/"]}]},{"@type":"ImageObject","inLanguage":"es","@id":"https:\/\/www.ucaldas.edu.co\/portal\/la-catedra-de-historia-regional-de-manizales-y-caldas-sesionara-desde-el-cementerio-san-esteban-de-manizales\/#primaryimage","url":"https:\/\/www.ucaldas.edu.co\/portal\/wp-content\/uploads\/2022\/10\/catedra-1.jpg","contentUrl":"https:\/\/www.ucaldas.edu.co\/portal\/wp-content\/uploads\/2022\/10\/catedra-1.jpg","width":700,"height":400,"caption":"Conozca la historia de los cementerios de caldas"},{"@type":"BreadcrumbList","@id":"https:\/\/www.ucaldas.edu.co\/portal\/la-catedra-de-historia-regional-de-manizales-y-caldas-sesionara-desde-el-cementerio-san-esteban-de-manizales\/#breadcrumb","itemListElement":[{"@type":"ListItem","position":1,"name":"Portada","item":"https:\/\/www.ucaldas.edu.co\/portal\/"},{"@type":"ListItem","position":2,"name":"La C\u00e1tedra de Historia Regional de Manizales y Caldas sesionar\u00e1 desde el Cementerio San Esteban de Manizales"}]},{"@type":"WebSite","@id":"https:\/\/www.ucaldas.edu.co\/portal\/#website","url":"https:\/\/www.ucaldas.edu.co\/portal\/","name":"Universidad de Caldas","description":"","publisher":{"@id":"https:\/\/www.ucaldas.edu.co\/portal\/#organization"},"alternateName":"U. de Caldas","potentialAction":[{"@type":"SearchAction","target":{"@type":"EntryPoint","urlTemplate":"https:\/\/www.ucaldas.edu.co\/portal\/?s={search_term_string}"},"query-input":{"@type":"PropertyValueSpecification","valueRequired":true,"valueName":"search_term_string"}}],"inLanguage":"es"},{"@type":"Organization","@id":"https:\/\/www.ucaldas.edu.co\/portal\/#organization","name":"Universidad de Caldas","alternateName":"U. de Caldas","url":"https:\/\/www.ucaldas.edu.co\/portal\/","logo":{"@type":"ImageObject","inLanguage":"es","@id":"https:\/\/www.ucaldas.edu.co\/portal\/#\/schema\/logo\/image\/","url":"https:\/\/www.ucaldas.edu.co\/portal\/wp-content\/uploads\/2023\/11\/Logo_horizontal_oscuroU-2023.png","contentUrl":"https:\/\/www.ucaldas.edu.co\/portal\/wp-content\/uploads\/2023\/11\/Logo_horizontal_oscuroU-2023.png","width":263,"height":101,"caption":"Universidad de Caldas"},"image":{"@id":"https:\/\/www.ucaldas.edu.co\/portal\/#\/schema\/logo\/image\/"},"sameAs":["https:\/\/www.facebook.com\/udecaldas","https:\/\/x.com\/udecaldas","https:\/\/www.youtube.com\/universidadcaldas","https:\/\/www.instagram.com\/udecaldas\/"]},{"@type":"Person","@id":"https:\/\/www.ucaldas.edu.co\/portal\/#\/schema\/person\/a1b482e23449158b4bc319926c074fdf","name":"ofiprensa","image":{"@type":"ImageObject","inLanguage":"es","@id":"https:\/\/www.ucaldas.edu.co\/portal\/wp-content\/litespeed\/avatar\/09ea5085e600095a7a811142c6944527.jpg?ver=1777497608","url":"https:\/\/www.ucaldas.edu.co\/portal\/wp-content\/litespeed\/avatar\/09ea5085e600095a7a811142c6944527.jpg?ver=1777497608","contentUrl":"https:\/\/www.ucaldas.edu.co\/portal\/wp-content\/litespeed\/avatar\/09ea5085e600095a7a811142c6944527.jpg?ver=1777497608","caption":"ofiprensa"},"url":"https:\/\/www.ucaldas.edu.co\/portal\/author\/ofiprensa\/"}]}},"_links":{"self":[{"href":"https:\/\/www.ucaldas.edu.co\/portal\/wp-json\/wp\/v2\/posts\/73370","targetHints":{"allow":["GET"]}}],"collection":[{"href":"https:\/\/www.ucaldas.edu.co\/portal\/wp-json\/wp\/v2\/posts"}],"about":[{"href":"https:\/\/www.ucaldas.edu.co\/portal\/wp-json\/wp\/v2\/types\/post"}],"author":[{"embeddable":true,"href":"https:\/\/www.ucaldas.edu.co\/portal\/wp-json\/wp\/v2\/users\/2"}],"replies":[{"embeddable":true,"href":"https:\/\/www.ucaldas.edu.co\/portal\/wp-json\/wp\/v2\/comments?post=73370"}],"version-history":[{"count":0,"href":"https:\/\/www.ucaldas.edu.co\/portal\/wp-json\/wp\/v2\/posts\/73370\/revisions"}],"wp:featuredmedia":[{"embeddable":true,"href":"https:\/\/www.ucaldas.edu.co\/portal\/wp-json\/wp\/v2\/media\/73372"}],"wp:attachment":[{"href":"https:\/\/www.ucaldas.edu.co\/portal\/wp-json\/wp\/v2\/media?parent=73370"}],"wp:term":[{"taxonomy":"category","embeddable":true,"href":"https:\/\/www.ucaldas.edu.co\/portal\/wp-json\/wp\/v2\/categories?post=73370"},{"taxonomy":"post_tag","embeddable":true,"href":"https:\/\/www.ucaldas.edu.co\/portal\/wp-json\/wp\/v2\/tags?post=73370"}],"curies":[{"name":"wp","href":"https:\/\/api.w.org\/{rel}","templated":true}]}}