{"id":73363,"date":"2022-10-31T19:53:40","date_gmt":"2022-10-31T19:53:40","guid":{"rendered":"https:\/\/www.ucaldas.edu.co\/portal\/?p=73363"},"modified":"2022-10-31T22:40:50","modified_gmt":"2022-10-31T22:40:50","slug":"fortalecimiento-de-competencias-y-conocimientos-en-profesionales-ti-de-colombia","status":"publish","type":"post","link":"https:\/\/www.ucaldas.edu.co\/portal\/fortalecimiento-de-competencias-y-conocimientos-en-profesionales-ti-de-colombia\/","title":{"rendered":"Fortalecimiento de competencias y conocimientos en profesionales TI de Colombia"},"content":{"rendered":"<p><img loading=\"lazy\" decoding=\"async\" class=\"aligncenter size-full wp-image-73364\" src=\"https:\/\/www.ucaldas.edu.co\/portal\/wp-content\/uploads\/2022\/10\/Diseno-sin-titulo-1-1.jpg\" alt=\"Becas Renata\" width=\"700\" height=\"400\" srcset=\"https:\/\/www.ucaldas.edu.co\/portal\/wp-content\/uploads\/2022\/10\/Diseno-sin-titulo-1-1.jpg 700w, https:\/\/www.ucaldas.edu.co\/portal\/wp-content\/uploads\/2022\/10\/Diseno-sin-titulo-1-1-300x171.jpg 300w\" sizes=\"auto, (max-width: 700px) 100vw, 700px\" \/><\/p>\n<p>&nbsp;<\/p>\n<p>En una iniciativa del Gobierno de Qu\u00e9bec en alianza con Fedesoft y con el apoyo de la Red Nacional Acad\u00e9mica de Tecnolog\u00eda, RENATA, fue presentado el Proyecto: \u201cFortalecimiento de competencias y conocimientos en profesionales TI de Colombia\u201d.<\/p>\n<p><!--more--><\/p>\n<p>El objetivo de este programa es el de fortalecer las competencias y conocimientos especializado en tecnolog\u00edas de la informaci\u00f3n y desarrollo de software de perfiles profesionales del sector, a trav\u00e9s de actividades de formaci\u00f3n complementarias, mediante el uso de una metodolog\u00eda inversiva tipo bootcamp. Este taller intensivo de bases de desarrollo de videojuegos Unity-UX con una duraci\u00f3n de 24 horas.<\/p>\n<p>Para este taller, el gobierno de Qu\u00e9bec, otorga 50 becas que ser\u00e1n asignadas seg\u00fan el puntaje obtenido en las pruebas de ingreso. La convocatoria est\u00e1 abierta hasta el 26 de noviembre 2022. A inicios del mes de diciembre se dar\u00e1 a conocer el listado de los beneficiarios seleccionados, quienes iniciar\u00e1n la formaci\u00f3n el 17 de enero de 2023.<\/p>\n<p>&nbsp;<\/p>\n<p>Las condiciones de participaci\u00f3n son las siguientes:<\/p>\n<p>&nbsp;<\/p>\n<p><strong>Profesional:<\/strong> personas que sean profesionales del sector TI y cuenten con un m\u00ednimo de experiencia de 3 a 5 a\u00f1os.<\/p>\n<p><strong>Edad:<\/strong> personas que se encuentren en un rango de edad de entre los 25 y 45 a\u00f1os.<\/p>\n<p><strong>Nacionalidad:<\/strong> personas que sean de nacionalidad colombiana o trabajen para compa\u00f1\u00edas colombianas. Es importante resaltar que, en su mayor\u00eda el 90% de los seleccionados deber\u00e1n ser de nacionalidad colombiana.<\/p>\n<p><strong>G\u00e9nero:<\/strong> personas que se identifique con cualquier identidad de g\u00e9nero. Se dar\u00e1 prioridad a mujeres que cumplan con todos los requisitos.<\/p>\n<p><strong>Idioma:<\/strong> se exigir\u00e1 conocimientos de B1 en ingl\u00e9s, y se les dar\u00e1 prioridad a personas que tambi\u00e9n tengan conocimientos en franc\u00e9s.<\/p>\n<p><strong>Inmersi\u00f3n en Qu\u00e9bec:<\/strong> personas que tengan inter\u00e9s por realizar un programa de inmersi\u00f3n temporal en Quebec.<\/p>\n<p>M\u00ednimos de desarrollo Software-HTML, CSS, uso de plantillas WordPress.<\/p>\n<p>&nbsp;<\/p>\n<p>Inscripciones <strong><a href=\"https:\/\/docs.google.com\/forms\/d\/e\/1FAIpQLSeQjLYibA-fTkRziAmI0wa7Go9rGAhluXOZxNEHgi26tZN0jg\/viewform\">aqu\u00ed<\/a><\/strong><\/p>\n<p><strong>\u00a0<\/strong><\/p>\n<p><strong>Informes: <\/strong>Oficina de Comunicaciones y Prensa Universidad de Caldas.<br \/>\n<strong>Redacci\u00f3n:<\/strong> Comunicaciones Renata Colombia<\/p>\n<p>&nbsp;<\/p>\n","protected":false},"excerpt":{"rendered":"<p>&nbsp; En una iniciativa del Gobierno de Qu\u00e9bec en alianza con Fedesoft y con el apoyo de la Red Nacional Acad\u00e9mica de Tecnolog\u00eda, RENATA, fue presentado el Proyecto: \u201cFortalecimiento de competencias y conocimientos en profesionales TI de Colombia\u201d.<\/p>\n","protected":false},"author":2,"featured_media":73364,"comment_status":"closed","ping_status":"open","sticky":false,"template":"","format":"standard","meta":{"footnotes":""},"categories":[48,53],"tags":[534,1846,3328,5226,9344],"class_list":["post-73363","post","type-post","status-publish","format-standard","has-post-thumbnail","hentry","category-actualidad","category-universidad-al-dia","tag-becas","tag-bootcamp","tag-renata","tag-quebec","tag-ti"],"yoast_head":"<!-- This site is optimized with the Yoast SEO plugin v27.5 - https:\/\/yoast.com\/product\/yoast-seo-wordpress\/ -->\n<title>Fortalecimiento de competencias y conocimientos en profesionales TI de Colombia .<\/title>\n<meta name=\"robots\" content=\"index, follow, max-snippet:-1, max-image-preview:large, max-video-preview:-1\" \/>\n<link rel=\"canonical\" href=\"https:\/\/www.ucaldas.edu.co\/portal\/fortalecimiento-de-competencias-y-conocimientos-en-profesionales-ti-de-colombia\/\" \/>\n<script type=\"application\/ld+json\" class=\"yoast-schema-graph\">{\"@context\":\"https:\\\/\\\/schema.org\",\"@graph\":[{\"@type\":\"Article\",\"@id\":\"https:\\\/\\\/www.ucaldas.edu.co\\\/portal\\\/fortalecimiento-de-competencias-y-conocimientos-en-profesionales-ti-de-colombia\\\/#article\",\"isPartOf\":{\"@id\":\"https:\\\/\\\/www.ucaldas.edu.co\\\/portal\\\/fortalecimiento-de-competencias-y-conocimientos-en-profesionales-ti-de-colombia\\\/\"},\"author\":{\"name\":\"ofiprensa\",\"@id\":\"https:\\\/\\\/www.ucaldas.edu.co\\\/portal\\\/#\\\/schema\\\/person\\\/a1b482e23449158b4bc319926c074fdf\"},\"headline\":\"Fortalecimiento de competencias y conocimientos en profesionales TI de Colombia\",\"datePublished\":\"2022-10-31T19:53:40+00:00\",\"dateModified\":\"2022-10-31T22:40:50+00:00\",\"mainEntityOfPage\":{\"@id\":\"https:\\\/\\\/www.ucaldas.edu.co\\\/portal\\\/fortalecimiento-de-competencias-y-conocimientos-en-profesionales-ti-de-colombia\\\/\"},\"wordCount\":346,\"publisher\":{\"@id\":\"https:\\\/\\\/www.ucaldas.edu.co\\\/portal\\\/#organization\"},\"image\":{\"@id\":\"https:\\\/\\\/www.ucaldas.edu.co\\\/portal\\\/fortalecimiento-de-competencias-y-conocimientos-en-profesionales-ti-de-colombia\\\/#primaryimage\"},\"thumbnailUrl\":\"https:\\\/\\\/www.ucaldas.edu.co\\\/portal\\\/wp-content\\\/uploads\\\/2022\\\/10\\\/Diseno-sin-titulo-1-1.jpg\",\"keywords\":[\"Becas\",\"Bootcamp\",\"renata\",\"Quebec\",\"TI\"],\"articleSection\":[\"Actualidad\",\"Universidad al D\u00eda\"],\"inLanguage\":\"es\"},{\"@type\":\"WebPage\",\"@id\":\"https:\\\/\\\/www.ucaldas.edu.co\\\/portal\\\/fortalecimiento-de-competencias-y-conocimientos-en-profesionales-ti-de-colombia\\\/\",\"url\":\"https:\\\/\\\/www.ucaldas.edu.co\\\/portal\\\/fortalecimiento-de-competencias-y-conocimientos-en-profesionales-ti-de-colombia\\\/\",\"name\":\"Fortalecimiento de competencias y conocimientos en profesionales TI de Colombia .\",\"isPartOf\":{\"@id\":\"https:\\\/\\\/www.ucaldas.edu.co\\\/portal\\\/#website\"},\"primaryImageOfPage\":{\"@id\":\"https:\\\/\\\/www.ucaldas.edu.co\\\/portal\\\/fortalecimiento-de-competencias-y-conocimientos-en-profesionales-ti-de-colombia\\\/#primaryimage\"},\"image\":{\"@id\":\"https:\\\/\\\/www.ucaldas.edu.co\\\/portal\\\/fortalecimiento-de-competencias-y-conocimientos-en-profesionales-ti-de-colombia\\\/#primaryimage\"},\"thumbnailUrl\":\"https:\\\/\\\/www.ucaldas.edu.co\\\/portal\\\/wp-content\\\/uploads\\\/2022\\\/10\\\/Diseno-sin-titulo-1-1.jpg\",\"datePublished\":\"2022-10-31T19:53:40+00:00\",\"dateModified\":\"2022-10-31T22:40:50+00:00\",\"breadcrumb\":{\"@id\":\"https:\\\/\\\/www.ucaldas.edu.co\\\/portal\\\/fortalecimiento-de-competencias-y-conocimientos-en-profesionales-ti-de-colombia\\\/#breadcrumb\"},\"inLanguage\":\"es\",\"potentialAction\":[{\"@type\":\"ReadAction\",\"target\":[\"https:\\\/\\\/www.ucaldas.edu.co\\\/portal\\\/fortalecimiento-de-competencias-y-conocimientos-en-profesionales-ti-de-colombia\\\/\"]}]},{\"@type\":\"ImageObject\",\"inLanguage\":\"es\",\"@id\":\"https:\\\/\\\/www.ucaldas.edu.co\\\/portal\\\/fortalecimiento-de-competencias-y-conocimientos-en-profesionales-ti-de-colombia\\\/#primaryimage\",\"url\":\"https:\\\/\\\/www.ucaldas.edu.co\\\/portal\\\/wp-content\\\/uploads\\\/2022\\\/10\\\/Diseno-sin-titulo-1-1.jpg\",\"contentUrl\":\"https:\\\/\\\/www.ucaldas.edu.co\\\/portal\\\/wp-content\\\/uploads\\\/2022\\\/10\\\/Diseno-sin-titulo-1-1.jpg\",\"width\":700,\"height\":400,\"caption\":\"Becas Renata\"},{\"@type\":\"BreadcrumbList\",\"@id\":\"https:\\\/\\\/www.ucaldas.edu.co\\\/portal\\\/fortalecimiento-de-competencias-y-conocimientos-en-profesionales-ti-de-colombia\\\/#breadcrumb\",\"itemListElement\":[{\"@type\":\"ListItem\",\"position\":1,\"name\":\"Portada\",\"item\":\"https:\\\/\\\/www.ucaldas.edu.co\\\/portal\\\/\"},{\"@type\":\"ListItem\",\"position\":2,\"name\":\"Fortalecimiento de competencias y conocimientos en profesionales TI de Colombia\"}]},{\"@type\":\"WebSite\",\"@id\":\"https:\\\/\\\/www.ucaldas.edu.co\\\/portal\\\/#website\",\"url\":\"https:\\\/\\\/www.ucaldas.edu.co\\\/portal\\\/\",\"name\":\"Universidad de Caldas\",\"description\":\"\",\"publisher\":{\"@id\":\"https:\\\/\\\/www.ucaldas.edu.co\\\/portal\\\/#organization\"},\"alternateName\":\"U. de Caldas\",\"potentialAction\":[{\"@type\":\"SearchAction\",\"target\":{\"@type\":\"EntryPoint\",\"urlTemplate\":\"https:\\\/\\\/www.ucaldas.edu.co\\\/portal\\\/?s={search_term_string}\"},\"query-input\":{\"@type\":\"PropertyValueSpecification\",\"valueRequired\":true,\"valueName\":\"search_term_string\"}}],\"inLanguage\":\"es\"},{\"@type\":\"Organization\",\"@id\":\"https:\\\/\\\/www.ucaldas.edu.co\\\/portal\\\/#organization\",\"name\":\"Universidad de Caldas\",\"alternateName\":\"U. de Caldas\",\"url\":\"https:\\\/\\\/www.ucaldas.edu.co\\\/portal\\\/\",\"logo\":{\"@type\":\"ImageObject\",\"inLanguage\":\"es\",\"@id\":\"https:\\\/\\\/www.ucaldas.edu.co\\\/portal\\\/#\\\/schema\\\/logo\\\/image\\\/\",\"url\":\"https:\\\/\\\/www.ucaldas.edu.co\\\/portal\\\/wp-content\\\/uploads\\\/2023\\\/11\\\/Logo_horizontal_oscuroU-2023.png\",\"contentUrl\":\"https:\\\/\\\/www.ucaldas.edu.co\\\/portal\\\/wp-content\\\/uploads\\\/2023\\\/11\\\/Logo_horizontal_oscuroU-2023.png\",\"width\":263,\"height\":101,\"caption\":\"Universidad de Caldas\"},\"image\":{\"@id\":\"https:\\\/\\\/www.ucaldas.edu.co\\\/portal\\\/#\\\/schema\\\/logo\\\/image\\\/\"},\"sameAs\":[\"https:\\\/\\\/www.facebook.com\\\/udecaldas\",\"https:\\\/\\\/x.com\\\/udecaldas\",\"https:\\\/\\\/www.youtube.com\\\/universidadcaldas\",\"https:\\\/\\\/www.instagram.com\\\/udecaldas\\\/\"]},{\"@type\":\"Person\",\"@id\":\"https:\\\/\\\/www.ucaldas.edu.co\\\/portal\\\/#\\\/schema\\\/person\\\/a1b482e23449158b4bc319926c074fdf\",\"name\":\"ofiprensa\",\"image\":{\"@type\":\"ImageObject\",\"inLanguage\":\"es\",\"@id\":\"https:\\\/\\\/www.ucaldas.edu.co\\\/portal\\\/wp-content\\\/litespeed\\\/avatar\\\/09ea5085e600095a7a811142c6944527.jpg?ver=1777497608\",\"url\":\"https:\\\/\\\/www.ucaldas.edu.co\\\/portal\\\/wp-content\\\/litespeed\\\/avatar\\\/09ea5085e600095a7a811142c6944527.jpg?ver=1777497608\",\"contentUrl\":\"https:\\\/\\\/www.ucaldas.edu.co\\\/portal\\\/wp-content\\\/litespeed\\\/avatar\\\/09ea5085e600095a7a811142c6944527.jpg?ver=1777497608\",\"caption\":\"ofiprensa\"},\"url\":\"https:\\\/\\\/www.ucaldas.edu.co\\\/portal\\\/author\\\/ofiprensa\\\/\"}]}<\/script>\n<!-- \/ Yoast SEO plugin. -->","yoast_head_json":{"title":"Fortalecimiento de competencias y conocimientos en profesionales TI de Colombia .","robots":{"index":"index","follow":"follow","max-snippet":"max-snippet:-1","max-image-preview":"max-image-preview:large","max-video-preview":"max-video-preview:-1"},"canonical":"https:\/\/www.ucaldas.edu.co\/portal\/fortalecimiento-de-competencias-y-conocimientos-en-profesionales-ti-de-colombia\/","schema":{"@context":"https:\/\/schema.org","@graph":[{"@type":"Article","@id":"https:\/\/www.ucaldas.edu.co\/portal\/fortalecimiento-de-competencias-y-conocimientos-en-profesionales-ti-de-colombia\/#article","isPartOf":{"@id":"https:\/\/www.ucaldas.edu.co\/portal\/fortalecimiento-de-competencias-y-conocimientos-en-profesionales-ti-de-colombia\/"},"author":{"name":"ofiprensa","@id":"https:\/\/www.ucaldas.edu.co\/portal\/#\/schema\/person\/a1b482e23449158b4bc319926c074fdf"},"headline":"Fortalecimiento de competencias y conocimientos en profesionales TI de Colombia","datePublished":"2022-10-31T19:53:40+00:00","dateModified":"2022-10-31T22:40:50+00:00","mainEntityOfPage":{"@id":"https:\/\/www.ucaldas.edu.co\/portal\/fortalecimiento-de-competencias-y-conocimientos-en-profesionales-ti-de-colombia\/"},"wordCount":346,"publisher":{"@id":"https:\/\/www.ucaldas.edu.co\/portal\/#organization"},"image":{"@id":"https:\/\/www.ucaldas.edu.co\/portal\/fortalecimiento-de-competencias-y-conocimientos-en-profesionales-ti-de-colombia\/#primaryimage"},"thumbnailUrl":"https:\/\/www.ucaldas.edu.co\/portal\/wp-content\/uploads\/2022\/10\/Diseno-sin-titulo-1-1.jpg","keywords":["Becas","Bootcamp","renata","Quebec","TI"],"articleSection":["Actualidad","Universidad al D\u00eda"],"inLanguage":"es"},{"@type":"WebPage","@id":"https:\/\/www.ucaldas.edu.co\/portal\/fortalecimiento-de-competencias-y-conocimientos-en-profesionales-ti-de-colombia\/","url":"https:\/\/www.ucaldas.edu.co\/portal\/fortalecimiento-de-competencias-y-conocimientos-en-profesionales-ti-de-colombia\/","name":"Fortalecimiento de competencias y conocimientos en profesionales TI de Colombia .","isPartOf":{"@id":"https:\/\/www.ucaldas.edu.co\/portal\/#website"},"primaryImageOfPage":{"@id":"https:\/\/www.ucaldas.edu.co\/portal\/fortalecimiento-de-competencias-y-conocimientos-en-profesionales-ti-de-colombia\/#primaryimage"},"image":{"@id":"https:\/\/www.ucaldas.edu.co\/portal\/fortalecimiento-de-competencias-y-conocimientos-en-profesionales-ti-de-colombia\/#primaryimage"},"thumbnailUrl":"https:\/\/www.ucaldas.edu.co\/portal\/wp-content\/uploads\/2022\/10\/Diseno-sin-titulo-1-1.jpg","datePublished":"2022-10-31T19:53:40+00:00","dateModified":"2022-10-31T22:40:50+00:00","breadcrumb":{"@id":"https:\/\/www.ucaldas.edu.co\/portal\/fortalecimiento-de-competencias-y-conocimientos-en-profesionales-ti-de-colombia\/#breadcrumb"},"inLanguage":"es","potentialAction":[{"@type":"ReadAction","target":["https:\/\/www.ucaldas.edu.co\/portal\/fortalecimiento-de-competencias-y-conocimientos-en-profesionales-ti-de-colombia\/"]}]},{"@type":"ImageObject","inLanguage":"es","@id":"https:\/\/www.ucaldas.edu.co\/portal\/fortalecimiento-de-competencias-y-conocimientos-en-profesionales-ti-de-colombia\/#primaryimage","url":"https:\/\/www.ucaldas.edu.co\/portal\/wp-content\/uploads\/2022\/10\/Diseno-sin-titulo-1-1.jpg","contentUrl":"https:\/\/www.ucaldas.edu.co\/portal\/wp-content\/uploads\/2022\/10\/Diseno-sin-titulo-1-1.jpg","width":700,"height":400,"caption":"Becas Renata"},{"@type":"BreadcrumbList","@id":"https:\/\/www.ucaldas.edu.co\/portal\/fortalecimiento-de-competencias-y-conocimientos-en-profesionales-ti-de-colombia\/#breadcrumb","itemListElement":[{"@type":"ListItem","position":1,"name":"Portada","item":"https:\/\/www.ucaldas.edu.co\/portal\/"},{"@type":"ListItem","position":2,"name":"Fortalecimiento de competencias y conocimientos en profesionales TI de Colombia"}]},{"@type":"WebSite","@id":"https:\/\/www.ucaldas.edu.co\/portal\/#website","url":"https:\/\/www.ucaldas.edu.co\/portal\/","name":"Universidad de Caldas","description":"","publisher":{"@id":"https:\/\/www.ucaldas.edu.co\/portal\/#organization"},"alternateName":"U. de Caldas","potentialAction":[{"@type":"SearchAction","target":{"@type":"EntryPoint","urlTemplate":"https:\/\/www.ucaldas.edu.co\/portal\/?s={search_term_string}"},"query-input":{"@type":"PropertyValueSpecification","valueRequired":true,"valueName":"search_term_string"}}],"inLanguage":"es"},{"@type":"Organization","@id":"https:\/\/www.ucaldas.edu.co\/portal\/#organization","name":"Universidad de Caldas","alternateName":"U. de Caldas","url":"https:\/\/www.ucaldas.edu.co\/portal\/","logo":{"@type":"ImageObject","inLanguage":"es","@id":"https:\/\/www.ucaldas.edu.co\/portal\/#\/schema\/logo\/image\/","url":"https:\/\/www.ucaldas.edu.co\/portal\/wp-content\/uploads\/2023\/11\/Logo_horizontal_oscuroU-2023.png","contentUrl":"https:\/\/www.ucaldas.edu.co\/portal\/wp-content\/uploads\/2023\/11\/Logo_horizontal_oscuroU-2023.png","width":263,"height":101,"caption":"Universidad de Caldas"},"image":{"@id":"https:\/\/www.ucaldas.edu.co\/portal\/#\/schema\/logo\/image\/"},"sameAs":["https:\/\/www.facebook.com\/udecaldas","https:\/\/x.com\/udecaldas","https:\/\/www.youtube.com\/universidadcaldas","https:\/\/www.instagram.com\/udecaldas\/"]},{"@type":"Person","@id":"https:\/\/www.ucaldas.edu.co\/portal\/#\/schema\/person\/a1b482e23449158b4bc319926c074fdf","name":"ofiprensa","image":{"@type":"ImageObject","inLanguage":"es","@id":"https:\/\/www.ucaldas.edu.co\/portal\/wp-content\/litespeed\/avatar\/09ea5085e600095a7a811142c6944527.jpg?ver=1777497608","url":"https:\/\/www.ucaldas.edu.co\/portal\/wp-content\/litespeed\/avatar\/09ea5085e600095a7a811142c6944527.jpg?ver=1777497608","contentUrl":"https:\/\/www.ucaldas.edu.co\/portal\/wp-content\/litespeed\/avatar\/09ea5085e600095a7a811142c6944527.jpg?ver=1777497608","caption":"ofiprensa"},"url":"https:\/\/www.ucaldas.edu.co\/portal\/author\/ofiprensa\/"}]}},"_links":{"self":[{"href":"https:\/\/www.ucaldas.edu.co\/portal\/wp-json\/wp\/v2\/posts\/73363","targetHints":{"allow":["GET"]}}],"collection":[{"href":"https:\/\/www.ucaldas.edu.co\/portal\/wp-json\/wp\/v2\/posts"}],"about":[{"href":"https:\/\/www.ucaldas.edu.co\/portal\/wp-json\/wp\/v2\/types\/post"}],"author":[{"embeddable":true,"href":"https:\/\/www.ucaldas.edu.co\/portal\/wp-json\/wp\/v2\/users\/2"}],"replies":[{"embeddable":true,"href":"https:\/\/www.ucaldas.edu.co\/portal\/wp-json\/wp\/v2\/comments?post=73363"}],"version-history":[{"count":0,"href":"https:\/\/www.ucaldas.edu.co\/portal\/wp-json\/wp\/v2\/posts\/73363\/revisions"}],"wp:featuredmedia":[{"embeddable":true,"href":"https:\/\/www.ucaldas.edu.co\/portal\/wp-json\/wp\/v2\/media\/73364"}],"wp:attachment":[{"href":"https:\/\/www.ucaldas.edu.co\/portal\/wp-json\/wp\/v2\/media?parent=73363"}],"wp:term":[{"taxonomy":"category","embeddable":true,"href":"https:\/\/www.ucaldas.edu.co\/portal\/wp-json\/wp\/v2\/categories?post=73363"},{"taxonomy":"post_tag","embeddable":true,"href":"https:\/\/www.ucaldas.edu.co\/portal\/wp-json\/wp\/v2\/tags?post=73363"}],"curies":[{"name":"wp","href":"https:\/\/api.w.org\/{rel}","templated":true}]}}