{"id":73317,"date":"2022-10-27T22:12:53","date_gmt":"2022-10-27T22:12:53","guid":{"rendered":"https:\/\/www.ucaldas.edu.co\/portal\/?p=73317"},"modified":"2022-10-27T22:12:53","modified_gmt":"2022-10-27T22:12:53","slug":"brigadas-de-atencion-del-consultorio-juridico-daniel-restrepo-escobar","status":"publish","type":"post","link":"https:\/\/www.ucaldas.edu.co\/portal\/brigadas-de-atencion-del-consultorio-juridico-daniel-restrepo-escobar\/","title":{"rendered":"Brigadas de atenci\u00f3n del Consultorio Jur\u00eddico Daniel Restrepo Escobar"},"content":{"rendered":"<p><img loading=\"lazy\" decoding=\"async\" class=\"aligncenter size-full wp-image-73318\" src=\"https:\/\/www.ucaldas.edu.co\/portal\/wp-content\/uploads\/2022\/10\/consultorio-juridico.jpg\" alt=\"El Consultorio Jur\u00eddico llega hasta las instituciones\" width=\"700\" height=\"400\" srcset=\"https:\/\/www.ucaldas.edu.co\/portal\/wp-content\/uploads\/2022\/10\/consultorio-juridico.jpg 700w, https:\/\/www.ucaldas.edu.co\/portal\/wp-content\/uploads\/2022\/10\/consultorio-juridico-300x171.jpg 300w\" sizes=\"auto, (max-width: 700px) 100vw, 700px\" \/><\/p>\n<p>El Consultorio Jur\u00eddico Daniel Restrepo Escobar de la Universidad de Caldas llev\u00f3 a cabo una nueva brigada de atenci\u00f3n y servicios a la comunidad en\u00a0 las instalaciones de la empresa metropolitana de aseo\u00a0 de Manizales EMAS.<\/p>\n<p><!--more--><\/p>\n<p>Estas brigadas de atenci\u00f3n se realizan en cumplimiento del objetivo de proyecci\u00f3n social del Consultorio Jur\u00eddico, buscando atender las necesidades de car\u00e1cter legal y judicial a poblaci\u00f3n vulnerable de municipios de Caldas y algunas zonas de la ciudad de Manizales.<\/p>\n<p>Seg\u00fan lo explica la directora del Consultorio Lina Clemencia Toro Osorio, durante las brigadas se realizan asesor\u00edas jur\u00eddicas y recepci\u00f3n de casos, siendo el principal objetivo llevar los servicios a la poblaci\u00f3n vulnerable que por diversos motivos no pueden acercarse a las instalaciones f\u00edsicas del Consultorio. La pr\u00f3xima brigada de atenci\u00f3n se llevar\u00e1 a cabo el 19 de noviembre con la poblaci\u00f3n de la Plaza de Mercado de Manizales.<\/p>\n<p>Las organizaciones interesadas en recibir asesor\u00edas, pueden comunicarse con el Consultorio a trav\u00e9s de los siguientes canales:<\/p>\n<ul>\n<li>Correo electr\u00f3nico: consjuridico@ucaldas.edu.co<\/li>\n<li>Tel\u00e9fono: (606) 886-2720 Ext. 21128<\/li>\n<li>Celular: 312-846-5946<\/li>\n<li><strong><a href=\"\u2022%09%20https:\/forms.gle\/4CTh9o7wLSxf66pw7\">Formulario en l\u00ednea.<\/a><\/strong><\/li>\n<\/ul>\n<p><strong>\u00a0<\/strong><\/p>\n<p><strong>Anexo:<br \/>\n<\/strong><strong><a href=\"https:\/\/go.ivoox.com\/rf\/94985608\">Audio Lina Clemencia Toro Osorio &#8211; directora Consultorio Jur\u00eddico.<\/a><br \/>\n<iframe loading=\"lazy\" src=\"https:\/\/www.ivoox.com\/player_ek_94985608_2_1.html\" width=\"238\" height=\"48\" frameborder=\"0\" scrolling=\"no\" allowfullscreen=\"allowfullscreen\"><\/iframe><\/strong><\/p>\n<p>&nbsp;<\/p>\n<p>&nbsp;<\/p>\n<p><strong>Informes: <\/strong>Oficina de Comunicaciones y Prensa Universidad de Caldas.<br \/>\n<strong>Redacci\u00f3n:<\/strong> Mateo Buritic\u00e1 Giraldo<\/p>\n<p>&nbsp;<\/p>\n<p>&nbsp;<\/p>\n","protected":false},"excerpt":{"rendered":"<p>El Consultorio Jur\u00eddico Daniel Restrepo Escobar de la Universidad de Caldas llev\u00f3 a cabo una nueva brigada de atenci\u00f3n y servicios a la comunidad en\u00a0 las instalaciones de la empresa metropolitana de aseo\u00a0 de Manizales EMAS.<\/p>\n","protected":false},"author":2,"featured_media":73318,"comment_status":"closed","ping_status":"open","sticky":false,"template":"","format":"standard","meta":{"footnotes":""},"categories":[53,617,48],"tags":[9332,9333,1523],"class_list":["post-73317","post","type-post","status-publish","format-standard","has-post-thumbnail","hentry","category-universidad-al-dia","category-ucaldas-colaborativa","category-actualidad","tag-servicios-legales","tag-brigadas-de-atencion-social","tag-consultorio-juridico"],"yoast_head":"<!-- This site is optimized with the Yoast SEO plugin v27.5 - https:\/\/yoast.com\/product\/yoast-seo-wordpress\/ -->\n<title>Brigadas de atenci\u00f3n del Consultorio Jur\u00eddico Daniel Restrepo Escobar .<\/title>\n<meta name=\"robots\" content=\"index, follow, max-snippet:-1, max-image-preview:large, max-video-preview:-1\" \/>\n<link rel=\"canonical\" href=\"https:\/\/www.ucaldas.edu.co\/portal\/brigadas-de-atencion-del-consultorio-juridico-daniel-restrepo-escobar\/\" \/>\n<script type=\"application\/ld+json\" class=\"yoast-schema-graph\">{\"@context\":\"https:\\\/\\\/schema.org\",\"@graph\":[{\"@type\":\"Article\",\"@id\":\"https:\\\/\\\/www.ucaldas.edu.co\\\/portal\\\/brigadas-de-atencion-del-consultorio-juridico-daniel-restrepo-escobar\\\/#article\",\"isPartOf\":{\"@id\":\"https:\\\/\\\/www.ucaldas.edu.co\\\/portal\\\/brigadas-de-atencion-del-consultorio-juridico-daniel-restrepo-escobar\\\/\"},\"author\":{\"name\":\"ofiprensa\",\"@id\":\"https:\\\/\\\/www.ucaldas.edu.co\\\/portal\\\/#\\\/schema\\\/person\\\/a1b482e23449158b4bc319926c074fdf\"},\"headline\":\"Brigadas de atenci\u00f3n del Consultorio Jur\u00eddico Daniel Restrepo Escobar\",\"datePublished\":\"2022-10-27T22:12:53+00:00\",\"mainEntityOfPage\":{\"@id\":\"https:\\\/\\\/www.ucaldas.edu.co\\\/portal\\\/brigadas-de-atencion-del-consultorio-juridico-daniel-restrepo-escobar\\\/\"},\"wordCount\":237,\"publisher\":{\"@id\":\"https:\\\/\\\/www.ucaldas.edu.co\\\/portal\\\/#organization\"},\"image\":{\"@id\":\"https:\\\/\\\/www.ucaldas.edu.co\\\/portal\\\/brigadas-de-atencion-del-consultorio-juridico-daniel-restrepo-escobar\\\/#primaryimage\"},\"thumbnailUrl\":\"https:\\\/\\\/www.ucaldas.edu.co\\\/portal\\\/wp-content\\\/uploads\\\/2022\\\/10\\\/consultorio-juridico.jpg\",\"keywords\":[\"servicios legales\",\"brigadas de atenci\u00f3n social\",\"Consultorio jur\u00eddico\"],\"articleSection\":[\"Universidad al D\u00eda\",\"UCaldas Colaborativa\",\"Actualidad\"],\"inLanguage\":\"es\"},{\"@type\":\"WebPage\",\"@id\":\"https:\\\/\\\/www.ucaldas.edu.co\\\/portal\\\/brigadas-de-atencion-del-consultorio-juridico-daniel-restrepo-escobar\\\/\",\"url\":\"https:\\\/\\\/www.ucaldas.edu.co\\\/portal\\\/brigadas-de-atencion-del-consultorio-juridico-daniel-restrepo-escobar\\\/\",\"name\":\"Brigadas de atenci\u00f3n del Consultorio Jur\u00eddico Daniel Restrepo Escobar .\",\"isPartOf\":{\"@id\":\"https:\\\/\\\/www.ucaldas.edu.co\\\/portal\\\/#website\"},\"primaryImageOfPage\":{\"@id\":\"https:\\\/\\\/www.ucaldas.edu.co\\\/portal\\\/brigadas-de-atencion-del-consultorio-juridico-daniel-restrepo-escobar\\\/#primaryimage\"},\"image\":{\"@id\":\"https:\\\/\\\/www.ucaldas.edu.co\\\/portal\\\/brigadas-de-atencion-del-consultorio-juridico-daniel-restrepo-escobar\\\/#primaryimage\"},\"thumbnailUrl\":\"https:\\\/\\\/www.ucaldas.edu.co\\\/portal\\\/wp-content\\\/uploads\\\/2022\\\/10\\\/consultorio-juridico.jpg\",\"datePublished\":\"2022-10-27T22:12:53+00:00\",\"breadcrumb\":{\"@id\":\"https:\\\/\\\/www.ucaldas.edu.co\\\/portal\\\/brigadas-de-atencion-del-consultorio-juridico-daniel-restrepo-escobar\\\/#breadcrumb\"},\"inLanguage\":\"es\",\"potentialAction\":[{\"@type\":\"ReadAction\",\"target\":[\"https:\\\/\\\/www.ucaldas.edu.co\\\/portal\\\/brigadas-de-atencion-del-consultorio-juridico-daniel-restrepo-escobar\\\/\"]}]},{\"@type\":\"ImageObject\",\"inLanguage\":\"es\",\"@id\":\"https:\\\/\\\/www.ucaldas.edu.co\\\/portal\\\/brigadas-de-atencion-del-consultorio-juridico-daniel-restrepo-escobar\\\/#primaryimage\",\"url\":\"https:\\\/\\\/www.ucaldas.edu.co\\\/portal\\\/wp-content\\\/uploads\\\/2022\\\/10\\\/consultorio-juridico.jpg\",\"contentUrl\":\"https:\\\/\\\/www.ucaldas.edu.co\\\/portal\\\/wp-content\\\/uploads\\\/2022\\\/10\\\/consultorio-juridico.jpg\",\"width\":700,\"height\":400,\"caption\":\"El Consultorio Jur\u00eddico llega hasta las instituciones\"},{\"@type\":\"BreadcrumbList\",\"@id\":\"https:\\\/\\\/www.ucaldas.edu.co\\\/portal\\\/brigadas-de-atencion-del-consultorio-juridico-daniel-restrepo-escobar\\\/#breadcrumb\",\"itemListElement\":[{\"@type\":\"ListItem\",\"position\":1,\"name\":\"Portada\",\"item\":\"https:\\\/\\\/www.ucaldas.edu.co\\\/portal\\\/\"},{\"@type\":\"ListItem\",\"position\":2,\"name\":\"Brigadas de atenci\u00f3n del Consultorio Jur\u00eddico Daniel Restrepo Escobar\"}]},{\"@type\":\"WebSite\",\"@id\":\"https:\\\/\\\/www.ucaldas.edu.co\\\/portal\\\/#website\",\"url\":\"https:\\\/\\\/www.ucaldas.edu.co\\\/portal\\\/\",\"name\":\"Universidad de Caldas\",\"description\":\"\",\"publisher\":{\"@id\":\"https:\\\/\\\/www.ucaldas.edu.co\\\/portal\\\/#organization\"},\"alternateName\":\"U. de Caldas\",\"potentialAction\":[{\"@type\":\"SearchAction\",\"target\":{\"@type\":\"EntryPoint\",\"urlTemplate\":\"https:\\\/\\\/www.ucaldas.edu.co\\\/portal\\\/?s={search_term_string}\"},\"query-input\":{\"@type\":\"PropertyValueSpecification\",\"valueRequired\":true,\"valueName\":\"search_term_string\"}}],\"inLanguage\":\"es\"},{\"@type\":\"Organization\",\"@id\":\"https:\\\/\\\/www.ucaldas.edu.co\\\/portal\\\/#organization\",\"name\":\"Universidad de Caldas\",\"alternateName\":\"U. de Caldas\",\"url\":\"https:\\\/\\\/www.ucaldas.edu.co\\\/portal\\\/\",\"logo\":{\"@type\":\"ImageObject\",\"inLanguage\":\"es\",\"@id\":\"https:\\\/\\\/www.ucaldas.edu.co\\\/portal\\\/#\\\/schema\\\/logo\\\/image\\\/\",\"url\":\"https:\\\/\\\/www.ucaldas.edu.co\\\/portal\\\/wp-content\\\/uploads\\\/2023\\\/11\\\/Logo_horizontal_oscuroU-2023.png\",\"contentUrl\":\"https:\\\/\\\/www.ucaldas.edu.co\\\/portal\\\/wp-content\\\/uploads\\\/2023\\\/11\\\/Logo_horizontal_oscuroU-2023.png\",\"width\":263,\"height\":101,\"caption\":\"Universidad de Caldas\"},\"image\":{\"@id\":\"https:\\\/\\\/www.ucaldas.edu.co\\\/portal\\\/#\\\/schema\\\/logo\\\/image\\\/\"},\"sameAs\":[\"https:\\\/\\\/www.facebook.com\\\/udecaldas\",\"https:\\\/\\\/x.com\\\/udecaldas\",\"https:\\\/\\\/www.youtube.com\\\/universidadcaldas\",\"https:\\\/\\\/www.instagram.com\\\/udecaldas\\\/\"]},{\"@type\":\"Person\",\"@id\":\"https:\\\/\\\/www.ucaldas.edu.co\\\/portal\\\/#\\\/schema\\\/person\\\/a1b482e23449158b4bc319926c074fdf\",\"name\":\"ofiprensa\",\"image\":{\"@type\":\"ImageObject\",\"inLanguage\":\"es\",\"@id\":\"https:\\\/\\\/www.ucaldas.edu.co\\\/portal\\\/wp-content\\\/litespeed\\\/avatar\\\/09ea5085e600095a7a811142c6944527.jpg?ver=1777497608\",\"url\":\"https:\\\/\\\/www.ucaldas.edu.co\\\/portal\\\/wp-content\\\/litespeed\\\/avatar\\\/09ea5085e600095a7a811142c6944527.jpg?ver=1777497608\",\"contentUrl\":\"https:\\\/\\\/www.ucaldas.edu.co\\\/portal\\\/wp-content\\\/litespeed\\\/avatar\\\/09ea5085e600095a7a811142c6944527.jpg?ver=1777497608\",\"caption\":\"ofiprensa\"},\"url\":\"https:\\\/\\\/www.ucaldas.edu.co\\\/portal\\\/author\\\/ofiprensa\\\/\"}]}<\/script>\n<!-- \/ Yoast SEO plugin. -->","yoast_head_json":{"title":"Brigadas de atenci\u00f3n del Consultorio Jur\u00eddico Daniel Restrepo Escobar .","robots":{"index":"index","follow":"follow","max-snippet":"max-snippet:-1","max-image-preview":"max-image-preview:large","max-video-preview":"max-video-preview:-1"},"canonical":"https:\/\/www.ucaldas.edu.co\/portal\/brigadas-de-atencion-del-consultorio-juridico-daniel-restrepo-escobar\/","schema":{"@context":"https:\/\/schema.org","@graph":[{"@type":"Article","@id":"https:\/\/www.ucaldas.edu.co\/portal\/brigadas-de-atencion-del-consultorio-juridico-daniel-restrepo-escobar\/#article","isPartOf":{"@id":"https:\/\/www.ucaldas.edu.co\/portal\/brigadas-de-atencion-del-consultorio-juridico-daniel-restrepo-escobar\/"},"author":{"name":"ofiprensa","@id":"https:\/\/www.ucaldas.edu.co\/portal\/#\/schema\/person\/a1b482e23449158b4bc319926c074fdf"},"headline":"Brigadas de atenci\u00f3n del Consultorio Jur\u00eddico Daniel Restrepo Escobar","datePublished":"2022-10-27T22:12:53+00:00","mainEntityOfPage":{"@id":"https:\/\/www.ucaldas.edu.co\/portal\/brigadas-de-atencion-del-consultorio-juridico-daniel-restrepo-escobar\/"},"wordCount":237,"publisher":{"@id":"https:\/\/www.ucaldas.edu.co\/portal\/#organization"},"image":{"@id":"https:\/\/www.ucaldas.edu.co\/portal\/brigadas-de-atencion-del-consultorio-juridico-daniel-restrepo-escobar\/#primaryimage"},"thumbnailUrl":"https:\/\/www.ucaldas.edu.co\/portal\/wp-content\/uploads\/2022\/10\/consultorio-juridico.jpg","keywords":["servicios legales","brigadas de atenci\u00f3n social","Consultorio jur\u00eddico"],"articleSection":["Universidad al D\u00eda","UCaldas Colaborativa","Actualidad"],"inLanguage":"es"},{"@type":"WebPage","@id":"https:\/\/www.ucaldas.edu.co\/portal\/brigadas-de-atencion-del-consultorio-juridico-daniel-restrepo-escobar\/","url":"https:\/\/www.ucaldas.edu.co\/portal\/brigadas-de-atencion-del-consultorio-juridico-daniel-restrepo-escobar\/","name":"Brigadas de atenci\u00f3n del Consultorio Jur\u00eddico Daniel Restrepo Escobar .","isPartOf":{"@id":"https:\/\/www.ucaldas.edu.co\/portal\/#website"},"primaryImageOfPage":{"@id":"https:\/\/www.ucaldas.edu.co\/portal\/brigadas-de-atencion-del-consultorio-juridico-daniel-restrepo-escobar\/#primaryimage"},"image":{"@id":"https:\/\/www.ucaldas.edu.co\/portal\/brigadas-de-atencion-del-consultorio-juridico-daniel-restrepo-escobar\/#primaryimage"},"thumbnailUrl":"https:\/\/www.ucaldas.edu.co\/portal\/wp-content\/uploads\/2022\/10\/consultorio-juridico.jpg","datePublished":"2022-10-27T22:12:53+00:00","breadcrumb":{"@id":"https:\/\/www.ucaldas.edu.co\/portal\/brigadas-de-atencion-del-consultorio-juridico-daniel-restrepo-escobar\/#breadcrumb"},"inLanguage":"es","potentialAction":[{"@type":"ReadAction","target":["https:\/\/www.ucaldas.edu.co\/portal\/brigadas-de-atencion-del-consultorio-juridico-daniel-restrepo-escobar\/"]}]},{"@type":"ImageObject","inLanguage":"es","@id":"https:\/\/www.ucaldas.edu.co\/portal\/brigadas-de-atencion-del-consultorio-juridico-daniel-restrepo-escobar\/#primaryimage","url":"https:\/\/www.ucaldas.edu.co\/portal\/wp-content\/uploads\/2022\/10\/consultorio-juridico.jpg","contentUrl":"https:\/\/www.ucaldas.edu.co\/portal\/wp-content\/uploads\/2022\/10\/consultorio-juridico.jpg","width":700,"height":400,"caption":"El Consultorio Jur\u00eddico llega hasta las instituciones"},{"@type":"BreadcrumbList","@id":"https:\/\/www.ucaldas.edu.co\/portal\/brigadas-de-atencion-del-consultorio-juridico-daniel-restrepo-escobar\/#breadcrumb","itemListElement":[{"@type":"ListItem","position":1,"name":"Portada","item":"https:\/\/www.ucaldas.edu.co\/portal\/"},{"@type":"ListItem","position":2,"name":"Brigadas de atenci\u00f3n del Consultorio Jur\u00eddico Daniel Restrepo Escobar"}]},{"@type":"WebSite","@id":"https:\/\/www.ucaldas.edu.co\/portal\/#website","url":"https:\/\/www.ucaldas.edu.co\/portal\/","name":"Universidad de Caldas","description":"","publisher":{"@id":"https:\/\/www.ucaldas.edu.co\/portal\/#organization"},"alternateName":"U. de Caldas","potentialAction":[{"@type":"SearchAction","target":{"@type":"EntryPoint","urlTemplate":"https:\/\/www.ucaldas.edu.co\/portal\/?s={search_term_string}"},"query-input":{"@type":"PropertyValueSpecification","valueRequired":true,"valueName":"search_term_string"}}],"inLanguage":"es"},{"@type":"Organization","@id":"https:\/\/www.ucaldas.edu.co\/portal\/#organization","name":"Universidad de Caldas","alternateName":"U. de Caldas","url":"https:\/\/www.ucaldas.edu.co\/portal\/","logo":{"@type":"ImageObject","inLanguage":"es","@id":"https:\/\/www.ucaldas.edu.co\/portal\/#\/schema\/logo\/image\/","url":"https:\/\/www.ucaldas.edu.co\/portal\/wp-content\/uploads\/2023\/11\/Logo_horizontal_oscuroU-2023.png","contentUrl":"https:\/\/www.ucaldas.edu.co\/portal\/wp-content\/uploads\/2023\/11\/Logo_horizontal_oscuroU-2023.png","width":263,"height":101,"caption":"Universidad de Caldas"},"image":{"@id":"https:\/\/www.ucaldas.edu.co\/portal\/#\/schema\/logo\/image\/"},"sameAs":["https:\/\/www.facebook.com\/udecaldas","https:\/\/x.com\/udecaldas","https:\/\/www.youtube.com\/universidadcaldas","https:\/\/www.instagram.com\/udecaldas\/"]},{"@type":"Person","@id":"https:\/\/www.ucaldas.edu.co\/portal\/#\/schema\/person\/a1b482e23449158b4bc319926c074fdf","name":"ofiprensa","image":{"@type":"ImageObject","inLanguage":"es","@id":"https:\/\/www.ucaldas.edu.co\/portal\/wp-content\/litespeed\/avatar\/09ea5085e600095a7a811142c6944527.jpg?ver=1777497608","url":"https:\/\/www.ucaldas.edu.co\/portal\/wp-content\/litespeed\/avatar\/09ea5085e600095a7a811142c6944527.jpg?ver=1777497608","contentUrl":"https:\/\/www.ucaldas.edu.co\/portal\/wp-content\/litespeed\/avatar\/09ea5085e600095a7a811142c6944527.jpg?ver=1777497608","caption":"ofiprensa"},"url":"https:\/\/www.ucaldas.edu.co\/portal\/author\/ofiprensa\/"}]}},"_links":{"self":[{"href":"https:\/\/www.ucaldas.edu.co\/portal\/wp-json\/wp\/v2\/posts\/73317","targetHints":{"allow":["GET"]}}],"collection":[{"href":"https:\/\/www.ucaldas.edu.co\/portal\/wp-json\/wp\/v2\/posts"}],"about":[{"href":"https:\/\/www.ucaldas.edu.co\/portal\/wp-json\/wp\/v2\/types\/post"}],"author":[{"embeddable":true,"href":"https:\/\/www.ucaldas.edu.co\/portal\/wp-json\/wp\/v2\/users\/2"}],"replies":[{"embeddable":true,"href":"https:\/\/www.ucaldas.edu.co\/portal\/wp-json\/wp\/v2\/comments?post=73317"}],"version-history":[{"count":0,"href":"https:\/\/www.ucaldas.edu.co\/portal\/wp-json\/wp\/v2\/posts\/73317\/revisions"}],"wp:featuredmedia":[{"embeddable":true,"href":"https:\/\/www.ucaldas.edu.co\/portal\/wp-json\/wp\/v2\/media\/73318"}],"wp:attachment":[{"href":"https:\/\/www.ucaldas.edu.co\/portal\/wp-json\/wp\/v2\/media?parent=73317"}],"wp:term":[{"taxonomy":"category","embeddable":true,"href":"https:\/\/www.ucaldas.edu.co\/portal\/wp-json\/wp\/v2\/categories?post=73317"},{"taxonomy":"post_tag","embeddable":true,"href":"https:\/\/www.ucaldas.edu.co\/portal\/wp-json\/wp\/v2\/tags?post=73317"}],"curies":[{"name":"wp","href":"https:\/\/api.w.org\/{rel}","templated":true}]}}