{"id":73299,"date":"2022-10-26T21:59:09","date_gmt":"2022-10-26T21:59:09","guid":{"rendered":"https:\/\/www.ucaldas.edu.co\/portal\/?p=73299"},"modified":"2022-10-26T22:01:45","modified_gmt":"2022-10-26T22:01:45","slug":"excavacion-y-registro-de-la-estructura-funeraria-prehispanica-ubicada-en-el-centro-de-museos","status":"publish","type":"post","link":"https:\/\/www.ucaldas.edu.co\/portal\/excavacion-y-registro-de-la-estructura-funeraria-prehispanica-ubicada-en-el-centro-de-museos\/","title":{"rendered":"Excavaci\u00f3n y registro de la estructura funeraria prehisp\u00e1nica ubicada en el centro de museos"},"content":{"rendered":"<p><img loading=\"lazy\" decoding=\"async\" class=\"aligncenter size-full wp-image-73300\" src=\"https:\/\/www.ucaldas.edu.co\/portal\/wp-content\/uploads\/2022\/10\/excavacion-museo.jpg\" alt=\"Participan estudiantes y docentes del programa de antropolog\u00eda\" width=\"700\" height=\"400\" srcset=\"https:\/\/www.ucaldas.edu.co\/portal\/wp-content\/uploads\/2022\/10\/excavacion-museo.jpg 700w, https:\/\/www.ucaldas.edu.co\/portal\/wp-content\/uploads\/2022\/10\/excavacion-museo-300x171.jpg 300w\" sizes=\"auto, (max-width: 700px) 100vw, 700px\" \/><\/p>\n<p>&nbsp;<\/p>\n<p>En el Centro de Museos de la Universidad de Caldas, un equipo de estudiantes y docentes del departamento de Antropolog\u00eda adelantan la excavaci\u00f3n y registro de la estructura funeraria prehisp\u00e1nica hallada en predios del campus Palogrande en 2010.<\/p>\n<p><!--more--><\/p>\n<p>Esta actividad se realiza gracias al convenio celebrado entre el Centro de Museos y el programa de Antropolog\u00eda, lo que permiti\u00f3 enviar una solicitud de autorizaci\u00f3n de intervenci\u00f3n arqueol\u00f3gica ante el Instituto Colombiano de Antropolog\u00eda e Historia ICANH para la intervenci\u00f3n de la mencionada estructura funeraria, la cual por tr\u00e1mites y legislaci\u00f3n del a\u00f1o de si hallazgo, no se hab\u00eda registrado formalmente.<\/p>\n<p>El antrop\u00f3logo y docente del departamento de Antropolog\u00eda de la Universidad de Caldas Leonardo Fabio Agudelo Garc\u00eda, explica que el equipo de trabajo conformado por estudiantes y docentes actualmente desarrolla el plan de arqueolog\u00eda preventiva que permitir\u00e1 obtener y analizar mayor informaci\u00f3n respecto a la estructura funeraria del Centro de Museos.<\/p>\n<p>Sumado a lo anterior, Agudelo manifiesta que el plan tambi\u00e9n est\u00e1 contemplando el movimiento de suelos, el cual est\u00e1 directamente relacionado con la construcci\u00f3n de un centro de almacenaje para todo el materia cer\u00e1mico proveniente del proyecto Pacifico Tres, del cual la instituci\u00f3n hace parte desde el \u00e1rea de arqueolog\u00eda.<\/p>\n<p>&nbsp;<\/p>\n<p><strong>Anexo:<br \/>\n<\/strong><strong><a href=\"https:\/\/go.ivoox.com\/rf\/94924397\">Audio Leonardo Fabio Agudelo Garc\u00eda \u2013 docente Universidad de Caldas.<\/a><br \/>\n<iframe loading=\"lazy\" src=\"https:\/\/www.ivoox.com\/player_ek_94924397_2_1.html\" width=\"238\" height=\"48\" frameborder=\"0\" scrolling=\"no\" allowfullscreen=\"allowfullscreen\"><\/iframe><\/strong><\/p>\n<p>&nbsp;<\/p>\n<p><strong>Informes: <\/strong>Oficina de Comunicaciones y Prensa Universidad de Caldas.<br \/>\n<strong>Redacci\u00f3n:<\/strong> Mateo Buritic\u00e1 Giraldo<\/p>\n<p>&nbsp;<\/p>\n","protected":false},"excerpt":{"rendered":"<p>&nbsp; En el Centro de Museos de la Universidad de Caldas, un equipo de estudiantes y docentes del departamento de Antropolog\u00eda adelantan la excavaci\u00f3n y registro de la estructura funeraria prehisp\u00e1nica hallada en predios del campus Palogrande en 2010.<\/p>\n","protected":false},"author":2,"featured_media":73300,"comment_status":"closed","ping_status":"open","sticky":false,"template":"","format":"standard","meta":{"footnotes":""},"categories":[48,53,664],"tags":[191,670,2109,2172,9322],"class_list":["post-73299","post","type-post","status-publish","format-standard","has-post-thumbnail","hentry","category-actualidad","category-universidad-al-dia","category-ucaldas-cultural","tag-investigacion","tag-antropologia","tag-arqueologia","tag-excavacion","tag-centro-de-museos-estructura-funeraria"],"yoast_head":"<!-- This site is optimized with the Yoast SEO plugin v27.5 - https:\/\/yoast.com\/product\/yoast-seo-wordpress\/ -->\n<title>Excavaci\u00f3n y registro de la estructura funeraria prehisp\u00e1nica ubicada en el centro de museos .<\/title>\n<meta name=\"robots\" content=\"index, follow, max-snippet:-1, max-image-preview:large, max-video-preview:-1\" \/>\n<link rel=\"canonical\" href=\"https:\/\/www.ucaldas.edu.co\/portal\/excavacion-y-registro-de-la-estructura-funeraria-prehispanica-ubicada-en-el-centro-de-museos\/\" \/>\n<script type=\"application\/ld+json\" class=\"yoast-schema-graph\">{\"@context\":\"https:\\\/\\\/schema.org\",\"@graph\":[{\"@type\":\"Article\",\"@id\":\"https:\\\/\\\/www.ucaldas.edu.co\\\/portal\\\/excavacion-y-registro-de-la-estructura-funeraria-prehispanica-ubicada-en-el-centro-de-museos\\\/#article\",\"isPartOf\":{\"@id\":\"https:\\\/\\\/www.ucaldas.edu.co\\\/portal\\\/excavacion-y-registro-de-la-estructura-funeraria-prehispanica-ubicada-en-el-centro-de-museos\\\/\"},\"author\":{\"name\":\"ofiprensa\",\"@id\":\"https:\\\/\\\/www.ucaldas.edu.co\\\/portal\\\/#\\\/schema\\\/person\\\/a1b482e23449158b4bc319926c074fdf\"},\"headline\":\"Excavaci\u00f3n y registro de la estructura funeraria prehisp\u00e1nica ubicada en el centro de museos\",\"datePublished\":\"2022-10-26T21:59:09+00:00\",\"dateModified\":\"2022-10-26T22:01:45+00:00\",\"mainEntityOfPage\":{\"@id\":\"https:\\\/\\\/www.ucaldas.edu.co\\\/portal\\\/excavacion-y-registro-de-la-estructura-funeraria-prehispanica-ubicada-en-el-centro-de-museos\\\/\"},\"wordCount\":268,\"publisher\":{\"@id\":\"https:\\\/\\\/www.ucaldas.edu.co\\\/portal\\\/#organization\"},\"image\":{\"@id\":\"https:\\\/\\\/www.ucaldas.edu.co\\\/portal\\\/excavacion-y-registro-de-la-estructura-funeraria-prehispanica-ubicada-en-el-centro-de-museos\\\/#primaryimage\"},\"thumbnailUrl\":\"https:\\\/\\\/www.ucaldas.edu.co\\\/portal\\\/wp-content\\\/uploads\\\/2022\\\/10\\\/excavacion-museo.jpg\",\"keywords\":[\"investigaci\u00f3n\",\"antropolog\u00eda\",\"Arqueolog\u00eda\",\"excavaci\u00f3n\",\"centro de museos estructura funeraria\"],\"articleSection\":[\"Actualidad\",\"Universidad al D\u00eda\",\"UCaldas Cultural\"],\"inLanguage\":\"es\"},{\"@type\":\"WebPage\",\"@id\":\"https:\\\/\\\/www.ucaldas.edu.co\\\/portal\\\/excavacion-y-registro-de-la-estructura-funeraria-prehispanica-ubicada-en-el-centro-de-museos\\\/\",\"url\":\"https:\\\/\\\/www.ucaldas.edu.co\\\/portal\\\/excavacion-y-registro-de-la-estructura-funeraria-prehispanica-ubicada-en-el-centro-de-museos\\\/\",\"name\":\"Excavaci\u00f3n y registro de la estructura funeraria prehisp\u00e1nica ubicada en el centro de museos .\",\"isPartOf\":{\"@id\":\"https:\\\/\\\/www.ucaldas.edu.co\\\/portal\\\/#website\"},\"primaryImageOfPage\":{\"@id\":\"https:\\\/\\\/www.ucaldas.edu.co\\\/portal\\\/excavacion-y-registro-de-la-estructura-funeraria-prehispanica-ubicada-en-el-centro-de-museos\\\/#primaryimage\"},\"image\":{\"@id\":\"https:\\\/\\\/www.ucaldas.edu.co\\\/portal\\\/excavacion-y-registro-de-la-estructura-funeraria-prehispanica-ubicada-en-el-centro-de-museos\\\/#primaryimage\"},\"thumbnailUrl\":\"https:\\\/\\\/www.ucaldas.edu.co\\\/portal\\\/wp-content\\\/uploads\\\/2022\\\/10\\\/excavacion-museo.jpg\",\"datePublished\":\"2022-10-26T21:59:09+00:00\",\"dateModified\":\"2022-10-26T22:01:45+00:00\",\"breadcrumb\":{\"@id\":\"https:\\\/\\\/www.ucaldas.edu.co\\\/portal\\\/excavacion-y-registro-de-la-estructura-funeraria-prehispanica-ubicada-en-el-centro-de-museos\\\/#breadcrumb\"},\"inLanguage\":\"es\",\"potentialAction\":[{\"@type\":\"ReadAction\",\"target\":[\"https:\\\/\\\/www.ucaldas.edu.co\\\/portal\\\/excavacion-y-registro-de-la-estructura-funeraria-prehispanica-ubicada-en-el-centro-de-museos\\\/\"]}]},{\"@type\":\"ImageObject\",\"inLanguage\":\"es\",\"@id\":\"https:\\\/\\\/www.ucaldas.edu.co\\\/portal\\\/excavacion-y-registro-de-la-estructura-funeraria-prehispanica-ubicada-en-el-centro-de-museos\\\/#primaryimage\",\"url\":\"https:\\\/\\\/www.ucaldas.edu.co\\\/portal\\\/wp-content\\\/uploads\\\/2022\\\/10\\\/excavacion-museo.jpg\",\"contentUrl\":\"https:\\\/\\\/www.ucaldas.edu.co\\\/portal\\\/wp-content\\\/uploads\\\/2022\\\/10\\\/excavacion-museo.jpg\",\"width\":700,\"height\":400,\"caption\":\"Participan estudiantes y docentes del programa de antropolog\u00eda\"},{\"@type\":\"BreadcrumbList\",\"@id\":\"https:\\\/\\\/www.ucaldas.edu.co\\\/portal\\\/excavacion-y-registro-de-la-estructura-funeraria-prehispanica-ubicada-en-el-centro-de-museos\\\/#breadcrumb\",\"itemListElement\":[{\"@type\":\"ListItem\",\"position\":1,\"name\":\"Portada\",\"item\":\"https:\\\/\\\/www.ucaldas.edu.co\\\/portal\\\/\"},{\"@type\":\"ListItem\",\"position\":2,\"name\":\"Excavaci\u00f3n y registro de la estructura funeraria prehisp\u00e1nica ubicada en el centro de museos\"}]},{\"@type\":\"WebSite\",\"@id\":\"https:\\\/\\\/www.ucaldas.edu.co\\\/portal\\\/#website\",\"url\":\"https:\\\/\\\/www.ucaldas.edu.co\\\/portal\\\/\",\"name\":\"Universidad de Caldas\",\"description\":\"\",\"publisher\":{\"@id\":\"https:\\\/\\\/www.ucaldas.edu.co\\\/portal\\\/#organization\"},\"alternateName\":\"U. de Caldas\",\"potentialAction\":[{\"@type\":\"SearchAction\",\"target\":{\"@type\":\"EntryPoint\",\"urlTemplate\":\"https:\\\/\\\/www.ucaldas.edu.co\\\/portal\\\/?s={search_term_string}\"},\"query-input\":{\"@type\":\"PropertyValueSpecification\",\"valueRequired\":true,\"valueName\":\"search_term_string\"}}],\"inLanguage\":\"es\"},{\"@type\":\"Organization\",\"@id\":\"https:\\\/\\\/www.ucaldas.edu.co\\\/portal\\\/#organization\",\"name\":\"Universidad de Caldas\",\"alternateName\":\"U. de Caldas\",\"url\":\"https:\\\/\\\/www.ucaldas.edu.co\\\/portal\\\/\",\"logo\":{\"@type\":\"ImageObject\",\"inLanguage\":\"es\",\"@id\":\"https:\\\/\\\/www.ucaldas.edu.co\\\/portal\\\/#\\\/schema\\\/logo\\\/image\\\/\",\"url\":\"https:\\\/\\\/www.ucaldas.edu.co\\\/portal\\\/wp-content\\\/uploads\\\/2023\\\/11\\\/Logo_horizontal_oscuroU-2023.png\",\"contentUrl\":\"https:\\\/\\\/www.ucaldas.edu.co\\\/portal\\\/wp-content\\\/uploads\\\/2023\\\/11\\\/Logo_horizontal_oscuroU-2023.png\",\"width\":263,\"height\":101,\"caption\":\"Universidad de Caldas\"},\"image\":{\"@id\":\"https:\\\/\\\/www.ucaldas.edu.co\\\/portal\\\/#\\\/schema\\\/logo\\\/image\\\/\"},\"sameAs\":[\"https:\\\/\\\/www.facebook.com\\\/udecaldas\",\"https:\\\/\\\/x.com\\\/udecaldas\",\"https:\\\/\\\/www.youtube.com\\\/universidadcaldas\",\"https:\\\/\\\/www.instagram.com\\\/udecaldas\\\/\"]},{\"@type\":\"Person\",\"@id\":\"https:\\\/\\\/www.ucaldas.edu.co\\\/portal\\\/#\\\/schema\\\/person\\\/a1b482e23449158b4bc319926c074fdf\",\"name\":\"ofiprensa\",\"image\":{\"@type\":\"ImageObject\",\"inLanguage\":\"es\",\"@id\":\"https:\\\/\\\/www.ucaldas.edu.co\\\/portal\\\/wp-content\\\/litespeed\\\/avatar\\\/09ea5085e600095a7a811142c6944527.jpg?ver=1777497608\",\"url\":\"https:\\\/\\\/www.ucaldas.edu.co\\\/portal\\\/wp-content\\\/litespeed\\\/avatar\\\/09ea5085e600095a7a811142c6944527.jpg?ver=1777497608\",\"contentUrl\":\"https:\\\/\\\/www.ucaldas.edu.co\\\/portal\\\/wp-content\\\/litespeed\\\/avatar\\\/09ea5085e600095a7a811142c6944527.jpg?ver=1777497608\",\"caption\":\"ofiprensa\"},\"url\":\"https:\\\/\\\/www.ucaldas.edu.co\\\/portal\\\/author\\\/ofiprensa\\\/\"}]}<\/script>\n<!-- \/ Yoast SEO plugin. -->","yoast_head_json":{"title":"Excavaci\u00f3n y registro de la estructura funeraria prehisp\u00e1nica ubicada en el centro de museos .","robots":{"index":"index","follow":"follow","max-snippet":"max-snippet:-1","max-image-preview":"max-image-preview:large","max-video-preview":"max-video-preview:-1"},"canonical":"https:\/\/www.ucaldas.edu.co\/portal\/excavacion-y-registro-de-la-estructura-funeraria-prehispanica-ubicada-en-el-centro-de-museos\/","schema":{"@context":"https:\/\/schema.org","@graph":[{"@type":"Article","@id":"https:\/\/www.ucaldas.edu.co\/portal\/excavacion-y-registro-de-la-estructura-funeraria-prehispanica-ubicada-en-el-centro-de-museos\/#article","isPartOf":{"@id":"https:\/\/www.ucaldas.edu.co\/portal\/excavacion-y-registro-de-la-estructura-funeraria-prehispanica-ubicada-en-el-centro-de-museos\/"},"author":{"name":"ofiprensa","@id":"https:\/\/www.ucaldas.edu.co\/portal\/#\/schema\/person\/a1b482e23449158b4bc319926c074fdf"},"headline":"Excavaci\u00f3n y registro de la estructura funeraria prehisp\u00e1nica ubicada en el centro de museos","datePublished":"2022-10-26T21:59:09+00:00","dateModified":"2022-10-26T22:01:45+00:00","mainEntityOfPage":{"@id":"https:\/\/www.ucaldas.edu.co\/portal\/excavacion-y-registro-de-la-estructura-funeraria-prehispanica-ubicada-en-el-centro-de-museos\/"},"wordCount":268,"publisher":{"@id":"https:\/\/www.ucaldas.edu.co\/portal\/#organization"},"image":{"@id":"https:\/\/www.ucaldas.edu.co\/portal\/excavacion-y-registro-de-la-estructura-funeraria-prehispanica-ubicada-en-el-centro-de-museos\/#primaryimage"},"thumbnailUrl":"https:\/\/www.ucaldas.edu.co\/portal\/wp-content\/uploads\/2022\/10\/excavacion-museo.jpg","keywords":["investigaci\u00f3n","antropolog\u00eda","Arqueolog\u00eda","excavaci\u00f3n","centro de museos estructura funeraria"],"articleSection":["Actualidad","Universidad al D\u00eda","UCaldas Cultural"],"inLanguage":"es"},{"@type":"WebPage","@id":"https:\/\/www.ucaldas.edu.co\/portal\/excavacion-y-registro-de-la-estructura-funeraria-prehispanica-ubicada-en-el-centro-de-museos\/","url":"https:\/\/www.ucaldas.edu.co\/portal\/excavacion-y-registro-de-la-estructura-funeraria-prehispanica-ubicada-en-el-centro-de-museos\/","name":"Excavaci\u00f3n y registro de la estructura funeraria prehisp\u00e1nica ubicada en el centro de museos .","isPartOf":{"@id":"https:\/\/www.ucaldas.edu.co\/portal\/#website"},"primaryImageOfPage":{"@id":"https:\/\/www.ucaldas.edu.co\/portal\/excavacion-y-registro-de-la-estructura-funeraria-prehispanica-ubicada-en-el-centro-de-museos\/#primaryimage"},"image":{"@id":"https:\/\/www.ucaldas.edu.co\/portal\/excavacion-y-registro-de-la-estructura-funeraria-prehispanica-ubicada-en-el-centro-de-museos\/#primaryimage"},"thumbnailUrl":"https:\/\/www.ucaldas.edu.co\/portal\/wp-content\/uploads\/2022\/10\/excavacion-museo.jpg","datePublished":"2022-10-26T21:59:09+00:00","dateModified":"2022-10-26T22:01:45+00:00","breadcrumb":{"@id":"https:\/\/www.ucaldas.edu.co\/portal\/excavacion-y-registro-de-la-estructura-funeraria-prehispanica-ubicada-en-el-centro-de-museos\/#breadcrumb"},"inLanguage":"es","potentialAction":[{"@type":"ReadAction","target":["https:\/\/www.ucaldas.edu.co\/portal\/excavacion-y-registro-de-la-estructura-funeraria-prehispanica-ubicada-en-el-centro-de-museos\/"]}]},{"@type":"ImageObject","inLanguage":"es","@id":"https:\/\/www.ucaldas.edu.co\/portal\/excavacion-y-registro-de-la-estructura-funeraria-prehispanica-ubicada-en-el-centro-de-museos\/#primaryimage","url":"https:\/\/www.ucaldas.edu.co\/portal\/wp-content\/uploads\/2022\/10\/excavacion-museo.jpg","contentUrl":"https:\/\/www.ucaldas.edu.co\/portal\/wp-content\/uploads\/2022\/10\/excavacion-museo.jpg","width":700,"height":400,"caption":"Participan estudiantes y docentes del programa de antropolog\u00eda"},{"@type":"BreadcrumbList","@id":"https:\/\/www.ucaldas.edu.co\/portal\/excavacion-y-registro-de-la-estructura-funeraria-prehispanica-ubicada-en-el-centro-de-museos\/#breadcrumb","itemListElement":[{"@type":"ListItem","position":1,"name":"Portada","item":"https:\/\/www.ucaldas.edu.co\/portal\/"},{"@type":"ListItem","position":2,"name":"Excavaci\u00f3n y registro de la estructura funeraria prehisp\u00e1nica ubicada en el centro de museos"}]},{"@type":"WebSite","@id":"https:\/\/www.ucaldas.edu.co\/portal\/#website","url":"https:\/\/www.ucaldas.edu.co\/portal\/","name":"Universidad de Caldas","description":"","publisher":{"@id":"https:\/\/www.ucaldas.edu.co\/portal\/#organization"},"alternateName":"U. de Caldas","potentialAction":[{"@type":"SearchAction","target":{"@type":"EntryPoint","urlTemplate":"https:\/\/www.ucaldas.edu.co\/portal\/?s={search_term_string}"},"query-input":{"@type":"PropertyValueSpecification","valueRequired":true,"valueName":"search_term_string"}}],"inLanguage":"es"},{"@type":"Organization","@id":"https:\/\/www.ucaldas.edu.co\/portal\/#organization","name":"Universidad de Caldas","alternateName":"U. de Caldas","url":"https:\/\/www.ucaldas.edu.co\/portal\/","logo":{"@type":"ImageObject","inLanguage":"es","@id":"https:\/\/www.ucaldas.edu.co\/portal\/#\/schema\/logo\/image\/","url":"https:\/\/www.ucaldas.edu.co\/portal\/wp-content\/uploads\/2023\/11\/Logo_horizontal_oscuroU-2023.png","contentUrl":"https:\/\/www.ucaldas.edu.co\/portal\/wp-content\/uploads\/2023\/11\/Logo_horizontal_oscuroU-2023.png","width":263,"height":101,"caption":"Universidad de Caldas"},"image":{"@id":"https:\/\/www.ucaldas.edu.co\/portal\/#\/schema\/logo\/image\/"},"sameAs":["https:\/\/www.facebook.com\/udecaldas","https:\/\/x.com\/udecaldas","https:\/\/www.youtube.com\/universidadcaldas","https:\/\/www.instagram.com\/udecaldas\/"]},{"@type":"Person","@id":"https:\/\/www.ucaldas.edu.co\/portal\/#\/schema\/person\/a1b482e23449158b4bc319926c074fdf","name":"ofiprensa","image":{"@type":"ImageObject","inLanguage":"es","@id":"https:\/\/www.ucaldas.edu.co\/portal\/wp-content\/litespeed\/avatar\/09ea5085e600095a7a811142c6944527.jpg?ver=1777497608","url":"https:\/\/www.ucaldas.edu.co\/portal\/wp-content\/litespeed\/avatar\/09ea5085e600095a7a811142c6944527.jpg?ver=1777497608","contentUrl":"https:\/\/www.ucaldas.edu.co\/portal\/wp-content\/litespeed\/avatar\/09ea5085e600095a7a811142c6944527.jpg?ver=1777497608","caption":"ofiprensa"},"url":"https:\/\/www.ucaldas.edu.co\/portal\/author\/ofiprensa\/"}]}},"_links":{"self":[{"href":"https:\/\/www.ucaldas.edu.co\/portal\/wp-json\/wp\/v2\/posts\/73299","targetHints":{"allow":["GET"]}}],"collection":[{"href":"https:\/\/www.ucaldas.edu.co\/portal\/wp-json\/wp\/v2\/posts"}],"about":[{"href":"https:\/\/www.ucaldas.edu.co\/portal\/wp-json\/wp\/v2\/types\/post"}],"author":[{"embeddable":true,"href":"https:\/\/www.ucaldas.edu.co\/portal\/wp-json\/wp\/v2\/users\/2"}],"replies":[{"embeddable":true,"href":"https:\/\/www.ucaldas.edu.co\/portal\/wp-json\/wp\/v2\/comments?post=73299"}],"version-history":[{"count":0,"href":"https:\/\/www.ucaldas.edu.co\/portal\/wp-json\/wp\/v2\/posts\/73299\/revisions"}],"wp:featuredmedia":[{"embeddable":true,"href":"https:\/\/www.ucaldas.edu.co\/portal\/wp-json\/wp\/v2\/media\/73300"}],"wp:attachment":[{"href":"https:\/\/www.ucaldas.edu.co\/portal\/wp-json\/wp\/v2\/media?parent=73299"}],"wp:term":[{"taxonomy":"category","embeddable":true,"href":"https:\/\/www.ucaldas.edu.co\/portal\/wp-json\/wp\/v2\/categories?post=73299"},{"taxonomy":"post_tag","embeddable":true,"href":"https:\/\/www.ucaldas.edu.co\/portal\/wp-json\/wp\/v2\/tags?post=73299"}],"curies":[{"name":"wp","href":"https:\/\/api.w.org\/{rel}","templated":true}]}}