{"id":73283,"date":"2022-10-26T21:31:41","date_gmt":"2022-10-26T21:31:41","guid":{"rendered":"https:\/\/www.ucaldas.edu.co\/portal\/?p=73283"},"modified":"2022-10-26T21:31:41","modified_gmt":"2022-10-26T21:31:41","slug":"participe-en-el-decimo-dialogo-nacional-sobre-etica-e-investigacion","status":"publish","type":"post","link":"https:\/\/www.ucaldas.edu.co\/portal\/participe-en-el-decimo-dialogo-nacional-sobre-etica-e-investigacion\/","title":{"rendered":"Participe en el d\u00e9cimo di\u00e1logo nacional sobre \u00e9tica e investigaci\u00f3n"},"content":{"rendered":"<p>&nbsp;<\/p>\n<p><img loading=\"lazy\" decoding=\"async\" class=\"aligncenter size-full wp-image-73284\" src=\"https:\/\/www.ucaldas.edu.co\/portal\/wp-content\/uploads\/2022\/10\/Diseno-sin-titulo-9.jpg\" alt=\"el evento ser\u00e1 transmitido v\u00eda streaming\" width=\"700\" height=\"400\" srcset=\"https:\/\/www.ucaldas.edu.co\/portal\/wp-content\/uploads\/2022\/10\/Diseno-sin-titulo-9.jpg 700w, https:\/\/www.ucaldas.edu.co\/portal\/wp-content\/uploads\/2022\/10\/Diseno-sin-titulo-9-300x171.jpg 300w\" sizes=\"auto, (max-width: 700px) 100vw, 700px\" \/><\/p>\n<p>Con el objetivo de Incrementar la sinergia colaborativa entre los diversos actores participantes del Sistema nacional de ciencia, tecnolog\u00eda e innovaci\u00f3n-SNCTeI, los avances en el dise\u00f1o y en la implementaci\u00f3n de lineamientos en \u00e9tica de la investigaci\u00f3n, bio\u00e9tica e integridad cient\u00edfica, para la consolidaci\u00f3n de una sociedad del conocimiento con equidad, justicia y verdad, el Ministerio de Ciencia, tecnolog\u00eda e Innovaci\u00f3n realizar\u00e1 este jueves 27 y viernes 27 de octubre el d\u00e9cimo \u00a0di\u00e1logo Nacional sobre \u00e9tica e Innovaci\u00f3n.<\/p>\n<p><!--more--><\/p>\n<p>La actividad est\u00e1 dirigida a Investigadores, acad\u00e9micos, empresarios, servidores p\u00fablicos, entes del orden nacional y territorial, y organizaciones de la sociedad civil, de instituciones p\u00fablicas o privadas y comunidad en general que dise\u00f1a, ejecuta o tiene relaci\u00f3n con actividades de ciencia, tecnolog\u00eda e innovaci\u00f3n.<\/p>\n<p>El Di\u00e1logo nacional sobre \u00c9tica de la investigaci\u00f3n contar\u00e1 con diversas mesas de trabajo, as\u00ed:<\/p>\n<p><strong>Mesa 1.<\/strong> Hacia un c\u00f3digo de Integridad Cient\u00edfica<\/p>\n<p><strong>Mesa 2.<\/strong> Alcance y reglamentaci\u00f3n de los Comit\u00e9s de \u00c9tica de la investigaci\u00f3n-CEI.<\/p>\n<p><strong>Mesa 3<\/strong>. Experiencias en la implementaci\u00f3n de lineamientos sobre \u00c9tica de la Investigaci\u00f3n, Bio\u00e9tica e Integridad Cient\u00edfica \u2013 muestra de casos (Benchmarking)<\/p>\n<p>&nbsp;<\/p>\n<p>Los interesados en participar podr\u00e1n conectarse v\u00eda streaming a trav\u00e9s del portal institucional de Minciencias <strong><a href=\"http:\/\/www.minciencias.gov.co\/\">http:\/\/www.minciencias.gov.co\/<\/a><\/strong><\/p>\n<p><strong>\u00a0<\/strong><\/p>\n<p><strong>Anexos:<br \/>\n<\/strong><strong><a href=\"https:\/\/www.minciencias.gov.co\/sites\/default\/files\/upload\/paginas\/presentacion-agenda_final_1.pdf\">Agenda del evento<\/a><br \/>\n<\/strong><strong><a href=\"https:\/\/www.youtube.com\/watch?v=dCns15AdKrg\">Video promocional del evento<\/a><br \/>\n<iframe loading=\"lazy\" title=\"YouTube video player\" src=\"\/\/www.youtube.com\/embed\/dCns15AdKrg\" width=\"260\" height=\"115\" frameborder=\"0\" allowfullscreen=\"allowfullscreen\"><\/iframe><\/strong><\/p>\n<p>&nbsp;<\/p>\n<p><strong>Informes: <\/strong>Oficina de Comunicaciones y Prensa Universidad de Caldas.<br \/>\n<strong>Redacci\u00f3n:<\/strong> Adriana Salazar Villegas<\/p>\n<p>&nbsp;<\/p>\n","protected":false},"excerpt":{"rendered":"<p>&nbsp; Con el objetivo de Incrementar la sinergia colaborativa entre los diversos actores participantes del Sistema nacional de ciencia, tecnolog\u00eda e innovaci\u00f3n-SNCTeI, los avances en el dise\u00f1o y en la implementaci\u00f3n de lineamientos en \u00e9tica de la investigaci\u00f3n, bio\u00e9tica e integridad cient\u00edfica, para la consolidaci\u00f3n de una sociedad del conocimiento con equidad, justicia y verdad, [&hellip;]<\/p>\n","protected":false},"author":2,"featured_media":73284,"comment_status":"closed","ping_status":"open","sticky":false,"template":"","format":"standard","meta":{"footnotes":""},"categories":[48,53,62],"tags":[191,551,578,3215,4543,9317],"class_list":["post-73283","post","type-post","status-publish","format-standard","has-post-thumbnail","hentry","category-actualidad","category-universidad-al-dia","category-eventos","tag-investigacion","tag-etica","tag-comites-de-etica","tag-cti","tag-minciencias","tag-codigo-de-integridad-cientifica"],"yoast_head":"<!-- This site is optimized with the Yoast SEO plugin v27.5 - https:\/\/yoast.com\/product\/yoast-seo-wordpress\/ -->\n<title>Participe en el d\u00e9cimo di\u00e1logo nacional sobre \u00e9tica e investigaci\u00f3n .<\/title>\n<meta name=\"robots\" content=\"index, follow, max-snippet:-1, max-image-preview:large, max-video-preview:-1\" \/>\n<link rel=\"canonical\" href=\"https:\/\/www.ucaldas.edu.co\/portal\/participe-en-el-decimo-dialogo-nacional-sobre-etica-e-investigacion\/\" \/>\n<script type=\"application\/ld+json\" class=\"yoast-schema-graph\">{\"@context\":\"https:\\\/\\\/schema.org\",\"@graph\":[{\"@type\":\"Article\",\"@id\":\"https:\\\/\\\/www.ucaldas.edu.co\\\/portal\\\/participe-en-el-decimo-dialogo-nacional-sobre-etica-e-investigacion\\\/#article\",\"isPartOf\":{\"@id\":\"https:\\\/\\\/www.ucaldas.edu.co\\\/portal\\\/participe-en-el-decimo-dialogo-nacional-sobre-etica-e-investigacion\\\/\"},\"author\":{\"name\":\"ofiprensa\",\"@id\":\"https:\\\/\\\/www.ucaldas.edu.co\\\/portal\\\/#\\\/schema\\\/person\\\/a1b482e23449158b4bc319926c074fdf\"},\"headline\":\"Participe en el d\u00e9cimo di\u00e1logo nacional sobre \u00e9tica e investigaci\u00f3n\",\"datePublished\":\"2022-10-26T21:31:41+00:00\",\"mainEntityOfPage\":{\"@id\":\"https:\\\/\\\/www.ucaldas.edu.co\\\/portal\\\/participe-en-el-decimo-dialogo-nacional-sobre-etica-e-investigacion\\\/\"},\"wordCount\":267,\"publisher\":{\"@id\":\"https:\\\/\\\/www.ucaldas.edu.co\\\/portal\\\/#organization\"},\"image\":{\"@id\":\"https:\\\/\\\/www.ucaldas.edu.co\\\/portal\\\/participe-en-el-decimo-dialogo-nacional-sobre-etica-e-investigacion\\\/#primaryimage\"},\"thumbnailUrl\":\"https:\\\/\\\/www.ucaldas.edu.co\\\/portal\\\/wp-content\\\/uploads\\\/2022\\\/10\\\/Diseno-sin-titulo-9.jpg\",\"keywords\":[\"investigaci\u00f3n\",\"\u00e9tica\",\"comit\u00e9s de \u00e9tica\",\"CTI\",\"Minciencias\",\"c\u00f3digo de integridad cient\u00edfica\"],\"articleSection\":[\"Actualidad\",\"Universidad al D\u00eda\",\"Eventos\"],\"inLanguage\":\"es\"},{\"@type\":\"WebPage\",\"@id\":\"https:\\\/\\\/www.ucaldas.edu.co\\\/portal\\\/participe-en-el-decimo-dialogo-nacional-sobre-etica-e-investigacion\\\/\",\"url\":\"https:\\\/\\\/www.ucaldas.edu.co\\\/portal\\\/participe-en-el-decimo-dialogo-nacional-sobre-etica-e-investigacion\\\/\",\"name\":\"Participe en el d\u00e9cimo di\u00e1logo nacional sobre \u00e9tica e investigaci\u00f3n .\",\"isPartOf\":{\"@id\":\"https:\\\/\\\/www.ucaldas.edu.co\\\/portal\\\/#website\"},\"primaryImageOfPage\":{\"@id\":\"https:\\\/\\\/www.ucaldas.edu.co\\\/portal\\\/participe-en-el-decimo-dialogo-nacional-sobre-etica-e-investigacion\\\/#primaryimage\"},\"image\":{\"@id\":\"https:\\\/\\\/www.ucaldas.edu.co\\\/portal\\\/participe-en-el-decimo-dialogo-nacional-sobre-etica-e-investigacion\\\/#primaryimage\"},\"thumbnailUrl\":\"https:\\\/\\\/www.ucaldas.edu.co\\\/portal\\\/wp-content\\\/uploads\\\/2022\\\/10\\\/Diseno-sin-titulo-9.jpg\",\"datePublished\":\"2022-10-26T21:31:41+00:00\",\"breadcrumb\":{\"@id\":\"https:\\\/\\\/www.ucaldas.edu.co\\\/portal\\\/participe-en-el-decimo-dialogo-nacional-sobre-etica-e-investigacion\\\/#breadcrumb\"},\"inLanguage\":\"es\",\"potentialAction\":[{\"@type\":\"ReadAction\",\"target\":[\"https:\\\/\\\/www.ucaldas.edu.co\\\/portal\\\/participe-en-el-decimo-dialogo-nacional-sobre-etica-e-investigacion\\\/\"]}]},{\"@type\":\"ImageObject\",\"inLanguage\":\"es\",\"@id\":\"https:\\\/\\\/www.ucaldas.edu.co\\\/portal\\\/participe-en-el-decimo-dialogo-nacional-sobre-etica-e-investigacion\\\/#primaryimage\",\"url\":\"https:\\\/\\\/www.ucaldas.edu.co\\\/portal\\\/wp-content\\\/uploads\\\/2022\\\/10\\\/Diseno-sin-titulo-9.jpg\",\"contentUrl\":\"https:\\\/\\\/www.ucaldas.edu.co\\\/portal\\\/wp-content\\\/uploads\\\/2022\\\/10\\\/Diseno-sin-titulo-9.jpg\",\"width\":700,\"height\":400,\"caption\":\"el evento ser\u00e1 transmitido v\u00eda streaming\"},{\"@type\":\"BreadcrumbList\",\"@id\":\"https:\\\/\\\/www.ucaldas.edu.co\\\/portal\\\/participe-en-el-decimo-dialogo-nacional-sobre-etica-e-investigacion\\\/#breadcrumb\",\"itemListElement\":[{\"@type\":\"ListItem\",\"position\":1,\"name\":\"Portada\",\"item\":\"https:\\\/\\\/www.ucaldas.edu.co\\\/portal\\\/\"},{\"@type\":\"ListItem\",\"position\":2,\"name\":\"Participe en el d\u00e9cimo di\u00e1logo nacional sobre \u00e9tica e investigaci\u00f3n\"}]},{\"@type\":\"WebSite\",\"@id\":\"https:\\\/\\\/www.ucaldas.edu.co\\\/portal\\\/#website\",\"url\":\"https:\\\/\\\/www.ucaldas.edu.co\\\/portal\\\/\",\"name\":\"Universidad de Caldas\",\"description\":\"\",\"publisher\":{\"@id\":\"https:\\\/\\\/www.ucaldas.edu.co\\\/portal\\\/#organization\"},\"alternateName\":\"U. de Caldas\",\"potentialAction\":[{\"@type\":\"SearchAction\",\"target\":{\"@type\":\"EntryPoint\",\"urlTemplate\":\"https:\\\/\\\/www.ucaldas.edu.co\\\/portal\\\/?s={search_term_string}\"},\"query-input\":{\"@type\":\"PropertyValueSpecification\",\"valueRequired\":true,\"valueName\":\"search_term_string\"}}],\"inLanguage\":\"es\"},{\"@type\":\"Organization\",\"@id\":\"https:\\\/\\\/www.ucaldas.edu.co\\\/portal\\\/#organization\",\"name\":\"Universidad de Caldas\",\"alternateName\":\"U. de Caldas\",\"url\":\"https:\\\/\\\/www.ucaldas.edu.co\\\/portal\\\/\",\"logo\":{\"@type\":\"ImageObject\",\"inLanguage\":\"es\",\"@id\":\"https:\\\/\\\/www.ucaldas.edu.co\\\/portal\\\/#\\\/schema\\\/logo\\\/image\\\/\",\"url\":\"https:\\\/\\\/www.ucaldas.edu.co\\\/portal\\\/wp-content\\\/uploads\\\/2023\\\/11\\\/Logo_horizontal_oscuroU-2023.png\",\"contentUrl\":\"https:\\\/\\\/www.ucaldas.edu.co\\\/portal\\\/wp-content\\\/uploads\\\/2023\\\/11\\\/Logo_horizontal_oscuroU-2023.png\",\"width\":263,\"height\":101,\"caption\":\"Universidad de Caldas\"},\"image\":{\"@id\":\"https:\\\/\\\/www.ucaldas.edu.co\\\/portal\\\/#\\\/schema\\\/logo\\\/image\\\/\"},\"sameAs\":[\"https:\\\/\\\/www.facebook.com\\\/udecaldas\",\"https:\\\/\\\/x.com\\\/udecaldas\",\"https:\\\/\\\/www.youtube.com\\\/universidadcaldas\",\"https:\\\/\\\/www.instagram.com\\\/udecaldas\\\/\"]},{\"@type\":\"Person\",\"@id\":\"https:\\\/\\\/www.ucaldas.edu.co\\\/portal\\\/#\\\/schema\\\/person\\\/a1b482e23449158b4bc319926c074fdf\",\"name\":\"ofiprensa\",\"image\":{\"@type\":\"ImageObject\",\"inLanguage\":\"es\",\"@id\":\"https:\\\/\\\/www.ucaldas.edu.co\\\/portal\\\/wp-content\\\/litespeed\\\/avatar\\\/09ea5085e600095a7a811142c6944527.jpg?ver=1777497608\",\"url\":\"https:\\\/\\\/www.ucaldas.edu.co\\\/portal\\\/wp-content\\\/litespeed\\\/avatar\\\/09ea5085e600095a7a811142c6944527.jpg?ver=1777497608\",\"contentUrl\":\"https:\\\/\\\/www.ucaldas.edu.co\\\/portal\\\/wp-content\\\/litespeed\\\/avatar\\\/09ea5085e600095a7a811142c6944527.jpg?ver=1777497608\",\"caption\":\"ofiprensa\"},\"url\":\"https:\\\/\\\/www.ucaldas.edu.co\\\/portal\\\/author\\\/ofiprensa\\\/\"}]}<\/script>\n<!-- \/ Yoast SEO plugin. -->","yoast_head_json":{"title":"Participe en el d\u00e9cimo di\u00e1logo nacional sobre \u00e9tica e investigaci\u00f3n .","robots":{"index":"index","follow":"follow","max-snippet":"max-snippet:-1","max-image-preview":"max-image-preview:large","max-video-preview":"max-video-preview:-1"},"canonical":"https:\/\/www.ucaldas.edu.co\/portal\/participe-en-el-decimo-dialogo-nacional-sobre-etica-e-investigacion\/","schema":{"@context":"https:\/\/schema.org","@graph":[{"@type":"Article","@id":"https:\/\/www.ucaldas.edu.co\/portal\/participe-en-el-decimo-dialogo-nacional-sobre-etica-e-investigacion\/#article","isPartOf":{"@id":"https:\/\/www.ucaldas.edu.co\/portal\/participe-en-el-decimo-dialogo-nacional-sobre-etica-e-investigacion\/"},"author":{"name":"ofiprensa","@id":"https:\/\/www.ucaldas.edu.co\/portal\/#\/schema\/person\/a1b482e23449158b4bc319926c074fdf"},"headline":"Participe en el d\u00e9cimo di\u00e1logo nacional sobre \u00e9tica e investigaci\u00f3n","datePublished":"2022-10-26T21:31:41+00:00","mainEntityOfPage":{"@id":"https:\/\/www.ucaldas.edu.co\/portal\/participe-en-el-decimo-dialogo-nacional-sobre-etica-e-investigacion\/"},"wordCount":267,"publisher":{"@id":"https:\/\/www.ucaldas.edu.co\/portal\/#organization"},"image":{"@id":"https:\/\/www.ucaldas.edu.co\/portal\/participe-en-el-decimo-dialogo-nacional-sobre-etica-e-investigacion\/#primaryimage"},"thumbnailUrl":"https:\/\/www.ucaldas.edu.co\/portal\/wp-content\/uploads\/2022\/10\/Diseno-sin-titulo-9.jpg","keywords":["investigaci\u00f3n","\u00e9tica","comit\u00e9s de \u00e9tica","CTI","Minciencias","c\u00f3digo de integridad cient\u00edfica"],"articleSection":["Actualidad","Universidad al D\u00eda","Eventos"],"inLanguage":"es"},{"@type":"WebPage","@id":"https:\/\/www.ucaldas.edu.co\/portal\/participe-en-el-decimo-dialogo-nacional-sobre-etica-e-investigacion\/","url":"https:\/\/www.ucaldas.edu.co\/portal\/participe-en-el-decimo-dialogo-nacional-sobre-etica-e-investigacion\/","name":"Participe en el d\u00e9cimo di\u00e1logo nacional sobre \u00e9tica e investigaci\u00f3n .","isPartOf":{"@id":"https:\/\/www.ucaldas.edu.co\/portal\/#website"},"primaryImageOfPage":{"@id":"https:\/\/www.ucaldas.edu.co\/portal\/participe-en-el-decimo-dialogo-nacional-sobre-etica-e-investigacion\/#primaryimage"},"image":{"@id":"https:\/\/www.ucaldas.edu.co\/portal\/participe-en-el-decimo-dialogo-nacional-sobre-etica-e-investigacion\/#primaryimage"},"thumbnailUrl":"https:\/\/www.ucaldas.edu.co\/portal\/wp-content\/uploads\/2022\/10\/Diseno-sin-titulo-9.jpg","datePublished":"2022-10-26T21:31:41+00:00","breadcrumb":{"@id":"https:\/\/www.ucaldas.edu.co\/portal\/participe-en-el-decimo-dialogo-nacional-sobre-etica-e-investigacion\/#breadcrumb"},"inLanguage":"es","potentialAction":[{"@type":"ReadAction","target":["https:\/\/www.ucaldas.edu.co\/portal\/participe-en-el-decimo-dialogo-nacional-sobre-etica-e-investigacion\/"]}]},{"@type":"ImageObject","inLanguage":"es","@id":"https:\/\/www.ucaldas.edu.co\/portal\/participe-en-el-decimo-dialogo-nacional-sobre-etica-e-investigacion\/#primaryimage","url":"https:\/\/www.ucaldas.edu.co\/portal\/wp-content\/uploads\/2022\/10\/Diseno-sin-titulo-9.jpg","contentUrl":"https:\/\/www.ucaldas.edu.co\/portal\/wp-content\/uploads\/2022\/10\/Diseno-sin-titulo-9.jpg","width":700,"height":400,"caption":"el evento ser\u00e1 transmitido v\u00eda streaming"},{"@type":"BreadcrumbList","@id":"https:\/\/www.ucaldas.edu.co\/portal\/participe-en-el-decimo-dialogo-nacional-sobre-etica-e-investigacion\/#breadcrumb","itemListElement":[{"@type":"ListItem","position":1,"name":"Portada","item":"https:\/\/www.ucaldas.edu.co\/portal\/"},{"@type":"ListItem","position":2,"name":"Participe en el d\u00e9cimo di\u00e1logo nacional sobre \u00e9tica e investigaci\u00f3n"}]},{"@type":"WebSite","@id":"https:\/\/www.ucaldas.edu.co\/portal\/#website","url":"https:\/\/www.ucaldas.edu.co\/portal\/","name":"Universidad de Caldas","description":"","publisher":{"@id":"https:\/\/www.ucaldas.edu.co\/portal\/#organization"},"alternateName":"U. de Caldas","potentialAction":[{"@type":"SearchAction","target":{"@type":"EntryPoint","urlTemplate":"https:\/\/www.ucaldas.edu.co\/portal\/?s={search_term_string}"},"query-input":{"@type":"PropertyValueSpecification","valueRequired":true,"valueName":"search_term_string"}}],"inLanguage":"es"},{"@type":"Organization","@id":"https:\/\/www.ucaldas.edu.co\/portal\/#organization","name":"Universidad de Caldas","alternateName":"U. de Caldas","url":"https:\/\/www.ucaldas.edu.co\/portal\/","logo":{"@type":"ImageObject","inLanguage":"es","@id":"https:\/\/www.ucaldas.edu.co\/portal\/#\/schema\/logo\/image\/","url":"https:\/\/www.ucaldas.edu.co\/portal\/wp-content\/uploads\/2023\/11\/Logo_horizontal_oscuroU-2023.png","contentUrl":"https:\/\/www.ucaldas.edu.co\/portal\/wp-content\/uploads\/2023\/11\/Logo_horizontal_oscuroU-2023.png","width":263,"height":101,"caption":"Universidad de Caldas"},"image":{"@id":"https:\/\/www.ucaldas.edu.co\/portal\/#\/schema\/logo\/image\/"},"sameAs":["https:\/\/www.facebook.com\/udecaldas","https:\/\/x.com\/udecaldas","https:\/\/www.youtube.com\/universidadcaldas","https:\/\/www.instagram.com\/udecaldas\/"]},{"@type":"Person","@id":"https:\/\/www.ucaldas.edu.co\/portal\/#\/schema\/person\/a1b482e23449158b4bc319926c074fdf","name":"ofiprensa","image":{"@type":"ImageObject","inLanguage":"es","@id":"https:\/\/www.ucaldas.edu.co\/portal\/wp-content\/litespeed\/avatar\/09ea5085e600095a7a811142c6944527.jpg?ver=1777497608","url":"https:\/\/www.ucaldas.edu.co\/portal\/wp-content\/litespeed\/avatar\/09ea5085e600095a7a811142c6944527.jpg?ver=1777497608","contentUrl":"https:\/\/www.ucaldas.edu.co\/portal\/wp-content\/litespeed\/avatar\/09ea5085e600095a7a811142c6944527.jpg?ver=1777497608","caption":"ofiprensa"},"url":"https:\/\/www.ucaldas.edu.co\/portal\/author\/ofiprensa\/"}]}},"_links":{"self":[{"href":"https:\/\/www.ucaldas.edu.co\/portal\/wp-json\/wp\/v2\/posts\/73283","targetHints":{"allow":["GET"]}}],"collection":[{"href":"https:\/\/www.ucaldas.edu.co\/portal\/wp-json\/wp\/v2\/posts"}],"about":[{"href":"https:\/\/www.ucaldas.edu.co\/portal\/wp-json\/wp\/v2\/types\/post"}],"author":[{"embeddable":true,"href":"https:\/\/www.ucaldas.edu.co\/portal\/wp-json\/wp\/v2\/users\/2"}],"replies":[{"embeddable":true,"href":"https:\/\/www.ucaldas.edu.co\/portal\/wp-json\/wp\/v2\/comments?post=73283"}],"version-history":[{"count":0,"href":"https:\/\/www.ucaldas.edu.co\/portal\/wp-json\/wp\/v2\/posts\/73283\/revisions"}],"wp:featuredmedia":[{"embeddable":true,"href":"https:\/\/www.ucaldas.edu.co\/portal\/wp-json\/wp\/v2\/media\/73284"}],"wp:attachment":[{"href":"https:\/\/www.ucaldas.edu.co\/portal\/wp-json\/wp\/v2\/media?parent=73283"}],"wp:term":[{"taxonomy":"category","embeddable":true,"href":"https:\/\/www.ucaldas.edu.co\/portal\/wp-json\/wp\/v2\/categories?post=73283"},{"taxonomy":"post_tag","embeddable":true,"href":"https:\/\/www.ucaldas.edu.co\/portal\/wp-json\/wp\/v2\/tags?post=73283"}],"curies":[{"name":"wp","href":"https:\/\/api.w.org\/{rel}","templated":true}]}}