{"id":73257,"date":"2022-10-25T20:51:59","date_gmt":"2022-10-25T20:51:59","guid":{"rendered":"https:\/\/www.ucaldas.edu.co\/portal\/?p=73257"},"modified":"2022-10-25T20:51:59","modified_gmt":"2022-10-25T20:51:59","slug":"ultima-sesion-del-ciclo-de-charlas-aprendiendo-de-las-aves","status":"publish","type":"post","link":"https:\/\/www.ucaldas.edu.co\/portal\/ultima-sesion-del-ciclo-de-charlas-aprendiendo-de-las-aves\/","title":{"rendered":"\u00daltima sesi\u00f3n del ciclo de charlas \u201cAprendiendo de las aves\u201d"},"content":{"rendered":"<p><img loading=\"lazy\" decoding=\"async\" class=\"aligncenter size-full wp-image-73258\" src=\"https:\/\/www.ucaldas.edu.co\/portal\/wp-content\/uploads\/2022\/10\/charla-aves.jpg\" alt=\"Actividad previa al congreso de avisturismo\" width=\"700\" height=\"400\" srcset=\"https:\/\/www.ucaldas.edu.co\/portal\/wp-content\/uploads\/2022\/10\/charla-aves.jpg 700w, https:\/\/www.ucaldas.edu.co\/portal\/wp-content\/uploads\/2022\/10\/charla-aves-300x171.jpg 300w\" sizes=\"auto, (max-width: 700px) 100vw, 700px\" \/><\/p>\n<p>&nbsp;<\/p>\n<p>El mi\u00e9rcoles 26 de octubre se presentar\u00e1 la \u00faltima sesi\u00f3n del ciclo de charlas \u201cAprendiendo de las aves\u201d, un espacio que nace como pre\u00e1mbulo a la exposici\u00f3n \u201cAves en el Arte\u201d que se llevar\u00e1 a cabo durante el d\u00e9cimo Congreso de Aviturismo, que se llevar\u00e1 a cabo durante el mes de noviembre en Manizales.<\/p>\n<p><!--more--><\/p>\n<p>Para esta sesi\u00f3n, el Grupo de Estudio de las Aves GEA presentar\u00e1 a los asistentes el tema \u201cHuevos y nidos\u201d, donde expondr\u00e1n las principales caracter\u00edsticas de estos aspectos en las diferentes especies de aves como el proceso de incubaci\u00f3n, la regulaci\u00f3n de desarrollo de los espec\u00edmenes, protecci\u00f3n del huevo, entre otros.<\/p>\n<p>La exposici\u00f3n \u201cAves en el Arte\u201d se inaugurar\u00e1 el pr\u00f3ximo 1 de noviembre en el Recinto del Pensamiento de Manizales, con el cual se buscar\u00e1 resaltar la relaci\u00f3n que existe entre el arte y las ciencias en torno a las aves en el departamento, promoviendo la est\u00e9tica de las obras con la importancia del estudio y la preservaci\u00f3n de las especies.<\/p>\n<p>Por otra parte, el d\u00e9cimo Congreso de Aviturismo iniciar\u00e1 el 10 de noviembre y conmemorar\u00e1 c\u00f3mo a trav\u00e9s de los a\u00f1os este espacio de observaci\u00f3n de aves trascendi\u00f3 a ser una organizaci\u00f3n dedicada a la conservaci\u00f3n del medio ambiente, al conocimiento de la biodiversidad del territorio, y al acercamiento de las comunidades hacia las aves.<\/p>\n<p>La \u00faltima sesi\u00f3n del ciclo de charlas \u201cAprendiendo de las aves\u201d, tendr\u00e1 lugar en el Centro de Museos de la Universidad de Caldas a las 3:00 p.m. es necesario realizar previa inscripciones.<\/p>\n<p>&nbsp;<\/p>\n<p><strong><a href=\"https:\/\/forms.gle\/1GpAxKa4JmzzrDHcA\">Formulario aqu\u00ed.<\/a><\/strong><\/p>\n<p>&nbsp;<\/p>\n<p>Organizan: Vicerrector\u00eda de Proyecci\u00f3n Universitaria de la Universidad de Caldas, Centro Cultural Universitario Rogelio Salmona, Centro de Ciencia Francisco Jos\u00e9 de Caldas, Centro Museos Universidad de Caldas, Grupo GEA y Cotelco Caldas.<\/p>\n<p>&nbsp;<\/p>\n<p><strong>Informes: <\/strong>Oficina de Comunicaciones y Prensa Universidad de Caldas.<br \/>\n<strong>Redacci\u00f3n:<\/strong> Mateo Buritic\u00e1 Giraldo<\/p>\n<p>&nbsp;<\/p>\n","protected":false},"excerpt":{"rendered":"<p>&nbsp; El mi\u00e9rcoles 26 de octubre se presentar\u00e1 la \u00faltima sesi\u00f3n del ciclo de charlas \u201cAprendiendo de las aves\u201d, un espacio que nace como pre\u00e1mbulo a la exposici\u00f3n \u201cAves en el Arte\u201d que se llevar\u00e1 a cabo durante el d\u00e9cimo Congreso de Aviturismo, que se llevar\u00e1 a cabo durante el mes de noviembre en Manizales.<\/p>\n","protected":false},"author":2,"featured_media":73258,"comment_status":"closed","ping_status":"open","sticky":false,"template":"","format":"standard","meta":{"footnotes":""},"categories":[48,53,62],"tags":[8980,9206,9310,9311],"class_list":["post-73257","post","type-post","status-publish","format-standard","has-post-thumbnail","hentry","category-actualidad","category-universidad-al-dia","category-eventos","tag-aves-en-el-arte","tag-congreso-de-aviturismo","tag-aviturismo-caldas","tag-huevos-y-nidos"],"yoast_head":"<!-- This site is optimized with the Yoast SEO plugin v27.5 - https:\/\/yoast.com\/product\/yoast-seo-wordpress\/ -->\n<title>\u00daltima sesi\u00f3n del ciclo de charlas \u201cAprendiendo de las aves\u201d .<\/title>\n<meta name=\"robots\" content=\"index, follow, max-snippet:-1, max-image-preview:large, max-video-preview:-1\" \/>\n<link rel=\"canonical\" href=\"https:\/\/www.ucaldas.edu.co\/portal\/ultima-sesion-del-ciclo-de-charlas-aprendiendo-de-las-aves\/\" \/>\n<script type=\"application\/ld+json\" class=\"yoast-schema-graph\">{\"@context\":\"https:\\\/\\\/schema.org\",\"@graph\":[{\"@type\":\"Article\",\"@id\":\"https:\\\/\\\/www.ucaldas.edu.co\\\/portal\\\/ultima-sesion-del-ciclo-de-charlas-aprendiendo-de-las-aves\\\/#article\",\"isPartOf\":{\"@id\":\"https:\\\/\\\/www.ucaldas.edu.co\\\/portal\\\/ultima-sesion-del-ciclo-de-charlas-aprendiendo-de-las-aves\\\/\"},\"author\":{\"name\":\"ofiprensa\",\"@id\":\"https:\\\/\\\/www.ucaldas.edu.co\\\/portal\\\/#\\\/schema\\\/person\\\/a1b482e23449158b4bc319926c074fdf\"},\"headline\":\"\u00daltima sesi\u00f3n del ciclo de charlas \u201cAprendiendo de las aves\u201d\",\"datePublished\":\"2022-10-25T20:51:59+00:00\",\"mainEntityOfPage\":{\"@id\":\"https:\\\/\\\/www.ucaldas.edu.co\\\/portal\\\/ultima-sesion-del-ciclo-de-charlas-aprendiendo-de-las-aves\\\/\"},\"wordCount\":341,\"publisher\":{\"@id\":\"https:\\\/\\\/www.ucaldas.edu.co\\\/portal\\\/#organization\"},\"image\":{\"@id\":\"https:\\\/\\\/www.ucaldas.edu.co\\\/portal\\\/ultima-sesion-del-ciclo-de-charlas-aprendiendo-de-las-aves\\\/#primaryimage\"},\"thumbnailUrl\":\"https:\\\/\\\/www.ucaldas.edu.co\\\/portal\\\/wp-content\\\/uploads\\\/2022\\\/10\\\/charla-aves.jpg\",\"keywords\":[\"aves en el arte\",\"congreso de aviturismo\",\"aviturismo caldas\",\"huevos y nidos\"],\"articleSection\":[\"Actualidad\",\"Universidad al D\u00eda\",\"Eventos\"],\"inLanguage\":\"es\"},{\"@type\":\"WebPage\",\"@id\":\"https:\\\/\\\/www.ucaldas.edu.co\\\/portal\\\/ultima-sesion-del-ciclo-de-charlas-aprendiendo-de-las-aves\\\/\",\"url\":\"https:\\\/\\\/www.ucaldas.edu.co\\\/portal\\\/ultima-sesion-del-ciclo-de-charlas-aprendiendo-de-las-aves\\\/\",\"name\":\"\u00daltima sesi\u00f3n del ciclo de charlas \u201cAprendiendo de las aves\u201d .\",\"isPartOf\":{\"@id\":\"https:\\\/\\\/www.ucaldas.edu.co\\\/portal\\\/#website\"},\"primaryImageOfPage\":{\"@id\":\"https:\\\/\\\/www.ucaldas.edu.co\\\/portal\\\/ultima-sesion-del-ciclo-de-charlas-aprendiendo-de-las-aves\\\/#primaryimage\"},\"image\":{\"@id\":\"https:\\\/\\\/www.ucaldas.edu.co\\\/portal\\\/ultima-sesion-del-ciclo-de-charlas-aprendiendo-de-las-aves\\\/#primaryimage\"},\"thumbnailUrl\":\"https:\\\/\\\/www.ucaldas.edu.co\\\/portal\\\/wp-content\\\/uploads\\\/2022\\\/10\\\/charla-aves.jpg\",\"datePublished\":\"2022-10-25T20:51:59+00:00\",\"breadcrumb\":{\"@id\":\"https:\\\/\\\/www.ucaldas.edu.co\\\/portal\\\/ultima-sesion-del-ciclo-de-charlas-aprendiendo-de-las-aves\\\/#breadcrumb\"},\"inLanguage\":\"es\",\"potentialAction\":[{\"@type\":\"ReadAction\",\"target\":[\"https:\\\/\\\/www.ucaldas.edu.co\\\/portal\\\/ultima-sesion-del-ciclo-de-charlas-aprendiendo-de-las-aves\\\/\"]}]},{\"@type\":\"ImageObject\",\"inLanguage\":\"es\",\"@id\":\"https:\\\/\\\/www.ucaldas.edu.co\\\/portal\\\/ultima-sesion-del-ciclo-de-charlas-aprendiendo-de-las-aves\\\/#primaryimage\",\"url\":\"https:\\\/\\\/www.ucaldas.edu.co\\\/portal\\\/wp-content\\\/uploads\\\/2022\\\/10\\\/charla-aves.jpg\",\"contentUrl\":\"https:\\\/\\\/www.ucaldas.edu.co\\\/portal\\\/wp-content\\\/uploads\\\/2022\\\/10\\\/charla-aves.jpg\",\"width\":700,\"height\":400,\"caption\":\"Actividad previa al congreso de avisturismo\"},{\"@type\":\"BreadcrumbList\",\"@id\":\"https:\\\/\\\/www.ucaldas.edu.co\\\/portal\\\/ultima-sesion-del-ciclo-de-charlas-aprendiendo-de-las-aves\\\/#breadcrumb\",\"itemListElement\":[{\"@type\":\"ListItem\",\"position\":1,\"name\":\"Portada\",\"item\":\"https:\\\/\\\/www.ucaldas.edu.co\\\/portal\\\/\"},{\"@type\":\"ListItem\",\"position\":2,\"name\":\"\u00daltima sesi\u00f3n del ciclo de charlas \u201cAprendiendo de las aves\u201d\"}]},{\"@type\":\"WebSite\",\"@id\":\"https:\\\/\\\/www.ucaldas.edu.co\\\/portal\\\/#website\",\"url\":\"https:\\\/\\\/www.ucaldas.edu.co\\\/portal\\\/\",\"name\":\"Universidad de Caldas\",\"description\":\"\",\"publisher\":{\"@id\":\"https:\\\/\\\/www.ucaldas.edu.co\\\/portal\\\/#organization\"},\"alternateName\":\"U. de Caldas\",\"potentialAction\":[{\"@type\":\"SearchAction\",\"target\":{\"@type\":\"EntryPoint\",\"urlTemplate\":\"https:\\\/\\\/www.ucaldas.edu.co\\\/portal\\\/?s={search_term_string}\"},\"query-input\":{\"@type\":\"PropertyValueSpecification\",\"valueRequired\":true,\"valueName\":\"search_term_string\"}}],\"inLanguage\":\"es\"},{\"@type\":\"Organization\",\"@id\":\"https:\\\/\\\/www.ucaldas.edu.co\\\/portal\\\/#organization\",\"name\":\"Universidad de Caldas\",\"alternateName\":\"U. de Caldas\",\"url\":\"https:\\\/\\\/www.ucaldas.edu.co\\\/portal\\\/\",\"logo\":{\"@type\":\"ImageObject\",\"inLanguage\":\"es\",\"@id\":\"https:\\\/\\\/www.ucaldas.edu.co\\\/portal\\\/#\\\/schema\\\/logo\\\/image\\\/\",\"url\":\"https:\\\/\\\/www.ucaldas.edu.co\\\/portal\\\/wp-content\\\/uploads\\\/2023\\\/11\\\/Logo_horizontal_oscuroU-2023.png\",\"contentUrl\":\"https:\\\/\\\/www.ucaldas.edu.co\\\/portal\\\/wp-content\\\/uploads\\\/2023\\\/11\\\/Logo_horizontal_oscuroU-2023.png\",\"width\":263,\"height\":101,\"caption\":\"Universidad de Caldas\"},\"image\":{\"@id\":\"https:\\\/\\\/www.ucaldas.edu.co\\\/portal\\\/#\\\/schema\\\/logo\\\/image\\\/\"},\"sameAs\":[\"https:\\\/\\\/www.facebook.com\\\/udecaldas\",\"https:\\\/\\\/x.com\\\/udecaldas\",\"https:\\\/\\\/www.youtube.com\\\/universidadcaldas\",\"https:\\\/\\\/www.instagram.com\\\/udecaldas\\\/\"]},{\"@type\":\"Person\",\"@id\":\"https:\\\/\\\/www.ucaldas.edu.co\\\/portal\\\/#\\\/schema\\\/person\\\/a1b482e23449158b4bc319926c074fdf\",\"name\":\"ofiprensa\",\"image\":{\"@type\":\"ImageObject\",\"inLanguage\":\"es\",\"@id\":\"https:\\\/\\\/www.ucaldas.edu.co\\\/portal\\\/wp-content\\\/litespeed\\\/avatar\\\/09ea5085e600095a7a811142c6944527.jpg?ver=1777497608\",\"url\":\"https:\\\/\\\/www.ucaldas.edu.co\\\/portal\\\/wp-content\\\/litespeed\\\/avatar\\\/09ea5085e600095a7a811142c6944527.jpg?ver=1777497608\",\"contentUrl\":\"https:\\\/\\\/www.ucaldas.edu.co\\\/portal\\\/wp-content\\\/litespeed\\\/avatar\\\/09ea5085e600095a7a811142c6944527.jpg?ver=1777497608\",\"caption\":\"ofiprensa\"},\"url\":\"https:\\\/\\\/www.ucaldas.edu.co\\\/portal\\\/author\\\/ofiprensa\\\/\"}]}<\/script>\n<!-- \/ Yoast SEO plugin. -->","yoast_head_json":{"title":"\u00daltima sesi\u00f3n del ciclo de charlas \u201cAprendiendo de las aves\u201d .","robots":{"index":"index","follow":"follow","max-snippet":"max-snippet:-1","max-image-preview":"max-image-preview:large","max-video-preview":"max-video-preview:-1"},"canonical":"https:\/\/www.ucaldas.edu.co\/portal\/ultima-sesion-del-ciclo-de-charlas-aprendiendo-de-las-aves\/","schema":{"@context":"https:\/\/schema.org","@graph":[{"@type":"Article","@id":"https:\/\/www.ucaldas.edu.co\/portal\/ultima-sesion-del-ciclo-de-charlas-aprendiendo-de-las-aves\/#article","isPartOf":{"@id":"https:\/\/www.ucaldas.edu.co\/portal\/ultima-sesion-del-ciclo-de-charlas-aprendiendo-de-las-aves\/"},"author":{"name":"ofiprensa","@id":"https:\/\/www.ucaldas.edu.co\/portal\/#\/schema\/person\/a1b482e23449158b4bc319926c074fdf"},"headline":"\u00daltima sesi\u00f3n del ciclo de charlas \u201cAprendiendo de las aves\u201d","datePublished":"2022-10-25T20:51:59+00:00","mainEntityOfPage":{"@id":"https:\/\/www.ucaldas.edu.co\/portal\/ultima-sesion-del-ciclo-de-charlas-aprendiendo-de-las-aves\/"},"wordCount":341,"publisher":{"@id":"https:\/\/www.ucaldas.edu.co\/portal\/#organization"},"image":{"@id":"https:\/\/www.ucaldas.edu.co\/portal\/ultima-sesion-del-ciclo-de-charlas-aprendiendo-de-las-aves\/#primaryimage"},"thumbnailUrl":"https:\/\/www.ucaldas.edu.co\/portal\/wp-content\/uploads\/2022\/10\/charla-aves.jpg","keywords":["aves en el arte","congreso de aviturismo","aviturismo caldas","huevos y nidos"],"articleSection":["Actualidad","Universidad al D\u00eda","Eventos"],"inLanguage":"es"},{"@type":"WebPage","@id":"https:\/\/www.ucaldas.edu.co\/portal\/ultima-sesion-del-ciclo-de-charlas-aprendiendo-de-las-aves\/","url":"https:\/\/www.ucaldas.edu.co\/portal\/ultima-sesion-del-ciclo-de-charlas-aprendiendo-de-las-aves\/","name":"\u00daltima sesi\u00f3n del ciclo de charlas \u201cAprendiendo de las aves\u201d .","isPartOf":{"@id":"https:\/\/www.ucaldas.edu.co\/portal\/#website"},"primaryImageOfPage":{"@id":"https:\/\/www.ucaldas.edu.co\/portal\/ultima-sesion-del-ciclo-de-charlas-aprendiendo-de-las-aves\/#primaryimage"},"image":{"@id":"https:\/\/www.ucaldas.edu.co\/portal\/ultima-sesion-del-ciclo-de-charlas-aprendiendo-de-las-aves\/#primaryimage"},"thumbnailUrl":"https:\/\/www.ucaldas.edu.co\/portal\/wp-content\/uploads\/2022\/10\/charla-aves.jpg","datePublished":"2022-10-25T20:51:59+00:00","breadcrumb":{"@id":"https:\/\/www.ucaldas.edu.co\/portal\/ultima-sesion-del-ciclo-de-charlas-aprendiendo-de-las-aves\/#breadcrumb"},"inLanguage":"es","potentialAction":[{"@type":"ReadAction","target":["https:\/\/www.ucaldas.edu.co\/portal\/ultima-sesion-del-ciclo-de-charlas-aprendiendo-de-las-aves\/"]}]},{"@type":"ImageObject","inLanguage":"es","@id":"https:\/\/www.ucaldas.edu.co\/portal\/ultima-sesion-del-ciclo-de-charlas-aprendiendo-de-las-aves\/#primaryimage","url":"https:\/\/www.ucaldas.edu.co\/portal\/wp-content\/uploads\/2022\/10\/charla-aves.jpg","contentUrl":"https:\/\/www.ucaldas.edu.co\/portal\/wp-content\/uploads\/2022\/10\/charla-aves.jpg","width":700,"height":400,"caption":"Actividad previa al congreso de avisturismo"},{"@type":"BreadcrumbList","@id":"https:\/\/www.ucaldas.edu.co\/portal\/ultima-sesion-del-ciclo-de-charlas-aprendiendo-de-las-aves\/#breadcrumb","itemListElement":[{"@type":"ListItem","position":1,"name":"Portada","item":"https:\/\/www.ucaldas.edu.co\/portal\/"},{"@type":"ListItem","position":2,"name":"\u00daltima sesi\u00f3n del ciclo de charlas \u201cAprendiendo de las aves\u201d"}]},{"@type":"WebSite","@id":"https:\/\/www.ucaldas.edu.co\/portal\/#website","url":"https:\/\/www.ucaldas.edu.co\/portal\/","name":"Universidad de Caldas","description":"","publisher":{"@id":"https:\/\/www.ucaldas.edu.co\/portal\/#organization"},"alternateName":"U. de Caldas","potentialAction":[{"@type":"SearchAction","target":{"@type":"EntryPoint","urlTemplate":"https:\/\/www.ucaldas.edu.co\/portal\/?s={search_term_string}"},"query-input":{"@type":"PropertyValueSpecification","valueRequired":true,"valueName":"search_term_string"}}],"inLanguage":"es"},{"@type":"Organization","@id":"https:\/\/www.ucaldas.edu.co\/portal\/#organization","name":"Universidad de Caldas","alternateName":"U. de Caldas","url":"https:\/\/www.ucaldas.edu.co\/portal\/","logo":{"@type":"ImageObject","inLanguage":"es","@id":"https:\/\/www.ucaldas.edu.co\/portal\/#\/schema\/logo\/image\/","url":"https:\/\/www.ucaldas.edu.co\/portal\/wp-content\/uploads\/2023\/11\/Logo_horizontal_oscuroU-2023.png","contentUrl":"https:\/\/www.ucaldas.edu.co\/portal\/wp-content\/uploads\/2023\/11\/Logo_horizontal_oscuroU-2023.png","width":263,"height":101,"caption":"Universidad de Caldas"},"image":{"@id":"https:\/\/www.ucaldas.edu.co\/portal\/#\/schema\/logo\/image\/"},"sameAs":["https:\/\/www.facebook.com\/udecaldas","https:\/\/x.com\/udecaldas","https:\/\/www.youtube.com\/universidadcaldas","https:\/\/www.instagram.com\/udecaldas\/"]},{"@type":"Person","@id":"https:\/\/www.ucaldas.edu.co\/portal\/#\/schema\/person\/a1b482e23449158b4bc319926c074fdf","name":"ofiprensa","image":{"@type":"ImageObject","inLanguage":"es","@id":"https:\/\/www.ucaldas.edu.co\/portal\/wp-content\/litespeed\/avatar\/09ea5085e600095a7a811142c6944527.jpg?ver=1777497608","url":"https:\/\/www.ucaldas.edu.co\/portal\/wp-content\/litespeed\/avatar\/09ea5085e600095a7a811142c6944527.jpg?ver=1777497608","contentUrl":"https:\/\/www.ucaldas.edu.co\/portal\/wp-content\/litespeed\/avatar\/09ea5085e600095a7a811142c6944527.jpg?ver=1777497608","caption":"ofiprensa"},"url":"https:\/\/www.ucaldas.edu.co\/portal\/author\/ofiprensa\/"}]}},"_links":{"self":[{"href":"https:\/\/www.ucaldas.edu.co\/portal\/wp-json\/wp\/v2\/posts\/73257","targetHints":{"allow":["GET"]}}],"collection":[{"href":"https:\/\/www.ucaldas.edu.co\/portal\/wp-json\/wp\/v2\/posts"}],"about":[{"href":"https:\/\/www.ucaldas.edu.co\/portal\/wp-json\/wp\/v2\/types\/post"}],"author":[{"embeddable":true,"href":"https:\/\/www.ucaldas.edu.co\/portal\/wp-json\/wp\/v2\/users\/2"}],"replies":[{"embeddable":true,"href":"https:\/\/www.ucaldas.edu.co\/portal\/wp-json\/wp\/v2\/comments?post=73257"}],"version-history":[{"count":0,"href":"https:\/\/www.ucaldas.edu.co\/portal\/wp-json\/wp\/v2\/posts\/73257\/revisions"}],"wp:featuredmedia":[{"embeddable":true,"href":"https:\/\/www.ucaldas.edu.co\/portal\/wp-json\/wp\/v2\/media\/73258"}],"wp:attachment":[{"href":"https:\/\/www.ucaldas.edu.co\/portal\/wp-json\/wp\/v2\/media?parent=73257"}],"wp:term":[{"taxonomy":"category","embeddable":true,"href":"https:\/\/www.ucaldas.edu.co\/portal\/wp-json\/wp\/v2\/categories?post=73257"},{"taxonomy":"post_tag","embeddable":true,"href":"https:\/\/www.ucaldas.edu.co\/portal\/wp-json\/wp\/v2\/tags?post=73257"}],"curies":[{"name":"wp","href":"https:\/\/api.w.org\/{rel}","templated":true}]}}