{"id":73190,"date":"2022-10-21T21:31:40","date_gmt":"2022-10-21T21:31:40","guid":{"rendered":"https:\/\/www.ucaldas.edu.co\/portal\/?p=73190"},"modified":"2022-10-21T21:31:40","modified_gmt":"2022-10-21T21:31:40","slug":"segundo-simposio-virtual-en-tecnologias-de-la-salud","status":"publish","type":"post","link":"https:\/\/www.ucaldas.edu.co\/portal\/segundo-simposio-virtual-en-tecnologias-de-la-salud\/","title":{"rendered":"Segundo Simposio Virtual en Tecnolog\u00edas de la Salud"},"content":{"rendered":"<p>&nbsp;<\/p>\n<p><img loading=\"lazy\" decoding=\"async\" class=\"aligncenter size-full wp-image-73191\" src=\"https:\/\/www.ucaldas.edu.co\/portal\/wp-content\/uploads\/2022\/10\/simposio-salud.jpg\" alt=\"El simposio busca difundir conocimientos y experiencias sobre dise\u00f1o del comportamiento, aplicado a la promoci\u00f3n y mejora de la salu\" width=\"700\" height=\"400\" srcset=\"https:\/\/www.ucaldas.edu.co\/portal\/wp-content\/uploads\/2022\/10\/simposio-salud.jpg 700w, https:\/\/www.ucaldas.edu.co\/portal\/wp-content\/uploads\/2022\/10\/simposio-salud-300x171.jpg 300w\" sizes=\"auto, (max-width: 700px) 100vw, 700px\" \/><\/p>\n<p>Participe en el segundo Simposio Virtual en Tecnolog\u00edas de la Salud \u201cDise\u00f1o de comportamiento en pa\u00edses iberoamericanos\u201d, que se llevar\u00e1 a cabo el jueves 10 de noviembre de manera online desde el Centro Cultural Universitario Rogelio Salmona de la Universidad de Caldas.<\/p>\n<p><!--more--><\/p>\n<p>El simposio busca difundir conocimientos y experiencias sobre dise\u00f1o del comportamiento, aplicado a la promoci\u00f3n y mejora de la salud, y a la sostenibilidad ambiental que promueva la conexi\u00f3n entre actores del sector p\u00fablico y privado de los \u00e1mbitos acad\u00e9micos y empresariales en los pa\u00edses de Iberoam\u00e9rica.<\/p>\n<p>Esta edici\u00f3n estar\u00e1 orientada a la participaci\u00f3n de acad\u00e9micos, investigadores, centros e institutos de investigaci\u00f3n, universidades p\u00fablicas y privadas, cuyo objetivo sea incorporar el dise\u00f1o de comportamiento en intervenciones, por lo que har\u00e1n parte del simposio \u00e1reas del conocimiento como ciencias de la salud, ingenier\u00edas, medios ambiente, entre otras.<\/p>\n<p>Ejes tem\u00e1ticos del encuentro:<\/p>\n<ul>\n<li>Dise\u00f1o del comportamiento en promoci\u00f3n de la salud y prevenci\u00f3n de enfermedades.<\/li>\n<li>M\u00e9todos y t\u00e9cnicas de dise\u00f1o del comportamiento. Realidad y retos.<\/li>\n<li>Evidencia m\u00e9dica y avances cl\u00ednicos.<\/li>\n<li>Dise\u00f1o del comportamiento en sostenibilidad: iniciativas.<\/li>\n<\/ul>\n<p>Los asistentes podr\u00e1n conocer mediante ponencias y charlas, cu\u00e1les son las mejores estrategias de intervenci\u00f3n para lograr los objetivos de cambio contextualizados en planes, programas y proyectos de intervenci\u00f3n en cuanto al dise\u00f1o de comportamiento en pa\u00edses iberoamericanos.<\/p>\n<p><strong><a href=\"https:\/\/docs.google.com\/forms\/d\/e\/1FAIpQLSdhWCDDhcZZcvftEug6lNFRRkhMt37cNBIbk-bwbE3cYd496Q\/viewform\">Inscripciones aqu\u00ed.<\/a><\/strong><\/p>\n<p>&nbsp;<\/p>\n<p><strong>Informes: <\/strong>Oficina de Comunicaciones y Prensa Universidad de Caldas.<br \/>\n<strong>Redacci\u00f3n:<\/strong> Mateo Buritic\u00e1 Giraldo<\/p>\n<p>&nbsp;<\/p>\n","protected":false},"excerpt":{"rendered":"<p>&nbsp; Participe en el segundo Simposio Virtual en Tecnolog\u00edas de la Salud \u201cDise\u00f1o de comportamiento en pa\u00edses iberoamericanos\u201d, que se llevar\u00e1 a cabo el jueves 10 de noviembre de manera online desde el Centro Cultural Universitario Rogelio Salmona de la Universidad de Caldas.<\/p>\n","protected":false},"author":2,"featured_media":73191,"comment_status":"closed","ping_status":"open","sticky":false,"template":"","format":"standard","meta":{"footnotes":""},"categories":[48,53,62],"tags":[4791,9299,9300],"class_list":["post-73190","post","type-post","status-publish","format-standard","has-post-thumbnail","hentry","category-actualidad","category-universidad-al-dia","category-eventos","tag-simposio-virtual","tag-innovacion-en-salud","tag-tecnologias-de-la-salud"],"yoast_head":"<!-- This site is optimized with the Yoast SEO plugin v27.5 - https:\/\/yoast.com\/product\/yoast-seo-wordpress\/ -->\n<title>Segundo Simposio Virtual en Tecnolog\u00edas de la Salud .<\/title>\n<meta name=\"robots\" content=\"index, follow, max-snippet:-1, max-image-preview:large, max-video-preview:-1\" \/>\n<link rel=\"canonical\" href=\"https:\/\/www.ucaldas.edu.co\/portal\/segundo-simposio-virtual-en-tecnologias-de-la-salud\/\" \/>\n<script type=\"application\/ld+json\" class=\"yoast-schema-graph\">{\"@context\":\"https:\\\/\\\/schema.org\",\"@graph\":[{\"@type\":\"Article\",\"@id\":\"https:\\\/\\\/www.ucaldas.edu.co\\\/portal\\\/segundo-simposio-virtual-en-tecnologias-de-la-salud\\\/#article\",\"isPartOf\":{\"@id\":\"https:\\\/\\\/www.ucaldas.edu.co\\\/portal\\\/segundo-simposio-virtual-en-tecnologias-de-la-salud\\\/\"},\"author\":{\"name\":\"ofiprensa\",\"@id\":\"https:\\\/\\\/www.ucaldas.edu.co\\\/portal\\\/#\\\/schema\\\/person\\\/a1b482e23449158b4bc319926c074fdf\"},\"headline\":\"Segundo Simposio Virtual en Tecnolog\u00edas de la Salud\",\"datePublished\":\"2022-10-21T21:31:40+00:00\",\"mainEntityOfPage\":{\"@id\":\"https:\\\/\\\/www.ucaldas.edu.co\\\/portal\\\/segundo-simposio-virtual-en-tecnologias-de-la-salud\\\/\"},\"wordCount\":274,\"publisher\":{\"@id\":\"https:\\\/\\\/www.ucaldas.edu.co\\\/portal\\\/#organization\"},\"image\":{\"@id\":\"https:\\\/\\\/www.ucaldas.edu.co\\\/portal\\\/segundo-simposio-virtual-en-tecnologias-de-la-salud\\\/#primaryimage\"},\"thumbnailUrl\":\"https:\\\/\\\/www.ucaldas.edu.co\\\/portal\\\/wp-content\\\/uploads\\\/2022\\\/10\\\/simposio-salud.jpg\",\"keywords\":[\"simposio virtual\",\"innovaci\u00f3n en salud\",\"tecnolog\u00edas de la salud\"],\"articleSection\":[\"Actualidad\",\"Universidad al D\u00eda\",\"Eventos\"],\"inLanguage\":\"es\"},{\"@type\":\"WebPage\",\"@id\":\"https:\\\/\\\/www.ucaldas.edu.co\\\/portal\\\/segundo-simposio-virtual-en-tecnologias-de-la-salud\\\/\",\"url\":\"https:\\\/\\\/www.ucaldas.edu.co\\\/portal\\\/segundo-simposio-virtual-en-tecnologias-de-la-salud\\\/\",\"name\":\"Segundo Simposio Virtual en Tecnolog\u00edas de la Salud .\",\"isPartOf\":{\"@id\":\"https:\\\/\\\/www.ucaldas.edu.co\\\/portal\\\/#website\"},\"primaryImageOfPage\":{\"@id\":\"https:\\\/\\\/www.ucaldas.edu.co\\\/portal\\\/segundo-simposio-virtual-en-tecnologias-de-la-salud\\\/#primaryimage\"},\"image\":{\"@id\":\"https:\\\/\\\/www.ucaldas.edu.co\\\/portal\\\/segundo-simposio-virtual-en-tecnologias-de-la-salud\\\/#primaryimage\"},\"thumbnailUrl\":\"https:\\\/\\\/www.ucaldas.edu.co\\\/portal\\\/wp-content\\\/uploads\\\/2022\\\/10\\\/simposio-salud.jpg\",\"datePublished\":\"2022-10-21T21:31:40+00:00\",\"breadcrumb\":{\"@id\":\"https:\\\/\\\/www.ucaldas.edu.co\\\/portal\\\/segundo-simposio-virtual-en-tecnologias-de-la-salud\\\/#breadcrumb\"},\"inLanguage\":\"es\",\"potentialAction\":[{\"@type\":\"ReadAction\",\"target\":[\"https:\\\/\\\/www.ucaldas.edu.co\\\/portal\\\/segundo-simposio-virtual-en-tecnologias-de-la-salud\\\/\"]}]},{\"@type\":\"ImageObject\",\"inLanguage\":\"es\",\"@id\":\"https:\\\/\\\/www.ucaldas.edu.co\\\/portal\\\/segundo-simposio-virtual-en-tecnologias-de-la-salud\\\/#primaryimage\",\"url\":\"https:\\\/\\\/www.ucaldas.edu.co\\\/portal\\\/wp-content\\\/uploads\\\/2022\\\/10\\\/simposio-salud.jpg\",\"contentUrl\":\"https:\\\/\\\/www.ucaldas.edu.co\\\/portal\\\/wp-content\\\/uploads\\\/2022\\\/10\\\/simposio-salud.jpg\",\"width\":700,\"height\":400,\"caption\":\"El simposio busca difundir conocimientos y experiencias sobre dise\u00f1o del comportamiento, aplicado a la promoci\u00f3n y mejora de la salu\"},{\"@type\":\"BreadcrumbList\",\"@id\":\"https:\\\/\\\/www.ucaldas.edu.co\\\/portal\\\/segundo-simposio-virtual-en-tecnologias-de-la-salud\\\/#breadcrumb\",\"itemListElement\":[{\"@type\":\"ListItem\",\"position\":1,\"name\":\"Portada\",\"item\":\"https:\\\/\\\/www.ucaldas.edu.co\\\/portal\\\/\"},{\"@type\":\"ListItem\",\"position\":2,\"name\":\"Segundo Simposio Virtual en Tecnolog\u00edas de la Salud\"}]},{\"@type\":\"WebSite\",\"@id\":\"https:\\\/\\\/www.ucaldas.edu.co\\\/portal\\\/#website\",\"url\":\"https:\\\/\\\/www.ucaldas.edu.co\\\/portal\\\/\",\"name\":\"Universidad de Caldas\",\"description\":\"\",\"publisher\":{\"@id\":\"https:\\\/\\\/www.ucaldas.edu.co\\\/portal\\\/#organization\"},\"alternateName\":\"U. de Caldas\",\"potentialAction\":[{\"@type\":\"SearchAction\",\"target\":{\"@type\":\"EntryPoint\",\"urlTemplate\":\"https:\\\/\\\/www.ucaldas.edu.co\\\/portal\\\/?s={search_term_string}\"},\"query-input\":{\"@type\":\"PropertyValueSpecification\",\"valueRequired\":true,\"valueName\":\"search_term_string\"}}],\"inLanguage\":\"es\"},{\"@type\":\"Organization\",\"@id\":\"https:\\\/\\\/www.ucaldas.edu.co\\\/portal\\\/#organization\",\"name\":\"Universidad de Caldas\",\"alternateName\":\"U. de Caldas\",\"url\":\"https:\\\/\\\/www.ucaldas.edu.co\\\/portal\\\/\",\"logo\":{\"@type\":\"ImageObject\",\"inLanguage\":\"es\",\"@id\":\"https:\\\/\\\/www.ucaldas.edu.co\\\/portal\\\/#\\\/schema\\\/logo\\\/image\\\/\",\"url\":\"https:\\\/\\\/www.ucaldas.edu.co\\\/portal\\\/wp-content\\\/uploads\\\/2023\\\/11\\\/Logo_horizontal_oscuroU-2023.png\",\"contentUrl\":\"https:\\\/\\\/www.ucaldas.edu.co\\\/portal\\\/wp-content\\\/uploads\\\/2023\\\/11\\\/Logo_horizontal_oscuroU-2023.png\",\"width\":263,\"height\":101,\"caption\":\"Universidad de Caldas\"},\"image\":{\"@id\":\"https:\\\/\\\/www.ucaldas.edu.co\\\/portal\\\/#\\\/schema\\\/logo\\\/image\\\/\"},\"sameAs\":[\"https:\\\/\\\/www.facebook.com\\\/udecaldas\",\"https:\\\/\\\/x.com\\\/udecaldas\",\"https:\\\/\\\/www.youtube.com\\\/universidadcaldas\",\"https:\\\/\\\/www.instagram.com\\\/udecaldas\\\/\"]},{\"@type\":\"Person\",\"@id\":\"https:\\\/\\\/www.ucaldas.edu.co\\\/portal\\\/#\\\/schema\\\/person\\\/a1b482e23449158b4bc319926c074fdf\",\"name\":\"ofiprensa\",\"image\":{\"@type\":\"ImageObject\",\"inLanguage\":\"es\",\"@id\":\"https:\\\/\\\/www.ucaldas.edu.co\\\/portal\\\/wp-content\\\/litespeed\\\/avatar\\\/09ea5085e600095a7a811142c6944527.jpg?ver=1777497608\",\"url\":\"https:\\\/\\\/www.ucaldas.edu.co\\\/portal\\\/wp-content\\\/litespeed\\\/avatar\\\/09ea5085e600095a7a811142c6944527.jpg?ver=1777497608\",\"contentUrl\":\"https:\\\/\\\/www.ucaldas.edu.co\\\/portal\\\/wp-content\\\/litespeed\\\/avatar\\\/09ea5085e600095a7a811142c6944527.jpg?ver=1777497608\",\"caption\":\"ofiprensa\"},\"url\":\"https:\\\/\\\/www.ucaldas.edu.co\\\/portal\\\/author\\\/ofiprensa\\\/\"}]}<\/script>\n<!-- \/ Yoast SEO plugin. -->","yoast_head_json":{"title":"Segundo Simposio Virtual en Tecnolog\u00edas de la Salud .","robots":{"index":"index","follow":"follow","max-snippet":"max-snippet:-1","max-image-preview":"max-image-preview:large","max-video-preview":"max-video-preview:-1"},"canonical":"https:\/\/www.ucaldas.edu.co\/portal\/segundo-simposio-virtual-en-tecnologias-de-la-salud\/","schema":{"@context":"https:\/\/schema.org","@graph":[{"@type":"Article","@id":"https:\/\/www.ucaldas.edu.co\/portal\/segundo-simposio-virtual-en-tecnologias-de-la-salud\/#article","isPartOf":{"@id":"https:\/\/www.ucaldas.edu.co\/portal\/segundo-simposio-virtual-en-tecnologias-de-la-salud\/"},"author":{"name":"ofiprensa","@id":"https:\/\/www.ucaldas.edu.co\/portal\/#\/schema\/person\/a1b482e23449158b4bc319926c074fdf"},"headline":"Segundo Simposio Virtual en Tecnolog\u00edas de la Salud","datePublished":"2022-10-21T21:31:40+00:00","mainEntityOfPage":{"@id":"https:\/\/www.ucaldas.edu.co\/portal\/segundo-simposio-virtual-en-tecnologias-de-la-salud\/"},"wordCount":274,"publisher":{"@id":"https:\/\/www.ucaldas.edu.co\/portal\/#organization"},"image":{"@id":"https:\/\/www.ucaldas.edu.co\/portal\/segundo-simposio-virtual-en-tecnologias-de-la-salud\/#primaryimage"},"thumbnailUrl":"https:\/\/www.ucaldas.edu.co\/portal\/wp-content\/uploads\/2022\/10\/simposio-salud.jpg","keywords":["simposio virtual","innovaci\u00f3n en salud","tecnolog\u00edas de la salud"],"articleSection":["Actualidad","Universidad al D\u00eda","Eventos"],"inLanguage":"es"},{"@type":"WebPage","@id":"https:\/\/www.ucaldas.edu.co\/portal\/segundo-simposio-virtual-en-tecnologias-de-la-salud\/","url":"https:\/\/www.ucaldas.edu.co\/portal\/segundo-simposio-virtual-en-tecnologias-de-la-salud\/","name":"Segundo Simposio Virtual en Tecnolog\u00edas de la Salud .","isPartOf":{"@id":"https:\/\/www.ucaldas.edu.co\/portal\/#website"},"primaryImageOfPage":{"@id":"https:\/\/www.ucaldas.edu.co\/portal\/segundo-simposio-virtual-en-tecnologias-de-la-salud\/#primaryimage"},"image":{"@id":"https:\/\/www.ucaldas.edu.co\/portal\/segundo-simposio-virtual-en-tecnologias-de-la-salud\/#primaryimage"},"thumbnailUrl":"https:\/\/www.ucaldas.edu.co\/portal\/wp-content\/uploads\/2022\/10\/simposio-salud.jpg","datePublished":"2022-10-21T21:31:40+00:00","breadcrumb":{"@id":"https:\/\/www.ucaldas.edu.co\/portal\/segundo-simposio-virtual-en-tecnologias-de-la-salud\/#breadcrumb"},"inLanguage":"es","potentialAction":[{"@type":"ReadAction","target":["https:\/\/www.ucaldas.edu.co\/portal\/segundo-simposio-virtual-en-tecnologias-de-la-salud\/"]}]},{"@type":"ImageObject","inLanguage":"es","@id":"https:\/\/www.ucaldas.edu.co\/portal\/segundo-simposio-virtual-en-tecnologias-de-la-salud\/#primaryimage","url":"https:\/\/www.ucaldas.edu.co\/portal\/wp-content\/uploads\/2022\/10\/simposio-salud.jpg","contentUrl":"https:\/\/www.ucaldas.edu.co\/portal\/wp-content\/uploads\/2022\/10\/simposio-salud.jpg","width":700,"height":400,"caption":"El simposio busca difundir conocimientos y experiencias sobre dise\u00f1o del comportamiento, aplicado a la promoci\u00f3n y mejora de la salu"},{"@type":"BreadcrumbList","@id":"https:\/\/www.ucaldas.edu.co\/portal\/segundo-simposio-virtual-en-tecnologias-de-la-salud\/#breadcrumb","itemListElement":[{"@type":"ListItem","position":1,"name":"Portada","item":"https:\/\/www.ucaldas.edu.co\/portal\/"},{"@type":"ListItem","position":2,"name":"Segundo Simposio Virtual en Tecnolog\u00edas de la Salud"}]},{"@type":"WebSite","@id":"https:\/\/www.ucaldas.edu.co\/portal\/#website","url":"https:\/\/www.ucaldas.edu.co\/portal\/","name":"Universidad de Caldas","description":"","publisher":{"@id":"https:\/\/www.ucaldas.edu.co\/portal\/#organization"},"alternateName":"U. de Caldas","potentialAction":[{"@type":"SearchAction","target":{"@type":"EntryPoint","urlTemplate":"https:\/\/www.ucaldas.edu.co\/portal\/?s={search_term_string}"},"query-input":{"@type":"PropertyValueSpecification","valueRequired":true,"valueName":"search_term_string"}}],"inLanguage":"es"},{"@type":"Organization","@id":"https:\/\/www.ucaldas.edu.co\/portal\/#organization","name":"Universidad de Caldas","alternateName":"U. de Caldas","url":"https:\/\/www.ucaldas.edu.co\/portal\/","logo":{"@type":"ImageObject","inLanguage":"es","@id":"https:\/\/www.ucaldas.edu.co\/portal\/#\/schema\/logo\/image\/","url":"https:\/\/www.ucaldas.edu.co\/portal\/wp-content\/uploads\/2023\/11\/Logo_horizontal_oscuroU-2023.png","contentUrl":"https:\/\/www.ucaldas.edu.co\/portal\/wp-content\/uploads\/2023\/11\/Logo_horizontal_oscuroU-2023.png","width":263,"height":101,"caption":"Universidad de Caldas"},"image":{"@id":"https:\/\/www.ucaldas.edu.co\/portal\/#\/schema\/logo\/image\/"},"sameAs":["https:\/\/www.facebook.com\/udecaldas","https:\/\/x.com\/udecaldas","https:\/\/www.youtube.com\/universidadcaldas","https:\/\/www.instagram.com\/udecaldas\/"]},{"@type":"Person","@id":"https:\/\/www.ucaldas.edu.co\/portal\/#\/schema\/person\/a1b482e23449158b4bc319926c074fdf","name":"ofiprensa","image":{"@type":"ImageObject","inLanguage":"es","@id":"https:\/\/www.ucaldas.edu.co\/portal\/wp-content\/litespeed\/avatar\/09ea5085e600095a7a811142c6944527.jpg?ver=1777497608","url":"https:\/\/www.ucaldas.edu.co\/portal\/wp-content\/litespeed\/avatar\/09ea5085e600095a7a811142c6944527.jpg?ver=1777497608","contentUrl":"https:\/\/www.ucaldas.edu.co\/portal\/wp-content\/litespeed\/avatar\/09ea5085e600095a7a811142c6944527.jpg?ver=1777497608","caption":"ofiprensa"},"url":"https:\/\/www.ucaldas.edu.co\/portal\/author\/ofiprensa\/"}]}},"_links":{"self":[{"href":"https:\/\/www.ucaldas.edu.co\/portal\/wp-json\/wp\/v2\/posts\/73190","targetHints":{"allow":["GET"]}}],"collection":[{"href":"https:\/\/www.ucaldas.edu.co\/portal\/wp-json\/wp\/v2\/posts"}],"about":[{"href":"https:\/\/www.ucaldas.edu.co\/portal\/wp-json\/wp\/v2\/types\/post"}],"author":[{"embeddable":true,"href":"https:\/\/www.ucaldas.edu.co\/portal\/wp-json\/wp\/v2\/users\/2"}],"replies":[{"embeddable":true,"href":"https:\/\/www.ucaldas.edu.co\/portal\/wp-json\/wp\/v2\/comments?post=73190"}],"version-history":[{"count":0,"href":"https:\/\/www.ucaldas.edu.co\/portal\/wp-json\/wp\/v2\/posts\/73190\/revisions"}],"wp:featuredmedia":[{"embeddable":true,"href":"https:\/\/www.ucaldas.edu.co\/portal\/wp-json\/wp\/v2\/media\/73191"}],"wp:attachment":[{"href":"https:\/\/www.ucaldas.edu.co\/portal\/wp-json\/wp\/v2\/media?parent=73190"}],"wp:term":[{"taxonomy":"category","embeddable":true,"href":"https:\/\/www.ucaldas.edu.co\/portal\/wp-json\/wp\/v2\/categories?post=73190"},{"taxonomy":"post_tag","embeddable":true,"href":"https:\/\/www.ucaldas.edu.co\/portal\/wp-json\/wp\/v2\/tags?post=73190"}],"curies":[{"name":"wp","href":"https:\/\/api.w.org\/{rel}","templated":true}]}}