{"id":73115,"date":"2022-10-19T22:39:26","date_gmt":"2022-10-19T22:39:26","guid":{"rendered":"https:\/\/www.ucaldas.edu.co\/portal\/?p=73115"},"modified":"2022-10-19T22:39:26","modified_gmt":"2022-10-19T22:39:26","slug":"llegan-los-paisajes-y-puentes-sonoros-del-imagen-fest-a-manizales-y-bogota","status":"publish","type":"post","link":"https:\/\/www.ucaldas.edu.co\/portal\/llegan-los-paisajes-y-puentes-sonoros-del-imagen-fest-a-manizales-y-bogota\/","title":{"rendered":"Llegan los paisajes y puentes sonoros del Imagen Fest a Manizales y Bogot\u00e1"},"content":{"rendered":"<p><img loading=\"lazy\" decoding=\"async\" class=\"aligncenter size-full wp-image-73116\" src=\"https:\/\/www.ucaldas.edu.co\/portal\/wp-content\/uploads\/2022\/10\/Diseno-sin-titulo-2-1.jpg\" alt=\"El imagen Fest llega a su tercer d\u00eda\" width=\"700\" height=\"400\" srcset=\"https:\/\/www.ucaldas.edu.co\/portal\/wp-content\/uploads\/2022\/10\/Diseno-sin-titulo-2-1.jpg 700w, https:\/\/www.ucaldas.edu.co\/portal\/wp-content\/uploads\/2022\/10\/Diseno-sin-titulo-2-1-300x171.jpg 300w\" sizes=\"auto, (max-width: 700px) 100vw, 700px\" \/><\/p>\n<p>El Festival Internacional de la Imagen SURTrop\u00edas incluye dentro de su programaci\u00f3n la presentaci\u00f3n de paisajes y puentes sonoros como un formato contempor\u00e1neo que permite la relaci\u00f3n del medio urbano y el hombre a trav\u00e9s del juego con los silencios, los sonidos capturados y el dise\u00f1o ac\u00fastico.<\/p>\n<p><!--more--><\/p>\n<p>Ser\u00e1n presentados en escenarios como el Teatro Los Fundadores y el Centro Cultural Universitario Rogelio Salmona en Manizales y Museo de Artes Visuales y la Universidad Jorge Tadeo Lozano en Bogot\u00e1.<\/p>\n<p>\u201cLa estructura del Festival en Manizales contin\u00faa siendo la tradicional, en las ma\u00f1anas unas conferencias en el Teatro Los Fundadores, en las tardes exposiciones, talleres y conversatorios en diferentes lugares y en las noches paisajes sonoros y conciertos de m\u00fasica experimental, electroac\u00fastica y electr\u00f3nica\u201d, expresa Felipe C\u00e9sar Londo\u00f1o, director general del Imagen Fest.<\/p>\n<p>Este mi\u00e9rcoles se tiene prevista la siguiente programaci\u00f3n en el Teatro Los Fundadores:<\/p>\n<p>&nbsp;<\/p>\n<p><strong>7:00 pm a 7:20 pm<br \/>\n<\/strong><strong>Paisaje sonoro: Puente<br \/>\n<\/strong><strong>Adeline Charneau y Pablo Andr\u00e9s Cardona Correa (Francia &#8211; Colombia)<\/strong><\/p>\n<p>El puente es el paso. El paso entre dos mundos. El paso para cruzar y\/o liberarse de los desaf\u00edos geopol\u00edticos y medioambientales. Pero es tambi\u00e9n, y sobre todo, un lugar donde la gente se cruza y a veces se encuentra. De este encuentro nace un tercer mundo, el puente es el testigo de los incesantes movimientos de un mundo plural en constante evoluci\u00f3n de las interrelaciones entre los seres humanos.<\/p>\n<p><strong>7:20 pm a 7:50 pm<br \/>\n<\/strong><strong>Paisaje sonoro: Endless \/ Xenosite<br \/>\n<\/strong><strong>Gisela Frick Hassenberg (Chile)<\/strong><\/p>\n<p><strong>\u00a0<\/strong>\u201cEndless \/ Xenosinte\u201d es una pieza de arte sonoro que se sustenta en sonidos y cantos de aves nativas y end\u00e9micas de Chile capturadas en el Parque Nacional la Campana por el ornit\u00f3logo Peter Boesman y liberadas bajo licencia creative commons. Estos sonidos son reorganizados como un xeno-sintetizador (xeno : alien) que forma y repite en seis secuencias de loop de cinco minutos el collage sonoro de la avifauna, cuyos silencios se van llenando al dar paso a la intervenci\u00f3n \u2018alien\u2019 de una improvisaci\u00f3n al piano, instrumento o artificio mec\u00e1nico de percusi\u00f3n mel\u00f3dica creado en los albores del siglo XVIII.<\/p>\n<p>&nbsp;<\/p>\n<p><strong>7:50 pm a 8:20 pm<br \/>\n<\/strong><strong>Paisaje sonoro: Laser Drawing See the sound and hear the light<br \/>\n<\/strong><strong>Alberto Novello (Italia)<\/strong><\/p>\n<p>&nbsp;<\/p>\n<p><strong>8:20 pm a 9:00 pm<br \/>\n<\/strong><strong>Paisaje sonoro: DM\u00d1NNS<br \/>\n<\/strong><strong>Lajalada -Bel\u00e9n \u00c1lvarez Doreste (Espa\u00f1a)<\/strong><\/p>\n<p>DM\u00d1NNS contiene todo el coraz\u00f3n y canciones de estos \u00faltimos 4 a\u00f1os (algunas anteriores), arregladas y exprimidas como una \u00fanica historia, en 10 canciones, cuidadas todas hasta la \u00faltima de las notas, hasta la \u00faltima de las palabras y el \u00faltimo de los silencios y vestidas para la ocasi\u00f3n con visuales de Adri\u00e1n Le\u00f3n Arocha y Bel\u00e9n \u00c1. Doreste.<\/p>\n<p>&nbsp;<\/p>\n<p><strong>Anexo:<br \/>\n<\/strong><strong><a href=\"https:\/\/go.ivoox.com\/rf\/94341213\">Audio director Festival Internacional de la Imagen, Felipe Cesar Londo\u00f1o L\u00f3pez<\/a><br \/>\n<iframe loading=\"lazy\" src=\"https:\/\/www.ivoox.com\/player_ek_94341213_2_1.html?data=mpmglpaWdZShhpywj5KJe6ShjoqkpZKUcYarpJKdj4qbh47AzcrUw9OPsNDnjNXOy9jFrsbnjN6Y0trJstXZ1JDg0dPTttDnjMnSzpCtscLbxtOYqMrXuIzVjoqkpZKuiae5jKmyjbW2ia_HopKSmaiReA..&amp;\" width=\"238\" height=\"48\" frameborder=\"0\" scrolling=\"no\" allowfullscreen=\"allowfullscreen\"><\/iframe><\/strong><\/p>\n<p>&nbsp;<\/p>\n<p><strong>Informes: <\/strong>Oficina de Comunicaciones y Prensa Universidad de Caldas.<br \/>\n<strong>Redacci\u00f3n:<\/strong> Juana Valentina Bustos<\/p>\n<p>&nbsp;<\/p>\n","protected":false},"excerpt":{"rendered":"<p>El Festival Internacional de la Imagen SURTrop\u00edas incluye dentro de su programaci\u00f3n la presentaci\u00f3n de paisajes y puentes sonoros como un formato contempor\u00e1neo que permite la relaci\u00f3n del medio urbano y el hombre a trav\u00e9s del juego con los silencios, los sonidos capturados y el dise\u00f1o ac\u00fastico.<\/p>\n","protected":false},"author":2,"featured_media":73116,"comment_status":"closed","ping_status":"open","sticky":false,"template":"","format":"standard","meta":{"footnotes":""},"categories":[48,53,664],"tags":[952,4891,193,363,743],"class_list":["post-73115","post","type-post","status-publish","format-standard","has-post-thumbnail","hentry","category-actualidad","category-universidad-al-dia","category-ucaldas-cultural","tag-paisajes-sonoros","tag-imagen-fest","tag-arte","tag-innovacion","tag-manizales"],"yoast_head":"<!-- This site is optimized with the Yoast SEO plugin v27.5 - https:\/\/yoast.com\/product\/yoast-seo-wordpress\/ -->\n<title>Llegan los paisajes y puentes sonoros del Imagen Fest a Manizales y Bogot\u00e1 .<\/title>\n<meta name=\"robots\" content=\"index, follow, max-snippet:-1, max-image-preview:large, max-video-preview:-1\" \/>\n<link rel=\"canonical\" href=\"https:\/\/www.ucaldas.edu.co\/portal\/llegan-los-paisajes-y-puentes-sonoros-del-imagen-fest-a-manizales-y-bogota\/\" \/>\n<script type=\"application\/ld+json\" class=\"yoast-schema-graph\">{\"@context\":\"https:\\\/\\\/schema.org\",\"@graph\":[{\"@type\":\"Article\",\"@id\":\"https:\\\/\\\/www.ucaldas.edu.co\\\/portal\\\/llegan-los-paisajes-y-puentes-sonoros-del-imagen-fest-a-manizales-y-bogota\\\/#article\",\"isPartOf\":{\"@id\":\"https:\\\/\\\/www.ucaldas.edu.co\\\/portal\\\/llegan-los-paisajes-y-puentes-sonoros-del-imagen-fest-a-manizales-y-bogota\\\/\"},\"author\":{\"name\":\"ofiprensa\",\"@id\":\"https:\\\/\\\/www.ucaldas.edu.co\\\/portal\\\/#\\\/schema\\\/person\\\/a1b482e23449158b4bc319926c074fdf\"},\"headline\":\"Llegan los paisajes y puentes sonoros del Imagen Fest a Manizales y Bogot\u00e1\",\"datePublished\":\"2022-10-19T22:39:26+00:00\",\"mainEntityOfPage\":{\"@id\":\"https:\\\/\\\/www.ucaldas.edu.co\\\/portal\\\/llegan-los-paisajes-y-puentes-sonoros-del-imagen-fest-a-manizales-y-bogota\\\/\"},\"wordCount\":511,\"publisher\":{\"@id\":\"https:\\\/\\\/www.ucaldas.edu.co\\\/portal\\\/#organization\"},\"image\":{\"@id\":\"https:\\\/\\\/www.ucaldas.edu.co\\\/portal\\\/llegan-los-paisajes-y-puentes-sonoros-del-imagen-fest-a-manizales-y-bogota\\\/#primaryimage\"},\"thumbnailUrl\":\"https:\\\/\\\/www.ucaldas.edu.co\\\/portal\\\/wp-content\\\/uploads\\\/2022\\\/10\\\/Diseno-sin-titulo-2-1.jpg\",\"keywords\":[\"Paisajes sonoros\",\"imagen fest\",\"Arte\",\"innovaci\u00f3n\",\"Manizales\"],\"articleSection\":[\"Actualidad\",\"Universidad al D\u00eda\",\"UCaldas Cultural\"],\"inLanguage\":\"es\"},{\"@type\":\"WebPage\",\"@id\":\"https:\\\/\\\/www.ucaldas.edu.co\\\/portal\\\/llegan-los-paisajes-y-puentes-sonoros-del-imagen-fest-a-manizales-y-bogota\\\/\",\"url\":\"https:\\\/\\\/www.ucaldas.edu.co\\\/portal\\\/llegan-los-paisajes-y-puentes-sonoros-del-imagen-fest-a-manizales-y-bogota\\\/\",\"name\":\"Llegan los paisajes y puentes sonoros del Imagen Fest a Manizales y Bogot\u00e1 .\",\"isPartOf\":{\"@id\":\"https:\\\/\\\/www.ucaldas.edu.co\\\/portal\\\/#website\"},\"primaryImageOfPage\":{\"@id\":\"https:\\\/\\\/www.ucaldas.edu.co\\\/portal\\\/llegan-los-paisajes-y-puentes-sonoros-del-imagen-fest-a-manizales-y-bogota\\\/#primaryimage\"},\"image\":{\"@id\":\"https:\\\/\\\/www.ucaldas.edu.co\\\/portal\\\/llegan-los-paisajes-y-puentes-sonoros-del-imagen-fest-a-manizales-y-bogota\\\/#primaryimage\"},\"thumbnailUrl\":\"https:\\\/\\\/www.ucaldas.edu.co\\\/portal\\\/wp-content\\\/uploads\\\/2022\\\/10\\\/Diseno-sin-titulo-2-1.jpg\",\"datePublished\":\"2022-10-19T22:39:26+00:00\",\"breadcrumb\":{\"@id\":\"https:\\\/\\\/www.ucaldas.edu.co\\\/portal\\\/llegan-los-paisajes-y-puentes-sonoros-del-imagen-fest-a-manizales-y-bogota\\\/#breadcrumb\"},\"inLanguage\":\"es\",\"potentialAction\":[{\"@type\":\"ReadAction\",\"target\":[\"https:\\\/\\\/www.ucaldas.edu.co\\\/portal\\\/llegan-los-paisajes-y-puentes-sonoros-del-imagen-fest-a-manizales-y-bogota\\\/\"]}]},{\"@type\":\"ImageObject\",\"inLanguage\":\"es\",\"@id\":\"https:\\\/\\\/www.ucaldas.edu.co\\\/portal\\\/llegan-los-paisajes-y-puentes-sonoros-del-imagen-fest-a-manizales-y-bogota\\\/#primaryimage\",\"url\":\"https:\\\/\\\/www.ucaldas.edu.co\\\/portal\\\/wp-content\\\/uploads\\\/2022\\\/10\\\/Diseno-sin-titulo-2-1.jpg\",\"contentUrl\":\"https:\\\/\\\/www.ucaldas.edu.co\\\/portal\\\/wp-content\\\/uploads\\\/2022\\\/10\\\/Diseno-sin-titulo-2-1.jpg\",\"width\":700,\"height\":400,\"caption\":\"El imagen Fest llega a su tercer d\u00eda\"},{\"@type\":\"BreadcrumbList\",\"@id\":\"https:\\\/\\\/www.ucaldas.edu.co\\\/portal\\\/llegan-los-paisajes-y-puentes-sonoros-del-imagen-fest-a-manizales-y-bogota\\\/#breadcrumb\",\"itemListElement\":[{\"@type\":\"ListItem\",\"position\":1,\"name\":\"Portada\",\"item\":\"https:\\\/\\\/www.ucaldas.edu.co\\\/portal\\\/\"},{\"@type\":\"ListItem\",\"position\":2,\"name\":\"Llegan los paisajes y puentes sonoros del Imagen Fest a Manizales y Bogot\u00e1\"}]},{\"@type\":\"WebSite\",\"@id\":\"https:\\\/\\\/www.ucaldas.edu.co\\\/portal\\\/#website\",\"url\":\"https:\\\/\\\/www.ucaldas.edu.co\\\/portal\\\/\",\"name\":\"Universidad de Caldas\",\"description\":\"\",\"publisher\":{\"@id\":\"https:\\\/\\\/www.ucaldas.edu.co\\\/portal\\\/#organization\"},\"alternateName\":\"U. de Caldas\",\"potentialAction\":[{\"@type\":\"SearchAction\",\"target\":{\"@type\":\"EntryPoint\",\"urlTemplate\":\"https:\\\/\\\/www.ucaldas.edu.co\\\/portal\\\/?s={search_term_string}\"},\"query-input\":{\"@type\":\"PropertyValueSpecification\",\"valueRequired\":true,\"valueName\":\"search_term_string\"}}],\"inLanguage\":\"es\"},{\"@type\":\"Organization\",\"@id\":\"https:\\\/\\\/www.ucaldas.edu.co\\\/portal\\\/#organization\",\"name\":\"Universidad de Caldas\",\"alternateName\":\"U. de Caldas\",\"url\":\"https:\\\/\\\/www.ucaldas.edu.co\\\/portal\\\/\",\"logo\":{\"@type\":\"ImageObject\",\"inLanguage\":\"es\",\"@id\":\"https:\\\/\\\/www.ucaldas.edu.co\\\/portal\\\/#\\\/schema\\\/logo\\\/image\\\/\",\"url\":\"https:\\\/\\\/www.ucaldas.edu.co\\\/portal\\\/wp-content\\\/uploads\\\/2023\\\/11\\\/Logo_horizontal_oscuroU-2023.png\",\"contentUrl\":\"https:\\\/\\\/www.ucaldas.edu.co\\\/portal\\\/wp-content\\\/uploads\\\/2023\\\/11\\\/Logo_horizontal_oscuroU-2023.png\",\"width\":263,\"height\":101,\"caption\":\"Universidad de Caldas\"},\"image\":{\"@id\":\"https:\\\/\\\/www.ucaldas.edu.co\\\/portal\\\/#\\\/schema\\\/logo\\\/image\\\/\"},\"sameAs\":[\"https:\\\/\\\/www.facebook.com\\\/udecaldas\",\"https:\\\/\\\/x.com\\\/udecaldas\",\"https:\\\/\\\/www.youtube.com\\\/universidadcaldas\",\"https:\\\/\\\/www.instagram.com\\\/udecaldas\\\/\"]},{\"@type\":\"Person\",\"@id\":\"https:\\\/\\\/www.ucaldas.edu.co\\\/portal\\\/#\\\/schema\\\/person\\\/a1b482e23449158b4bc319926c074fdf\",\"name\":\"ofiprensa\",\"image\":{\"@type\":\"ImageObject\",\"inLanguage\":\"es\",\"@id\":\"https:\\\/\\\/www.ucaldas.edu.co\\\/portal\\\/wp-content\\\/litespeed\\\/avatar\\\/09ea5085e600095a7a811142c6944527.jpg?ver=1777497608\",\"url\":\"https:\\\/\\\/www.ucaldas.edu.co\\\/portal\\\/wp-content\\\/litespeed\\\/avatar\\\/09ea5085e600095a7a811142c6944527.jpg?ver=1777497608\",\"contentUrl\":\"https:\\\/\\\/www.ucaldas.edu.co\\\/portal\\\/wp-content\\\/litespeed\\\/avatar\\\/09ea5085e600095a7a811142c6944527.jpg?ver=1777497608\",\"caption\":\"ofiprensa\"},\"url\":\"https:\\\/\\\/www.ucaldas.edu.co\\\/portal\\\/author\\\/ofiprensa\\\/\"}]}<\/script>\n<!-- \/ Yoast SEO plugin. -->","yoast_head_json":{"title":"Llegan los paisajes y puentes sonoros del Imagen Fest a Manizales y Bogot\u00e1 .","robots":{"index":"index","follow":"follow","max-snippet":"max-snippet:-1","max-image-preview":"max-image-preview:large","max-video-preview":"max-video-preview:-1"},"canonical":"https:\/\/www.ucaldas.edu.co\/portal\/llegan-los-paisajes-y-puentes-sonoros-del-imagen-fest-a-manizales-y-bogota\/","schema":{"@context":"https:\/\/schema.org","@graph":[{"@type":"Article","@id":"https:\/\/www.ucaldas.edu.co\/portal\/llegan-los-paisajes-y-puentes-sonoros-del-imagen-fest-a-manizales-y-bogota\/#article","isPartOf":{"@id":"https:\/\/www.ucaldas.edu.co\/portal\/llegan-los-paisajes-y-puentes-sonoros-del-imagen-fest-a-manizales-y-bogota\/"},"author":{"name":"ofiprensa","@id":"https:\/\/www.ucaldas.edu.co\/portal\/#\/schema\/person\/a1b482e23449158b4bc319926c074fdf"},"headline":"Llegan los paisajes y puentes sonoros del Imagen Fest a Manizales y Bogot\u00e1","datePublished":"2022-10-19T22:39:26+00:00","mainEntityOfPage":{"@id":"https:\/\/www.ucaldas.edu.co\/portal\/llegan-los-paisajes-y-puentes-sonoros-del-imagen-fest-a-manizales-y-bogota\/"},"wordCount":511,"publisher":{"@id":"https:\/\/www.ucaldas.edu.co\/portal\/#organization"},"image":{"@id":"https:\/\/www.ucaldas.edu.co\/portal\/llegan-los-paisajes-y-puentes-sonoros-del-imagen-fest-a-manizales-y-bogota\/#primaryimage"},"thumbnailUrl":"https:\/\/www.ucaldas.edu.co\/portal\/wp-content\/uploads\/2022\/10\/Diseno-sin-titulo-2-1.jpg","keywords":["Paisajes sonoros","imagen fest","Arte","innovaci\u00f3n","Manizales"],"articleSection":["Actualidad","Universidad al D\u00eda","UCaldas Cultural"],"inLanguage":"es"},{"@type":"WebPage","@id":"https:\/\/www.ucaldas.edu.co\/portal\/llegan-los-paisajes-y-puentes-sonoros-del-imagen-fest-a-manizales-y-bogota\/","url":"https:\/\/www.ucaldas.edu.co\/portal\/llegan-los-paisajes-y-puentes-sonoros-del-imagen-fest-a-manizales-y-bogota\/","name":"Llegan los paisajes y puentes sonoros del Imagen Fest a Manizales y Bogot\u00e1 .","isPartOf":{"@id":"https:\/\/www.ucaldas.edu.co\/portal\/#website"},"primaryImageOfPage":{"@id":"https:\/\/www.ucaldas.edu.co\/portal\/llegan-los-paisajes-y-puentes-sonoros-del-imagen-fest-a-manizales-y-bogota\/#primaryimage"},"image":{"@id":"https:\/\/www.ucaldas.edu.co\/portal\/llegan-los-paisajes-y-puentes-sonoros-del-imagen-fest-a-manizales-y-bogota\/#primaryimage"},"thumbnailUrl":"https:\/\/www.ucaldas.edu.co\/portal\/wp-content\/uploads\/2022\/10\/Diseno-sin-titulo-2-1.jpg","datePublished":"2022-10-19T22:39:26+00:00","breadcrumb":{"@id":"https:\/\/www.ucaldas.edu.co\/portal\/llegan-los-paisajes-y-puentes-sonoros-del-imagen-fest-a-manizales-y-bogota\/#breadcrumb"},"inLanguage":"es","potentialAction":[{"@type":"ReadAction","target":["https:\/\/www.ucaldas.edu.co\/portal\/llegan-los-paisajes-y-puentes-sonoros-del-imagen-fest-a-manizales-y-bogota\/"]}]},{"@type":"ImageObject","inLanguage":"es","@id":"https:\/\/www.ucaldas.edu.co\/portal\/llegan-los-paisajes-y-puentes-sonoros-del-imagen-fest-a-manizales-y-bogota\/#primaryimage","url":"https:\/\/www.ucaldas.edu.co\/portal\/wp-content\/uploads\/2022\/10\/Diseno-sin-titulo-2-1.jpg","contentUrl":"https:\/\/www.ucaldas.edu.co\/portal\/wp-content\/uploads\/2022\/10\/Diseno-sin-titulo-2-1.jpg","width":700,"height":400,"caption":"El imagen Fest llega a su tercer d\u00eda"},{"@type":"BreadcrumbList","@id":"https:\/\/www.ucaldas.edu.co\/portal\/llegan-los-paisajes-y-puentes-sonoros-del-imagen-fest-a-manizales-y-bogota\/#breadcrumb","itemListElement":[{"@type":"ListItem","position":1,"name":"Portada","item":"https:\/\/www.ucaldas.edu.co\/portal\/"},{"@type":"ListItem","position":2,"name":"Llegan los paisajes y puentes sonoros del Imagen Fest a Manizales y Bogot\u00e1"}]},{"@type":"WebSite","@id":"https:\/\/www.ucaldas.edu.co\/portal\/#website","url":"https:\/\/www.ucaldas.edu.co\/portal\/","name":"Universidad de Caldas","description":"","publisher":{"@id":"https:\/\/www.ucaldas.edu.co\/portal\/#organization"},"alternateName":"U. de Caldas","potentialAction":[{"@type":"SearchAction","target":{"@type":"EntryPoint","urlTemplate":"https:\/\/www.ucaldas.edu.co\/portal\/?s={search_term_string}"},"query-input":{"@type":"PropertyValueSpecification","valueRequired":true,"valueName":"search_term_string"}}],"inLanguage":"es"},{"@type":"Organization","@id":"https:\/\/www.ucaldas.edu.co\/portal\/#organization","name":"Universidad de Caldas","alternateName":"U. de Caldas","url":"https:\/\/www.ucaldas.edu.co\/portal\/","logo":{"@type":"ImageObject","inLanguage":"es","@id":"https:\/\/www.ucaldas.edu.co\/portal\/#\/schema\/logo\/image\/","url":"https:\/\/www.ucaldas.edu.co\/portal\/wp-content\/uploads\/2023\/11\/Logo_horizontal_oscuroU-2023.png","contentUrl":"https:\/\/www.ucaldas.edu.co\/portal\/wp-content\/uploads\/2023\/11\/Logo_horizontal_oscuroU-2023.png","width":263,"height":101,"caption":"Universidad de Caldas"},"image":{"@id":"https:\/\/www.ucaldas.edu.co\/portal\/#\/schema\/logo\/image\/"},"sameAs":["https:\/\/www.facebook.com\/udecaldas","https:\/\/x.com\/udecaldas","https:\/\/www.youtube.com\/universidadcaldas","https:\/\/www.instagram.com\/udecaldas\/"]},{"@type":"Person","@id":"https:\/\/www.ucaldas.edu.co\/portal\/#\/schema\/person\/a1b482e23449158b4bc319926c074fdf","name":"ofiprensa","image":{"@type":"ImageObject","inLanguage":"es","@id":"https:\/\/www.ucaldas.edu.co\/portal\/wp-content\/litespeed\/avatar\/09ea5085e600095a7a811142c6944527.jpg?ver=1777497608","url":"https:\/\/www.ucaldas.edu.co\/portal\/wp-content\/litespeed\/avatar\/09ea5085e600095a7a811142c6944527.jpg?ver=1777497608","contentUrl":"https:\/\/www.ucaldas.edu.co\/portal\/wp-content\/litespeed\/avatar\/09ea5085e600095a7a811142c6944527.jpg?ver=1777497608","caption":"ofiprensa"},"url":"https:\/\/www.ucaldas.edu.co\/portal\/author\/ofiprensa\/"}]}},"_links":{"self":[{"href":"https:\/\/www.ucaldas.edu.co\/portal\/wp-json\/wp\/v2\/posts\/73115","targetHints":{"allow":["GET"]}}],"collection":[{"href":"https:\/\/www.ucaldas.edu.co\/portal\/wp-json\/wp\/v2\/posts"}],"about":[{"href":"https:\/\/www.ucaldas.edu.co\/portal\/wp-json\/wp\/v2\/types\/post"}],"author":[{"embeddable":true,"href":"https:\/\/www.ucaldas.edu.co\/portal\/wp-json\/wp\/v2\/users\/2"}],"replies":[{"embeddable":true,"href":"https:\/\/www.ucaldas.edu.co\/portal\/wp-json\/wp\/v2\/comments?post=73115"}],"version-history":[{"count":0,"href":"https:\/\/www.ucaldas.edu.co\/portal\/wp-json\/wp\/v2\/posts\/73115\/revisions"}],"wp:featuredmedia":[{"embeddable":true,"href":"https:\/\/www.ucaldas.edu.co\/portal\/wp-json\/wp\/v2\/media\/73116"}],"wp:attachment":[{"href":"https:\/\/www.ucaldas.edu.co\/portal\/wp-json\/wp\/v2\/media?parent=73115"}],"wp:term":[{"taxonomy":"category","embeddable":true,"href":"https:\/\/www.ucaldas.edu.co\/portal\/wp-json\/wp\/v2\/categories?post=73115"},{"taxonomy":"post_tag","embeddable":true,"href":"https:\/\/www.ucaldas.edu.co\/portal\/wp-json\/wp\/v2\/tags?post=73115"}],"curies":[{"name":"wp","href":"https:\/\/api.w.org\/{rel}","templated":true}]}}