{"id":73102,"date":"2022-10-19T22:01:56","date_gmt":"2022-10-19T22:01:56","guid":{"rendered":"https:\/\/www.ucaldas.edu.co\/portal\/?p=73102"},"modified":"2022-10-19T22:01:56","modified_gmt":"2022-10-19T22:01:56","slug":"convocatoria-para-designacion-representante-de-exrectores-ante-el-consejo-superior-de-la-universidad-pedagogica-nacional","status":"publish","type":"post","link":"https:\/\/www.ucaldas.edu.co\/portal\/convocatoria-para-designacion-representante-de-exrectores-ante-el-consejo-superior-de-la-universidad-pedagogica-nacional\/","title":{"rendered":"Convocatoria para designaci\u00f3n representante de exrectores ante el Consejo Superior de la Universidad Pedag\u00f3gica Nacional"},"content":{"rendered":"<p>&nbsp;<\/p>\n<p><img loading=\"lazy\" decoding=\"async\" class=\"aligncenter size-full wp-image-73103\" src=\"https:\/\/www.ucaldas.edu.co\/portal\/wp-content\/uploads\/2022\/10\/eleccion-exrectores.jpg\" alt=\"Convocatoria Universidad Pedag\u00f3gica Nacional\" width=\"700\" height=\"400\" srcset=\"https:\/\/www.ucaldas.edu.co\/portal\/wp-content\/uploads\/2022\/10\/eleccion-exrectores.jpg 700w, https:\/\/www.ucaldas.edu.co\/portal\/wp-content\/uploads\/2022\/10\/eleccion-exrectores-300x171.jpg 300w\" sizes=\"auto, (max-width: 700px) 100vw, 700px\" \/><\/p>\n<p>El Consejo Superior de la Universidad Pedag\u00f3gica Nacional tiene abierta la convocatoria para la designaci\u00f3n del representante de los exrectores ante esta corporaci\u00f3n para el periodo 2022-2024.<\/p>\n<p><!--more--><\/p>\n<p>La convocatoria est\u00e1 dirigida a todos los exrectores de universidades p\u00fablicas del pa\u00eds para que hagan parte del Consejo Superior de la Universidad Pedag\u00f3gica Nacional. Los requisitos para participar son:<\/p>\n<ul>\n<li>Ser exrector de universidad p\u00fablica del pa\u00eds con reconocimiento acad\u00e9mico cient\u00edfi\u00adco en el \u00e1mbito educativo.<\/li>\n<li>No encontrarse incurso en las causales de inhabilidad, incompatibilidad, ni conflicto de intereses del orden constitucional o legal, para ejercer cargos o empleos p\u00fablicos.<\/li>\n<\/ul>\n<p>Los interesados en participar en esta convocatoria, deben enviar un mensaje al correo electr\u00f3nico gobierno_universitario@pedagogica.edu.co desde el correo electr\u00f3nico personal, con la siguiente informaci\u00f3n:<\/p>\n<ul>\n<li>Asunto: Inscripci\u00f3n de aspirante a representante de exrectores ante el Consejo Superior.<\/li>\n<li>Nombre completo, n\u00famero de documento de identidad, correo electr\u00f3nico y n\u00fameros de tel\u00e9fono o celular.<\/li>\n<li>Hoja de vida en formato \u00fanico, persona natural del Departamento Administrativo de la Funci\u00f3n P\u00fablica; Fotocopia ampliada al 150% de la c\u00e9dula de ciudadan\u00eda; certi\u00adficaci\u00f3n expedida por la respectiva universidad p\u00fablica, en la que acredite su condici\u00f3n de exrector; manifestaci\u00f3n expresa de aceptaci\u00f3n del cargo en caso de ser designado, la cual se realizar\u00e1 en el formato elaborado por la Secretar\u00eda General; declaraci\u00f3n de no encontrarse incurso en causales de inhabilidad o incompatibilidad;<\/li>\n<\/ul>\n<p>Adem\u00e1s se deber\u00e1 incluir el formato FOR009GSI-Autorizaci\u00f3n de tratamiento de datos personales y de menores de edad debidamente diligenciado y firmado.<\/p>\n<p><strong>\u00a0<\/strong><\/p>\n<p><strong><a href=\"https:\/\/www.ucaldas.edu.co\/portal\/wp-content\/uploads\/2022\/10\/Aviso-convocatoria_designacion_representante_exrectores.pdf\">Convocatoria completa aqu\u00ed.<\/a><\/strong><\/p>\n<p><strong>\u00a0<\/strong><\/p>\n<p><strong>Informes: <\/strong>Oficina de Comunicaciones y Prensa Universidad de Caldas.<br \/>\n<strong>Redacci\u00f3n:<\/strong> Mateo Buritic\u00e1 Giraldo<\/p>\n<p>&nbsp;<\/p>\n","protected":false},"excerpt":{"rendered":"<p>&nbsp; El Consejo Superior de la Universidad Pedag\u00f3gica Nacional tiene abierta la convocatoria para la designaci\u00f3n del representante de los exrectores ante esta corporaci\u00f3n para el periodo 2022-2024.<\/p>\n","protected":false},"author":2,"featured_media":73103,"comment_status":"closed","ping_status":"open","sticky":false,"template":"","format":"standard","meta":{"footnotes":""},"categories":[48,53,620],"tags":[3106,4620,9284],"class_list":["post-73102","post","type-post","status-publish","format-standard","has-post-thumbnail","hentry","category-actualidad","category-universidad-al-dia","category-ucaldas-transparente","tag-universidad-pedagogica-nacional","tag-postulaciones","tag-representante-exrectores"],"yoast_head":"<!-- This site is optimized with the Yoast SEO plugin v27.5 - https:\/\/yoast.com\/product\/yoast-seo-wordpress\/ -->\n<title>Convocatoria para designaci\u00f3n representante de exrectores ante el Consejo Superior de la Universidad Pedag\u00f3gica Nacional .<\/title>\n<meta name=\"robots\" content=\"index, follow, max-snippet:-1, max-image-preview:large, max-video-preview:-1\" \/>\n<link rel=\"canonical\" href=\"https:\/\/www.ucaldas.edu.co\/portal\/convocatoria-para-designacion-representante-de-exrectores-ante-el-consejo-superior-de-la-universidad-pedagogica-nacional\/\" \/>\n<script type=\"application\/ld+json\" class=\"yoast-schema-graph\">{\"@context\":\"https:\\\/\\\/schema.org\",\"@graph\":[{\"@type\":\"Article\",\"@id\":\"https:\\\/\\\/www.ucaldas.edu.co\\\/portal\\\/convocatoria-para-designacion-representante-de-exrectores-ante-el-consejo-superior-de-la-universidad-pedagogica-nacional\\\/#article\",\"isPartOf\":{\"@id\":\"https:\\\/\\\/www.ucaldas.edu.co\\\/portal\\\/convocatoria-para-designacion-representante-de-exrectores-ante-el-consejo-superior-de-la-universidad-pedagogica-nacional\\\/\"},\"author\":{\"name\":\"ofiprensa\",\"@id\":\"https:\\\/\\\/www.ucaldas.edu.co\\\/portal\\\/#\\\/schema\\\/person\\\/a1b482e23449158b4bc319926c074fdf\"},\"headline\":\"Convocatoria para designaci\u00f3n representante de exrectores ante el Consejo Superior de la Universidad Pedag\u00f3gica Nacional\",\"datePublished\":\"2022-10-19T22:01:56+00:00\",\"mainEntityOfPage\":{\"@id\":\"https:\\\/\\\/www.ucaldas.edu.co\\\/portal\\\/convocatoria-para-designacion-representante-de-exrectores-ante-el-consejo-superior-de-la-universidad-pedagogica-nacional\\\/\"},\"wordCount\":315,\"publisher\":{\"@id\":\"https:\\\/\\\/www.ucaldas.edu.co\\\/portal\\\/#organization\"},\"image\":{\"@id\":\"https:\\\/\\\/www.ucaldas.edu.co\\\/portal\\\/convocatoria-para-designacion-representante-de-exrectores-ante-el-consejo-superior-de-la-universidad-pedagogica-nacional\\\/#primaryimage\"},\"thumbnailUrl\":\"https:\\\/\\\/www.ucaldas.edu.co\\\/portal\\\/wp-content\\\/uploads\\\/2022\\\/10\\\/eleccion-exrectores.jpg\",\"keywords\":[\"universidad pedag\u00f3gica nacional\",\"postulaciones\",\"representante exrectores\"],\"articleSection\":[\"Actualidad\",\"Universidad al D\u00eda\",\"UCaldas Transparente\"],\"inLanguage\":\"es\"},{\"@type\":\"WebPage\",\"@id\":\"https:\\\/\\\/www.ucaldas.edu.co\\\/portal\\\/convocatoria-para-designacion-representante-de-exrectores-ante-el-consejo-superior-de-la-universidad-pedagogica-nacional\\\/\",\"url\":\"https:\\\/\\\/www.ucaldas.edu.co\\\/portal\\\/convocatoria-para-designacion-representante-de-exrectores-ante-el-consejo-superior-de-la-universidad-pedagogica-nacional\\\/\",\"name\":\"Convocatoria para designaci\u00f3n representante de exrectores ante el Consejo Superior de la Universidad Pedag\u00f3gica Nacional .\",\"isPartOf\":{\"@id\":\"https:\\\/\\\/www.ucaldas.edu.co\\\/portal\\\/#website\"},\"primaryImageOfPage\":{\"@id\":\"https:\\\/\\\/www.ucaldas.edu.co\\\/portal\\\/convocatoria-para-designacion-representante-de-exrectores-ante-el-consejo-superior-de-la-universidad-pedagogica-nacional\\\/#primaryimage\"},\"image\":{\"@id\":\"https:\\\/\\\/www.ucaldas.edu.co\\\/portal\\\/convocatoria-para-designacion-representante-de-exrectores-ante-el-consejo-superior-de-la-universidad-pedagogica-nacional\\\/#primaryimage\"},\"thumbnailUrl\":\"https:\\\/\\\/www.ucaldas.edu.co\\\/portal\\\/wp-content\\\/uploads\\\/2022\\\/10\\\/eleccion-exrectores.jpg\",\"datePublished\":\"2022-10-19T22:01:56+00:00\",\"breadcrumb\":{\"@id\":\"https:\\\/\\\/www.ucaldas.edu.co\\\/portal\\\/convocatoria-para-designacion-representante-de-exrectores-ante-el-consejo-superior-de-la-universidad-pedagogica-nacional\\\/#breadcrumb\"},\"inLanguage\":\"es\",\"potentialAction\":[{\"@type\":\"ReadAction\",\"target\":[\"https:\\\/\\\/www.ucaldas.edu.co\\\/portal\\\/convocatoria-para-designacion-representante-de-exrectores-ante-el-consejo-superior-de-la-universidad-pedagogica-nacional\\\/\"]}]},{\"@type\":\"ImageObject\",\"inLanguage\":\"es\",\"@id\":\"https:\\\/\\\/www.ucaldas.edu.co\\\/portal\\\/convocatoria-para-designacion-representante-de-exrectores-ante-el-consejo-superior-de-la-universidad-pedagogica-nacional\\\/#primaryimage\",\"url\":\"https:\\\/\\\/www.ucaldas.edu.co\\\/portal\\\/wp-content\\\/uploads\\\/2022\\\/10\\\/eleccion-exrectores.jpg\",\"contentUrl\":\"https:\\\/\\\/www.ucaldas.edu.co\\\/portal\\\/wp-content\\\/uploads\\\/2022\\\/10\\\/eleccion-exrectores.jpg\",\"width\":700,\"height\":400,\"caption\":\"Convocatoria Universidad Pedag\u00f3gica Nacional\"},{\"@type\":\"BreadcrumbList\",\"@id\":\"https:\\\/\\\/www.ucaldas.edu.co\\\/portal\\\/convocatoria-para-designacion-representante-de-exrectores-ante-el-consejo-superior-de-la-universidad-pedagogica-nacional\\\/#breadcrumb\",\"itemListElement\":[{\"@type\":\"ListItem\",\"position\":1,\"name\":\"Portada\",\"item\":\"https:\\\/\\\/www.ucaldas.edu.co\\\/portal\\\/\"},{\"@type\":\"ListItem\",\"position\":2,\"name\":\"Convocatoria para designaci\u00f3n representante de exrectores ante el Consejo Superior de la Universidad Pedag\u00f3gica Nacional\"}]},{\"@type\":\"WebSite\",\"@id\":\"https:\\\/\\\/www.ucaldas.edu.co\\\/portal\\\/#website\",\"url\":\"https:\\\/\\\/www.ucaldas.edu.co\\\/portal\\\/\",\"name\":\"Universidad de Caldas\",\"description\":\"\",\"publisher\":{\"@id\":\"https:\\\/\\\/www.ucaldas.edu.co\\\/portal\\\/#organization\"},\"alternateName\":\"U. de Caldas\",\"potentialAction\":[{\"@type\":\"SearchAction\",\"target\":{\"@type\":\"EntryPoint\",\"urlTemplate\":\"https:\\\/\\\/www.ucaldas.edu.co\\\/portal\\\/?s={search_term_string}\"},\"query-input\":{\"@type\":\"PropertyValueSpecification\",\"valueRequired\":true,\"valueName\":\"search_term_string\"}}],\"inLanguage\":\"es\"},{\"@type\":\"Organization\",\"@id\":\"https:\\\/\\\/www.ucaldas.edu.co\\\/portal\\\/#organization\",\"name\":\"Universidad de Caldas\",\"alternateName\":\"U. de Caldas\",\"url\":\"https:\\\/\\\/www.ucaldas.edu.co\\\/portal\\\/\",\"logo\":{\"@type\":\"ImageObject\",\"inLanguage\":\"es\",\"@id\":\"https:\\\/\\\/www.ucaldas.edu.co\\\/portal\\\/#\\\/schema\\\/logo\\\/image\\\/\",\"url\":\"https:\\\/\\\/www.ucaldas.edu.co\\\/portal\\\/wp-content\\\/uploads\\\/2023\\\/11\\\/Logo_horizontal_oscuroU-2023.png\",\"contentUrl\":\"https:\\\/\\\/www.ucaldas.edu.co\\\/portal\\\/wp-content\\\/uploads\\\/2023\\\/11\\\/Logo_horizontal_oscuroU-2023.png\",\"width\":263,\"height\":101,\"caption\":\"Universidad de Caldas\"},\"image\":{\"@id\":\"https:\\\/\\\/www.ucaldas.edu.co\\\/portal\\\/#\\\/schema\\\/logo\\\/image\\\/\"},\"sameAs\":[\"https:\\\/\\\/www.facebook.com\\\/udecaldas\",\"https:\\\/\\\/x.com\\\/udecaldas\",\"https:\\\/\\\/www.youtube.com\\\/universidadcaldas\",\"https:\\\/\\\/www.instagram.com\\\/udecaldas\\\/\"]},{\"@type\":\"Person\",\"@id\":\"https:\\\/\\\/www.ucaldas.edu.co\\\/portal\\\/#\\\/schema\\\/person\\\/a1b482e23449158b4bc319926c074fdf\",\"name\":\"ofiprensa\",\"image\":{\"@type\":\"ImageObject\",\"inLanguage\":\"es\",\"@id\":\"https:\\\/\\\/www.ucaldas.edu.co\\\/portal\\\/wp-content\\\/litespeed\\\/avatar\\\/09ea5085e600095a7a811142c6944527.jpg?ver=1777497608\",\"url\":\"https:\\\/\\\/www.ucaldas.edu.co\\\/portal\\\/wp-content\\\/litespeed\\\/avatar\\\/09ea5085e600095a7a811142c6944527.jpg?ver=1777497608\",\"contentUrl\":\"https:\\\/\\\/www.ucaldas.edu.co\\\/portal\\\/wp-content\\\/litespeed\\\/avatar\\\/09ea5085e600095a7a811142c6944527.jpg?ver=1777497608\",\"caption\":\"ofiprensa\"},\"url\":\"https:\\\/\\\/www.ucaldas.edu.co\\\/portal\\\/author\\\/ofiprensa\\\/\"}]}<\/script>\n<!-- \/ Yoast SEO plugin. -->","yoast_head_json":{"title":"Convocatoria para designaci\u00f3n representante de exrectores ante el Consejo Superior de la Universidad Pedag\u00f3gica Nacional .","robots":{"index":"index","follow":"follow","max-snippet":"max-snippet:-1","max-image-preview":"max-image-preview:large","max-video-preview":"max-video-preview:-1"},"canonical":"https:\/\/www.ucaldas.edu.co\/portal\/convocatoria-para-designacion-representante-de-exrectores-ante-el-consejo-superior-de-la-universidad-pedagogica-nacional\/","schema":{"@context":"https:\/\/schema.org","@graph":[{"@type":"Article","@id":"https:\/\/www.ucaldas.edu.co\/portal\/convocatoria-para-designacion-representante-de-exrectores-ante-el-consejo-superior-de-la-universidad-pedagogica-nacional\/#article","isPartOf":{"@id":"https:\/\/www.ucaldas.edu.co\/portal\/convocatoria-para-designacion-representante-de-exrectores-ante-el-consejo-superior-de-la-universidad-pedagogica-nacional\/"},"author":{"name":"ofiprensa","@id":"https:\/\/www.ucaldas.edu.co\/portal\/#\/schema\/person\/a1b482e23449158b4bc319926c074fdf"},"headline":"Convocatoria para designaci\u00f3n representante de exrectores ante el Consejo Superior de la Universidad Pedag\u00f3gica Nacional","datePublished":"2022-10-19T22:01:56+00:00","mainEntityOfPage":{"@id":"https:\/\/www.ucaldas.edu.co\/portal\/convocatoria-para-designacion-representante-de-exrectores-ante-el-consejo-superior-de-la-universidad-pedagogica-nacional\/"},"wordCount":315,"publisher":{"@id":"https:\/\/www.ucaldas.edu.co\/portal\/#organization"},"image":{"@id":"https:\/\/www.ucaldas.edu.co\/portal\/convocatoria-para-designacion-representante-de-exrectores-ante-el-consejo-superior-de-la-universidad-pedagogica-nacional\/#primaryimage"},"thumbnailUrl":"https:\/\/www.ucaldas.edu.co\/portal\/wp-content\/uploads\/2022\/10\/eleccion-exrectores.jpg","keywords":["universidad pedag\u00f3gica nacional","postulaciones","representante exrectores"],"articleSection":["Actualidad","Universidad al D\u00eda","UCaldas Transparente"],"inLanguage":"es"},{"@type":"WebPage","@id":"https:\/\/www.ucaldas.edu.co\/portal\/convocatoria-para-designacion-representante-de-exrectores-ante-el-consejo-superior-de-la-universidad-pedagogica-nacional\/","url":"https:\/\/www.ucaldas.edu.co\/portal\/convocatoria-para-designacion-representante-de-exrectores-ante-el-consejo-superior-de-la-universidad-pedagogica-nacional\/","name":"Convocatoria para designaci\u00f3n representante de exrectores ante el Consejo Superior de la Universidad Pedag\u00f3gica Nacional .","isPartOf":{"@id":"https:\/\/www.ucaldas.edu.co\/portal\/#website"},"primaryImageOfPage":{"@id":"https:\/\/www.ucaldas.edu.co\/portal\/convocatoria-para-designacion-representante-de-exrectores-ante-el-consejo-superior-de-la-universidad-pedagogica-nacional\/#primaryimage"},"image":{"@id":"https:\/\/www.ucaldas.edu.co\/portal\/convocatoria-para-designacion-representante-de-exrectores-ante-el-consejo-superior-de-la-universidad-pedagogica-nacional\/#primaryimage"},"thumbnailUrl":"https:\/\/www.ucaldas.edu.co\/portal\/wp-content\/uploads\/2022\/10\/eleccion-exrectores.jpg","datePublished":"2022-10-19T22:01:56+00:00","breadcrumb":{"@id":"https:\/\/www.ucaldas.edu.co\/portal\/convocatoria-para-designacion-representante-de-exrectores-ante-el-consejo-superior-de-la-universidad-pedagogica-nacional\/#breadcrumb"},"inLanguage":"es","potentialAction":[{"@type":"ReadAction","target":["https:\/\/www.ucaldas.edu.co\/portal\/convocatoria-para-designacion-representante-de-exrectores-ante-el-consejo-superior-de-la-universidad-pedagogica-nacional\/"]}]},{"@type":"ImageObject","inLanguage":"es","@id":"https:\/\/www.ucaldas.edu.co\/portal\/convocatoria-para-designacion-representante-de-exrectores-ante-el-consejo-superior-de-la-universidad-pedagogica-nacional\/#primaryimage","url":"https:\/\/www.ucaldas.edu.co\/portal\/wp-content\/uploads\/2022\/10\/eleccion-exrectores.jpg","contentUrl":"https:\/\/www.ucaldas.edu.co\/portal\/wp-content\/uploads\/2022\/10\/eleccion-exrectores.jpg","width":700,"height":400,"caption":"Convocatoria Universidad Pedag\u00f3gica Nacional"},{"@type":"BreadcrumbList","@id":"https:\/\/www.ucaldas.edu.co\/portal\/convocatoria-para-designacion-representante-de-exrectores-ante-el-consejo-superior-de-la-universidad-pedagogica-nacional\/#breadcrumb","itemListElement":[{"@type":"ListItem","position":1,"name":"Portada","item":"https:\/\/www.ucaldas.edu.co\/portal\/"},{"@type":"ListItem","position":2,"name":"Convocatoria para designaci\u00f3n representante de exrectores ante el Consejo Superior de la Universidad Pedag\u00f3gica Nacional"}]},{"@type":"WebSite","@id":"https:\/\/www.ucaldas.edu.co\/portal\/#website","url":"https:\/\/www.ucaldas.edu.co\/portal\/","name":"Universidad de Caldas","description":"","publisher":{"@id":"https:\/\/www.ucaldas.edu.co\/portal\/#organization"},"alternateName":"U. de Caldas","potentialAction":[{"@type":"SearchAction","target":{"@type":"EntryPoint","urlTemplate":"https:\/\/www.ucaldas.edu.co\/portal\/?s={search_term_string}"},"query-input":{"@type":"PropertyValueSpecification","valueRequired":true,"valueName":"search_term_string"}}],"inLanguage":"es"},{"@type":"Organization","@id":"https:\/\/www.ucaldas.edu.co\/portal\/#organization","name":"Universidad de Caldas","alternateName":"U. de Caldas","url":"https:\/\/www.ucaldas.edu.co\/portal\/","logo":{"@type":"ImageObject","inLanguage":"es","@id":"https:\/\/www.ucaldas.edu.co\/portal\/#\/schema\/logo\/image\/","url":"https:\/\/www.ucaldas.edu.co\/portal\/wp-content\/uploads\/2023\/11\/Logo_horizontal_oscuroU-2023.png","contentUrl":"https:\/\/www.ucaldas.edu.co\/portal\/wp-content\/uploads\/2023\/11\/Logo_horizontal_oscuroU-2023.png","width":263,"height":101,"caption":"Universidad de Caldas"},"image":{"@id":"https:\/\/www.ucaldas.edu.co\/portal\/#\/schema\/logo\/image\/"},"sameAs":["https:\/\/www.facebook.com\/udecaldas","https:\/\/x.com\/udecaldas","https:\/\/www.youtube.com\/universidadcaldas","https:\/\/www.instagram.com\/udecaldas\/"]},{"@type":"Person","@id":"https:\/\/www.ucaldas.edu.co\/portal\/#\/schema\/person\/a1b482e23449158b4bc319926c074fdf","name":"ofiprensa","image":{"@type":"ImageObject","inLanguage":"es","@id":"https:\/\/www.ucaldas.edu.co\/portal\/wp-content\/litespeed\/avatar\/09ea5085e600095a7a811142c6944527.jpg?ver=1777497608","url":"https:\/\/www.ucaldas.edu.co\/portal\/wp-content\/litespeed\/avatar\/09ea5085e600095a7a811142c6944527.jpg?ver=1777497608","contentUrl":"https:\/\/www.ucaldas.edu.co\/portal\/wp-content\/litespeed\/avatar\/09ea5085e600095a7a811142c6944527.jpg?ver=1777497608","caption":"ofiprensa"},"url":"https:\/\/www.ucaldas.edu.co\/portal\/author\/ofiprensa\/"}]}},"_links":{"self":[{"href":"https:\/\/www.ucaldas.edu.co\/portal\/wp-json\/wp\/v2\/posts\/73102","targetHints":{"allow":["GET"]}}],"collection":[{"href":"https:\/\/www.ucaldas.edu.co\/portal\/wp-json\/wp\/v2\/posts"}],"about":[{"href":"https:\/\/www.ucaldas.edu.co\/portal\/wp-json\/wp\/v2\/types\/post"}],"author":[{"embeddable":true,"href":"https:\/\/www.ucaldas.edu.co\/portal\/wp-json\/wp\/v2\/users\/2"}],"replies":[{"embeddable":true,"href":"https:\/\/www.ucaldas.edu.co\/portal\/wp-json\/wp\/v2\/comments?post=73102"}],"version-history":[{"count":0,"href":"https:\/\/www.ucaldas.edu.co\/portal\/wp-json\/wp\/v2\/posts\/73102\/revisions"}],"wp:featuredmedia":[{"embeddable":true,"href":"https:\/\/www.ucaldas.edu.co\/portal\/wp-json\/wp\/v2\/media\/73103"}],"wp:attachment":[{"href":"https:\/\/www.ucaldas.edu.co\/portal\/wp-json\/wp\/v2\/media?parent=73102"}],"wp:term":[{"taxonomy":"category","embeddable":true,"href":"https:\/\/www.ucaldas.edu.co\/portal\/wp-json\/wp\/v2\/categories?post=73102"},{"taxonomy":"post_tag","embeddable":true,"href":"https:\/\/www.ucaldas.edu.co\/portal\/wp-json\/wp\/v2\/tags?post=73102"}],"curies":[{"name":"wp","href":"https:\/\/api.w.org\/{rel}","templated":true}]}}