{"id":73053,"date":"2022-10-14T00:31:33","date_gmt":"2022-10-14T00:31:33","guid":{"rendered":"https:\/\/www.ucaldas.edu.co\/portal\/?p=73053"},"modified":"2022-10-15T00:36:07","modified_gmt":"2022-10-15T00:36:07","slug":"estudiante-de-doctorado-proveniente-de-brasil-realiza-su-pasantia-investigativa-en-la-universidad-de-caldas","status":"publish","type":"post","link":"https:\/\/www.ucaldas.edu.co\/portal\/estudiante-de-doctorado-proveniente-de-brasil-realiza-su-pasantia-investigativa-en-la-universidad-de-caldas\/","title":{"rendered":"Estudiante de doctorado proveniente de Brasil realiza su pasant\u00eda investigativa en la Universidad de Caldas"},"content":{"rendered":"<p>&nbsp;<\/p>\n<p><img loading=\"lazy\" decoding=\"async\" class=\"aligncenter size-full wp-image-73054\" src=\"https:\/\/www.ucaldas.edu.co\/portal\/wp-content\/uploads\/2022\/10\/estudiante-brasil.jpg\" alt=\"Estudiante Brasile\u00f1o en la U de Caldas\" width=\"700\" height=\"400\" srcset=\"https:\/\/www.ucaldas.edu.co\/portal\/wp-content\/uploads\/2022\/10\/estudiante-brasil.jpg 700w, https:\/\/www.ucaldas.edu.co\/portal\/wp-content\/uploads\/2022\/10\/estudiante-brasil-300x171.jpg 300w\" sizes=\"auto, (max-width: 700px) 100vw, 700px\" \/><\/p>\n<p>El estudiante de doctorado en Educaci\u00f3n F\u00edsica de la Universidad Federal del Esp\u00edritu Santo de Brasil Jean Carlos Freitas Gama se encuentra realizando una pasant\u00eda de investigaci\u00f3n en la Universidad de Caldas.<\/p>\n<p><!--more--><\/p>\n<p>Esta pasant\u00eda hace parte de los procesos de internacionalizaci\u00f3n que lleva a cabo la instituci\u00f3n con el prop\u00f3sito de traer nuevo conocimiento a la Universidad y a sus estudiantes en diferentes \u00e1reas del conocimiento.<\/p>\n<p>Jean Carlos Freitas Gama originario de Brasil, realiza su pasant\u00eda en la Licenciatura en Educaci\u00f3n F\u00edsica, Recreaci\u00f3n y Deporte; y con el departamento de Acci\u00f3n F\u00edsica Humana de la Universidad de Caldas con el apoyo del docente Carlos Federico Ayala Zuluaga. Durante su tiempo en la instituci\u00f3n ha presentado a los estudiantes c\u00f3mo se desarrollan los procesos educativos en Brasil y las actualizaciones en temas de salud f\u00edsica y deporte en Latinoam\u00e9rica.<\/p>\n<p>Freitas manifiesta que adem\u00e1s desarrolla la investigaci\u00f3n denominada \u201cPol\u00edticas, gesti\u00f3n y formaci\u00f3n profesional para el trabajo en el deporte\u201d, la cual comparte con los alumnos de la Universidad de Caldas con la finalidad de generar nuevo conocimiento en torno a esta \u00e1rea del conocimiento.<\/p>\n<p>Esta pasant\u00eda cuenta con la financiaci\u00f3n de la Funda\u00e7\u00e3o de Amparo \u00e0 Pesquisa do Estado do Esp\u00edrito Santo<\/p>\n<p>&nbsp;<\/p>\n<p><strong>Anexo:<br \/>\n<\/strong><strong><a href=\"https:\/\/go.ivoox.com\/rf\/94001227\">Audio Jean Carlos Freitas Gama \u2013 pasante internacional.<\/a><br \/>\n<iframe loading=\"lazy\" src=\"https:\/\/www.ivoox.com\/player_ek_94001227_2_1.html\" width=\"238\" height=\"48\" frameborder=\"0\" scrolling=\"no\" allowfullscreen=\"allowfullscreen\"><\/iframe><\/strong><\/p>\n<p>&nbsp;<\/p>\n<p><strong>Informes: <\/strong>Oficina de Comunicaciones y Prensa Universidad de Caldas.<br \/>\n<strong>Redacci\u00f3n:<\/strong> Mateo Buritic\u00e1 Giraldo<\/p>\n<p>&nbsp;<\/p>\n","protected":false},"excerpt":{"rendered":"<p>&nbsp; El estudiante de doctorado en Educaci\u00f3n F\u00edsica de la Universidad Federal del Esp\u00edritu Santo de Brasil Jean Carlos Freitas Gama se encuentra realizando una pasant\u00eda de investigaci\u00f3n en la Universidad de Caldas.<\/p>\n","protected":false},"author":2,"featured_media":73054,"comment_status":"closed","ping_status":"open","sticky":false,"template":"","format":"standard","meta":{"footnotes":""},"categories":[48,53,614],"tags":[8332,9267,9268],"class_list":["post-73053","post","type-post","status-publish","format-standard","has-post-thumbnail","hentry","category-actualidad","category-universidad-al-dia","category-ucaldas-internacional","tag-pasantia-internacional","tag-universidad-federal-del-espiritu-santo","tag-investigacion-educacion-fisica"],"yoast_head":"<!-- This site is optimized with the Yoast SEO plugin v27.5 - https:\/\/yoast.com\/product\/yoast-seo-wordpress\/ -->\n<title>Estudiante de doctorado proveniente de Brasil realiza su pasant\u00eda investigativa en la Universidad de Caldas .<\/title>\n<meta name=\"robots\" content=\"index, follow, max-snippet:-1, max-image-preview:large, max-video-preview:-1\" \/>\n<link rel=\"canonical\" href=\"https:\/\/www.ucaldas.edu.co\/portal\/estudiante-de-doctorado-proveniente-de-brasil-realiza-su-pasantia-investigativa-en-la-universidad-de-caldas\/\" \/>\n<script type=\"application\/ld+json\" class=\"yoast-schema-graph\">{\"@context\":\"https:\\\/\\\/schema.org\",\"@graph\":[{\"@type\":\"Article\",\"@id\":\"https:\\\/\\\/www.ucaldas.edu.co\\\/portal\\\/estudiante-de-doctorado-proveniente-de-brasil-realiza-su-pasantia-investigativa-en-la-universidad-de-caldas\\\/#article\",\"isPartOf\":{\"@id\":\"https:\\\/\\\/www.ucaldas.edu.co\\\/portal\\\/estudiante-de-doctorado-proveniente-de-brasil-realiza-su-pasantia-investigativa-en-la-universidad-de-caldas\\\/\"},\"author\":{\"name\":\"ofiprensa\",\"@id\":\"https:\\\/\\\/www.ucaldas.edu.co\\\/portal\\\/#\\\/schema\\\/person\\\/a1b482e23449158b4bc319926c074fdf\"},\"headline\":\"Estudiante de doctorado proveniente de Brasil realiza su pasant\u00eda investigativa en la Universidad de Caldas\",\"datePublished\":\"2022-10-14T00:31:33+00:00\",\"dateModified\":\"2022-10-15T00:36:07+00:00\",\"mainEntityOfPage\":{\"@id\":\"https:\\\/\\\/www.ucaldas.edu.co\\\/portal\\\/estudiante-de-doctorado-proveniente-de-brasil-realiza-su-pasantia-investigativa-en-la-universidad-de-caldas\\\/\"},\"wordCount\":269,\"publisher\":{\"@id\":\"https:\\\/\\\/www.ucaldas.edu.co\\\/portal\\\/#organization\"},\"image\":{\"@id\":\"https:\\\/\\\/www.ucaldas.edu.co\\\/portal\\\/estudiante-de-doctorado-proveniente-de-brasil-realiza-su-pasantia-investigativa-en-la-universidad-de-caldas\\\/#primaryimage\"},\"thumbnailUrl\":\"https:\\\/\\\/www.ucaldas.edu.co\\\/portal\\\/wp-content\\\/uploads\\\/2022\\\/10\\\/estudiante-brasil.jpg\",\"keywords\":[\"pasant\u00eda internacional\",\"universidad federal del esp\u00edritu santo\",\"investigaci\u00f3n educaci\u00f3n f\u00edsica\"],\"articleSection\":[\"Actualidad\",\"Universidad al D\u00eda\",\"Ucaldas Internacional\"],\"inLanguage\":\"es\"},{\"@type\":\"WebPage\",\"@id\":\"https:\\\/\\\/www.ucaldas.edu.co\\\/portal\\\/estudiante-de-doctorado-proveniente-de-brasil-realiza-su-pasantia-investigativa-en-la-universidad-de-caldas\\\/\",\"url\":\"https:\\\/\\\/www.ucaldas.edu.co\\\/portal\\\/estudiante-de-doctorado-proveniente-de-brasil-realiza-su-pasantia-investigativa-en-la-universidad-de-caldas\\\/\",\"name\":\"Estudiante de doctorado proveniente de Brasil realiza su pasant\u00eda investigativa en la Universidad de Caldas .\",\"isPartOf\":{\"@id\":\"https:\\\/\\\/www.ucaldas.edu.co\\\/portal\\\/#website\"},\"primaryImageOfPage\":{\"@id\":\"https:\\\/\\\/www.ucaldas.edu.co\\\/portal\\\/estudiante-de-doctorado-proveniente-de-brasil-realiza-su-pasantia-investigativa-en-la-universidad-de-caldas\\\/#primaryimage\"},\"image\":{\"@id\":\"https:\\\/\\\/www.ucaldas.edu.co\\\/portal\\\/estudiante-de-doctorado-proveniente-de-brasil-realiza-su-pasantia-investigativa-en-la-universidad-de-caldas\\\/#primaryimage\"},\"thumbnailUrl\":\"https:\\\/\\\/www.ucaldas.edu.co\\\/portal\\\/wp-content\\\/uploads\\\/2022\\\/10\\\/estudiante-brasil.jpg\",\"datePublished\":\"2022-10-14T00:31:33+00:00\",\"dateModified\":\"2022-10-15T00:36:07+00:00\",\"breadcrumb\":{\"@id\":\"https:\\\/\\\/www.ucaldas.edu.co\\\/portal\\\/estudiante-de-doctorado-proveniente-de-brasil-realiza-su-pasantia-investigativa-en-la-universidad-de-caldas\\\/#breadcrumb\"},\"inLanguage\":\"es\",\"potentialAction\":[{\"@type\":\"ReadAction\",\"target\":[\"https:\\\/\\\/www.ucaldas.edu.co\\\/portal\\\/estudiante-de-doctorado-proveniente-de-brasil-realiza-su-pasantia-investigativa-en-la-universidad-de-caldas\\\/\"]}]},{\"@type\":\"ImageObject\",\"inLanguage\":\"es\",\"@id\":\"https:\\\/\\\/www.ucaldas.edu.co\\\/portal\\\/estudiante-de-doctorado-proveniente-de-brasil-realiza-su-pasantia-investigativa-en-la-universidad-de-caldas\\\/#primaryimage\",\"url\":\"https:\\\/\\\/www.ucaldas.edu.co\\\/portal\\\/wp-content\\\/uploads\\\/2022\\\/10\\\/estudiante-brasil.jpg\",\"contentUrl\":\"https:\\\/\\\/www.ucaldas.edu.co\\\/portal\\\/wp-content\\\/uploads\\\/2022\\\/10\\\/estudiante-brasil.jpg\",\"width\":700,\"height\":400,\"caption\":\"Estudiante Brasile\u00f1o en la U de Caldas\"},{\"@type\":\"BreadcrumbList\",\"@id\":\"https:\\\/\\\/www.ucaldas.edu.co\\\/portal\\\/estudiante-de-doctorado-proveniente-de-brasil-realiza-su-pasantia-investigativa-en-la-universidad-de-caldas\\\/#breadcrumb\",\"itemListElement\":[{\"@type\":\"ListItem\",\"position\":1,\"name\":\"Portada\",\"item\":\"https:\\\/\\\/www.ucaldas.edu.co\\\/portal\\\/\"},{\"@type\":\"ListItem\",\"position\":2,\"name\":\"Estudiante de doctorado proveniente de Brasil realiza su pasant\u00eda investigativa en la Universidad de Caldas\"}]},{\"@type\":\"WebSite\",\"@id\":\"https:\\\/\\\/www.ucaldas.edu.co\\\/portal\\\/#website\",\"url\":\"https:\\\/\\\/www.ucaldas.edu.co\\\/portal\\\/\",\"name\":\"Universidad de Caldas\",\"description\":\"\",\"publisher\":{\"@id\":\"https:\\\/\\\/www.ucaldas.edu.co\\\/portal\\\/#organization\"},\"alternateName\":\"U. de Caldas\",\"potentialAction\":[{\"@type\":\"SearchAction\",\"target\":{\"@type\":\"EntryPoint\",\"urlTemplate\":\"https:\\\/\\\/www.ucaldas.edu.co\\\/portal\\\/?s={search_term_string}\"},\"query-input\":{\"@type\":\"PropertyValueSpecification\",\"valueRequired\":true,\"valueName\":\"search_term_string\"}}],\"inLanguage\":\"es\"},{\"@type\":\"Organization\",\"@id\":\"https:\\\/\\\/www.ucaldas.edu.co\\\/portal\\\/#organization\",\"name\":\"Universidad de Caldas\",\"alternateName\":\"U. de Caldas\",\"url\":\"https:\\\/\\\/www.ucaldas.edu.co\\\/portal\\\/\",\"logo\":{\"@type\":\"ImageObject\",\"inLanguage\":\"es\",\"@id\":\"https:\\\/\\\/www.ucaldas.edu.co\\\/portal\\\/#\\\/schema\\\/logo\\\/image\\\/\",\"url\":\"https:\\\/\\\/www.ucaldas.edu.co\\\/portal\\\/wp-content\\\/uploads\\\/2023\\\/11\\\/Logo_horizontal_oscuroU-2023.png\",\"contentUrl\":\"https:\\\/\\\/www.ucaldas.edu.co\\\/portal\\\/wp-content\\\/uploads\\\/2023\\\/11\\\/Logo_horizontal_oscuroU-2023.png\",\"width\":263,\"height\":101,\"caption\":\"Universidad de Caldas\"},\"image\":{\"@id\":\"https:\\\/\\\/www.ucaldas.edu.co\\\/portal\\\/#\\\/schema\\\/logo\\\/image\\\/\"},\"sameAs\":[\"https:\\\/\\\/www.facebook.com\\\/udecaldas\",\"https:\\\/\\\/x.com\\\/udecaldas\",\"https:\\\/\\\/www.youtube.com\\\/universidadcaldas\",\"https:\\\/\\\/www.instagram.com\\\/udecaldas\\\/\"]},{\"@type\":\"Person\",\"@id\":\"https:\\\/\\\/www.ucaldas.edu.co\\\/portal\\\/#\\\/schema\\\/person\\\/a1b482e23449158b4bc319926c074fdf\",\"name\":\"ofiprensa\",\"image\":{\"@type\":\"ImageObject\",\"inLanguage\":\"es\",\"@id\":\"https:\\\/\\\/www.ucaldas.edu.co\\\/portal\\\/wp-content\\\/litespeed\\\/avatar\\\/09ea5085e600095a7a811142c6944527.jpg?ver=1777497608\",\"url\":\"https:\\\/\\\/www.ucaldas.edu.co\\\/portal\\\/wp-content\\\/litespeed\\\/avatar\\\/09ea5085e600095a7a811142c6944527.jpg?ver=1777497608\",\"contentUrl\":\"https:\\\/\\\/www.ucaldas.edu.co\\\/portal\\\/wp-content\\\/litespeed\\\/avatar\\\/09ea5085e600095a7a811142c6944527.jpg?ver=1777497608\",\"caption\":\"ofiprensa\"},\"url\":\"https:\\\/\\\/www.ucaldas.edu.co\\\/portal\\\/author\\\/ofiprensa\\\/\"}]}<\/script>\n<!-- \/ Yoast SEO plugin. -->","yoast_head_json":{"title":"Estudiante de doctorado proveniente de Brasil realiza su pasant\u00eda investigativa en la Universidad de Caldas .","robots":{"index":"index","follow":"follow","max-snippet":"max-snippet:-1","max-image-preview":"max-image-preview:large","max-video-preview":"max-video-preview:-1"},"canonical":"https:\/\/www.ucaldas.edu.co\/portal\/estudiante-de-doctorado-proveniente-de-brasil-realiza-su-pasantia-investigativa-en-la-universidad-de-caldas\/","schema":{"@context":"https:\/\/schema.org","@graph":[{"@type":"Article","@id":"https:\/\/www.ucaldas.edu.co\/portal\/estudiante-de-doctorado-proveniente-de-brasil-realiza-su-pasantia-investigativa-en-la-universidad-de-caldas\/#article","isPartOf":{"@id":"https:\/\/www.ucaldas.edu.co\/portal\/estudiante-de-doctorado-proveniente-de-brasil-realiza-su-pasantia-investigativa-en-la-universidad-de-caldas\/"},"author":{"name":"ofiprensa","@id":"https:\/\/www.ucaldas.edu.co\/portal\/#\/schema\/person\/a1b482e23449158b4bc319926c074fdf"},"headline":"Estudiante de doctorado proveniente de Brasil realiza su pasant\u00eda investigativa en la Universidad de Caldas","datePublished":"2022-10-14T00:31:33+00:00","dateModified":"2022-10-15T00:36:07+00:00","mainEntityOfPage":{"@id":"https:\/\/www.ucaldas.edu.co\/portal\/estudiante-de-doctorado-proveniente-de-brasil-realiza-su-pasantia-investigativa-en-la-universidad-de-caldas\/"},"wordCount":269,"publisher":{"@id":"https:\/\/www.ucaldas.edu.co\/portal\/#organization"},"image":{"@id":"https:\/\/www.ucaldas.edu.co\/portal\/estudiante-de-doctorado-proveniente-de-brasil-realiza-su-pasantia-investigativa-en-la-universidad-de-caldas\/#primaryimage"},"thumbnailUrl":"https:\/\/www.ucaldas.edu.co\/portal\/wp-content\/uploads\/2022\/10\/estudiante-brasil.jpg","keywords":["pasant\u00eda internacional","universidad federal del esp\u00edritu santo","investigaci\u00f3n educaci\u00f3n f\u00edsica"],"articleSection":["Actualidad","Universidad al D\u00eda","Ucaldas Internacional"],"inLanguage":"es"},{"@type":"WebPage","@id":"https:\/\/www.ucaldas.edu.co\/portal\/estudiante-de-doctorado-proveniente-de-brasil-realiza-su-pasantia-investigativa-en-la-universidad-de-caldas\/","url":"https:\/\/www.ucaldas.edu.co\/portal\/estudiante-de-doctorado-proveniente-de-brasil-realiza-su-pasantia-investigativa-en-la-universidad-de-caldas\/","name":"Estudiante de doctorado proveniente de Brasil realiza su pasant\u00eda investigativa en la Universidad de Caldas .","isPartOf":{"@id":"https:\/\/www.ucaldas.edu.co\/portal\/#website"},"primaryImageOfPage":{"@id":"https:\/\/www.ucaldas.edu.co\/portal\/estudiante-de-doctorado-proveniente-de-brasil-realiza-su-pasantia-investigativa-en-la-universidad-de-caldas\/#primaryimage"},"image":{"@id":"https:\/\/www.ucaldas.edu.co\/portal\/estudiante-de-doctorado-proveniente-de-brasil-realiza-su-pasantia-investigativa-en-la-universidad-de-caldas\/#primaryimage"},"thumbnailUrl":"https:\/\/www.ucaldas.edu.co\/portal\/wp-content\/uploads\/2022\/10\/estudiante-brasil.jpg","datePublished":"2022-10-14T00:31:33+00:00","dateModified":"2022-10-15T00:36:07+00:00","breadcrumb":{"@id":"https:\/\/www.ucaldas.edu.co\/portal\/estudiante-de-doctorado-proveniente-de-brasil-realiza-su-pasantia-investigativa-en-la-universidad-de-caldas\/#breadcrumb"},"inLanguage":"es","potentialAction":[{"@type":"ReadAction","target":["https:\/\/www.ucaldas.edu.co\/portal\/estudiante-de-doctorado-proveniente-de-brasil-realiza-su-pasantia-investigativa-en-la-universidad-de-caldas\/"]}]},{"@type":"ImageObject","inLanguage":"es","@id":"https:\/\/www.ucaldas.edu.co\/portal\/estudiante-de-doctorado-proveniente-de-brasil-realiza-su-pasantia-investigativa-en-la-universidad-de-caldas\/#primaryimage","url":"https:\/\/www.ucaldas.edu.co\/portal\/wp-content\/uploads\/2022\/10\/estudiante-brasil.jpg","contentUrl":"https:\/\/www.ucaldas.edu.co\/portal\/wp-content\/uploads\/2022\/10\/estudiante-brasil.jpg","width":700,"height":400,"caption":"Estudiante Brasile\u00f1o en la U de Caldas"},{"@type":"BreadcrumbList","@id":"https:\/\/www.ucaldas.edu.co\/portal\/estudiante-de-doctorado-proveniente-de-brasil-realiza-su-pasantia-investigativa-en-la-universidad-de-caldas\/#breadcrumb","itemListElement":[{"@type":"ListItem","position":1,"name":"Portada","item":"https:\/\/www.ucaldas.edu.co\/portal\/"},{"@type":"ListItem","position":2,"name":"Estudiante de doctorado proveniente de Brasil realiza su pasant\u00eda investigativa en la Universidad de Caldas"}]},{"@type":"WebSite","@id":"https:\/\/www.ucaldas.edu.co\/portal\/#website","url":"https:\/\/www.ucaldas.edu.co\/portal\/","name":"Universidad de Caldas","description":"","publisher":{"@id":"https:\/\/www.ucaldas.edu.co\/portal\/#organization"},"alternateName":"U. de Caldas","potentialAction":[{"@type":"SearchAction","target":{"@type":"EntryPoint","urlTemplate":"https:\/\/www.ucaldas.edu.co\/portal\/?s={search_term_string}"},"query-input":{"@type":"PropertyValueSpecification","valueRequired":true,"valueName":"search_term_string"}}],"inLanguage":"es"},{"@type":"Organization","@id":"https:\/\/www.ucaldas.edu.co\/portal\/#organization","name":"Universidad de Caldas","alternateName":"U. de Caldas","url":"https:\/\/www.ucaldas.edu.co\/portal\/","logo":{"@type":"ImageObject","inLanguage":"es","@id":"https:\/\/www.ucaldas.edu.co\/portal\/#\/schema\/logo\/image\/","url":"https:\/\/www.ucaldas.edu.co\/portal\/wp-content\/uploads\/2023\/11\/Logo_horizontal_oscuroU-2023.png","contentUrl":"https:\/\/www.ucaldas.edu.co\/portal\/wp-content\/uploads\/2023\/11\/Logo_horizontal_oscuroU-2023.png","width":263,"height":101,"caption":"Universidad de Caldas"},"image":{"@id":"https:\/\/www.ucaldas.edu.co\/portal\/#\/schema\/logo\/image\/"},"sameAs":["https:\/\/www.facebook.com\/udecaldas","https:\/\/x.com\/udecaldas","https:\/\/www.youtube.com\/universidadcaldas","https:\/\/www.instagram.com\/udecaldas\/"]},{"@type":"Person","@id":"https:\/\/www.ucaldas.edu.co\/portal\/#\/schema\/person\/a1b482e23449158b4bc319926c074fdf","name":"ofiprensa","image":{"@type":"ImageObject","inLanguage":"es","@id":"https:\/\/www.ucaldas.edu.co\/portal\/wp-content\/litespeed\/avatar\/09ea5085e600095a7a811142c6944527.jpg?ver=1777497608","url":"https:\/\/www.ucaldas.edu.co\/portal\/wp-content\/litespeed\/avatar\/09ea5085e600095a7a811142c6944527.jpg?ver=1777497608","contentUrl":"https:\/\/www.ucaldas.edu.co\/portal\/wp-content\/litespeed\/avatar\/09ea5085e600095a7a811142c6944527.jpg?ver=1777497608","caption":"ofiprensa"},"url":"https:\/\/www.ucaldas.edu.co\/portal\/author\/ofiprensa\/"}]}},"_links":{"self":[{"href":"https:\/\/www.ucaldas.edu.co\/portal\/wp-json\/wp\/v2\/posts\/73053","targetHints":{"allow":["GET"]}}],"collection":[{"href":"https:\/\/www.ucaldas.edu.co\/portal\/wp-json\/wp\/v2\/posts"}],"about":[{"href":"https:\/\/www.ucaldas.edu.co\/portal\/wp-json\/wp\/v2\/types\/post"}],"author":[{"embeddable":true,"href":"https:\/\/www.ucaldas.edu.co\/portal\/wp-json\/wp\/v2\/users\/2"}],"replies":[{"embeddable":true,"href":"https:\/\/www.ucaldas.edu.co\/portal\/wp-json\/wp\/v2\/comments?post=73053"}],"version-history":[{"count":0,"href":"https:\/\/www.ucaldas.edu.co\/portal\/wp-json\/wp\/v2\/posts\/73053\/revisions"}],"wp:featuredmedia":[{"embeddable":true,"href":"https:\/\/www.ucaldas.edu.co\/portal\/wp-json\/wp\/v2\/media\/73054"}],"wp:attachment":[{"href":"https:\/\/www.ucaldas.edu.co\/portal\/wp-json\/wp\/v2\/media?parent=73053"}],"wp:term":[{"taxonomy":"category","embeddable":true,"href":"https:\/\/www.ucaldas.edu.co\/portal\/wp-json\/wp\/v2\/categories?post=73053"},{"taxonomy":"post_tag","embeddable":true,"href":"https:\/\/www.ucaldas.edu.co\/portal\/wp-json\/wp\/v2\/tags?post=73053"}],"curies":[{"name":"wp","href":"https:\/\/api.w.org\/{rel}","templated":true}]}}