{"id":72967,"date":"2022-10-11T22:17:04","date_gmt":"2022-10-11T22:17:04","guid":{"rendered":"https:\/\/www.ucaldas.edu.co\/portal\/?p=72967"},"modified":"2022-10-11T22:17:04","modified_gmt":"2022-10-11T22:17:04","slug":"tercer-congreso-caldense-sobre-salud-mental-de-ninos-y-adolescentes","status":"publish","type":"post","link":"https:\/\/www.ucaldas.edu.co\/portal\/tercer-congreso-caldense-sobre-salud-mental-de-ninos-y-adolescentes\/","title":{"rendered":"Tercer congreso caldense sobre salud mental de ni\u00f1os y adolescentes"},"content":{"rendered":"<p>&nbsp;<\/p>\n<p><img loading=\"lazy\" decoding=\"async\" class=\"aligncenter size-full wp-image-72968\" src=\"https:\/\/www.ucaldas.edu.co\/portal\/wp-content\/uploads\/2022\/10\/Diseno-sin-titulo-3.jpg\" alt=\"Congreso de salud mental en noviembre\" width=\"700\" height=\"400\" srcset=\"https:\/\/www.ucaldas.edu.co\/portal\/wp-content\/uploads\/2022\/10\/Diseno-sin-titulo-3.jpg 700w, https:\/\/www.ucaldas.edu.co\/portal\/wp-content\/uploads\/2022\/10\/Diseno-sin-titulo-3-300x171.jpg 300w\" sizes=\"auto, (max-width: 700px) 100vw, 700px\" \/><\/p>\n<p>Los pr\u00f3ximos 18 y 19 de noviembre la Facultad de Ciencias para la salud de la Universidad de Caldas ser\u00e1 la sede del tercer congreso caldense sobre salud mental de ni\u00f1os y adolescentes organizado por la Cl\u00ednica San Juan de Dios en asocio con la Universidad de Caldas.<\/p>\n<p><!--more--><\/p>\n<p>El evento se llevar\u00e1 a cabo en el auditorio Ernesto Guti\u00e9rrez Arango del campus Versalles y contar\u00e1 con la participaci\u00f3n de profesionales locales y nacionales que participar\u00e1n como ponentes, para promover un di\u00e1logo alusivo al tema de la salud mental de ni\u00f1os y adolescentes.<\/p>\n<p>Podr\u00e1n participar profesionales y estudiantes de las \u00e1reas de la salud sin costo y previa inscripci\u00f3n ya que se certificar\u00e1, los cupos son limitados.<\/p>\n<p>De acuerdo con la encuesta Nacional de Salud Mental publicada por el Ministerio de Salud en 2015, los trastornos mentales m\u00e1s frecuentes est\u00e1n asociados a la depresi\u00f3n y a la ansiedad; los m\u00e1s afectados son los adolescentes y las mujeres. Algunos de los datos que arroj\u00f3 la encuesta demostraron que los m\u00e1s recurrentes entre los siete y los 11 a\u00f1os se asocian al d\u00e9ficit de atenci\u00f3n y a la ansiedad por separaci\u00f3n; en los adolescentes entre los 12 y los 17 a\u00f1os predominan la fobia social, la dificultad para comunicarse con otros y la depresi\u00f3n.<\/p>\n<p>&nbsp;<\/p>\n<p>Inscr\u00edbase <strong><a href=\"https:\/\/docs.google.com\/forms\/d\/1AeQ5Q2in6QrW_fiu8lOXWDlYupMWT6JOu9o2eE4vtWs\/viewform?edit_requested=true\">aqu\u00ed<\/a><\/strong><\/p>\n<p><strong>\u00a0<\/strong><\/p>\n<p><strong>Informes: <\/strong>Oficina de Comunicaciones y Prensa Universidad de Caldas.<br \/>\n<strong>Redacci\u00f3n:<\/strong> Adriana Salazar Villegas<\/p>\n<p>&nbsp;<\/p>\n","protected":false},"excerpt":{"rendered":"<p>&nbsp; Los pr\u00f3ximos 18 y 19 de noviembre la Facultad de Ciencias para la salud de la Universidad de Caldas ser\u00e1 la sede del tercer congreso caldense sobre salud mental de ni\u00f1os y adolescentes organizado por la Cl\u00ednica San Juan de Dios en asocio con la Universidad de Caldas.<\/p>\n","protected":false},"author":2,"featured_media":72968,"comment_status":"closed","ping_status":"open","sticky":false,"template":"","format":"standard","meta":{"footnotes":""},"categories":[48,53,62],"tags":[171,184,434,856,3470,4562,5508],"class_list":["post-72967","post","type-post","status-publish","format-standard","has-post-thumbnail","hentry","category-actualidad","category-universidad-al-dia","category-eventos","tag-congreso","tag-ciencias-para-la-salud","tag-ninos","tag-salud-mental","tag-ninas","tag-adolescentes","tag-clinica-san-juan-de-dios"],"yoast_head":"<!-- This site is optimized with the Yoast SEO plugin v27.5 - https:\/\/yoast.com\/product\/yoast-seo-wordpress\/ -->\n<title>Tercer congreso caldense sobre salud mental de ni\u00f1os y adolescentes .<\/title>\n<meta name=\"robots\" content=\"index, follow, max-snippet:-1, max-image-preview:large, max-video-preview:-1\" \/>\n<link rel=\"canonical\" href=\"https:\/\/www.ucaldas.edu.co\/portal\/tercer-congreso-caldense-sobre-salud-mental-de-ninos-y-adolescentes\/\" \/>\n<script type=\"application\/ld+json\" class=\"yoast-schema-graph\">{\"@context\":\"https:\\\/\\\/schema.org\",\"@graph\":[{\"@type\":\"Article\",\"@id\":\"https:\\\/\\\/www.ucaldas.edu.co\\\/portal\\\/tercer-congreso-caldense-sobre-salud-mental-de-ninos-y-adolescentes\\\/#article\",\"isPartOf\":{\"@id\":\"https:\\\/\\\/www.ucaldas.edu.co\\\/portal\\\/tercer-congreso-caldense-sobre-salud-mental-de-ninos-y-adolescentes\\\/\"},\"author\":{\"name\":\"ofiprensa\",\"@id\":\"https:\\\/\\\/www.ucaldas.edu.co\\\/portal\\\/#\\\/schema\\\/person\\\/a1b482e23449158b4bc319926c074fdf\"},\"headline\":\"Tercer congreso caldense sobre salud mental de ni\u00f1os y adolescentes\",\"datePublished\":\"2022-10-11T22:17:04+00:00\",\"mainEntityOfPage\":{\"@id\":\"https:\\\/\\\/www.ucaldas.edu.co\\\/portal\\\/tercer-congreso-caldense-sobre-salud-mental-de-ninos-y-adolescentes\\\/\"},\"wordCount\":257,\"publisher\":{\"@id\":\"https:\\\/\\\/www.ucaldas.edu.co\\\/portal\\\/#organization\"},\"image\":{\"@id\":\"https:\\\/\\\/www.ucaldas.edu.co\\\/portal\\\/tercer-congreso-caldense-sobre-salud-mental-de-ninos-y-adolescentes\\\/#primaryimage\"},\"thumbnailUrl\":\"https:\\\/\\\/www.ucaldas.edu.co\\\/portal\\\/wp-content\\\/uploads\\\/2022\\\/10\\\/Diseno-sin-titulo-3.jpg\",\"keywords\":[\"congreso\",\"ciencias para la salud\",\"Ni\u00f1os\",\"salud mental\",\"ni\u00f1as\",\"adolescentes\",\"cl\u00ednica san juan de Dios\"],\"articleSection\":[\"Actualidad\",\"Universidad al D\u00eda\",\"Eventos\"],\"inLanguage\":\"es\"},{\"@type\":\"WebPage\",\"@id\":\"https:\\\/\\\/www.ucaldas.edu.co\\\/portal\\\/tercer-congreso-caldense-sobre-salud-mental-de-ninos-y-adolescentes\\\/\",\"url\":\"https:\\\/\\\/www.ucaldas.edu.co\\\/portal\\\/tercer-congreso-caldense-sobre-salud-mental-de-ninos-y-adolescentes\\\/\",\"name\":\"Tercer congreso caldense sobre salud mental de ni\u00f1os y adolescentes .\",\"isPartOf\":{\"@id\":\"https:\\\/\\\/www.ucaldas.edu.co\\\/portal\\\/#website\"},\"primaryImageOfPage\":{\"@id\":\"https:\\\/\\\/www.ucaldas.edu.co\\\/portal\\\/tercer-congreso-caldense-sobre-salud-mental-de-ninos-y-adolescentes\\\/#primaryimage\"},\"image\":{\"@id\":\"https:\\\/\\\/www.ucaldas.edu.co\\\/portal\\\/tercer-congreso-caldense-sobre-salud-mental-de-ninos-y-adolescentes\\\/#primaryimage\"},\"thumbnailUrl\":\"https:\\\/\\\/www.ucaldas.edu.co\\\/portal\\\/wp-content\\\/uploads\\\/2022\\\/10\\\/Diseno-sin-titulo-3.jpg\",\"datePublished\":\"2022-10-11T22:17:04+00:00\",\"breadcrumb\":{\"@id\":\"https:\\\/\\\/www.ucaldas.edu.co\\\/portal\\\/tercer-congreso-caldense-sobre-salud-mental-de-ninos-y-adolescentes\\\/#breadcrumb\"},\"inLanguage\":\"es\",\"potentialAction\":[{\"@type\":\"ReadAction\",\"target\":[\"https:\\\/\\\/www.ucaldas.edu.co\\\/portal\\\/tercer-congreso-caldense-sobre-salud-mental-de-ninos-y-adolescentes\\\/\"]}]},{\"@type\":\"ImageObject\",\"inLanguage\":\"es\",\"@id\":\"https:\\\/\\\/www.ucaldas.edu.co\\\/portal\\\/tercer-congreso-caldense-sobre-salud-mental-de-ninos-y-adolescentes\\\/#primaryimage\",\"url\":\"https:\\\/\\\/www.ucaldas.edu.co\\\/portal\\\/wp-content\\\/uploads\\\/2022\\\/10\\\/Diseno-sin-titulo-3.jpg\",\"contentUrl\":\"https:\\\/\\\/www.ucaldas.edu.co\\\/portal\\\/wp-content\\\/uploads\\\/2022\\\/10\\\/Diseno-sin-titulo-3.jpg\",\"width\":700,\"height\":400,\"caption\":\"Congreso de salud mental en noviembre\"},{\"@type\":\"BreadcrumbList\",\"@id\":\"https:\\\/\\\/www.ucaldas.edu.co\\\/portal\\\/tercer-congreso-caldense-sobre-salud-mental-de-ninos-y-adolescentes\\\/#breadcrumb\",\"itemListElement\":[{\"@type\":\"ListItem\",\"position\":1,\"name\":\"Portada\",\"item\":\"https:\\\/\\\/www.ucaldas.edu.co\\\/portal\\\/\"},{\"@type\":\"ListItem\",\"position\":2,\"name\":\"Tercer congreso caldense sobre salud mental de ni\u00f1os y adolescentes\"}]},{\"@type\":\"WebSite\",\"@id\":\"https:\\\/\\\/www.ucaldas.edu.co\\\/portal\\\/#website\",\"url\":\"https:\\\/\\\/www.ucaldas.edu.co\\\/portal\\\/\",\"name\":\"Universidad de Caldas\",\"description\":\"\",\"publisher\":{\"@id\":\"https:\\\/\\\/www.ucaldas.edu.co\\\/portal\\\/#organization\"},\"alternateName\":\"U. de Caldas\",\"potentialAction\":[{\"@type\":\"SearchAction\",\"target\":{\"@type\":\"EntryPoint\",\"urlTemplate\":\"https:\\\/\\\/www.ucaldas.edu.co\\\/portal\\\/?s={search_term_string}\"},\"query-input\":{\"@type\":\"PropertyValueSpecification\",\"valueRequired\":true,\"valueName\":\"search_term_string\"}}],\"inLanguage\":\"es\"},{\"@type\":\"Organization\",\"@id\":\"https:\\\/\\\/www.ucaldas.edu.co\\\/portal\\\/#organization\",\"name\":\"Universidad de Caldas\",\"alternateName\":\"U. de Caldas\",\"url\":\"https:\\\/\\\/www.ucaldas.edu.co\\\/portal\\\/\",\"logo\":{\"@type\":\"ImageObject\",\"inLanguage\":\"es\",\"@id\":\"https:\\\/\\\/www.ucaldas.edu.co\\\/portal\\\/#\\\/schema\\\/logo\\\/image\\\/\",\"url\":\"https:\\\/\\\/www.ucaldas.edu.co\\\/portal\\\/wp-content\\\/uploads\\\/2023\\\/11\\\/Logo_horizontal_oscuroU-2023.png\",\"contentUrl\":\"https:\\\/\\\/www.ucaldas.edu.co\\\/portal\\\/wp-content\\\/uploads\\\/2023\\\/11\\\/Logo_horizontal_oscuroU-2023.png\",\"width\":263,\"height\":101,\"caption\":\"Universidad de Caldas\"},\"image\":{\"@id\":\"https:\\\/\\\/www.ucaldas.edu.co\\\/portal\\\/#\\\/schema\\\/logo\\\/image\\\/\"},\"sameAs\":[\"https:\\\/\\\/www.facebook.com\\\/udecaldas\",\"https:\\\/\\\/x.com\\\/udecaldas\",\"https:\\\/\\\/www.youtube.com\\\/universidadcaldas\",\"https:\\\/\\\/www.instagram.com\\\/udecaldas\\\/\"]},{\"@type\":\"Person\",\"@id\":\"https:\\\/\\\/www.ucaldas.edu.co\\\/portal\\\/#\\\/schema\\\/person\\\/a1b482e23449158b4bc319926c074fdf\",\"name\":\"ofiprensa\",\"image\":{\"@type\":\"ImageObject\",\"inLanguage\":\"es\",\"@id\":\"https:\\\/\\\/www.ucaldas.edu.co\\\/portal\\\/wp-content\\\/litespeed\\\/avatar\\\/09ea5085e600095a7a811142c6944527.jpg?ver=1777497608\",\"url\":\"https:\\\/\\\/www.ucaldas.edu.co\\\/portal\\\/wp-content\\\/litespeed\\\/avatar\\\/09ea5085e600095a7a811142c6944527.jpg?ver=1777497608\",\"contentUrl\":\"https:\\\/\\\/www.ucaldas.edu.co\\\/portal\\\/wp-content\\\/litespeed\\\/avatar\\\/09ea5085e600095a7a811142c6944527.jpg?ver=1777497608\",\"caption\":\"ofiprensa\"},\"url\":\"https:\\\/\\\/www.ucaldas.edu.co\\\/portal\\\/author\\\/ofiprensa\\\/\"}]}<\/script>\n<!-- \/ Yoast SEO plugin. -->","yoast_head_json":{"title":"Tercer congreso caldense sobre salud mental de ni\u00f1os y adolescentes .","robots":{"index":"index","follow":"follow","max-snippet":"max-snippet:-1","max-image-preview":"max-image-preview:large","max-video-preview":"max-video-preview:-1"},"canonical":"https:\/\/www.ucaldas.edu.co\/portal\/tercer-congreso-caldense-sobre-salud-mental-de-ninos-y-adolescentes\/","schema":{"@context":"https:\/\/schema.org","@graph":[{"@type":"Article","@id":"https:\/\/www.ucaldas.edu.co\/portal\/tercer-congreso-caldense-sobre-salud-mental-de-ninos-y-adolescentes\/#article","isPartOf":{"@id":"https:\/\/www.ucaldas.edu.co\/portal\/tercer-congreso-caldense-sobre-salud-mental-de-ninos-y-adolescentes\/"},"author":{"name":"ofiprensa","@id":"https:\/\/www.ucaldas.edu.co\/portal\/#\/schema\/person\/a1b482e23449158b4bc319926c074fdf"},"headline":"Tercer congreso caldense sobre salud mental de ni\u00f1os y adolescentes","datePublished":"2022-10-11T22:17:04+00:00","mainEntityOfPage":{"@id":"https:\/\/www.ucaldas.edu.co\/portal\/tercer-congreso-caldense-sobre-salud-mental-de-ninos-y-adolescentes\/"},"wordCount":257,"publisher":{"@id":"https:\/\/www.ucaldas.edu.co\/portal\/#organization"},"image":{"@id":"https:\/\/www.ucaldas.edu.co\/portal\/tercer-congreso-caldense-sobre-salud-mental-de-ninos-y-adolescentes\/#primaryimage"},"thumbnailUrl":"https:\/\/www.ucaldas.edu.co\/portal\/wp-content\/uploads\/2022\/10\/Diseno-sin-titulo-3.jpg","keywords":["congreso","ciencias para la salud","Ni\u00f1os","salud mental","ni\u00f1as","adolescentes","cl\u00ednica san juan de Dios"],"articleSection":["Actualidad","Universidad al D\u00eda","Eventos"],"inLanguage":"es"},{"@type":"WebPage","@id":"https:\/\/www.ucaldas.edu.co\/portal\/tercer-congreso-caldense-sobre-salud-mental-de-ninos-y-adolescentes\/","url":"https:\/\/www.ucaldas.edu.co\/portal\/tercer-congreso-caldense-sobre-salud-mental-de-ninos-y-adolescentes\/","name":"Tercer congreso caldense sobre salud mental de ni\u00f1os y adolescentes .","isPartOf":{"@id":"https:\/\/www.ucaldas.edu.co\/portal\/#website"},"primaryImageOfPage":{"@id":"https:\/\/www.ucaldas.edu.co\/portal\/tercer-congreso-caldense-sobre-salud-mental-de-ninos-y-adolescentes\/#primaryimage"},"image":{"@id":"https:\/\/www.ucaldas.edu.co\/portal\/tercer-congreso-caldense-sobre-salud-mental-de-ninos-y-adolescentes\/#primaryimage"},"thumbnailUrl":"https:\/\/www.ucaldas.edu.co\/portal\/wp-content\/uploads\/2022\/10\/Diseno-sin-titulo-3.jpg","datePublished":"2022-10-11T22:17:04+00:00","breadcrumb":{"@id":"https:\/\/www.ucaldas.edu.co\/portal\/tercer-congreso-caldense-sobre-salud-mental-de-ninos-y-adolescentes\/#breadcrumb"},"inLanguage":"es","potentialAction":[{"@type":"ReadAction","target":["https:\/\/www.ucaldas.edu.co\/portal\/tercer-congreso-caldense-sobre-salud-mental-de-ninos-y-adolescentes\/"]}]},{"@type":"ImageObject","inLanguage":"es","@id":"https:\/\/www.ucaldas.edu.co\/portal\/tercer-congreso-caldense-sobre-salud-mental-de-ninos-y-adolescentes\/#primaryimage","url":"https:\/\/www.ucaldas.edu.co\/portal\/wp-content\/uploads\/2022\/10\/Diseno-sin-titulo-3.jpg","contentUrl":"https:\/\/www.ucaldas.edu.co\/portal\/wp-content\/uploads\/2022\/10\/Diseno-sin-titulo-3.jpg","width":700,"height":400,"caption":"Congreso de salud mental en noviembre"},{"@type":"BreadcrumbList","@id":"https:\/\/www.ucaldas.edu.co\/portal\/tercer-congreso-caldense-sobre-salud-mental-de-ninos-y-adolescentes\/#breadcrumb","itemListElement":[{"@type":"ListItem","position":1,"name":"Portada","item":"https:\/\/www.ucaldas.edu.co\/portal\/"},{"@type":"ListItem","position":2,"name":"Tercer congreso caldense sobre salud mental de ni\u00f1os y adolescentes"}]},{"@type":"WebSite","@id":"https:\/\/www.ucaldas.edu.co\/portal\/#website","url":"https:\/\/www.ucaldas.edu.co\/portal\/","name":"Universidad de Caldas","description":"","publisher":{"@id":"https:\/\/www.ucaldas.edu.co\/portal\/#organization"},"alternateName":"U. de Caldas","potentialAction":[{"@type":"SearchAction","target":{"@type":"EntryPoint","urlTemplate":"https:\/\/www.ucaldas.edu.co\/portal\/?s={search_term_string}"},"query-input":{"@type":"PropertyValueSpecification","valueRequired":true,"valueName":"search_term_string"}}],"inLanguage":"es"},{"@type":"Organization","@id":"https:\/\/www.ucaldas.edu.co\/portal\/#organization","name":"Universidad de Caldas","alternateName":"U. de Caldas","url":"https:\/\/www.ucaldas.edu.co\/portal\/","logo":{"@type":"ImageObject","inLanguage":"es","@id":"https:\/\/www.ucaldas.edu.co\/portal\/#\/schema\/logo\/image\/","url":"https:\/\/www.ucaldas.edu.co\/portal\/wp-content\/uploads\/2023\/11\/Logo_horizontal_oscuroU-2023.png","contentUrl":"https:\/\/www.ucaldas.edu.co\/portal\/wp-content\/uploads\/2023\/11\/Logo_horizontal_oscuroU-2023.png","width":263,"height":101,"caption":"Universidad de Caldas"},"image":{"@id":"https:\/\/www.ucaldas.edu.co\/portal\/#\/schema\/logo\/image\/"},"sameAs":["https:\/\/www.facebook.com\/udecaldas","https:\/\/x.com\/udecaldas","https:\/\/www.youtube.com\/universidadcaldas","https:\/\/www.instagram.com\/udecaldas\/"]},{"@type":"Person","@id":"https:\/\/www.ucaldas.edu.co\/portal\/#\/schema\/person\/a1b482e23449158b4bc319926c074fdf","name":"ofiprensa","image":{"@type":"ImageObject","inLanguage":"es","@id":"https:\/\/www.ucaldas.edu.co\/portal\/wp-content\/litespeed\/avatar\/09ea5085e600095a7a811142c6944527.jpg?ver=1777497608","url":"https:\/\/www.ucaldas.edu.co\/portal\/wp-content\/litespeed\/avatar\/09ea5085e600095a7a811142c6944527.jpg?ver=1777497608","contentUrl":"https:\/\/www.ucaldas.edu.co\/portal\/wp-content\/litespeed\/avatar\/09ea5085e600095a7a811142c6944527.jpg?ver=1777497608","caption":"ofiprensa"},"url":"https:\/\/www.ucaldas.edu.co\/portal\/author\/ofiprensa\/"}]}},"_links":{"self":[{"href":"https:\/\/www.ucaldas.edu.co\/portal\/wp-json\/wp\/v2\/posts\/72967","targetHints":{"allow":["GET"]}}],"collection":[{"href":"https:\/\/www.ucaldas.edu.co\/portal\/wp-json\/wp\/v2\/posts"}],"about":[{"href":"https:\/\/www.ucaldas.edu.co\/portal\/wp-json\/wp\/v2\/types\/post"}],"author":[{"embeddable":true,"href":"https:\/\/www.ucaldas.edu.co\/portal\/wp-json\/wp\/v2\/users\/2"}],"replies":[{"embeddable":true,"href":"https:\/\/www.ucaldas.edu.co\/portal\/wp-json\/wp\/v2\/comments?post=72967"}],"version-history":[{"count":0,"href":"https:\/\/www.ucaldas.edu.co\/portal\/wp-json\/wp\/v2\/posts\/72967\/revisions"}],"wp:featuredmedia":[{"embeddable":true,"href":"https:\/\/www.ucaldas.edu.co\/portal\/wp-json\/wp\/v2\/media\/72968"}],"wp:attachment":[{"href":"https:\/\/www.ucaldas.edu.co\/portal\/wp-json\/wp\/v2\/media?parent=72967"}],"wp:term":[{"taxonomy":"category","embeddable":true,"href":"https:\/\/www.ucaldas.edu.co\/portal\/wp-json\/wp\/v2\/categories?post=72967"},{"taxonomy":"post_tag","embeddable":true,"href":"https:\/\/www.ucaldas.edu.co\/portal\/wp-json\/wp\/v2\/tags?post=72967"}],"curies":[{"name":"wp","href":"https:\/\/api.w.org\/{rel}","templated":true}]}}