{"id":72934,"date":"2022-10-07T20:34:59","date_gmt":"2022-10-07T20:34:59","guid":{"rendered":"https:\/\/www.ucaldas.edu.co\/portal\/?p=72934"},"modified":"2022-10-07T20:34:59","modified_gmt":"2022-10-07T20:34:59","slug":"primer-simposio-de-subespecialistas-de-medicina-interna-endocrinologia-en-el-siglo-xxi","status":"publish","type":"post","link":"https:\/\/www.ucaldas.edu.co\/portal\/primer-simposio-de-subespecialistas-de-medicina-interna-endocrinologia-en-el-siglo-xxi\/","title":{"rendered":"Primer Simposio de Subespecialistas de Medicina Interna \u201cEndocrinolog\u00eda en el Siglo XXI\u201d"},"content":{"rendered":"<p>&nbsp;<\/p>\n<p><img loading=\"lazy\" decoding=\"async\" class=\"aligncenter size-full wp-image-72935\" src=\"https:\/\/www.ucaldas.edu.co\/portal\/wp-content\/uploads\/2022\/10\/simposio-1.jpg\" alt=\"Inscripciones sin costo para estudiantes de la Universidad de Caldas\" width=\"700\" height=\"400\" srcset=\"https:\/\/www.ucaldas.edu.co\/portal\/wp-content\/uploads\/2022\/10\/simposio-1.jpg 700w, https:\/\/www.ucaldas.edu.co\/portal\/wp-content\/uploads\/2022\/10\/simposio-1-300x171.jpg 300w\" sizes=\"auto, (max-width: 700px) 100vw, 700px\" \/><\/p>\n<p>Se encuentran abiertas las inscripciones para participar en el primer Simposio de Subespecialistas de Medicina Interna \u201cEndocrinolog\u00eda en el Siglo XXI\u201d, organizado desde el programa de Medicina Interna de la Universidad de Caldas del 28 y 29 de octubre.<\/p>\n<p><!--more--><\/p>\n<p>Durante el evento se abordar\u00e1n temas habituales y de reto diagn\u00f3stico en la consulta m\u00e9dica diaria, los cuales ser\u00e1n desarrollados por especialistas y subespecialistas en el \u00e1rea a trav\u00e9s de ponencias y conferencias magistrales.<\/p>\n<p>Algunas de las tem\u00e1ticas\u00a0 ser\u00e1n:<\/p>\n<ul>\n<li>Nuevas definiciones y repercusiones cl\u00ednicas.<\/li>\n<li>Novedades terap\u00e9uticas en la diabetes.<\/li>\n<li>Enfoque pr\u00e1ctico del n\u00f3dulo tiroideo.<\/li>\n<li>Hiperprolactinemia<\/li>\n<li>Osteoporosis<\/li>\n<\/ul>\n<p>Costos de inscripci\u00f3n:<\/p>\n<ul>\n<li>M\u00e9dicos especialistas: $90.000<\/li>\n<li>Medico generales: $50.000<\/li>\n<li>Estudiantes Universidad de Caldas: Sin costo.<\/li>\n<\/ul>\n<p>Para mayor informaci\u00f3n sobre la inscripci\u00f3n puede escribir al correo electr\u00f3nico <strong><a href=\"mailto:simposiomiudecaldas@gmail.com\">simposiomiudecaldas@gmail.com<\/a><\/strong> o al celular 324-211-8636.<\/p>\n<p>&nbsp;<\/p>\n<p><strong><a href=\"https:\/\/docs.google.com\/forms\/d\/e\/1FAIpQLSfsFNwcVeRf-87S5ZI8VX4w5k8Rn6MdC1Sg84RH2UKcLcrL4w\/viewform?fbclid=IwAR1ylbKvSl1UltZC29d3qLNf2MwoaYSfsTEsd_VHIxnu6z4hiJfUiAH5JhQ\">Formulario de inscripci\u00f3n.<\/a><\/strong><\/p>\n<p>&nbsp;<\/p>\n<p><strong>Informes: <\/strong>Oficina de Comunicaciones y Prensa Universidad de Caldas.<\/p>\n<p><strong>Redacci\u00f3n:<\/strong> Mateo Buritic\u00e1 Giraldo<\/p>\n<p>&nbsp;<\/p>\n","protected":false},"excerpt":{"rendered":"<p>&nbsp; Se encuentran abiertas las inscripciones para participar en el primer Simposio de Subespecialistas de Medicina Interna \u201cEndocrinolog\u00eda en el Siglo XXI\u201d, organizado desde el programa de Medicina Interna de la Universidad de Caldas del 28 y 29 de octubre.<\/p>\n","protected":false},"author":2,"featured_media":72935,"comment_status":"closed","ping_status":"open","sticky":false,"template":"","format":"standard","meta":{"footnotes":""},"categories":[48,53,62],"tags":[5504,5667,9222],"class_list":["post-72934","post","type-post","status-publish","format-standard","has-post-thumbnail","hentry","category-actualidad","category-universidad-al-dia","category-eventos","tag-simposio-salud","tag-actualidad-en-salud","tag-endocrinologia"],"yoast_head":"<!-- This site is optimized with the Yoast SEO plugin v27.5 - https:\/\/yoast.com\/product\/yoast-seo-wordpress\/ -->\n<title>Primer Simposio de Subespecialistas de Medicina Interna \u201cEndocrinolog\u00eda en el Siglo XXI\u201d .<\/title>\n<meta name=\"robots\" content=\"index, follow, max-snippet:-1, max-image-preview:large, max-video-preview:-1\" \/>\n<link rel=\"canonical\" href=\"https:\/\/www.ucaldas.edu.co\/portal\/primer-simposio-de-subespecialistas-de-medicina-interna-endocrinologia-en-el-siglo-xxi\/\" \/>\n<script type=\"application\/ld+json\" class=\"yoast-schema-graph\">{\"@context\":\"https:\\\/\\\/schema.org\",\"@graph\":[{\"@type\":\"Article\",\"@id\":\"https:\\\/\\\/www.ucaldas.edu.co\\\/portal\\\/primer-simposio-de-subespecialistas-de-medicina-interna-endocrinologia-en-el-siglo-xxi\\\/#article\",\"isPartOf\":{\"@id\":\"https:\\\/\\\/www.ucaldas.edu.co\\\/portal\\\/primer-simposio-de-subespecialistas-de-medicina-interna-endocrinologia-en-el-siglo-xxi\\\/\"},\"author\":{\"name\":\"ofiprensa\",\"@id\":\"https:\\\/\\\/www.ucaldas.edu.co\\\/portal\\\/#\\\/schema\\\/person\\\/a1b482e23449158b4bc319926c074fdf\"},\"headline\":\"Primer Simposio de Subespecialistas de Medicina Interna \u201cEndocrinolog\u00eda en el Siglo XXI\u201d\",\"datePublished\":\"2022-10-07T20:34:59+00:00\",\"mainEntityOfPage\":{\"@id\":\"https:\\\/\\\/www.ucaldas.edu.co\\\/portal\\\/primer-simposio-de-subespecialistas-de-medicina-interna-endocrinologia-en-el-siglo-xxi\\\/\"},\"wordCount\":177,\"publisher\":{\"@id\":\"https:\\\/\\\/www.ucaldas.edu.co\\\/portal\\\/#organization\"},\"image\":{\"@id\":\"https:\\\/\\\/www.ucaldas.edu.co\\\/portal\\\/primer-simposio-de-subespecialistas-de-medicina-interna-endocrinologia-en-el-siglo-xxi\\\/#primaryimage\"},\"thumbnailUrl\":\"https:\\\/\\\/www.ucaldas.edu.co\\\/portal\\\/wp-content\\\/uploads\\\/2022\\\/10\\\/simposio-1.jpg\",\"keywords\":[\"simposio salud\",\"actualidad en salud\",\"endocrinolog\u00eda\"],\"articleSection\":[\"Actualidad\",\"Universidad al D\u00eda\",\"Eventos\"],\"inLanguage\":\"es\"},{\"@type\":\"WebPage\",\"@id\":\"https:\\\/\\\/www.ucaldas.edu.co\\\/portal\\\/primer-simposio-de-subespecialistas-de-medicina-interna-endocrinologia-en-el-siglo-xxi\\\/\",\"url\":\"https:\\\/\\\/www.ucaldas.edu.co\\\/portal\\\/primer-simposio-de-subespecialistas-de-medicina-interna-endocrinologia-en-el-siglo-xxi\\\/\",\"name\":\"Primer Simposio de Subespecialistas de Medicina Interna \u201cEndocrinolog\u00eda en el Siglo XXI\u201d .\",\"isPartOf\":{\"@id\":\"https:\\\/\\\/www.ucaldas.edu.co\\\/portal\\\/#website\"},\"primaryImageOfPage\":{\"@id\":\"https:\\\/\\\/www.ucaldas.edu.co\\\/portal\\\/primer-simposio-de-subespecialistas-de-medicina-interna-endocrinologia-en-el-siglo-xxi\\\/#primaryimage\"},\"image\":{\"@id\":\"https:\\\/\\\/www.ucaldas.edu.co\\\/portal\\\/primer-simposio-de-subespecialistas-de-medicina-interna-endocrinologia-en-el-siglo-xxi\\\/#primaryimage\"},\"thumbnailUrl\":\"https:\\\/\\\/www.ucaldas.edu.co\\\/portal\\\/wp-content\\\/uploads\\\/2022\\\/10\\\/simposio-1.jpg\",\"datePublished\":\"2022-10-07T20:34:59+00:00\",\"breadcrumb\":{\"@id\":\"https:\\\/\\\/www.ucaldas.edu.co\\\/portal\\\/primer-simposio-de-subespecialistas-de-medicina-interna-endocrinologia-en-el-siglo-xxi\\\/#breadcrumb\"},\"inLanguage\":\"es\",\"potentialAction\":[{\"@type\":\"ReadAction\",\"target\":[\"https:\\\/\\\/www.ucaldas.edu.co\\\/portal\\\/primer-simposio-de-subespecialistas-de-medicina-interna-endocrinologia-en-el-siglo-xxi\\\/\"]}]},{\"@type\":\"ImageObject\",\"inLanguage\":\"es\",\"@id\":\"https:\\\/\\\/www.ucaldas.edu.co\\\/portal\\\/primer-simposio-de-subespecialistas-de-medicina-interna-endocrinologia-en-el-siglo-xxi\\\/#primaryimage\",\"url\":\"https:\\\/\\\/www.ucaldas.edu.co\\\/portal\\\/wp-content\\\/uploads\\\/2022\\\/10\\\/simposio-1.jpg\",\"contentUrl\":\"https:\\\/\\\/www.ucaldas.edu.co\\\/portal\\\/wp-content\\\/uploads\\\/2022\\\/10\\\/simposio-1.jpg\",\"width\":700,\"height\":400,\"caption\":\"Inscripciones sin costo para estudiantes de la Universidad de Caldas\"},{\"@type\":\"BreadcrumbList\",\"@id\":\"https:\\\/\\\/www.ucaldas.edu.co\\\/portal\\\/primer-simposio-de-subespecialistas-de-medicina-interna-endocrinologia-en-el-siglo-xxi\\\/#breadcrumb\",\"itemListElement\":[{\"@type\":\"ListItem\",\"position\":1,\"name\":\"Portada\",\"item\":\"https:\\\/\\\/www.ucaldas.edu.co\\\/portal\\\/\"},{\"@type\":\"ListItem\",\"position\":2,\"name\":\"Primer Simposio de Subespecialistas de Medicina Interna \u201cEndocrinolog\u00eda en el Siglo XXI\u201d\"}]},{\"@type\":\"WebSite\",\"@id\":\"https:\\\/\\\/www.ucaldas.edu.co\\\/portal\\\/#website\",\"url\":\"https:\\\/\\\/www.ucaldas.edu.co\\\/portal\\\/\",\"name\":\"Universidad de Caldas\",\"description\":\"\",\"publisher\":{\"@id\":\"https:\\\/\\\/www.ucaldas.edu.co\\\/portal\\\/#organization\"},\"alternateName\":\"U. de Caldas\",\"potentialAction\":[{\"@type\":\"SearchAction\",\"target\":{\"@type\":\"EntryPoint\",\"urlTemplate\":\"https:\\\/\\\/www.ucaldas.edu.co\\\/portal\\\/?s={search_term_string}\"},\"query-input\":{\"@type\":\"PropertyValueSpecification\",\"valueRequired\":true,\"valueName\":\"search_term_string\"}}],\"inLanguage\":\"es\"},{\"@type\":\"Organization\",\"@id\":\"https:\\\/\\\/www.ucaldas.edu.co\\\/portal\\\/#organization\",\"name\":\"Universidad de Caldas\",\"alternateName\":\"U. de Caldas\",\"url\":\"https:\\\/\\\/www.ucaldas.edu.co\\\/portal\\\/\",\"logo\":{\"@type\":\"ImageObject\",\"inLanguage\":\"es\",\"@id\":\"https:\\\/\\\/www.ucaldas.edu.co\\\/portal\\\/#\\\/schema\\\/logo\\\/image\\\/\",\"url\":\"https:\\\/\\\/www.ucaldas.edu.co\\\/portal\\\/wp-content\\\/uploads\\\/2023\\\/11\\\/Logo_horizontal_oscuroU-2023.png\",\"contentUrl\":\"https:\\\/\\\/www.ucaldas.edu.co\\\/portal\\\/wp-content\\\/uploads\\\/2023\\\/11\\\/Logo_horizontal_oscuroU-2023.png\",\"width\":263,\"height\":101,\"caption\":\"Universidad de Caldas\"},\"image\":{\"@id\":\"https:\\\/\\\/www.ucaldas.edu.co\\\/portal\\\/#\\\/schema\\\/logo\\\/image\\\/\"},\"sameAs\":[\"https:\\\/\\\/www.facebook.com\\\/udecaldas\",\"https:\\\/\\\/x.com\\\/udecaldas\",\"https:\\\/\\\/www.youtube.com\\\/universidadcaldas\",\"https:\\\/\\\/www.instagram.com\\\/udecaldas\\\/\"]},{\"@type\":\"Person\",\"@id\":\"https:\\\/\\\/www.ucaldas.edu.co\\\/portal\\\/#\\\/schema\\\/person\\\/a1b482e23449158b4bc319926c074fdf\",\"name\":\"ofiprensa\",\"image\":{\"@type\":\"ImageObject\",\"inLanguage\":\"es\",\"@id\":\"https:\\\/\\\/www.ucaldas.edu.co\\\/portal\\\/wp-content\\\/litespeed\\\/avatar\\\/09ea5085e600095a7a811142c6944527.jpg?ver=1777497608\",\"url\":\"https:\\\/\\\/www.ucaldas.edu.co\\\/portal\\\/wp-content\\\/litespeed\\\/avatar\\\/09ea5085e600095a7a811142c6944527.jpg?ver=1777497608\",\"contentUrl\":\"https:\\\/\\\/www.ucaldas.edu.co\\\/portal\\\/wp-content\\\/litespeed\\\/avatar\\\/09ea5085e600095a7a811142c6944527.jpg?ver=1777497608\",\"caption\":\"ofiprensa\"},\"url\":\"https:\\\/\\\/www.ucaldas.edu.co\\\/portal\\\/author\\\/ofiprensa\\\/\"}]}<\/script>\n<!-- \/ Yoast SEO plugin. -->","yoast_head_json":{"title":"Primer Simposio de Subespecialistas de Medicina Interna \u201cEndocrinolog\u00eda en el Siglo XXI\u201d .","robots":{"index":"index","follow":"follow","max-snippet":"max-snippet:-1","max-image-preview":"max-image-preview:large","max-video-preview":"max-video-preview:-1"},"canonical":"https:\/\/www.ucaldas.edu.co\/portal\/primer-simposio-de-subespecialistas-de-medicina-interna-endocrinologia-en-el-siglo-xxi\/","schema":{"@context":"https:\/\/schema.org","@graph":[{"@type":"Article","@id":"https:\/\/www.ucaldas.edu.co\/portal\/primer-simposio-de-subespecialistas-de-medicina-interna-endocrinologia-en-el-siglo-xxi\/#article","isPartOf":{"@id":"https:\/\/www.ucaldas.edu.co\/portal\/primer-simposio-de-subespecialistas-de-medicina-interna-endocrinologia-en-el-siglo-xxi\/"},"author":{"name":"ofiprensa","@id":"https:\/\/www.ucaldas.edu.co\/portal\/#\/schema\/person\/a1b482e23449158b4bc319926c074fdf"},"headline":"Primer Simposio de Subespecialistas de Medicina Interna \u201cEndocrinolog\u00eda en el Siglo XXI\u201d","datePublished":"2022-10-07T20:34:59+00:00","mainEntityOfPage":{"@id":"https:\/\/www.ucaldas.edu.co\/portal\/primer-simposio-de-subespecialistas-de-medicina-interna-endocrinologia-en-el-siglo-xxi\/"},"wordCount":177,"publisher":{"@id":"https:\/\/www.ucaldas.edu.co\/portal\/#organization"},"image":{"@id":"https:\/\/www.ucaldas.edu.co\/portal\/primer-simposio-de-subespecialistas-de-medicina-interna-endocrinologia-en-el-siglo-xxi\/#primaryimage"},"thumbnailUrl":"https:\/\/www.ucaldas.edu.co\/portal\/wp-content\/uploads\/2022\/10\/simposio-1.jpg","keywords":["simposio salud","actualidad en salud","endocrinolog\u00eda"],"articleSection":["Actualidad","Universidad al D\u00eda","Eventos"],"inLanguage":"es"},{"@type":"WebPage","@id":"https:\/\/www.ucaldas.edu.co\/portal\/primer-simposio-de-subespecialistas-de-medicina-interna-endocrinologia-en-el-siglo-xxi\/","url":"https:\/\/www.ucaldas.edu.co\/portal\/primer-simposio-de-subespecialistas-de-medicina-interna-endocrinologia-en-el-siglo-xxi\/","name":"Primer Simposio de Subespecialistas de Medicina Interna \u201cEndocrinolog\u00eda en el Siglo XXI\u201d .","isPartOf":{"@id":"https:\/\/www.ucaldas.edu.co\/portal\/#website"},"primaryImageOfPage":{"@id":"https:\/\/www.ucaldas.edu.co\/portal\/primer-simposio-de-subespecialistas-de-medicina-interna-endocrinologia-en-el-siglo-xxi\/#primaryimage"},"image":{"@id":"https:\/\/www.ucaldas.edu.co\/portal\/primer-simposio-de-subespecialistas-de-medicina-interna-endocrinologia-en-el-siglo-xxi\/#primaryimage"},"thumbnailUrl":"https:\/\/www.ucaldas.edu.co\/portal\/wp-content\/uploads\/2022\/10\/simposio-1.jpg","datePublished":"2022-10-07T20:34:59+00:00","breadcrumb":{"@id":"https:\/\/www.ucaldas.edu.co\/portal\/primer-simposio-de-subespecialistas-de-medicina-interna-endocrinologia-en-el-siglo-xxi\/#breadcrumb"},"inLanguage":"es","potentialAction":[{"@type":"ReadAction","target":["https:\/\/www.ucaldas.edu.co\/portal\/primer-simposio-de-subespecialistas-de-medicina-interna-endocrinologia-en-el-siglo-xxi\/"]}]},{"@type":"ImageObject","inLanguage":"es","@id":"https:\/\/www.ucaldas.edu.co\/portal\/primer-simposio-de-subespecialistas-de-medicina-interna-endocrinologia-en-el-siglo-xxi\/#primaryimage","url":"https:\/\/www.ucaldas.edu.co\/portal\/wp-content\/uploads\/2022\/10\/simposio-1.jpg","contentUrl":"https:\/\/www.ucaldas.edu.co\/portal\/wp-content\/uploads\/2022\/10\/simposio-1.jpg","width":700,"height":400,"caption":"Inscripciones sin costo para estudiantes de la Universidad de Caldas"},{"@type":"BreadcrumbList","@id":"https:\/\/www.ucaldas.edu.co\/portal\/primer-simposio-de-subespecialistas-de-medicina-interna-endocrinologia-en-el-siglo-xxi\/#breadcrumb","itemListElement":[{"@type":"ListItem","position":1,"name":"Portada","item":"https:\/\/www.ucaldas.edu.co\/portal\/"},{"@type":"ListItem","position":2,"name":"Primer Simposio de Subespecialistas de Medicina Interna \u201cEndocrinolog\u00eda en el Siglo XXI\u201d"}]},{"@type":"WebSite","@id":"https:\/\/www.ucaldas.edu.co\/portal\/#website","url":"https:\/\/www.ucaldas.edu.co\/portal\/","name":"Universidad de Caldas","description":"","publisher":{"@id":"https:\/\/www.ucaldas.edu.co\/portal\/#organization"},"alternateName":"U. de Caldas","potentialAction":[{"@type":"SearchAction","target":{"@type":"EntryPoint","urlTemplate":"https:\/\/www.ucaldas.edu.co\/portal\/?s={search_term_string}"},"query-input":{"@type":"PropertyValueSpecification","valueRequired":true,"valueName":"search_term_string"}}],"inLanguage":"es"},{"@type":"Organization","@id":"https:\/\/www.ucaldas.edu.co\/portal\/#organization","name":"Universidad de Caldas","alternateName":"U. de Caldas","url":"https:\/\/www.ucaldas.edu.co\/portal\/","logo":{"@type":"ImageObject","inLanguage":"es","@id":"https:\/\/www.ucaldas.edu.co\/portal\/#\/schema\/logo\/image\/","url":"https:\/\/www.ucaldas.edu.co\/portal\/wp-content\/uploads\/2023\/11\/Logo_horizontal_oscuroU-2023.png","contentUrl":"https:\/\/www.ucaldas.edu.co\/portal\/wp-content\/uploads\/2023\/11\/Logo_horizontal_oscuroU-2023.png","width":263,"height":101,"caption":"Universidad de Caldas"},"image":{"@id":"https:\/\/www.ucaldas.edu.co\/portal\/#\/schema\/logo\/image\/"},"sameAs":["https:\/\/www.facebook.com\/udecaldas","https:\/\/x.com\/udecaldas","https:\/\/www.youtube.com\/universidadcaldas","https:\/\/www.instagram.com\/udecaldas\/"]},{"@type":"Person","@id":"https:\/\/www.ucaldas.edu.co\/portal\/#\/schema\/person\/a1b482e23449158b4bc319926c074fdf","name":"ofiprensa","image":{"@type":"ImageObject","inLanguage":"es","@id":"https:\/\/www.ucaldas.edu.co\/portal\/wp-content\/litespeed\/avatar\/09ea5085e600095a7a811142c6944527.jpg?ver=1777497608","url":"https:\/\/www.ucaldas.edu.co\/portal\/wp-content\/litespeed\/avatar\/09ea5085e600095a7a811142c6944527.jpg?ver=1777497608","contentUrl":"https:\/\/www.ucaldas.edu.co\/portal\/wp-content\/litespeed\/avatar\/09ea5085e600095a7a811142c6944527.jpg?ver=1777497608","caption":"ofiprensa"},"url":"https:\/\/www.ucaldas.edu.co\/portal\/author\/ofiprensa\/"}]}},"_links":{"self":[{"href":"https:\/\/www.ucaldas.edu.co\/portal\/wp-json\/wp\/v2\/posts\/72934","targetHints":{"allow":["GET"]}}],"collection":[{"href":"https:\/\/www.ucaldas.edu.co\/portal\/wp-json\/wp\/v2\/posts"}],"about":[{"href":"https:\/\/www.ucaldas.edu.co\/portal\/wp-json\/wp\/v2\/types\/post"}],"author":[{"embeddable":true,"href":"https:\/\/www.ucaldas.edu.co\/portal\/wp-json\/wp\/v2\/users\/2"}],"replies":[{"embeddable":true,"href":"https:\/\/www.ucaldas.edu.co\/portal\/wp-json\/wp\/v2\/comments?post=72934"}],"version-history":[{"count":0,"href":"https:\/\/www.ucaldas.edu.co\/portal\/wp-json\/wp\/v2\/posts\/72934\/revisions"}],"wp:featuredmedia":[{"embeddable":true,"href":"https:\/\/www.ucaldas.edu.co\/portal\/wp-json\/wp\/v2\/media\/72935"}],"wp:attachment":[{"href":"https:\/\/www.ucaldas.edu.co\/portal\/wp-json\/wp\/v2\/media?parent=72934"}],"wp:term":[{"taxonomy":"category","embeddable":true,"href":"https:\/\/www.ucaldas.edu.co\/portal\/wp-json\/wp\/v2\/categories?post=72934"},{"taxonomy":"post_tag","embeddable":true,"href":"https:\/\/www.ucaldas.edu.co\/portal\/wp-json\/wp\/v2\/tags?post=72934"}],"curies":[{"name":"wp","href":"https:\/\/api.w.org\/{rel}","templated":true}]}}