{"id":72898,"date":"2022-10-06T21:28:25","date_gmt":"2022-10-06T21:28:25","guid":{"rendered":"https:\/\/www.ucaldas.edu.co\/portal\/?p=72898"},"modified":"2022-10-06T21:28:25","modified_gmt":"2022-10-06T21:28:25","slug":"jornada-de-soluciones-para-acreedores-del-icetex","status":"publish","type":"post","link":"https:\/\/www.ucaldas.edu.co\/portal\/jornada-de-soluciones-para-acreedores-del-icetex\/","title":{"rendered":"\u201cJornada de soluciones\u201d para acreedores del ICETEX"},"content":{"rendered":"<p><img loading=\"lazy\" decoding=\"async\" class=\"aligncenter size-full wp-image-72899\" src=\"https:\/\/www.ucaldas.edu.co\/portal\/wp-content\/uploads\/2022\/10\/Alivios-Icetex.jpg\" alt=\"Alivios para acreedores del ICETEX\" width=\"700\" height=\"400\" srcset=\"https:\/\/www.ucaldas.edu.co\/portal\/wp-content\/uploads\/2022\/10\/Alivios-Icetex.jpg 700w, https:\/\/www.ucaldas.edu.co\/portal\/wp-content\/uploads\/2022\/10\/Alivios-Icetex-300x171.jpg 300w\" sizes=\"auto, (max-width: 700px) 100vw, 700px\" \/><\/p>\n<p>&nbsp;<\/p>\n<p>Con el prop\u00f3sito de conocer la situaci\u00f3n de los usuarios que presentan dificultades con su cr\u00e9dito educativo y se encuentren en mora en su pago, el ICETEX realizar\u00e1 del 10 al 28 de octubre la Jornada de Soluciones enfocada a encontrar alternativas que normalicen su situaci\u00f3n y obtengan beneficios especiales como condonaciones en intereses y exclusiones de reportes financieros en aplicaci\u00f3n estricta de lo previsto en la ley 2157 de 2021.<\/p>\n<p><!--more--><\/p>\n<p>La jornada, que se realizar\u00e1 de forma telef\u00f3nica y virtual, entrega la posibilidad para que los usuarios cuyos cr\u00e9ditos educativos se encuentren en etapa de estudios con mora entre 31 y 90 d\u00edas y para aquellos en etapa de amortizaci\u00f3n con mora superior a 30 d\u00edas, hagan acuerdos de pago y reciban los beneficios.<\/p>\n<p>Para quienes cumplan con los compromisos acordados con el ICETEX en esta jornada tendr\u00e1n la condonaci\u00f3n de hasta un 100% en intereses corrientes vencidos y moratorios. Adem\u00e1s, si est\u00e1n reportados a centrales de riesgo recibir\u00e1n reporte positivo para que sean excluidos de inmediato de las centrales de informaci\u00f3n financiera como lo contempla la ley de borr\u00f3n y cuenta nueva que expira este 29 de octubre.<\/p>\n<p><strong>Alternativas para normalizar la cartera: <\/strong>Para realizar acuerdos y ponerse al d\u00eda en sus obligaciones podr\u00e1n acogerse a las figuras de extinci\u00f3n, normalizaci\u00f3n o refinanciaci\u00f3n de la obligaci\u00f3n en mora, contempladas en el reglamento de recuperaci\u00f3n de cartera de la entidad:<\/p>\n<p><strong>Extinci\u00f3n:<\/strong> Consiste en el pago del total de la obligaci\u00f3n.<\/p>\n<p><strong>Normalizaci\u00f3n:<\/strong> Mecanismo mediante el cual el beneficiario cancela la totalidad del saldo vencido.<\/p>\n<p><strong>Refinanciaci\u00f3n:<\/strong> Opci\u00f3n con la que se logra la modificaci\u00f3n del plazo y el valor de la cuota inicialmente pactada, a fin de normalizar la totalidad de la obligaci\u00f3n.<\/p>\n<p>Los usuarios que cuenten con un cr\u00e9dito educativo que est\u00e9 en etapa de estudios, o para los que ya se graduaron, y tienen con mora de 31 a 90 d\u00edas, podr\u00e1n llamar a la l\u00ednea gratuita nacional 018000112845 (desde tel\u00e9fono fijo) o en Bogot\u00e1 a la l\u00ednea (601) 3161867. Tambi\u00e9n se pueden conectar ingresando a: <strong>\u00a0<a href=\"https:\/\/clicktocall.americasbps.com\/Click_2_call\/\">https:\/\/clicktocall.americasbps.com\/Click_2_call\/ <\/a>\u00a0<\/strong><\/p>\n<p>Los j\u00f3venes con cr\u00e9dito que supera los 91 d\u00edas de mora, y han culminado su etapa de estudios, se puede comunicar a la l\u00ednea gratuita nacional 018000119716 (desde tel\u00e9fono fijo) o en Bogot\u00e1 al (601) 7490211. Tambi\u00e9n se pueden conectar a https:\/\/ws-bpm.inconcertcc.com\/C2CIcetex\/ o a trav\u00e9s de video llamada en el link:<br \/>\n<strong><a href=\"https:\/\/ws-bpm.inconcertcc.com\/VCIcetex\/\">https:\/\/ws-bpm.inconcertcc.com\/VCIcetex\/<\/a><\/strong><\/p>\n<p>El horario de atenci\u00f3n en la Feria de Soluciones ser\u00e1 de lunes a viernes de 7:00 a.m. a 8:00 p.m. y los s\u00e1bados de 8:00 a.m. a 5:00 p.m.<\/p>\n<p>&nbsp;<\/p>\n<p><strong>Anexo:<br \/>\n<\/strong><strong><a href=\"https:\/\/go.ivoox.com\/rf\/93522176\">Audio presidente ICETEX, Mauricio Toro Orjuela<\/a><br \/>\n<iframe loading=\"lazy\" src=\"https:\/\/www.ivoox.com\/player_ek_93522176_2_1.html?data=mpiilJeVe5ehhpywj5WVaZS1kpuah5yncZKhhpywj5WRaZi3jpWah5yncaLgytvW0diPtMLmwpDRx9rIs9PZ1JDRx9GPjcTZ1crlj4qbh46-pquyjampb7HGprPAo5KJe6ShlQ..&amp;\" width=\"238\" height=\"48\" frameborder=\"0\" scrolling=\"no\" allowfullscreen=\"allowfullscreen\"><\/iframe><\/strong><\/p>\n<p>&nbsp;<\/p>\n<p><strong>Informes: <\/strong>Oficina de Comunicaciones y Prensa Universidad de Caldas.<br \/>\n<strong>Redacci\u00f3n:<\/strong> Adriana Salazar Villegas <em>*<span style=\"font-size: 8pt;\">con informaci\u00f3n de ICETEX<\/span><\/em><\/p>\n<p>&nbsp;<\/p>\n","protected":false},"excerpt":{"rendered":"<p>&nbsp; Con el prop\u00f3sito de conocer la situaci\u00f3n de los usuarios que presentan dificultades con su cr\u00e9dito educativo y se encuentren en mora en su pago, el ICETEX realizar\u00e1 del 10 al 28 de octubre la Jornada de Soluciones enfocada a encontrar alternativas que normalicen su situaci\u00f3n y obtengan beneficios especiales como condonaciones en intereses [&hellip;]<\/p>\n","protected":false},"author":2,"featured_media":72899,"comment_status":"closed","ping_status":"open","sticky":false,"template":"","format":"standard","meta":{"footnotes":""},"categories":[48,53],"tags":[277,351,406,3358,9212],"class_list":["post-72898","post","type-post","status-publish","format-standard","has-post-thumbnail","hentry","category-actualidad","category-universidad-al-dia","tag-jornada","tag-icetex","tag-credito","tag-acuerdos","tag-deudores"],"yoast_head":"<!-- This site is optimized with the Yoast SEO plugin v27.5 - https:\/\/yoast.com\/product\/yoast-seo-wordpress\/ -->\n<title>\u201cJornada de soluciones\u201d para acreedores del ICETEX .<\/title>\n<meta name=\"robots\" content=\"index, follow, max-snippet:-1, max-image-preview:large, max-video-preview:-1\" \/>\n<link rel=\"canonical\" href=\"https:\/\/www.ucaldas.edu.co\/portal\/jornada-de-soluciones-para-acreedores-del-icetex\/\" \/>\n<script type=\"application\/ld+json\" class=\"yoast-schema-graph\">{\"@context\":\"https:\\\/\\\/schema.org\",\"@graph\":[{\"@type\":\"Article\",\"@id\":\"https:\\\/\\\/www.ucaldas.edu.co\\\/portal\\\/jornada-de-soluciones-para-acreedores-del-icetex\\\/#article\",\"isPartOf\":{\"@id\":\"https:\\\/\\\/www.ucaldas.edu.co\\\/portal\\\/jornada-de-soluciones-para-acreedores-del-icetex\\\/\"},\"author\":{\"name\":\"ofiprensa\",\"@id\":\"https:\\\/\\\/www.ucaldas.edu.co\\\/portal\\\/#\\\/schema\\\/person\\\/a1b482e23449158b4bc319926c074fdf\"},\"headline\":\"\u201cJornada de soluciones\u201d para acreedores del ICETEX\",\"datePublished\":\"2022-10-06T21:28:25+00:00\",\"mainEntityOfPage\":{\"@id\":\"https:\\\/\\\/www.ucaldas.edu.co\\\/portal\\\/jornada-de-soluciones-para-acreedores-del-icetex\\\/\"},\"wordCount\":499,\"publisher\":{\"@id\":\"https:\\\/\\\/www.ucaldas.edu.co\\\/portal\\\/#organization\"},\"image\":{\"@id\":\"https:\\\/\\\/www.ucaldas.edu.co\\\/portal\\\/jornada-de-soluciones-para-acreedores-del-icetex\\\/#primaryimage\"},\"thumbnailUrl\":\"https:\\\/\\\/www.ucaldas.edu.co\\\/portal\\\/wp-content\\\/uploads\\\/2022\\\/10\\\/Alivios-Icetex.jpg\",\"keywords\":[\"jornada\",\"Icetex\",\"cr\u00e9dito\",\"acuerdos\",\"deudores\"],\"articleSection\":[\"Actualidad\",\"Universidad al D\u00eda\"],\"inLanguage\":\"es\"},{\"@type\":\"WebPage\",\"@id\":\"https:\\\/\\\/www.ucaldas.edu.co\\\/portal\\\/jornada-de-soluciones-para-acreedores-del-icetex\\\/\",\"url\":\"https:\\\/\\\/www.ucaldas.edu.co\\\/portal\\\/jornada-de-soluciones-para-acreedores-del-icetex\\\/\",\"name\":\"\u201cJornada de soluciones\u201d para acreedores del ICETEX .\",\"isPartOf\":{\"@id\":\"https:\\\/\\\/www.ucaldas.edu.co\\\/portal\\\/#website\"},\"primaryImageOfPage\":{\"@id\":\"https:\\\/\\\/www.ucaldas.edu.co\\\/portal\\\/jornada-de-soluciones-para-acreedores-del-icetex\\\/#primaryimage\"},\"image\":{\"@id\":\"https:\\\/\\\/www.ucaldas.edu.co\\\/portal\\\/jornada-de-soluciones-para-acreedores-del-icetex\\\/#primaryimage\"},\"thumbnailUrl\":\"https:\\\/\\\/www.ucaldas.edu.co\\\/portal\\\/wp-content\\\/uploads\\\/2022\\\/10\\\/Alivios-Icetex.jpg\",\"datePublished\":\"2022-10-06T21:28:25+00:00\",\"breadcrumb\":{\"@id\":\"https:\\\/\\\/www.ucaldas.edu.co\\\/portal\\\/jornada-de-soluciones-para-acreedores-del-icetex\\\/#breadcrumb\"},\"inLanguage\":\"es\",\"potentialAction\":[{\"@type\":\"ReadAction\",\"target\":[\"https:\\\/\\\/www.ucaldas.edu.co\\\/portal\\\/jornada-de-soluciones-para-acreedores-del-icetex\\\/\"]}]},{\"@type\":\"ImageObject\",\"inLanguage\":\"es\",\"@id\":\"https:\\\/\\\/www.ucaldas.edu.co\\\/portal\\\/jornada-de-soluciones-para-acreedores-del-icetex\\\/#primaryimage\",\"url\":\"https:\\\/\\\/www.ucaldas.edu.co\\\/portal\\\/wp-content\\\/uploads\\\/2022\\\/10\\\/Alivios-Icetex.jpg\",\"contentUrl\":\"https:\\\/\\\/www.ucaldas.edu.co\\\/portal\\\/wp-content\\\/uploads\\\/2022\\\/10\\\/Alivios-Icetex.jpg\",\"width\":700,\"height\":400,\"caption\":\"Alivios para acreedores del ICETEX\"},{\"@type\":\"BreadcrumbList\",\"@id\":\"https:\\\/\\\/www.ucaldas.edu.co\\\/portal\\\/jornada-de-soluciones-para-acreedores-del-icetex\\\/#breadcrumb\",\"itemListElement\":[{\"@type\":\"ListItem\",\"position\":1,\"name\":\"Portada\",\"item\":\"https:\\\/\\\/www.ucaldas.edu.co\\\/portal\\\/\"},{\"@type\":\"ListItem\",\"position\":2,\"name\":\"\u201cJornada de soluciones\u201d para acreedores del ICETEX\"}]},{\"@type\":\"WebSite\",\"@id\":\"https:\\\/\\\/www.ucaldas.edu.co\\\/portal\\\/#website\",\"url\":\"https:\\\/\\\/www.ucaldas.edu.co\\\/portal\\\/\",\"name\":\"Universidad de Caldas\",\"description\":\"\",\"publisher\":{\"@id\":\"https:\\\/\\\/www.ucaldas.edu.co\\\/portal\\\/#organization\"},\"alternateName\":\"U. de Caldas\",\"potentialAction\":[{\"@type\":\"SearchAction\",\"target\":{\"@type\":\"EntryPoint\",\"urlTemplate\":\"https:\\\/\\\/www.ucaldas.edu.co\\\/portal\\\/?s={search_term_string}\"},\"query-input\":{\"@type\":\"PropertyValueSpecification\",\"valueRequired\":true,\"valueName\":\"search_term_string\"}}],\"inLanguage\":\"es\"},{\"@type\":\"Organization\",\"@id\":\"https:\\\/\\\/www.ucaldas.edu.co\\\/portal\\\/#organization\",\"name\":\"Universidad de Caldas\",\"alternateName\":\"U. de Caldas\",\"url\":\"https:\\\/\\\/www.ucaldas.edu.co\\\/portal\\\/\",\"logo\":{\"@type\":\"ImageObject\",\"inLanguage\":\"es\",\"@id\":\"https:\\\/\\\/www.ucaldas.edu.co\\\/portal\\\/#\\\/schema\\\/logo\\\/image\\\/\",\"url\":\"https:\\\/\\\/www.ucaldas.edu.co\\\/portal\\\/wp-content\\\/uploads\\\/2023\\\/11\\\/Logo_horizontal_oscuroU-2023.png\",\"contentUrl\":\"https:\\\/\\\/www.ucaldas.edu.co\\\/portal\\\/wp-content\\\/uploads\\\/2023\\\/11\\\/Logo_horizontal_oscuroU-2023.png\",\"width\":263,\"height\":101,\"caption\":\"Universidad de Caldas\"},\"image\":{\"@id\":\"https:\\\/\\\/www.ucaldas.edu.co\\\/portal\\\/#\\\/schema\\\/logo\\\/image\\\/\"},\"sameAs\":[\"https:\\\/\\\/www.facebook.com\\\/udecaldas\",\"https:\\\/\\\/x.com\\\/udecaldas\",\"https:\\\/\\\/www.youtube.com\\\/universidadcaldas\",\"https:\\\/\\\/www.instagram.com\\\/udecaldas\\\/\"]},{\"@type\":\"Person\",\"@id\":\"https:\\\/\\\/www.ucaldas.edu.co\\\/portal\\\/#\\\/schema\\\/person\\\/a1b482e23449158b4bc319926c074fdf\",\"name\":\"ofiprensa\",\"image\":{\"@type\":\"ImageObject\",\"inLanguage\":\"es\",\"@id\":\"https:\\\/\\\/www.ucaldas.edu.co\\\/portal\\\/wp-content\\\/litespeed\\\/avatar\\\/09ea5085e600095a7a811142c6944527.jpg?ver=1777497608\",\"url\":\"https:\\\/\\\/www.ucaldas.edu.co\\\/portal\\\/wp-content\\\/litespeed\\\/avatar\\\/09ea5085e600095a7a811142c6944527.jpg?ver=1777497608\",\"contentUrl\":\"https:\\\/\\\/www.ucaldas.edu.co\\\/portal\\\/wp-content\\\/litespeed\\\/avatar\\\/09ea5085e600095a7a811142c6944527.jpg?ver=1777497608\",\"caption\":\"ofiprensa\"},\"url\":\"https:\\\/\\\/www.ucaldas.edu.co\\\/portal\\\/author\\\/ofiprensa\\\/\"}]}<\/script>\n<!-- \/ Yoast SEO plugin. -->","yoast_head_json":{"title":"\u201cJornada de soluciones\u201d para acreedores del ICETEX .","robots":{"index":"index","follow":"follow","max-snippet":"max-snippet:-1","max-image-preview":"max-image-preview:large","max-video-preview":"max-video-preview:-1"},"canonical":"https:\/\/www.ucaldas.edu.co\/portal\/jornada-de-soluciones-para-acreedores-del-icetex\/","schema":{"@context":"https:\/\/schema.org","@graph":[{"@type":"Article","@id":"https:\/\/www.ucaldas.edu.co\/portal\/jornada-de-soluciones-para-acreedores-del-icetex\/#article","isPartOf":{"@id":"https:\/\/www.ucaldas.edu.co\/portal\/jornada-de-soluciones-para-acreedores-del-icetex\/"},"author":{"name":"ofiprensa","@id":"https:\/\/www.ucaldas.edu.co\/portal\/#\/schema\/person\/a1b482e23449158b4bc319926c074fdf"},"headline":"\u201cJornada de soluciones\u201d para acreedores del ICETEX","datePublished":"2022-10-06T21:28:25+00:00","mainEntityOfPage":{"@id":"https:\/\/www.ucaldas.edu.co\/portal\/jornada-de-soluciones-para-acreedores-del-icetex\/"},"wordCount":499,"publisher":{"@id":"https:\/\/www.ucaldas.edu.co\/portal\/#organization"},"image":{"@id":"https:\/\/www.ucaldas.edu.co\/portal\/jornada-de-soluciones-para-acreedores-del-icetex\/#primaryimage"},"thumbnailUrl":"https:\/\/www.ucaldas.edu.co\/portal\/wp-content\/uploads\/2022\/10\/Alivios-Icetex.jpg","keywords":["jornada","Icetex","cr\u00e9dito","acuerdos","deudores"],"articleSection":["Actualidad","Universidad al D\u00eda"],"inLanguage":"es"},{"@type":"WebPage","@id":"https:\/\/www.ucaldas.edu.co\/portal\/jornada-de-soluciones-para-acreedores-del-icetex\/","url":"https:\/\/www.ucaldas.edu.co\/portal\/jornada-de-soluciones-para-acreedores-del-icetex\/","name":"\u201cJornada de soluciones\u201d para acreedores del ICETEX .","isPartOf":{"@id":"https:\/\/www.ucaldas.edu.co\/portal\/#website"},"primaryImageOfPage":{"@id":"https:\/\/www.ucaldas.edu.co\/portal\/jornada-de-soluciones-para-acreedores-del-icetex\/#primaryimage"},"image":{"@id":"https:\/\/www.ucaldas.edu.co\/portal\/jornada-de-soluciones-para-acreedores-del-icetex\/#primaryimage"},"thumbnailUrl":"https:\/\/www.ucaldas.edu.co\/portal\/wp-content\/uploads\/2022\/10\/Alivios-Icetex.jpg","datePublished":"2022-10-06T21:28:25+00:00","breadcrumb":{"@id":"https:\/\/www.ucaldas.edu.co\/portal\/jornada-de-soluciones-para-acreedores-del-icetex\/#breadcrumb"},"inLanguage":"es","potentialAction":[{"@type":"ReadAction","target":["https:\/\/www.ucaldas.edu.co\/portal\/jornada-de-soluciones-para-acreedores-del-icetex\/"]}]},{"@type":"ImageObject","inLanguage":"es","@id":"https:\/\/www.ucaldas.edu.co\/portal\/jornada-de-soluciones-para-acreedores-del-icetex\/#primaryimage","url":"https:\/\/www.ucaldas.edu.co\/portal\/wp-content\/uploads\/2022\/10\/Alivios-Icetex.jpg","contentUrl":"https:\/\/www.ucaldas.edu.co\/portal\/wp-content\/uploads\/2022\/10\/Alivios-Icetex.jpg","width":700,"height":400,"caption":"Alivios para acreedores del ICETEX"},{"@type":"BreadcrumbList","@id":"https:\/\/www.ucaldas.edu.co\/portal\/jornada-de-soluciones-para-acreedores-del-icetex\/#breadcrumb","itemListElement":[{"@type":"ListItem","position":1,"name":"Portada","item":"https:\/\/www.ucaldas.edu.co\/portal\/"},{"@type":"ListItem","position":2,"name":"\u201cJornada de soluciones\u201d para acreedores del ICETEX"}]},{"@type":"WebSite","@id":"https:\/\/www.ucaldas.edu.co\/portal\/#website","url":"https:\/\/www.ucaldas.edu.co\/portal\/","name":"Universidad de Caldas","description":"","publisher":{"@id":"https:\/\/www.ucaldas.edu.co\/portal\/#organization"},"alternateName":"U. de Caldas","potentialAction":[{"@type":"SearchAction","target":{"@type":"EntryPoint","urlTemplate":"https:\/\/www.ucaldas.edu.co\/portal\/?s={search_term_string}"},"query-input":{"@type":"PropertyValueSpecification","valueRequired":true,"valueName":"search_term_string"}}],"inLanguage":"es"},{"@type":"Organization","@id":"https:\/\/www.ucaldas.edu.co\/portal\/#organization","name":"Universidad de Caldas","alternateName":"U. de Caldas","url":"https:\/\/www.ucaldas.edu.co\/portal\/","logo":{"@type":"ImageObject","inLanguage":"es","@id":"https:\/\/www.ucaldas.edu.co\/portal\/#\/schema\/logo\/image\/","url":"https:\/\/www.ucaldas.edu.co\/portal\/wp-content\/uploads\/2023\/11\/Logo_horizontal_oscuroU-2023.png","contentUrl":"https:\/\/www.ucaldas.edu.co\/portal\/wp-content\/uploads\/2023\/11\/Logo_horizontal_oscuroU-2023.png","width":263,"height":101,"caption":"Universidad de Caldas"},"image":{"@id":"https:\/\/www.ucaldas.edu.co\/portal\/#\/schema\/logo\/image\/"},"sameAs":["https:\/\/www.facebook.com\/udecaldas","https:\/\/x.com\/udecaldas","https:\/\/www.youtube.com\/universidadcaldas","https:\/\/www.instagram.com\/udecaldas\/"]},{"@type":"Person","@id":"https:\/\/www.ucaldas.edu.co\/portal\/#\/schema\/person\/a1b482e23449158b4bc319926c074fdf","name":"ofiprensa","image":{"@type":"ImageObject","inLanguage":"es","@id":"https:\/\/www.ucaldas.edu.co\/portal\/wp-content\/litespeed\/avatar\/09ea5085e600095a7a811142c6944527.jpg?ver=1777497608","url":"https:\/\/www.ucaldas.edu.co\/portal\/wp-content\/litespeed\/avatar\/09ea5085e600095a7a811142c6944527.jpg?ver=1777497608","contentUrl":"https:\/\/www.ucaldas.edu.co\/portal\/wp-content\/litespeed\/avatar\/09ea5085e600095a7a811142c6944527.jpg?ver=1777497608","caption":"ofiprensa"},"url":"https:\/\/www.ucaldas.edu.co\/portal\/author\/ofiprensa\/"}]}},"_links":{"self":[{"href":"https:\/\/www.ucaldas.edu.co\/portal\/wp-json\/wp\/v2\/posts\/72898","targetHints":{"allow":["GET"]}}],"collection":[{"href":"https:\/\/www.ucaldas.edu.co\/portal\/wp-json\/wp\/v2\/posts"}],"about":[{"href":"https:\/\/www.ucaldas.edu.co\/portal\/wp-json\/wp\/v2\/types\/post"}],"author":[{"embeddable":true,"href":"https:\/\/www.ucaldas.edu.co\/portal\/wp-json\/wp\/v2\/users\/2"}],"replies":[{"embeddable":true,"href":"https:\/\/www.ucaldas.edu.co\/portal\/wp-json\/wp\/v2\/comments?post=72898"}],"version-history":[{"count":0,"href":"https:\/\/www.ucaldas.edu.co\/portal\/wp-json\/wp\/v2\/posts\/72898\/revisions"}],"wp:featuredmedia":[{"embeddable":true,"href":"https:\/\/www.ucaldas.edu.co\/portal\/wp-json\/wp\/v2\/media\/72899"}],"wp:attachment":[{"href":"https:\/\/www.ucaldas.edu.co\/portal\/wp-json\/wp\/v2\/media?parent=72898"}],"wp:term":[{"taxonomy":"category","embeddable":true,"href":"https:\/\/www.ucaldas.edu.co\/portal\/wp-json\/wp\/v2\/categories?post=72898"},{"taxonomy":"post_tag","embeddable":true,"href":"https:\/\/www.ucaldas.edu.co\/portal\/wp-json\/wp\/v2\/tags?post=72898"}],"curies":[{"name":"wp","href":"https:\/\/api.w.org\/{rel}","templated":true}]}}