{"id":72891,"date":"2022-10-05T22:34:06","date_gmt":"2022-10-05T22:34:06","guid":{"rendered":"https:\/\/www.ucaldas.edu.co\/portal\/?p=72891"},"modified":"2022-10-05T22:34:06","modified_gmt":"2022-10-05T22:34:06","slug":"docentes-universidad-de-caldas-buscan-revitalizar-la-lengua-embera-chami","status":"publish","type":"post","link":"https:\/\/www.ucaldas.edu.co\/portal\/docentes-universidad-de-caldas-buscan-revitalizar-la-lengua-embera-chami\/","title":{"rendered":"Docentes Universidad de Caldas buscan revitalizar la lengua Embera Cham\u00ed"},"content":{"rendered":"<p><img loading=\"lazy\" decoding=\"async\" class=\"aligncenter size-full wp-image-72892\" src=\"https:\/\/www.ucaldas.edu.co\/portal\/wp-content\/uploads\/2022\/10\/proyecto-embera.jpg\" alt=\"Trabajo con las comunidades ember\u00e1 cham\u00ed\" width=\"700\" height=\"400\" srcset=\"https:\/\/www.ucaldas.edu.co\/portal\/wp-content\/uploads\/2022\/10\/proyecto-embera.jpg 700w, https:\/\/www.ucaldas.edu.co\/portal\/wp-content\/uploads\/2022\/10\/proyecto-embera-300x171.jpg 300w\" sizes=\"auto, (max-width: 700px) 100vw, 700px\" \/>Docentes de la Universidad de Caldas lideran los proyectos \u201cEstrategia did\u00e1ctica digital para la ense\u00f1anza-aprendizaje por intercambio cultural entre lenguas nativas y extranjeras Embera \u2013 Franc\u00e9s\u201d y \u201cRevitalizaci\u00f3n de la lengua embera\u201d con la comunidad Ember\u00e1 Cham\u00ed del municipio de Mistrat\u00f3, Risaralda.<\/p>\n<p><!--more--><\/p>\n<p>Las iniciativas nacen por el inter\u00e9s de los docentes en recuperar el patrimonio ling\u00fc\u00edstico y cultural colombiano, el cual desde la \u00e9poca de la independencia, cuando se contaba con m\u00e1s de 300 lenguas minoritarias, ha disminuido hasta 65, lo que podr\u00eda llevar a una extensi\u00f3n de las mismas.<\/p>\n<p>Docentes participantes del proyecto \u201cEstrategia did\u00e1ctica digital para la ense\u00f1anza-aprendizaje por intercambio cultural entre lenguas nativas y extranjeras Embera \u2013 Franc\u00e9s\u201d:<\/p>\n<ul>\n<li>Guillaume Roux del departamento de Lenguas Extranjeras.<\/li>\n<li>Germana Carolina Soler Mill\u00e1n, directora del programa de Lenguas Modernas (coordinadora del proyecto).<\/li>\n<\/ul>\n<p>Docentes integrantes del proyecto \u201cRevitalizaci\u00f3n de la lengua embera\u201d:<\/p>\n<ul>\n<li>Mauricio Pardo del departamento de Antropolog\u00eda (coordinador del proyecto).<\/li>\n<li>Julio Cesar Caicedo Erazo del departamento de Ingenier\u00eda.<\/li>\n<\/ul>\n<p>De acuerdo con la docente Germana Carolina Soler Mill\u00e1n, este trabajo pretende trabajar con las comunidades minoritarias donde se hable la lengua Embera Cham\u00ed, buscando revitalizar este patrimonio ling\u00fc\u00edstico colombiano.<\/p>\n<p>Los proyectos iniciaron en el municipio de Mistrat\u00f3, siendo este donde se encuentra la comunidad nativa Embera Cham\u00ed. Durante la jornada los docentes comenzaron el proceso de ense\u00f1anza de la lengua Embera a los residentes del municipio no nativos; adicional los profesores de franc\u00e9s brindaron conocimientos en lengua francesa, buscando por medio de la multiculturalidad una revitalizaci\u00f3n del patrimonio nacional.<\/p>\n<p>Actualmente el docente Pardo se encuentra realizando el desarrollo de la gram\u00e1tica del Embera Cham\u00f3, lo que generar\u00e1 un impacto a nivel nacional en cuanto al patrimonio y la preservaci\u00f3n de la lengua. Adicional a lo anterior, los profesores involucrados en el proyecto trabajan en un programa para la ense\u00f1anza de dicha lengua en la Universidad de Caldas.<\/p>\n<p>&nbsp;<\/p>\n<p><strong>Anexo:<br \/>\n<\/strong><strong><a href=\"https:\/\/go.ivoox.com\/rf\/93449216\">Audio Germana Carolina Soler Mill\u00e1n \u2013 directora programa Lenguas Modernas.<\/a><br \/>\n<iframe loading=\"lazy\" src=\"https:\/\/www.ivoox.com\/player_ek_93449216_2_1.html\" width=\"238\" height=\"48\" frameborder=\"0\" scrolling=\"no\" allowfullscreen=\"allowfullscreen\"><\/iframe><\/strong><\/p>\n<p>&nbsp;<\/p>\n<p><strong>Informes: <\/strong>Oficina de Comunicaciones y Prensa Universidad de Caldas.<br \/>\n<strong>Redacci\u00f3n:<\/strong> Mateo Buritic\u00e1 Giraldo<\/p>\n<p>&nbsp;<\/p>\n","protected":false},"excerpt":{"rendered":"<p>Docentes de la Universidad de Caldas lideran los proyectos \u201cEstrategia did\u00e1ctica digital para la ense\u00f1anza-aprendizaje por intercambio cultural entre lenguas nativas y extranjeras Embera \u2013 Franc\u00e9s\u201d y \u201cRevitalizaci\u00f3n de la lengua embera\u201d con la comunidad Ember\u00e1 Cham\u00ed del municipio de Mistrat\u00f3, Risaralda.<\/p>\n","protected":false},"author":2,"featured_media":72892,"comment_status":"closed","ping_status":"open","sticky":false,"template":"","format":"standard","meta":{"footnotes":""},"categories":[48,53,600],"tags":[6631,9210,9211],"class_list":["post-72891","post","type-post","status-publish","format-standard","has-post-thumbnail","hentry","category-actualidad","category-universidad-al-dia","category-ucaldas-regional","tag-lengua-embera-chami","tag-patrimonio-colombiano","tag-cultura-linguistica"],"yoast_head":"<!-- This site is optimized with the Yoast SEO plugin v27.5 - https:\/\/yoast.com\/product\/yoast-seo-wordpress\/ -->\n<title>Docentes Universidad de Caldas buscan revitalizar la lengua Embera Cham\u00ed .<\/title>\n<meta name=\"robots\" content=\"index, follow, max-snippet:-1, max-image-preview:large, max-video-preview:-1\" \/>\n<link rel=\"canonical\" href=\"https:\/\/www.ucaldas.edu.co\/portal\/docentes-universidad-de-caldas-buscan-revitalizar-la-lengua-embera-chami\/\" \/>\n<script type=\"application\/ld+json\" class=\"yoast-schema-graph\">{\"@context\":\"https:\\\/\\\/schema.org\",\"@graph\":[{\"@type\":\"Article\",\"@id\":\"https:\\\/\\\/www.ucaldas.edu.co\\\/portal\\\/docentes-universidad-de-caldas-buscan-revitalizar-la-lengua-embera-chami\\\/#article\",\"isPartOf\":{\"@id\":\"https:\\\/\\\/www.ucaldas.edu.co\\\/portal\\\/docentes-universidad-de-caldas-buscan-revitalizar-la-lengua-embera-chami\\\/\"},\"author\":{\"name\":\"ofiprensa\",\"@id\":\"https:\\\/\\\/www.ucaldas.edu.co\\\/portal\\\/#\\\/schema\\\/person\\\/a1b482e23449158b4bc319926c074fdf\"},\"headline\":\"Docentes Universidad de Caldas buscan revitalizar la lengua Embera Cham\u00ed\",\"datePublished\":\"2022-10-05T22:34:06+00:00\",\"mainEntityOfPage\":{\"@id\":\"https:\\\/\\\/www.ucaldas.edu.co\\\/portal\\\/docentes-universidad-de-caldas-buscan-revitalizar-la-lengua-embera-chami\\\/\"},\"wordCount\":363,\"publisher\":{\"@id\":\"https:\\\/\\\/www.ucaldas.edu.co\\\/portal\\\/#organization\"},\"image\":{\"@id\":\"https:\\\/\\\/www.ucaldas.edu.co\\\/portal\\\/docentes-universidad-de-caldas-buscan-revitalizar-la-lengua-embera-chami\\\/#primaryimage\"},\"thumbnailUrl\":\"https:\\\/\\\/www.ucaldas.edu.co\\\/portal\\\/wp-content\\\/uploads\\\/2022\\\/10\\\/proyecto-embera.jpg\",\"keywords\":[\"lengua embera chami\",\"patrimonio colombiano\",\"cultura ling\u00fc\u00edstica\"],\"articleSection\":[\"Actualidad\",\"Universidad al D\u00eda\",\"UCaldas Regional\"],\"inLanguage\":\"es\"},{\"@type\":\"WebPage\",\"@id\":\"https:\\\/\\\/www.ucaldas.edu.co\\\/portal\\\/docentes-universidad-de-caldas-buscan-revitalizar-la-lengua-embera-chami\\\/\",\"url\":\"https:\\\/\\\/www.ucaldas.edu.co\\\/portal\\\/docentes-universidad-de-caldas-buscan-revitalizar-la-lengua-embera-chami\\\/\",\"name\":\"Docentes Universidad de Caldas buscan revitalizar la lengua Embera Cham\u00ed .\",\"isPartOf\":{\"@id\":\"https:\\\/\\\/www.ucaldas.edu.co\\\/portal\\\/#website\"},\"primaryImageOfPage\":{\"@id\":\"https:\\\/\\\/www.ucaldas.edu.co\\\/portal\\\/docentes-universidad-de-caldas-buscan-revitalizar-la-lengua-embera-chami\\\/#primaryimage\"},\"image\":{\"@id\":\"https:\\\/\\\/www.ucaldas.edu.co\\\/portal\\\/docentes-universidad-de-caldas-buscan-revitalizar-la-lengua-embera-chami\\\/#primaryimage\"},\"thumbnailUrl\":\"https:\\\/\\\/www.ucaldas.edu.co\\\/portal\\\/wp-content\\\/uploads\\\/2022\\\/10\\\/proyecto-embera.jpg\",\"datePublished\":\"2022-10-05T22:34:06+00:00\",\"breadcrumb\":{\"@id\":\"https:\\\/\\\/www.ucaldas.edu.co\\\/portal\\\/docentes-universidad-de-caldas-buscan-revitalizar-la-lengua-embera-chami\\\/#breadcrumb\"},\"inLanguage\":\"es\",\"potentialAction\":[{\"@type\":\"ReadAction\",\"target\":[\"https:\\\/\\\/www.ucaldas.edu.co\\\/portal\\\/docentes-universidad-de-caldas-buscan-revitalizar-la-lengua-embera-chami\\\/\"]}]},{\"@type\":\"ImageObject\",\"inLanguage\":\"es\",\"@id\":\"https:\\\/\\\/www.ucaldas.edu.co\\\/portal\\\/docentes-universidad-de-caldas-buscan-revitalizar-la-lengua-embera-chami\\\/#primaryimage\",\"url\":\"https:\\\/\\\/www.ucaldas.edu.co\\\/portal\\\/wp-content\\\/uploads\\\/2022\\\/10\\\/proyecto-embera.jpg\",\"contentUrl\":\"https:\\\/\\\/www.ucaldas.edu.co\\\/portal\\\/wp-content\\\/uploads\\\/2022\\\/10\\\/proyecto-embera.jpg\",\"width\":700,\"height\":400,\"caption\":\"Trabajo con las comunidades ember\u00e1 cham\u00ed\"},{\"@type\":\"BreadcrumbList\",\"@id\":\"https:\\\/\\\/www.ucaldas.edu.co\\\/portal\\\/docentes-universidad-de-caldas-buscan-revitalizar-la-lengua-embera-chami\\\/#breadcrumb\",\"itemListElement\":[{\"@type\":\"ListItem\",\"position\":1,\"name\":\"Portada\",\"item\":\"https:\\\/\\\/www.ucaldas.edu.co\\\/portal\\\/\"},{\"@type\":\"ListItem\",\"position\":2,\"name\":\"Docentes Universidad de Caldas buscan revitalizar la lengua Embera Cham\u00ed\"}]},{\"@type\":\"WebSite\",\"@id\":\"https:\\\/\\\/www.ucaldas.edu.co\\\/portal\\\/#website\",\"url\":\"https:\\\/\\\/www.ucaldas.edu.co\\\/portal\\\/\",\"name\":\"Universidad de Caldas\",\"description\":\"\",\"publisher\":{\"@id\":\"https:\\\/\\\/www.ucaldas.edu.co\\\/portal\\\/#organization\"},\"alternateName\":\"U. de Caldas\",\"potentialAction\":[{\"@type\":\"SearchAction\",\"target\":{\"@type\":\"EntryPoint\",\"urlTemplate\":\"https:\\\/\\\/www.ucaldas.edu.co\\\/portal\\\/?s={search_term_string}\"},\"query-input\":{\"@type\":\"PropertyValueSpecification\",\"valueRequired\":true,\"valueName\":\"search_term_string\"}}],\"inLanguage\":\"es\"},{\"@type\":\"Organization\",\"@id\":\"https:\\\/\\\/www.ucaldas.edu.co\\\/portal\\\/#organization\",\"name\":\"Universidad de Caldas\",\"alternateName\":\"U. de Caldas\",\"url\":\"https:\\\/\\\/www.ucaldas.edu.co\\\/portal\\\/\",\"logo\":{\"@type\":\"ImageObject\",\"inLanguage\":\"es\",\"@id\":\"https:\\\/\\\/www.ucaldas.edu.co\\\/portal\\\/#\\\/schema\\\/logo\\\/image\\\/\",\"url\":\"https:\\\/\\\/www.ucaldas.edu.co\\\/portal\\\/wp-content\\\/uploads\\\/2023\\\/11\\\/Logo_horizontal_oscuroU-2023.png\",\"contentUrl\":\"https:\\\/\\\/www.ucaldas.edu.co\\\/portal\\\/wp-content\\\/uploads\\\/2023\\\/11\\\/Logo_horizontal_oscuroU-2023.png\",\"width\":263,\"height\":101,\"caption\":\"Universidad de Caldas\"},\"image\":{\"@id\":\"https:\\\/\\\/www.ucaldas.edu.co\\\/portal\\\/#\\\/schema\\\/logo\\\/image\\\/\"},\"sameAs\":[\"https:\\\/\\\/www.facebook.com\\\/udecaldas\",\"https:\\\/\\\/x.com\\\/udecaldas\",\"https:\\\/\\\/www.youtube.com\\\/universidadcaldas\",\"https:\\\/\\\/www.instagram.com\\\/udecaldas\\\/\"]},{\"@type\":\"Person\",\"@id\":\"https:\\\/\\\/www.ucaldas.edu.co\\\/portal\\\/#\\\/schema\\\/person\\\/a1b482e23449158b4bc319926c074fdf\",\"name\":\"ofiprensa\",\"image\":{\"@type\":\"ImageObject\",\"inLanguage\":\"es\",\"@id\":\"https:\\\/\\\/www.ucaldas.edu.co\\\/portal\\\/wp-content\\\/litespeed\\\/avatar\\\/09ea5085e600095a7a811142c6944527.jpg?ver=1777497608\",\"url\":\"https:\\\/\\\/www.ucaldas.edu.co\\\/portal\\\/wp-content\\\/litespeed\\\/avatar\\\/09ea5085e600095a7a811142c6944527.jpg?ver=1777497608\",\"contentUrl\":\"https:\\\/\\\/www.ucaldas.edu.co\\\/portal\\\/wp-content\\\/litespeed\\\/avatar\\\/09ea5085e600095a7a811142c6944527.jpg?ver=1777497608\",\"caption\":\"ofiprensa\"},\"url\":\"https:\\\/\\\/www.ucaldas.edu.co\\\/portal\\\/author\\\/ofiprensa\\\/\"}]}<\/script>\n<!-- \/ Yoast SEO plugin. -->","yoast_head_json":{"title":"Docentes Universidad de Caldas buscan revitalizar la lengua Embera Cham\u00ed .","robots":{"index":"index","follow":"follow","max-snippet":"max-snippet:-1","max-image-preview":"max-image-preview:large","max-video-preview":"max-video-preview:-1"},"canonical":"https:\/\/www.ucaldas.edu.co\/portal\/docentes-universidad-de-caldas-buscan-revitalizar-la-lengua-embera-chami\/","schema":{"@context":"https:\/\/schema.org","@graph":[{"@type":"Article","@id":"https:\/\/www.ucaldas.edu.co\/portal\/docentes-universidad-de-caldas-buscan-revitalizar-la-lengua-embera-chami\/#article","isPartOf":{"@id":"https:\/\/www.ucaldas.edu.co\/portal\/docentes-universidad-de-caldas-buscan-revitalizar-la-lengua-embera-chami\/"},"author":{"name":"ofiprensa","@id":"https:\/\/www.ucaldas.edu.co\/portal\/#\/schema\/person\/a1b482e23449158b4bc319926c074fdf"},"headline":"Docentes Universidad de Caldas buscan revitalizar la lengua Embera Cham\u00ed","datePublished":"2022-10-05T22:34:06+00:00","mainEntityOfPage":{"@id":"https:\/\/www.ucaldas.edu.co\/portal\/docentes-universidad-de-caldas-buscan-revitalizar-la-lengua-embera-chami\/"},"wordCount":363,"publisher":{"@id":"https:\/\/www.ucaldas.edu.co\/portal\/#organization"},"image":{"@id":"https:\/\/www.ucaldas.edu.co\/portal\/docentes-universidad-de-caldas-buscan-revitalizar-la-lengua-embera-chami\/#primaryimage"},"thumbnailUrl":"https:\/\/www.ucaldas.edu.co\/portal\/wp-content\/uploads\/2022\/10\/proyecto-embera.jpg","keywords":["lengua embera chami","patrimonio colombiano","cultura ling\u00fc\u00edstica"],"articleSection":["Actualidad","Universidad al D\u00eda","UCaldas Regional"],"inLanguage":"es"},{"@type":"WebPage","@id":"https:\/\/www.ucaldas.edu.co\/portal\/docentes-universidad-de-caldas-buscan-revitalizar-la-lengua-embera-chami\/","url":"https:\/\/www.ucaldas.edu.co\/portal\/docentes-universidad-de-caldas-buscan-revitalizar-la-lengua-embera-chami\/","name":"Docentes Universidad de Caldas buscan revitalizar la lengua Embera Cham\u00ed .","isPartOf":{"@id":"https:\/\/www.ucaldas.edu.co\/portal\/#website"},"primaryImageOfPage":{"@id":"https:\/\/www.ucaldas.edu.co\/portal\/docentes-universidad-de-caldas-buscan-revitalizar-la-lengua-embera-chami\/#primaryimage"},"image":{"@id":"https:\/\/www.ucaldas.edu.co\/portal\/docentes-universidad-de-caldas-buscan-revitalizar-la-lengua-embera-chami\/#primaryimage"},"thumbnailUrl":"https:\/\/www.ucaldas.edu.co\/portal\/wp-content\/uploads\/2022\/10\/proyecto-embera.jpg","datePublished":"2022-10-05T22:34:06+00:00","breadcrumb":{"@id":"https:\/\/www.ucaldas.edu.co\/portal\/docentes-universidad-de-caldas-buscan-revitalizar-la-lengua-embera-chami\/#breadcrumb"},"inLanguage":"es","potentialAction":[{"@type":"ReadAction","target":["https:\/\/www.ucaldas.edu.co\/portal\/docentes-universidad-de-caldas-buscan-revitalizar-la-lengua-embera-chami\/"]}]},{"@type":"ImageObject","inLanguage":"es","@id":"https:\/\/www.ucaldas.edu.co\/portal\/docentes-universidad-de-caldas-buscan-revitalizar-la-lengua-embera-chami\/#primaryimage","url":"https:\/\/www.ucaldas.edu.co\/portal\/wp-content\/uploads\/2022\/10\/proyecto-embera.jpg","contentUrl":"https:\/\/www.ucaldas.edu.co\/portal\/wp-content\/uploads\/2022\/10\/proyecto-embera.jpg","width":700,"height":400,"caption":"Trabajo con las comunidades ember\u00e1 cham\u00ed"},{"@type":"BreadcrumbList","@id":"https:\/\/www.ucaldas.edu.co\/portal\/docentes-universidad-de-caldas-buscan-revitalizar-la-lengua-embera-chami\/#breadcrumb","itemListElement":[{"@type":"ListItem","position":1,"name":"Portada","item":"https:\/\/www.ucaldas.edu.co\/portal\/"},{"@type":"ListItem","position":2,"name":"Docentes Universidad de Caldas buscan revitalizar la lengua Embera Cham\u00ed"}]},{"@type":"WebSite","@id":"https:\/\/www.ucaldas.edu.co\/portal\/#website","url":"https:\/\/www.ucaldas.edu.co\/portal\/","name":"Universidad de Caldas","description":"","publisher":{"@id":"https:\/\/www.ucaldas.edu.co\/portal\/#organization"},"alternateName":"U. de Caldas","potentialAction":[{"@type":"SearchAction","target":{"@type":"EntryPoint","urlTemplate":"https:\/\/www.ucaldas.edu.co\/portal\/?s={search_term_string}"},"query-input":{"@type":"PropertyValueSpecification","valueRequired":true,"valueName":"search_term_string"}}],"inLanguage":"es"},{"@type":"Organization","@id":"https:\/\/www.ucaldas.edu.co\/portal\/#organization","name":"Universidad de Caldas","alternateName":"U. de Caldas","url":"https:\/\/www.ucaldas.edu.co\/portal\/","logo":{"@type":"ImageObject","inLanguage":"es","@id":"https:\/\/www.ucaldas.edu.co\/portal\/#\/schema\/logo\/image\/","url":"https:\/\/www.ucaldas.edu.co\/portal\/wp-content\/uploads\/2023\/11\/Logo_horizontal_oscuroU-2023.png","contentUrl":"https:\/\/www.ucaldas.edu.co\/portal\/wp-content\/uploads\/2023\/11\/Logo_horizontal_oscuroU-2023.png","width":263,"height":101,"caption":"Universidad de Caldas"},"image":{"@id":"https:\/\/www.ucaldas.edu.co\/portal\/#\/schema\/logo\/image\/"},"sameAs":["https:\/\/www.facebook.com\/udecaldas","https:\/\/x.com\/udecaldas","https:\/\/www.youtube.com\/universidadcaldas","https:\/\/www.instagram.com\/udecaldas\/"]},{"@type":"Person","@id":"https:\/\/www.ucaldas.edu.co\/portal\/#\/schema\/person\/a1b482e23449158b4bc319926c074fdf","name":"ofiprensa","image":{"@type":"ImageObject","inLanguage":"es","@id":"https:\/\/www.ucaldas.edu.co\/portal\/wp-content\/litespeed\/avatar\/09ea5085e600095a7a811142c6944527.jpg?ver=1777497608","url":"https:\/\/www.ucaldas.edu.co\/portal\/wp-content\/litespeed\/avatar\/09ea5085e600095a7a811142c6944527.jpg?ver=1777497608","contentUrl":"https:\/\/www.ucaldas.edu.co\/portal\/wp-content\/litespeed\/avatar\/09ea5085e600095a7a811142c6944527.jpg?ver=1777497608","caption":"ofiprensa"},"url":"https:\/\/www.ucaldas.edu.co\/portal\/author\/ofiprensa\/"}]}},"_links":{"self":[{"href":"https:\/\/www.ucaldas.edu.co\/portal\/wp-json\/wp\/v2\/posts\/72891","targetHints":{"allow":["GET"]}}],"collection":[{"href":"https:\/\/www.ucaldas.edu.co\/portal\/wp-json\/wp\/v2\/posts"}],"about":[{"href":"https:\/\/www.ucaldas.edu.co\/portal\/wp-json\/wp\/v2\/types\/post"}],"author":[{"embeddable":true,"href":"https:\/\/www.ucaldas.edu.co\/portal\/wp-json\/wp\/v2\/users\/2"}],"replies":[{"embeddable":true,"href":"https:\/\/www.ucaldas.edu.co\/portal\/wp-json\/wp\/v2\/comments?post=72891"}],"version-history":[{"count":0,"href":"https:\/\/www.ucaldas.edu.co\/portal\/wp-json\/wp\/v2\/posts\/72891\/revisions"}],"wp:featuredmedia":[{"embeddable":true,"href":"https:\/\/www.ucaldas.edu.co\/portal\/wp-json\/wp\/v2\/media\/72892"}],"wp:attachment":[{"href":"https:\/\/www.ucaldas.edu.co\/portal\/wp-json\/wp\/v2\/media?parent=72891"}],"wp:term":[{"taxonomy":"category","embeddable":true,"href":"https:\/\/www.ucaldas.edu.co\/portal\/wp-json\/wp\/v2\/categories?post=72891"},{"taxonomy":"post_tag","embeddable":true,"href":"https:\/\/www.ucaldas.edu.co\/portal\/wp-json\/wp\/v2\/tags?post=72891"}],"curies":[{"name":"wp","href":"https:\/\/api.w.org\/{rel}","templated":true}]}}