{"id":72882,"date":"2022-10-05T22:25:37","date_gmt":"2022-10-05T22:25:37","guid":{"rendered":"https:\/\/www.ucaldas.edu.co\/portal\/?p=72882"},"modified":"2022-10-05T22:25:37","modified_gmt":"2022-10-05T22:25:37","slug":"universidad-de-caldas-se-vincula-al-festival-de-cine-frances-en-manizales","status":"publish","type":"post","link":"https:\/\/www.ucaldas.edu.co\/portal\/universidad-de-caldas-se-vincula-al-festival-de-cine-frances-en-manizales\/","title":{"rendered":"Universidad de Caldas se vincula al Festival de Cine Franc\u00e9s en Manizales"},"content":{"rendered":"<p><img loading=\"lazy\" decoding=\"async\" class=\"aligncenter size-full wp-image-72883\" src=\"https:\/\/www.ucaldas.edu.co\/portal\/wp-content\/uploads\/2022\/10\/cine.jpg\" alt=\"El festival se desarrolla como una apuesta para traer la cultura francesa a la ciudad\" width=\"700\" height=\"400\" srcset=\"https:\/\/www.ucaldas.edu.co\/portal\/wp-content\/uploads\/2022\/10\/cine.jpg 700w, https:\/\/www.ucaldas.edu.co\/portal\/wp-content\/uploads\/2022\/10\/cine-300x171.jpg 300w\" sizes=\"auto, (max-width: 700px) 100vw, 700px\" \/><\/p>\n<p>&nbsp;<\/p>\n<p>Del 7 al 12 de octubre se llevar\u00e1 a cabo el vig\u00e9simo primer Festival de Cine Franc\u00e9s en Manizales, un espacio desarrollado desde la embajada de Francia en Colombia, con el apoyo de instituciones de la ciudad, entre ellas la Universidad de Caldas.<\/p>\n<p><!--more--><\/p>\n<p>El festival se desarrolla como una apuesta para traer la cultura francesa a la ciudad, conocer c\u00f3mo se realiza el s\u00e9ptimo arte en el pa\u00eds europeo, e inspirar a los asistentes en las nuevas tendencias de la producci\u00f3n audiovisual en Francia.<\/p>\n<p>Programaci\u00f3n:<\/p>\n<ul>\n<li>7 de octubre a las 7:00 p.m. Auditorio CCU Rogelio Salmona. Pel\u00edcula \u201cM\u00e9decin de nuit\u201d.<\/li>\n<li>10 de octubre 6:30 p.m. Alianza Francesa Manizales. Pel\u00edcula \u201cL\u2019Et\u00e9 l\u2019eternit\u00e9\u201d.<\/li>\n<li>11 de octubre 4:00 p.m. Biblioteca Universidad Catolica de Manizales. Pel\u00edcula \u201cLes 2 Alfred\u201d.<\/li>\n<li>11 de octubre 7:00 p.m. Teatro Punto de Partida. Pel\u00edcula \u201cVivement dimanche\u201d.<\/li>\n<li>12 de octubre 6:30 p.m. Alianza Francesa. Pel\u00edcula \u201cIbrahim\u201d.<\/li>\n<\/ul>\n<p>&nbsp;<\/p>\n<p>La entrada a las funciones ser\u00e1 libre hasta completar el aforo.<\/p>\n<p>&nbsp;<\/p>\n<p><strong>Informes: <\/strong>Oficina de Comunicaciones y Prensa Universidad de Caldas.<br \/>\n<strong>Redacci\u00f3n:<\/strong> Mateo Buritic\u00e1 Giraldo<\/p>\n<p>&nbsp;<\/p>\n","protected":false},"excerpt":{"rendered":"<p>&nbsp; Del 7 al 12 de octubre se llevar\u00e1 a cabo el vig\u00e9simo primer Festival de Cine Franc\u00e9s en Manizales, un espacio desarrollado desde la embajada de Francia en Colombia, con el apoyo de instituciones de la ciudad, entre ellas la Universidad de Caldas.<\/p>\n","protected":false},"author":2,"featured_media":72883,"comment_status":"closed","ping_status":"open","sticky":false,"template":"","format":"standard","meta":{"footnotes":""},"categories":[48,53,664],"tags":[5409,5424,9207],"class_list":["post-72882","post","type-post","status-publish","format-standard","has-post-thumbnail","hentry","category-actualidad","category-universidad-al-dia","category-ucaldas-cultural","tag-festival-de-cine","tag-cine-frances","tag-peliculas-francesas"],"yoast_head":"<!-- This site is optimized with the Yoast SEO plugin v27.5 - https:\/\/yoast.com\/product\/yoast-seo-wordpress\/ -->\n<title>Universidad de Caldas se vincula al Festival de Cine Franc\u00e9s en Manizales .<\/title>\n<meta name=\"robots\" content=\"index, follow, max-snippet:-1, max-image-preview:large, max-video-preview:-1\" \/>\n<link rel=\"canonical\" href=\"https:\/\/www.ucaldas.edu.co\/portal\/universidad-de-caldas-se-vincula-al-festival-de-cine-frances-en-manizales\/\" \/>\n<script type=\"application\/ld+json\" class=\"yoast-schema-graph\">{\"@context\":\"https:\\\/\\\/schema.org\",\"@graph\":[{\"@type\":\"Article\",\"@id\":\"https:\\\/\\\/www.ucaldas.edu.co\\\/portal\\\/universidad-de-caldas-se-vincula-al-festival-de-cine-frances-en-manizales\\\/#article\",\"isPartOf\":{\"@id\":\"https:\\\/\\\/www.ucaldas.edu.co\\\/portal\\\/universidad-de-caldas-se-vincula-al-festival-de-cine-frances-en-manizales\\\/\"},\"author\":{\"name\":\"ofiprensa\",\"@id\":\"https:\\\/\\\/www.ucaldas.edu.co\\\/portal\\\/#\\\/schema\\\/person\\\/a1b482e23449158b4bc319926c074fdf\"},\"headline\":\"Universidad de Caldas se vincula al Festival de Cine Franc\u00e9s en Manizales\",\"datePublished\":\"2022-10-05T22:25:37+00:00\",\"mainEntityOfPage\":{\"@id\":\"https:\\\/\\\/www.ucaldas.edu.co\\\/portal\\\/universidad-de-caldas-se-vincula-al-festival-de-cine-frances-en-manizales\\\/\"},\"wordCount\":195,\"publisher\":{\"@id\":\"https:\\\/\\\/www.ucaldas.edu.co\\\/portal\\\/#organization\"},\"image\":{\"@id\":\"https:\\\/\\\/www.ucaldas.edu.co\\\/portal\\\/universidad-de-caldas-se-vincula-al-festival-de-cine-frances-en-manizales\\\/#primaryimage\"},\"thumbnailUrl\":\"https:\\\/\\\/www.ucaldas.edu.co\\\/portal\\\/wp-content\\\/uploads\\\/2022\\\/10\\\/cine.jpg\",\"keywords\":[\"festival de cine\",\"cine franc\u00e9s\",\"pel\u00edculas francesas\"],\"articleSection\":[\"Actualidad\",\"Universidad al D\u00eda\",\"UCaldas Cultural\"],\"inLanguage\":\"es\"},{\"@type\":\"WebPage\",\"@id\":\"https:\\\/\\\/www.ucaldas.edu.co\\\/portal\\\/universidad-de-caldas-se-vincula-al-festival-de-cine-frances-en-manizales\\\/\",\"url\":\"https:\\\/\\\/www.ucaldas.edu.co\\\/portal\\\/universidad-de-caldas-se-vincula-al-festival-de-cine-frances-en-manizales\\\/\",\"name\":\"Universidad de Caldas se vincula al Festival de Cine Franc\u00e9s en Manizales .\",\"isPartOf\":{\"@id\":\"https:\\\/\\\/www.ucaldas.edu.co\\\/portal\\\/#website\"},\"primaryImageOfPage\":{\"@id\":\"https:\\\/\\\/www.ucaldas.edu.co\\\/portal\\\/universidad-de-caldas-se-vincula-al-festival-de-cine-frances-en-manizales\\\/#primaryimage\"},\"image\":{\"@id\":\"https:\\\/\\\/www.ucaldas.edu.co\\\/portal\\\/universidad-de-caldas-se-vincula-al-festival-de-cine-frances-en-manizales\\\/#primaryimage\"},\"thumbnailUrl\":\"https:\\\/\\\/www.ucaldas.edu.co\\\/portal\\\/wp-content\\\/uploads\\\/2022\\\/10\\\/cine.jpg\",\"datePublished\":\"2022-10-05T22:25:37+00:00\",\"breadcrumb\":{\"@id\":\"https:\\\/\\\/www.ucaldas.edu.co\\\/portal\\\/universidad-de-caldas-se-vincula-al-festival-de-cine-frances-en-manizales\\\/#breadcrumb\"},\"inLanguage\":\"es\",\"potentialAction\":[{\"@type\":\"ReadAction\",\"target\":[\"https:\\\/\\\/www.ucaldas.edu.co\\\/portal\\\/universidad-de-caldas-se-vincula-al-festival-de-cine-frances-en-manizales\\\/\"]}]},{\"@type\":\"ImageObject\",\"inLanguage\":\"es\",\"@id\":\"https:\\\/\\\/www.ucaldas.edu.co\\\/portal\\\/universidad-de-caldas-se-vincula-al-festival-de-cine-frances-en-manizales\\\/#primaryimage\",\"url\":\"https:\\\/\\\/www.ucaldas.edu.co\\\/portal\\\/wp-content\\\/uploads\\\/2022\\\/10\\\/cine.jpg\",\"contentUrl\":\"https:\\\/\\\/www.ucaldas.edu.co\\\/portal\\\/wp-content\\\/uploads\\\/2022\\\/10\\\/cine.jpg\",\"width\":700,\"height\":400,\"caption\":\"El festival se desarrolla como una apuesta para traer la cultura francesa a la ciudad\"},{\"@type\":\"BreadcrumbList\",\"@id\":\"https:\\\/\\\/www.ucaldas.edu.co\\\/portal\\\/universidad-de-caldas-se-vincula-al-festival-de-cine-frances-en-manizales\\\/#breadcrumb\",\"itemListElement\":[{\"@type\":\"ListItem\",\"position\":1,\"name\":\"Portada\",\"item\":\"https:\\\/\\\/www.ucaldas.edu.co\\\/portal\\\/\"},{\"@type\":\"ListItem\",\"position\":2,\"name\":\"Universidad de Caldas se vincula al Festival de Cine Franc\u00e9s en Manizales\"}]},{\"@type\":\"WebSite\",\"@id\":\"https:\\\/\\\/www.ucaldas.edu.co\\\/portal\\\/#website\",\"url\":\"https:\\\/\\\/www.ucaldas.edu.co\\\/portal\\\/\",\"name\":\"Universidad de Caldas\",\"description\":\"\",\"publisher\":{\"@id\":\"https:\\\/\\\/www.ucaldas.edu.co\\\/portal\\\/#organization\"},\"alternateName\":\"U. de Caldas\",\"potentialAction\":[{\"@type\":\"SearchAction\",\"target\":{\"@type\":\"EntryPoint\",\"urlTemplate\":\"https:\\\/\\\/www.ucaldas.edu.co\\\/portal\\\/?s={search_term_string}\"},\"query-input\":{\"@type\":\"PropertyValueSpecification\",\"valueRequired\":true,\"valueName\":\"search_term_string\"}}],\"inLanguage\":\"es\"},{\"@type\":\"Organization\",\"@id\":\"https:\\\/\\\/www.ucaldas.edu.co\\\/portal\\\/#organization\",\"name\":\"Universidad de Caldas\",\"alternateName\":\"U. de Caldas\",\"url\":\"https:\\\/\\\/www.ucaldas.edu.co\\\/portal\\\/\",\"logo\":{\"@type\":\"ImageObject\",\"inLanguage\":\"es\",\"@id\":\"https:\\\/\\\/www.ucaldas.edu.co\\\/portal\\\/#\\\/schema\\\/logo\\\/image\\\/\",\"url\":\"https:\\\/\\\/www.ucaldas.edu.co\\\/portal\\\/wp-content\\\/uploads\\\/2023\\\/11\\\/Logo_horizontal_oscuroU-2023.png\",\"contentUrl\":\"https:\\\/\\\/www.ucaldas.edu.co\\\/portal\\\/wp-content\\\/uploads\\\/2023\\\/11\\\/Logo_horizontal_oscuroU-2023.png\",\"width\":263,\"height\":101,\"caption\":\"Universidad de Caldas\"},\"image\":{\"@id\":\"https:\\\/\\\/www.ucaldas.edu.co\\\/portal\\\/#\\\/schema\\\/logo\\\/image\\\/\"},\"sameAs\":[\"https:\\\/\\\/www.facebook.com\\\/udecaldas\",\"https:\\\/\\\/x.com\\\/udecaldas\",\"https:\\\/\\\/www.youtube.com\\\/universidadcaldas\",\"https:\\\/\\\/www.instagram.com\\\/udecaldas\\\/\"]},{\"@type\":\"Person\",\"@id\":\"https:\\\/\\\/www.ucaldas.edu.co\\\/portal\\\/#\\\/schema\\\/person\\\/a1b482e23449158b4bc319926c074fdf\",\"name\":\"ofiprensa\",\"image\":{\"@type\":\"ImageObject\",\"inLanguage\":\"es\",\"@id\":\"https:\\\/\\\/www.ucaldas.edu.co\\\/portal\\\/wp-content\\\/litespeed\\\/avatar\\\/09ea5085e600095a7a811142c6944527.jpg?ver=1777497608\",\"url\":\"https:\\\/\\\/www.ucaldas.edu.co\\\/portal\\\/wp-content\\\/litespeed\\\/avatar\\\/09ea5085e600095a7a811142c6944527.jpg?ver=1777497608\",\"contentUrl\":\"https:\\\/\\\/www.ucaldas.edu.co\\\/portal\\\/wp-content\\\/litespeed\\\/avatar\\\/09ea5085e600095a7a811142c6944527.jpg?ver=1777497608\",\"caption\":\"ofiprensa\"},\"url\":\"https:\\\/\\\/www.ucaldas.edu.co\\\/portal\\\/author\\\/ofiprensa\\\/\"}]}<\/script>\n<!-- \/ Yoast SEO plugin. -->","yoast_head_json":{"title":"Universidad de Caldas se vincula al Festival de Cine Franc\u00e9s en Manizales .","robots":{"index":"index","follow":"follow","max-snippet":"max-snippet:-1","max-image-preview":"max-image-preview:large","max-video-preview":"max-video-preview:-1"},"canonical":"https:\/\/www.ucaldas.edu.co\/portal\/universidad-de-caldas-se-vincula-al-festival-de-cine-frances-en-manizales\/","schema":{"@context":"https:\/\/schema.org","@graph":[{"@type":"Article","@id":"https:\/\/www.ucaldas.edu.co\/portal\/universidad-de-caldas-se-vincula-al-festival-de-cine-frances-en-manizales\/#article","isPartOf":{"@id":"https:\/\/www.ucaldas.edu.co\/portal\/universidad-de-caldas-se-vincula-al-festival-de-cine-frances-en-manizales\/"},"author":{"name":"ofiprensa","@id":"https:\/\/www.ucaldas.edu.co\/portal\/#\/schema\/person\/a1b482e23449158b4bc319926c074fdf"},"headline":"Universidad de Caldas se vincula al Festival de Cine Franc\u00e9s en Manizales","datePublished":"2022-10-05T22:25:37+00:00","mainEntityOfPage":{"@id":"https:\/\/www.ucaldas.edu.co\/portal\/universidad-de-caldas-se-vincula-al-festival-de-cine-frances-en-manizales\/"},"wordCount":195,"publisher":{"@id":"https:\/\/www.ucaldas.edu.co\/portal\/#organization"},"image":{"@id":"https:\/\/www.ucaldas.edu.co\/portal\/universidad-de-caldas-se-vincula-al-festival-de-cine-frances-en-manizales\/#primaryimage"},"thumbnailUrl":"https:\/\/www.ucaldas.edu.co\/portal\/wp-content\/uploads\/2022\/10\/cine.jpg","keywords":["festival de cine","cine franc\u00e9s","pel\u00edculas francesas"],"articleSection":["Actualidad","Universidad al D\u00eda","UCaldas Cultural"],"inLanguage":"es"},{"@type":"WebPage","@id":"https:\/\/www.ucaldas.edu.co\/portal\/universidad-de-caldas-se-vincula-al-festival-de-cine-frances-en-manizales\/","url":"https:\/\/www.ucaldas.edu.co\/portal\/universidad-de-caldas-se-vincula-al-festival-de-cine-frances-en-manizales\/","name":"Universidad de Caldas se vincula al Festival de Cine Franc\u00e9s en Manizales .","isPartOf":{"@id":"https:\/\/www.ucaldas.edu.co\/portal\/#website"},"primaryImageOfPage":{"@id":"https:\/\/www.ucaldas.edu.co\/portal\/universidad-de-caldas-se-vincula-al-festival-de-cine-frances-en-manizales\/#primaryimage"},"image":{"@id":"https:\/\/www.ucaldas.edu.co\/portal\/universidad-de-caldas-se-vincula-al-festival-de-cine-frances-en-manizales\/#primaryimage"},"thumbnailUrl":"https:\/\/www.ucaldas.edu.co\/portal\/wp-content\/uploads\/2022\/10\/cine.jpg","datePublished":"2022-10-05T22:25:37+00:00","breadcrumb":{"@id":"https:\/\/www.ucaldas.edu.co\/portal\/universidad-de-caldas-se-vincula-al-festival-de-cine-frances-en-manizales\/#breadcrumb"},"inLanguage":"es","potentialAction":[{"@type":"ReadAction","target":["https:\/\/www.ucaldas.edu.co\/portal\/universidad-de-caldas-se-vincula-al-festival-de-cine-frances-en-manizales\/"]}]},{"@type":"ImageObject","inLanguage":"es","@id":"https:\/\/www.ucaldas.edu.co\/portal\/universidad-de-caldas-se-vincula-al-festival-de-cine-frances-en-manizales\/#primaryimage","url":"https:\/\/www.ucaldas.edu.co\/portal\/wp-content\/uploads\/2022\/10\/cine.jpg","contentUrl":"https:\/\/www.ucaldas.edu.co\/portal\/wp-content\/uploads\/2022\/10\/cine.jpg","width":700,"height":400,"caption":"El festival se desarrolla como una apuesta para traer la cultura francesa a la ciudad"},{"@type":"BreadcrumbList","@id":"https:\/\/www.ucaldas.edu.co\/portal\/universidad-de-caldas-se-vincula-al-festival-de-cine-frances-en-manizales\/#breadcrumb","itemListElement":[{"@type":"ListItem","position":1,"name":"Portada","item":"https:\/\/www.ucaldas.edu.co\/portal\/"},{"@type":"ListItem","position":2,"name":"Universidad de Caldas se vincula al Festival de Cine Franc\u00e9s en Manizales"}]},{"@type":"WebSite","@id":"https:\/\/www.ucaldas.edu.co\/portal\/#website","url":"https:\/\/www.ucaldas.edu.co\/portal\/","name":"Universidad de Caldas","description":"","publisher":{"@id":"https:\/\/www.ucaldas.edu.co\/portal\/#organization"},"alternateName":"U. de Caldas","potentialAction":[{"@type":"SearchAction","target":{"@type":"EntryPoint","urlTemplate":"https:\/\/www.ucaldas.edu.co\/portal\/?s={search_term_string}"},"query-input":{"@type":"PropertyValueSpecification","valueRequired":true,"valueName":"search_term_string"}}],"inLanguage":"es"},{"@type":"Organization","@id":"https:\/\/www.ucaldas.edu.co\/portal\/#organization","name":"Universidad de Caldas","alternateName":"U. de Caldas","url":"https:\/\/www.ucaldas.edu.co\/portal\/","logo":{"@type":"ImageObject","inLanguage":"es","@id":"https:\/\/www.ucaldas.edu.co\/portal\/#\/schema\/logo\/image\/","url":"https:\/\/www.ucaldas.edu.co\/portal\/wp-content\/uploads\/2023\/11\/Logo_horizontal_oscuroU-2023.png","contentUrl":"https:\/\/www.ucaldas.edu.co\/portal\/wp-content\/uploads\/2023\/11\/Logo_horizontal_oscuroU-2023.png","width":263,"height":101,"caption":"Universidad de Caldas"},"image":{"@id":"https:\/\/www.ucaldas.edu.co\/portal\/#\/schema\/logo\/image\/"},"sameAs":["https:\/\/www.facebook.com\/udecaldas","https:\/\/x.com\/udecaldas","https:\/\/www.youtube.com\/universidadcaldas","https:\/\/www.instagram.com\/udecaldas\/"]},{"@type":"Person","@id":"https:\/\/www.ucaldas.edu.co\/portal\/#\/schema\/person\/a1b482e23449158b4bc319926c074fdf","name":"ofiprensa","image":{"@type":"ImageObject","inLanguage":"es","@id":"https:\/\/www.ucaldas.edu.co\/portal\/wp-content\/litespeed\/avatar\/09ea5085e600095a7a811142c6944527.jpg?ver=1777497608","url":"https:\/\/www.ucaldas.edu.co\/portal\/wp-content\/litespeed\/avatar\/09ea5085e600095a7a811142c6944527.jpg?ver=1777497608","contentUrl":"https:\/\/www.ucaldas.edu.co\/portal\/wp-content\/litespeed\/avatar\/09ea5085e600095a7a811142c6944527.jpg?ver=1777497608","caption":"ofiprensa"},"url":"https:\/\/www.ucaldas.edu.co\/portal\/author\/ofiprensa\/"}]}},"_links":{"self":[{"href":"https:\/\/www.ucaldas.edu.co\/portal\/wp-json\/wp\/v2\/posts\/72882","targetHints":{"allow":["GET"]}}],"collection":[{"href":"https:\/\/www.ucaldas.edu.co\/portal\/wp-json\/wp\/v2\/posts"}],"about":[{"href":"https:\/\/www.ucaldas.edu.co\/portal\/wp-json\/wp\/v2\/types\/post"}],"author":[{"embeddable":true,"href":"https:\/\/www.ucaldas.edu.co\/portal\/wp-json\/wp\/v2\/users\/2"}],"replies":[{"embeddable":true,"href":"https:\/\/www.ucaldas.edu.co\/portal\/wp-json\/wp\/v2\/comments?post=72882"}],"version-history":[{"count":0,"href":"https:\/\/www.ucaldas.edu.co\/portal\/wp-json\/wp\/v2\/posts\/72882\/revisions"}],"wp:featuredmedia":[{"embeddable":true,"href":"https:\/\/www.ucaldas.edu.co\/portal\/wp-json\/wp\/v2\/media\/72883"}],"wp:attachment":[{"href":"https:\/\/www.ucaldas.edu.co\/portal\/wp-json\/wp\/v2\/media?parent=72882"}],"wp:term":[{"taxonomy":"category","embeddable":true,"href":"https:\/\/www.ucaldas.edu.co\/portal\/wp-json\/wp\/v2\/categories?post=72882"},{"taxonomy":"post_tag","embeddable":true,"href":"https:\/\/www.ucaldas.edu.co\/portal\/wp-json\/wp\/v2\/tags?post=72882"}],"curies":[{"name":"wp","href":"https:\/\/api.w.org\/{rel}","templated":true}]}}