{"id":72860,"date":"2022-10-04T22:11:20","date_gmt":"2022-10-04T22:11:20","guid":{"rendered":"https:\/\/www.ucaldas.edu.co\/portal\/?p=72860"},"modified":"2022-10-04T22:11:20","modified_gmt":"2022-10-04T22:11:20","slug":"primer-simposio-nacional-de-enfermeria-cardiovascular","status":"publish","type":"post","link":"https:\/\/www.ucaldas.edu.co\/portal\/primer-simposio-nacional-de-enfermeria-cardiovascular\/","title":{"rendered":"Primer Simposio Nacional de Enfermer\u00eda Cardiovascular"},"content":{"rendered":"<p>&nbsp;<\/p>\n<p><img loading=\"lazy\" decoding=\"async\" class=\"aligncenter size-full wp-image-72861\" src=\"https:\/\/www.ucaldas.edu.co\/portal\/wp-content\/uploads\/2022\/10\/simposio.jpg\" alt=\"El evento se realiza gracias a la Universidad de Caldas; Sociedad Colombiana de Cardiolog\u00eda y Cirug\u00eda Cardiovascular; Red Afecto Manizales; y Terumo.\" width=\"700\" height=\"400\" srcset=\"https:\/\/www.ucaldas.edu.co\/portal\/wp-content\/uploads\/2022\/10\/simposio.jpg 700w, https:\/\/www.ucaldas.edu.co\/portal\/wp-content\/uploads\/2022\/10\/simposio-300x171.jpg 300w\" sizes=\"auto, (max-width: 700px) 100vw, 700px\" \/><\/p>\n<p>Hasta el 31 de octubre se encuentran abiertas las inscripciones al primer Simposio Nacional de Enfermer\u00eda Cardiovascular en homenaje a la docente C\u00e1ndida Rosa Casta\u00f1eda Valencia, que se llevar\u00e1 a cabo de manera presencial del 4 al 5 de noviembre.<\/p>\n<p><!--more--><\/p>\n<p>El docente del departamento Cl\u00ednico de la Facultad de Ciencias parea la Salud y miembro del comit\u00e9 organizador John Edison C\u00e1rdenas Galvis explica que en el evento se tendr\u00e1n invitados regionales y nacionales, quienes presentar\u00e1n diversas tem\u00e1ticas actualizadas en relaci\u00f3n al cuidado cl\u00ednico de enfermar\u00eda cardiovascular.<\/p>\n<p>Los asistentes recibir\u00e1n orientaci\u00f3n sobre los siguientes temas:<\/p>\n<ul>\n<li>De la teor\u00eda de enfermer\u00eda a la pr\u00e1ctica de cuidado.<\/li>\n<li>Cuidado a la persona con enfermedad cardiovascular.<\/li>\n<li>Intervencionismo cardiovascular para enfermer\u00eda.<\/li>\n<li>Formaci\u00f3n en competencias para el cuidado cr\u00edtico cardiovascular.<\/li>\n<\/ul>\n<p>La inscripci\u00f3n para estudiantes de enfermer\u00eda no tendr\u00e1 ning\u00fan costo. Para t\u00e9cnicos y profesionales en el \u00e1rea el valor ser\u00e1 de $40.000 pesos. Todos los asistentes contar\u00e1n con certificado de participaci\u00f3n.<\/p>\n<p>El evento se realiza gracias a la Universidad de Caldas; Sociedad Colombiana de Cardiolog\u00eda y Cirug\u00eda Cardiovascular; Red Afecto Manizales; y Terumo.<\/p>\n<p>&nbsp;<\/p>\n<p>Mayor informaci\u00f3n:<\/p>\n<ul>\n<li>Correo electr\u00f3nico: simposiocardiovascularcrcv@gmail.com<\/li>\n<li>WhatsApp: 316-430-5240<\/li>\n<\/ul>\n<p>&nbsp;<\/p>\n<p><strong><a href=\"https:\/\/docs.google.com\/forms\/d\/e\/1FAIpQLScDXMbX6sW0cpLfMwTxS4n9jcWpN9U8OMEu_ArfkDSdK1rzYA\/viewform\">Preinscripci\u00f3n aqu\u00ed.<\/a><\/strong><\/p>\n<p><strong>\u00a0<\/strong><\/p>\n<p><strong>Anexo:<br \/>\n<\/strong><strong><a href=\"https:\/\/go.ivoox.com\/rf\/93335162\">Audio John Edison C\u00e1rdenas Galvis \u2013 docente Universidad de Caldas.<\/a><br \/>\n<iframe loading=\"lazy\" src=\"https:\/\/www.ivoox.com\/player_ek_93335162_2_1.html\" width=\"238\" height=\"48\" frameborder=\"0\" scrolling=\"no\" allowfullscreen=\"allowfullscreen\"><\/iframe><\/strong><\/p>\n<p>&nbsp;<\/p>\n<p>&nbsp;<\/p>\n<p><strong>Informes: <\/strong>Oficina de Comunicaciones y Prensa Universidad de Caldas.<br \/>\n<strong>Redacci\u00f3n:<\/strong> Mateo Buritic\u00e1 Giraldo<\/p>\n<p>&nbsp;<\/p>\n","protected":false},"excerpt":{"rendered":"<p>&nbsp; Hasta el 31 de octubre se encuentran abiertas las inscripciones al primer Simposio Nacional de Enfermer\u00eda Cardiovascular en homenaje a la docente C\u00e1ndida Rosa Casta\u00f1eda Valencia, que se llevar\u00e1 a cabo de manera presencial del 4 al 5 de noviembre.<\/p>\n","protected":false},"author":2,"featured_media":72861,"comment_status":"closed","ping_status":"open","sticky":false,"template":"","format":"standard","meta":{"footnotes":""},"categories":[48,53,62],"tags":[5987,6379,9200],"class_list":["post-72860","post","type-post","status-publish","format-standard","has-post-thumbnail","hentry","category-actualidad","category-universidad-al-dia","category-eventos","tag-simposio-nacional","tag-candida-rosa-castaneda","tag-enfermeria-cardiovascular"],"yoast_head":"<!-- This site is optimized with the Yoast SEO plugin v27.5 - https:\/\/yoast.com\/product\/yoast-seo-wordpress\/ -->\n<title>Primer Simposio Nacional de Enfermer\u00eda Cardiovascular .<\/title>\n<meta name=\"robots\" content=\"index, follow, max-snippet:-1, max-image-preview:large, max-video-preview:-1\" \/>\n<link rel=\"canonical\" href=\"https:\/\/www.ucaldas.edu.co\/portal\/primer-simposio-nacional-de-enfermeria-cardiovascular\/\" \/>\n<script type=\"application\/ld+json\" class=\"yoast-schema-graph\">{\"@context\":\"https:\\\/\\\/schema.org\",\"@graph\":[{\"@type\":\"Article\",\"@id\":\"https:\\\/\\\/www.ucaldas.edu.co\\\/portal\\\/primer-simposio-nacional-de-enfermeria-cardiovascular\\\/#article\",\"isPartOf\":{\"@id\":\"https:\\\/\\\/www.ucaldas.edu.co\\\/portal\\\/primer-simposio-nacional-de-enfermeria-cardiovascular\\\/\"},\"author\":{\"name\":\"ofiprensa\",\"@id\":\"https:\\\/\\\/www.ucaldas.edu.co\\\/portal\\\/#\\\/schema\\\/person\\\/a1b482e23449158b4bc319926c074fdf\"},\"headline\":\"Primer Simposio Nacional de Enfermer\u00eda Cardiovascular\",\"datePublished\":\"2022-10-04T22:11:20+00:00\",\"mainEntityOfPage\":{\"@id\":\"https:\\\/\\\/www.ucaldas.edu.co\\\/portal\\\/primer-simposio-nacional-de-enfermeria-cardiovascular\\\/\"},\"wordCount\":252,\"publisher\":{\"@id\":\"https:\\\/\\\/www.ucaldas.edu.co\\\/portal\\\/#organization\"},\"image\":{\"@id\":\"https:\\\/\\\/www.ucaldas.edu.co\\\/portal\\\/primer-simposio-nacional-de-enfermeria-cardiovascular\\\/#primaryimage\"},\"thumbnailUrl\":\"https:\\\/\\\/www.ucaldas.edu.co\\\/portal\\\/wp-content\\\/uploads\\\/2022\\\/10\\\/simposio.jpg\",\"keywords\":[\"simposio nacional\",\"C\u00e1ndida Rosa Casta\u00f1eda\",\"enfermer\u00eda cardiovascular\"],\"articleSection\":[\"Actualidad\",\"Universidad al D\u00eda\",\"Eventos\"],\"inLanguage\":\"es\"},{\"@type\":\"WebPage\",\"@id\":\"https:\\\/\\\/www.ucaldas.edu.co\\\/portal\\\/primer-simposio-nacional-de-enfermeria-cardiovascular\\\/\",\"url\":\"https:\\\/\\\/www.ucaldas.edu.co\\\/portal\\\/primer-simposio-nacional-de-enfermeria-cardiovascular\\\/\",\"name\":\"Primer Simposio Nacional de Enfermer\u00eda Cardiovascular .\",\"isPartOf\":{\"@id\":\"https:\\\/\\\/www.ucaldas.edu.co\\\/portal\\\/#website\"},\"primaryImageOfPage\":{\"@id\":\"https:\\\/\\\/www.ucaldas.edu.co\\\/portal\\\/primer-simposio-nacional-de-enfermeria-cardiovascular\\\/#primaryimage\"},\"image\":{\"@id\":\"https:\\\/\\\/www.ucaldas.edu.co\\\/portal\\\/primer-simposio-nacional-de-enfermeria-cardiovascular\\\/#primaryimage\"},\"thumbnailUrl\":\"https:\\\/\\\/www.ucaldas.edu.co\\\/portal\\\/wp-content\\\/uploads\\\/2022\\\/10\\\/simposio.jpg\",\"datePublished\":\"2022-10-04T22:11:20+00:00\",\"breadcrumb\":{\"@id\":\"https:\\\/\\\/www.ucaldas.edu.co\\\/portal\\\/primer-simposio-nacional-de-enfermeria-cardiovascular\\\/#breadcrumb\"},\"inLanguage\":\"es\",\"potentialAction\":[{\"@type\":\"ReadAction\",\"target\":[\"https:\\\/\\\/www.ucaldas.edu.co\\\/portal\\\/primer-simposio-nacional-de-enfermeria-cardiovascular\\\/\"]}]},{\"@type\":\"ImageObject\",\"inLanguage\":\"es\",\"@id\":\"https:\\\/\\\/www.ucaldas.edu.co\\\/portal\\\/primer-simposio-nacional-de-enfermeria-cardiovascular\\\/#primaryimage\",\"url\":\"https:\\\/\\\/www.ucaldas.edu.co\\\/portal\\\/wp-content\\\/uploads\\\/2022\\\/10\\\/simposio.jpg\",\"contentUrl\":\"https:\\\/\\\/www.ucaldas.edu.co\\\/portal\\\/wp-content\\\/uploads\\\/2022\\\/10\\\/simposio.jpg\",\"width\":700,\"height\":400,\"caption\":\"El evento se realiza gracias a la Universidad de Caldas; Sociedad Colombiana de Cardiolog\u00eda y Cirug\u00eda Cardiovascular; Red Afecto Manizales; y Terumo.\"},{\"@type\":\"BreadcrumbList\",\"@id\":\"https:\\\/\\\/www.ucaldas.edu.co\\\/portal\\\/primer-simposio-nacional-de-enfermeria-cardiovascular\\\/#breadcrumb\",\"itemListElement\":[{\"@type\":\"ListItem\",\"position\":1,\"name\":\"Portada\",\"item\":\"https:\\\/\\\/www.ucaldas.edu.co\\\/portal\\\/\"},{\"@type\":\"ListItem\",\"position\":2,\"name\":\"Primer Simposio Nacional de Enfermer\u00eda Cardiovascular\"}]},{\"@type\":\"WebSite\",\"@id\":\"https:\\\/\\\/www.ucaldas.edu.co\\\/portal\\\/#website\",\"url\":\"https:\\\/\\\/www.ucaldas.edu.co\\\/portal\\\/\",\"name\":\"Universidad de Caldas\",\"description\":\"\",\"publisher\":{\"@id\":\"https:\\\/\\\/www.ucaldas.edu.co\\\/portal\\\/#organization\"},\"alternateName\":\"U. de Caldas\",\"potentialAction\":[{\"@type\":\"SearchAction\",\"target\":{\"@type\":\"EntryPoint\",\"urlTemplate\":\"https:\\\/\\\/www.ucaldas.edu.co\\\/portal\\\/?s={search_term_string}\"},\"query-input\":{\"@type\":\"PropertyValueSpecification\",\"valueRequired\":true,\"valueName\":\"search_term_string\"}}],\"inLanguage\":\"es\"},{\"@type\":\"Organization\",\"@id\":\"https:\\\/\\\/www.ucaldas.edu.co\\\/portal\\\/#organization\",\"name\":\"Universidad de Caldas\",\"alternateName\":\"U. de Caldas\",\"url\":\"https:\\\/\\\/www.ucaldas.edu.co\\\/portal\\\/\",\"logo\":{\"@type\":\"ImageObject\",\"inLanguage\":\"es\",\"@id\":\"https:\\\/\\\/www.ucaldas.edu.co\\\/portal\\\/#\\\/schema\\\/logo\\\/image\\\/\",\"url\":\"https:\\\/\\\/www.ucaldas.edu.co\\\/portal\\\/wp-content\\\/uploads\\\/2023\\\/11\\\/Logo_horizontal_oscuroU-2023.png\",\"contentUrl\":\"https:\\\/\\\/www.ucaldas.edu.co\\\/portal\\\/wp-content\\\/uploads\\\/2023\\\/11\\\/Logo_horizontal_oscuroU-2023.png\",\"width\":263,\"height\":101,\"caption\":\"Universidad de Caldas\"},\"image\":{\"@id\":\"https:\\\/\\\/www.ucaldas.edu.co\\\/portal\\\/#\\\/schema\\\/logo\\\/image\\\/\"},\"sameAs\":[\"https:\\\/\\\/www.facebook.com\\\/udecaldas\",\"https:\\\/\\\/x.com\\\/udecaldas\",\"https:\\\/\\\/www.youtube.com\\\/universidadcaldas\",\"https:\\\/\\\/www.instagram.com\\\/udecaldas\\\/\"]},{\"@type\":\"Person\",\"@id\":\"https:\\\/\\\/www.ucaldas.edu.co\\\/portal\\\/#\\\/schema\\\/person\\\/a1b482e23449158b4bc319926c074fdf\",\"name\":\"ofiprensa\",\"image\":{\"@type\":\"ImageObject\",\"inLanguage\":\"es\",\"@id\":\"https:\\\/\\\/www.ucaldas.edu.co\\\/portal\\\/wp-content\\\/litespeed\\\/avatar\\\/09ea5085e600095a7a811142c6944527.jpg?ver=1777497608\",\"url\":\"https:\\\/\\\/www.ucaldas.edu.co\\\/portal\\\/wp-content\\\/litespeed\\\/avatar\\\/09ea5085e600095a7a811142c6944527.jpg?ver=1777497608\",\"contentUrl\":\"https:\\\/\\\/www.ucaldas.edu.co\\\/portal\\\/wp-content\\\/litespeed\\\/avatar\\\/09ea5085e600095a7a811142c6944527.jpg?ver=1777497608\",\"caption\":\"ofiprensa\"},\"url\":\"https:\\\/\\\/www.ucaldas.edu.co\\\/portal\\\/author\\\/ofiprensa\\\/\"}]}<\/script>\n<!-- \/ Yoast SEO plugin. -->","yoast_head_json":{"title":"Primer Simposio Nacional de Enfermer\u00eda Cardiovascular .","robots":{"index":"index","follow":"follow","max-snippet":"max-snippet:-1","max-image-preview":"max-image-preview:large","max-video-preview":"max-video-preview:-1"},"canonical":"https:\/\/www.ucaldas.edu.co\/portal\/primer-simposio-nacional-de-enfermeria-cardiovascular\/","schema":{"@context":"https:\/\/schema.org","@graph":[{"@type":"Article","@id":"https:\/\/www.ucaldas.edu.co\/portal\/primer-simposio-nacional-de-enfermeria-cardiovascular\/#article","isPartOf":{"@id":"https:\/\/www.ucaldas.edu.co\/portal\/primer-simposio-nacional-de-enfermeria-cardiovascular\/"},"author":{"name":"ofiprensa","@id":"https:\/\/www.ucaldas.edu.co\/portal\/#\/schema\/person\/a1b482e23449158b4bc319926c074fdf"},"headline":"Primer Simposio Nacional de Enfermer\u00eda Cardiovascular","datePublished":"2022-10-04T22:11:20+00:00","mainEntityOfPage":{"@id":"https:\/\/www.ucaldas.edu.co\/portal\/primer-simposio-nacional-de-enfermeria-cardiovascular\/"},"wordCount":252,"publisher":{"@id":"https:\/\/www.ucaldas.edu.co\/portal\/#organization"},"image":{"@id":"https:\/\/www.ucaldas.edu.co\/portal\/primer-simposio-nacional-de-enfermeria-cardiovascular\/#primaryimage"},"thumbnailUrl":"https:\/\/www.ucaldas.edu.co\/portal\/wp-content\/uploads\/2022\/10\/simposio.jpg","keywords":["simposio nacional","C\u00e1ndida Rosa Casta\u00f1eda","enfermer\u00eda cardiovascular"],"articleSection":["Actualidad","Universidad al D\u00eda","Eventos"],"inLanguage":"es"},{"@type":"WebPage","@id":"https:\/\/www.ucaldas.edu.co\/portal\/primer-simposio-nacional-de-enfermeria-cardiovascular\/","url":"https:\/\/www.ucaldas.edu.co\/portal\/primer-simposio-nacional-de-enfermeria-cardiovascular\/","name":"Primer Simposio Nacional de Enfermer\u00eda Cardiovascular .","isPartOf":{"@id":"https:\/\/www.ucaldas.edu.co\/portal\/#website"},"primaryImageOfPage":{"@id":"https:\/\/www.ucaldas.edu.co\/portal\/primer-simposio-nacional-de-enfermeria-cardiovascular\/#primaryimage"},"image":{"@id":"https:\/\/www.ucaldas.edu.co\/portal\/primer-simposio-nacional-de-enfermeria-cardiovascular\/#primaryimage"},"thumbnailUrl":"https:\/\/www.ucaldas.edu.co\/portal\/wp-content\/uploads\/2022\/10\/simposio.jpg","datePublished":"2022-10-04T22:11:20+00:00","breadcrumb":{"@id":"https:\/\/www.ucaldas.edu.co\/portal\/primer-simposio-nacional-de-enfermeria-cardiovascular\/#breadcrumb"},"inLanguage":"es","potentialAction":[{"@type":"ReadAction","target":["https:\/\/www.ucaldas.edu.co\/portal\/primer-simposio-nacional-de-enfermeria-cardiovascular\/"]}]},{"@type":"ImageObject","inLanguage":"es","@id":"https:\/\/www.ucaldas.edu.co\/portal\/primer-simposio-nacional-de-enfermeria-cardiovascular\/#primaryimage","url":"https:\/\/www.ucaldas.edu.co\/portal\/wp-content\/uploads\/2022\/10\/simposio.jpg","contentUrl":"https:\/\/www.ucaldas.edu.co\/portal\/wp-content\/uploads\/2022\/10\/simposio.jpg","width":700,"height":400,"caption":"El evento se realiza gracias a la Universidad de Caldas; Sociedad Colombiana de Cardiolog\u00eda y Cirug\u00eda Cardiovascular; Red Afecto Manizales; y Terumo."},{"@type":"BreadcrumbList","@id":"https:\/\/www.ucaldas.edu.co\/portal\/primer-simposio-nacional-de-enfermeria-cardiovascular\/#breadcrumb","itemListElement":[{"@type":"ListItem","position":1,"name":"Portada","item":"https:\/\/www.ucaldas.edu.co\/portal\/"},{"@type":"ListItem","position":2,"name":"Primer Simposio Nacional de Enfermer\u00eda Cardiovascular"}]},{"@type":"WebSite","@id":"https:\/\/www.ucaldas.edu.co\/portal\/#website","url":"https:\/\/www.ucaldas.edu.co\/portal\/","name":"Universidad de Caldas","description":"","publisher":{"@id":"https:\/\/www.ucaldas.edu.co\/portal\/#organization"},"alternateName":"U. de Caldas","potentialAction":[{"@type":"SearchAction","target":{"@type":"EntryPoint","urlTemplate":"https:\/\/www.ucaldas.edu.co\/portal\/?s={search_term_string}"},"query-input":{"@type":"PropertyValueSpecification","valueRequired":true,"valueName":"search_term_string"}}],"inLanguage":"es"},{"@type":"Organization","@id":"https:\/\/www.ucaldas.edu.co\/portal\/#organization","name":"Universidad de Caldas","alternateName":"U. de Caldas","url":"https:\/\/www.ucaldas.edu.co\/portal\/","logo":{"@type":"ImageObject","inLanguage":"es","@id":"https:\/\/www.ucaldas.edu.co\/portal\/#\/schema\/logo\/image\/","url":"https:\/\/www.ucaldas.edu.co\/portal\/wp-content\/uploads\/2023\/11\/Logo_horizontal_oscuroU-2023.png","contentUrl":"https:\/\/www.ucaldas.edu.co\/portal\/wp-content\/uploads\/2023\/11\/Logo_horizontal_oscuroU-2023.png","width":263,"height":101,"caption":"Universidad de Caldas"},"image":{"@id":"https:\/\/www.ucaldas.edu.co\/portal\/#\/schema\/logo\/image\/"},"sameAs":["https:\/\/www.facebook.com\/udecaldas","https:\/\/x.com\/udecaldas","https:\/\/www.youtube.com\/universidadcaldas","https:\/\/www.instagram.com\/udecaldas\/"]},{"@type":"Person","@id":"https:\/\/www.ucaldas.edu.co\/portal\/#\/schema\/person\/a1b482e23449158b4bc319926c074fdf","name":"ofiprensa","image":{"@type":"ImageObject","inLanguage":"es","@id":"https:\/\/www.ucaldas.edu.co\/portal\/wp-content\/litespeed\/avatar\/09ea5085e600095a7a811142c6944527.jpg?ver=1777497608","url":"https:\/\/www.ucaldas.edu.co\/portal\/wp-content\/litespeed\/avatar\/09ea5085e600095a7a811142c6944527.jpg?ver=1777497608","contentUrl":"https:\/\/www.ucaldas.edu.co\/portal\/wp-content\/litespeed\/avatar\/09ea5085e600095a7a811142c6944527.jpg?ver=1777497608","caption":"ofiprensa"},"url":"https:\/\/www.ucaldas.edu.co\/portal\/author\/ofiprensa\/"}]}},"_links":{"self":[{"href":"https:\/\/www.ucaldas.edu.co\/portal\/wp-json\/wp\/v2\/posts\/72860","targetHints":{"allow":["GET"]}}],"collection":[{"href":"https:\/\/www.ucaldas.edu.co\/portal\/wp-json\/wp\/v2\/posts"}],"about":[{"href":"https:\/\/www.ucaldas.edu.co\/portal\/wp-json\/wp\/v2\/types\/post"}],"author":[{"embeddable":true,"href":"https:\/\/www.ucaldas.edu.co\/portal\/wp-json\/wp\/v2\/users\/2"}],"replies":[{"embeddable":true,"href":"https:\/\/www.ucaldas.edu.co\/portal\/wp-json\/wp\/v2\/comments?post=72860"}],"version-history":[{"count":0,"href":"https:\/\/www.ucaldas.edu.co\/portal\/wp-json\/wp\/v2\/posts\/72860\/revisions"}],"wp:featuredmedia":[{"embeddable":true,"href":"https:\/\/www.ucaldas.edu.co\/portal\/wp-json\/wp\/v2\/media\/72861"}],"wp:attachment":[{"href":"https:\/\/www.ucaldas.edu.co\/portal\/wp-json\/wp\/v2\/media?parent=72860"}],"wp:term":[{"taxonomy":"category","embeddable":true,"href":"https:\/\/www.ucaldas.edu.co\/portal\/wp-json\/wp\/v2\/categories?post=72860"},{"taxonomy":"post_tag","embeddable":true,"href":"https:\/\/www.ucaldas.edu.co\/portal\/wp-json\/wp\/v2\/tags?post=72860"}],"curies":[{"name":"wp","href":"https:\/\/api.w.org\/{rel}","templated":true}]}}