{"id":72857,"date":"2022-10-04T22:05:55","date_gmt":"2022-10-04T22:05:55","guid":{"rendered":"https:\/\/www.ucaldas.edu.co\/portal\/?p=72857"},"modified":"2022-10-04T22:05:55","modified_gmt":"2022-10-04T22:05:55","slug":"la-union-europea-aportara-recursos-por-775-mil-euros-para-el-desarrollo-del-proyecto-de-la-universidad-de-caldas-ibero4jobs-aprobado-por-erasmus","status":"publish","type":"post","link":"https:\/\/www.ucaldas.edu.co\/portal\/la-union-europea-aportara-recursos-por-775-mil-euros-para-el-desarrollo-del-proyecto-de-la-universidad-de-caldas-ibero4jobs-aprobado-por-erasmus\/","title":{"rendered":"La Uni\u00f3n Europea aportar\u00e1 recursos por 775 mil euros para el desarrollo del proyecto de la Universidad de Caldas : Ibero4Jobs, aprobado por Erasmus +"},"content":{"rendered":"<p><img loading=\"lazy\" decoding=\"async\" class=\"aligncenter size-full wp-image-72858\" src=\"https:\/\/www.ucaldas.edu.co\/portal\/wp-content\/uploads\/2022\/10\/ibero4jobs.jpg\" alt=\"Ibero4Jobs tendr\u00e1 una duraci\u00f3n de 3 a\u00f1os y contar\u00e1 con recursos econ\u00f3micos por 775 mil euros para su ejecuci\u00f3n.\" width=\"700\" height=\"400\" srcset=\"https:\/\/www.ucaldas.edu.co\/portal\/wp-content\/uploads\/2022\/10\/ibero4jobs.jpg 700w, https:\/\/www.ucaldas.edu.co\/portal\/wp-content\/uploads\/2022\/10\/ibero4jobs-300x171.jpg 300w\" sizes=\"auto, (max-width: 700px) 100vw, 700px\" \/><\/p>\n<p>Ibero4Jobs es un proyecto que busca fortalecer las instituciones de educaci\u00f3n superior en Am\u00e9rica Latina, en articulaci\u00f3n con el sector empresarial promoviendo la empleabilidad de los estudiantes y contribuyendo al crecimiento sostenible de las regiones.<\/p>\n<p><!--more--><\/p>\n<p>La jefe de la Oficina de Internacionalizaci\u00f3n Margarita L\u00f3pez Pinz\u00f3n destaca que con la implementaci\u00f3n del proyecto se pretende que instituciones de educaci\u00f3n superior europeas vengan a Latinoam\u00e9rica para compartir su conocimiento sobre la educaci\u00f3n dual (Dual education), una metodolog\u00eda promovida e incentivada en diversas universidades de Europa, mediante la cual los estudiantes durante sus actividades acad\u00e9micas comienzan su vinculaci\u00f3n con el sector empresarial lo que les permite obtener mayor experiencia y pr\u00e1ctica.<\/p>\n<p>La Universidad de Caldas ser\u00e1 la instituci\u00f3n coordinadora del proyecto, y estar\u00e1 acompa\u00f1ada por la Universidad de Vigo en Espa\u00f1a; Universidad Tecnol\u00f3gica de Nayarit en M\u00e9xico; Universidad Aut\u00f3noma de Nayarit en M\u00e9xico; Universidad Aut\u00f3noma de Manizales; Instituto Polit\u00e9cnico do Porto en Portugal; Fundaci\u00f3n Luker; Fundaci\u00f3n Ronsel en Espa\u00f1a; y C\u00e1mara de Comercio de Manizales por Caldas. Ibero4Jobs tendr\u00e1 una duraci\u00f3n de 3 a\u00f1os y contar\u00e1 con recursos econ\u00f3micos por 775 mil euros para su ejecuci\u00f3n.<\/p>\n<p>&nbsp;<\/p>\n<p><strong>Anexo:<br \/>\n<\/strong><strong><a href=\"https:\/\/go.ivoox.com\/rf\/93351606\">Audio Margarita L\u00f3pez Pinz\u00f3n &#8211; jefe Oficina de Internacionalizaci\u00f3n.<\/a><br \/>\n<iframe loading=\"lazy\" src=\"https:\/\/www.ivoox.com\/player_ek_93351606_2_1.html\" width=\"238\" height=\"48\" frameborder=\"0\" scrolling=\"no\" allowfullscreen=\"allowfullscreen\"><\/iframe><\/strong><\/p>\n<p>&nbsp;<\/p>\n<p><strong>Informes: <\/strong>Oficina de Comunicaciones y Prensa Universidad de Caldas.<br \/>\n<strong>Redacci\u00f3n:<\/strong> Mateo Buritic\u00e1 Giraldo<\/p>\n<p>&nbsp;<\/p>\n","protected":false},"excerpt":{"rendered":"<p>Ibero4Jobs es un proyecto que busca fortalecer las instituciones de educaci\u00f3n superior en Am\u00e9rica Latina, en articulaci\u00f3n con el sector empresarial promoviendo la empleabilidad de los estudiantes y contribuyendo al crecimiento sostenible de las regiones.<\/p>\n","protected":false},"author":2,"featured_media":72858,"comment_status":"closed","ping_status":"open","sticky":false,"template":"","format":"standard","meta":{"footnotes":""},"categories":[53,614,48],"tags":[1462,9198,9199,187],"class_list":["post-72857","post","type-post","status-publish","format-standard","has-post-thumbnail","hentry","category-universidad-al-dia","category-ucaldas-internacional","category-actualidad","tag-union-europea","tag-ibero4jobs","tag-programa-erasmus","tag-vicerrectoria-de-proyeccion-universitaria"],"yoast_head":"<!-- This site is optimized with the Yoast SEO plugin v27.5 - https:\/\/yoast.com\/product\/yoast-seo-wordpress\/ -->\n<title>La Uni\u00f3n Europea aportar\u00e1 recursos por 775 mil euros para el desarrollo del proyecto de la Universidad de Caldas : Ibero4Jobs, aprobado por Erasmus + .<\/title>\n<meta name=\"robots\" content=\"index, follow, max-snippet:-1, max-image-preview:large, max-video-preview:-1\" \/>\n<link rel=\"canonical\" href=\"https:\/\/www.ucaldas.edu.co\/portal\/la-union-europea-aportara-recursos-por-775-mil-euros-para-el-desarrollo-del-proyecto-de-la-universidad-de-caldas-ibero4jobs-aprobado-por-erasmus\/\" \/>\n<script type=\"application\/ld+json\" class=\"yoast-schema-graph\">{\"@context\":\"https:\\\/\\\/schema.org\",\"@graph\":[{\"@type\":\"Article\",\"@id\":\"https:\\\/\\\/www.ucaldas.edu.co\\\/portal\\\/la-union-europea-aportara-recursos-por-775-mil-euros-para-el-desarrollo-del-proyecto-de-la-universidad-de-caldas-ibero4jobs-aprobado-por-erasmus\\\/#article\",\"isPartOf\":{\"@id\":\"https:\\\/\\\/www.ucaldas.edu.co\\\/portal\\\/la-union-europea-aportara-recursos-por-775-mil-euros-para-el-desarrollo-del-proyecto-de-la-universidad-de-caldas-ibero4jobs-aprobado-por-erasmus\\\/\"},\"author\":{\"name\":\"ofiprensa\",\"@id\":\"https:\\\/\\\/www.ucaldas.edu.co\\\/portal\\\/#\\\/schema\\\/person\\\/a1b482e23449158b4bc319926c074fdf\"},\"headline\":\"La Uni\u00f3n Europea aportar\u00e1 recursos por 775 mil euros para el desarrollo del proyecto de la Universidad de Caldas : Ibero4Jobs, aprobado por Erasmus +\",\"datePublished\":\"2022-10-04T22:05:55+00:00\",\"mainEntityOfPage\":{\"@id\":\"https:\\\/\\\/www.ucaldas.edu.co\\\/portal\\\/la-union-europea-aportara-recursos-por-775-mil-euros-para-el-desarrollo-del-proyecto-de-la-universidad-de-caldas-ibero4jobs-aprobado-por-erasmus\\\/\"},\"wordCount\":268,\"publisher\":{\"@id\":\"https:\\\/\\\/www.ucaldas.edu.co\\\/portal\\\/#organization\"},\"image\":{\"@id\":\"https:\\\/\\\/www.ucaldas.edu.co\\\/portal\\\/la-union-europea-aportara-recursos-por-775-mil-euros-para-el-desarrollo-del-proyecto-de-la-universidad-de-caldas-ibero4jobs-aprobado-por-erasmus\\\/#primaryimage\"},\"thumbnailUrl\":\"https:\\\/\\\/www.ucaldas.edu.co\\\/portal\\\/wp-content\\\/uploads\\\/2022\\\/10\\\/ibero4jobs.jpg\",\"keywords\":[\"Uni\u00f3n Europea\",\"ibero4jobs\",\"programa Erasmus\",\"vicerrector\u00eda de Proyecci\u00f3n Universitaria\"],\"articleSection\":[\"Universidad al D\u00eda\",\"Ucaldas Internacional\",\"Actualidad\"],\"inLanguage\":\"es\"},{\"@type\":\"WebPage\",\"@id\":\"https:\\\/\\\/www.ucaldas.edu.co\\\/portal\\\/la-union-europea-aportara-recursos-por-775-mil-euros-para-el-desarrollo-del-proyecto-de-la-universidad-de-caldas-ibero4jobs-aprobado-por-erasmus\\\/\",\"url\":\"https:\\\/\\\/www.ucaldas.edu.co\\\/portal\\\/la-union-europea-aportara-recursos-por-775-mil-euros-para-el-desarrollo-del-proyecto-de-la-universidad-de-caldas-ibero4jobs-aprobado-por-erasmus\\\/\",\"name\":\"La Uni\u00f3n Europea aportar\u00e1 recursos por 775 mil euros para el desarrollo del proyecto de la Universidad de Caldas : Ibero4Jobs, aprobado por Erasmus + .\",\"isPartOf\":{\"@id\":\"https:\\\/\\\/www.ucaldas.edu.co\\\/portal\\\/#website\"},\"primaryImageOfPage\":{\"@id\":\"https:\\\/\\\/www.ucaldas.edu.co\\\/portal\\\/la-union-europea-aportara-recursos-por-775-mil-euros-para-el-desarrollo-del-proyecto-de-la-universidad-de-caldas-ibero4jobs-aprobado-por-erasmus\\\/#primaryimage\"},\"image\":{\"@id\":\"https:\\\/\\\/www.ucaldas.edu.co\\\/portal\\\/la-union-europea-aportara-recursos-por-775-mil-euros-para-el-desarrollo-del-proyecto-de-la-universidad-de-caldas-ibero4jobs-aprobado-por-erasmus\\\/#primaryimage\"},\"thumbnailUrl\":\"https:\\\/\\\/www.ucaldas.edu.co\\\/portal\\\/wp-content\\\/uploads\\\/2022\\\/10\\\/ibero4jobs.jpg\",\"datePublished\":\"2022-10-04T22:05:55+00:00\",\"breadcrumb\":{\"@id\":\"https:\\\/\\\/www.ucaldas.edu.co\\\/portal\\\/la-union-europea-aportara-recursos-por-775-mil-euros-para-el-desarrollo-del-proyecto-de-la-universidad-de-caldas-ibero4jobs-aprobado-por-erasmus\\\/#breadcrumb\"},\"inLanguage\":\"es\",\"potentialAction\":[{\"@type\":\"ReadAction\",\"target\":[\"https:\\\/\\\/www.ucaldas.edu.co\\\/portal\\\/la-union-europea-aportara-recursos-por-775-mil-euros-para-el-desarrollo-del-proyecto-de-la-universidad-de-caldas-ibero4jobs-aprobado-por-erasmus\\\/\"]}]},{\"@type\":\"ImageObject\",\"inLanguage\":\"es\",\"@id\":\"https:\\\/\\\/www.ucaldas.edu.co\\\/portal\\\/la-union-europea-aportara-recursos-por-775-mil-euros-para-el-desarrollo-del-proyecto-de-la-universidad-de-caldas-ibero4jobs-aprobado-por-erasmus\\\/#primaryimage\",\"url\":\"https:\\\/\\\/www.ucaldas.edu.co\\\/portal\\\/wp-content\\\/uploads\\\/2022\\\/10\\\/ibero4jobs.jpg\",\"contentUrl\":\"https:\\\/\\\/www.ucaldas.edu.co\\\/portal\\\/wp-content\\\/uploads\\\/2022\\\/10\\\/ibero4jobs.jpg\",\"width\":700,\"height\":400,\"caption\":\"Ibero4Jobs tendr\u00e1 una duraci\u00f3n de 3 a\u00f1os y contar\u00e1 con recursos econ\u00f3micos por 775 mil euros para su ejecuci\u00f3n.\"},{\"@type\":\"BreadcrumbList\",\"@id\":\"https:\\\/\\\/www.ucaldas.edu.co\\\/portal\\\/la-union-europea-aportara-recursos-por-775-mil-euros-para-el-desarrollo-del-proyecto-de-la-universidad-de-caldas-ibero4jobs-aprobado-por-erasmus\\\/#breadcrumb\",\"itemListElement\":[{\"@type\":\"ListItem\",\"position\":1,\"name\":\"Portada\",\"item\":\"https:\\\/\\\/www.ucaldas.edu.co\\\/portal\\\/\"},{\"@type\":\"ListItem\",\"position\":2,\"name\":\"La Uni\u00f3n Europea aportar\u00e1 recursos por 775 mil euros para el desarrollo del proyecto de la Universidad de Caldas : Ibero4Jobs, aprobado por Erasmus +\"}]},{\"@type\":\"WebSite\",\"@id\":\"https:\\\/\\\/www.ucaldas.edu.co\\\/portal\\\/#website\",\"url\":\"https:\\\/\\\/www.ucaldas.edu.co\\\/portal\\\/\",\"name\":\"Universidad de Caldas\",\"description\":\"\",\"publisher\":{\"@id\":\"https:\\\/\\\/www.ucaldas.edu.co\\\/portal\\\/#organization\"},\"alternateName\":\"U. de Caldas\",\"potentialAction\":[{\"@type\":\"SearchAction\",\"target\":{\"@type\":\"EntryPoint\",\"urlTemplate\":\"https:\\\/\\\/www.ucaldas.edu.co\\\/portal\\\/?s={search_term_string}\"},\"query-input\":{\"@type\":\"PropertyValueSpecification\",\"valueRequired\":true,\"valueName\":\"search_term_string\"}}],\"inLanguage\":\"es\"},{\"@type\":\"Organization\",\"@id\":\"https:\\\/\\\/www.ucaldas.edu.co\\\/portal\\\/#organization\",\"name\":\"Universidad de Caldas\",\"alternateName\":\"U. de Caldas\",\"url\":\"https:\\\/\\\/www.ucaldas.edu.co\\\/portal\\\/\",\"logo\":{\"@type\":\"ImageObject\",\"inLanguage\":\"es\",\"@id\":\"https:\\\/\\\/www.ucaldas.edu.co\\\/portal\\\/#\\\/schema\\\/logo\\\/image\\\/\",\"url\":\"https:\\\/\\\/www.ucaldas.edu.co\\\/portal\\\/wp-content\\\/uploads\\\/2023\\\/11\\\/Logo_horizontal_oscuroU-2023.png\",\"contentUrl\":\"https:\\\/\\\/www.ucaldas.edu.co\\\/portal\\\/wp-content\\\/uploads\\\/2023\\\/11\\\/Logo_horizontal_oscuroU-2023.png\",\"width\":263,\"height\":101,\"caption\":\"Universidad de Caldas\"},\"image\":{\"@id\":\"https:\\\/\\\/www.ucaldas.edu.co\\\/portal\\\/#\\\/schema\\\/logo\\\/image\\\/\"},\"sameAs\":[\"https:\\\/\\\/www.facebook.com\\\/udecaldas\",\"https:\\\/\\\/x.com\\\/udecaldas\",\"https:\\\/\\\/www.youtube.com\\\/universidadcaldas\",\"https:\\\/\\\/www.instagram.com\\\/udecaldas\\\/\"]},{\"@type\":\"Person\",\"@id\":\"https:\\\/\\\/www.ucaldas.edu.co\\\/portal\\\/#\\\/schema\\\/person\\\/a1b482e23449158b4bc319926c074fdf\",\"name\":\"ofiprensa\",\"image\":{\"@type\":\"ImageObject\",\"inLanguage\":\"es\",\"@id\":\"https:\\\/\\\/www.ucaldas.edu.co\\\/portal\\\/wp-content\\\/litespeed\\\/avatar\\\/09ea5085e600095a7a811142c6944527.jpg?ver=1777497608\",\"url\":\"https:\\\/\\\/www.ucaldas.edu.co\\\/portal\\\/wp-content\\\/litespeed\\\/avatar\\\/09ea5085e600095a7a811142c6944527.jpg?ver=1777497608\",\"contentUrl\":\"https:\\\/\\\/www.ucaldas.edu.co\\\/portal\\\/wp-content\\\/litespeed\\\/avatar\\\/09ea5085e600095a7a811142c6944527.jpg?ver=1777497608\",\"caption\":\"ofiprensa\"},\"url\":\"https:\\\/\\\/www.ucaldas.edu.co\\\/portal\\\/author\\\/ofiprensa\\\/\"}]}<\/script>\n<!-- \/ Yoast SEO plugin. -->","yoast_head_json":{"title":"La Uni\u00f3n Europea aportar\u00e1 recursos por 775 mil euros para el desarrollo del proyecto de la Universidad de Caldas : Ibero4Jobs, aprobado por Erasmus + .","robots":{"index":"index","follow":"follow","max-snippet":"max-snippet:-1","max-image-preview":"max-image-preview:large","max-video-preview":"max-video-preview:-1"},"canonical":"https:\/\/www.ucaldas.edu.co\/portal\/la-union-europea-aportara-recursos-por-775-mil-euros-para-el-desarrollo-del-proyecto-de-la-universidad-de-caldas-ibero4jobs-aprobado-por-erasmus\/","schema":{"@context":"https:\/\/schema.org","@graph":[{"@type":"Article","@id":"https:\/\/www.ucaldas.edu.co\/portal\/la-union-europea-aportara-recursos-por-775-mil-euros-para-el-desarrollo-del-proyecto-de-la-universidad-de-caldas-ibero4jobs-aprobado-por-erasmus\/#article","isPartOf":{"@id":"https:\/\/www.ucaldas.edu.co\/portal\/la-union-europea-aportara-recursos-por-775-mil-euros-para-el-desarrollo-del-proyecto-de-la-universidad-de-caldas-ibero4jobs-aprobado-por-erasmus\/"},"author":{"name":"ofiprensa","@id":"https:\/\/www.ucaldas.edu.co\/portal\/#\/schema\/person\/a1b482e23449158b4bc319926c074fdf"},"headline":"La Uni\u00f3n Europea aportar\u00e1 recursos por 775 mil euros para el desarrollo del proyecto de la Universidad de Caldas : Ibero4Jobs, aprobado por Erasmus +","datePublished":"2022-10-04T22:05:55+00:00","mainEntityOfPage":{"@id":"https:\/\/www.ucaldas.edu.co\/portal\/la-union-europea-aportara-recursos-por-775-mil-euros-para-el-desarrollo-del-proyecto-de-la-universidad-de-caldas-ibero4jobs-aprobado-por-erasmus\/"},"wordCount":268,"publisher":{"@id":"https:\/\/www.ucaldas.edu.co\/portal\/#organization"},"image":{"@id":"https:\/\/www.ucaldas.edu.co\/portal\/la-union-europea-aportara-recursos-por-775-mil-euros-para-el-desarrollo-del-proyecto-de-la-universidad-de-caldas-ibero4jobs-aprobado-por-erasmus\/#primaryimage"},"thumbnailUrl":"https:\/\/www.ucaldas.edu.co\/portal\/wp-content\/uploads\/2022\/10\/ibero4jobs.jpg","keywords":["Uni\u00f3n Europea","ibero4jobs","programa Erasmus","vicerrector\u00eda de Proyecci\u00f3n Universitaria"],"articleSection":["Universidad al D\u00eda","Ucaldas Internacional","Actualidad"],"inLanguage":"es"},{"@type":"WebPage","@id":"https:\/\/www.ucaldas.edu.co\/portal\/la-union-europea-aportara-recursos-por-775-mil-euros-para-el-desarrollo-del-proyecto-de-la-universidad-de-caldas-ibero4jobs-aprobado-por-erasmus\/","url":"https:\/\/www.ucaldas.edu.co\/portal\/la-union-europea-aportara-recursos-por-775-mil-euros-para-el-desarrollo-del-proyecto-de-la-universidad-de-caldas-ibero4jobs-aprobado-por-erasmus\/","name":"La Uni\u00f3n Europea aportar\u00e1 recursos por 775 mil euros para el desarrollo del proyecto de la Universidad de Caldas : Ibero4Jobs, aprobado por Erasmus + .","isPartOf":{"@id":"https:\/\/www.ucaldas.edu.co\/portal\/#website"},"primaryImageOfPage":{"@id":"https:\/\/www.ucaldas.edu.co\/portal\/la-union-europea-aportara-recursos-por-775-mil-euros-para-el-desarrollo-del-proyecto-de-la-universidad-de-caldas-ibero4jobs-aprobado-por-erasmus\/#primaryimage"},"image":{"@id":"https:\/\/www.ucaldas.edu.co\/portal\/la-union-europea-aportara-recursos-por-775-mil-euros-para-el-desarrollo-del-proyecto-de-la-universidad-de-caldas-ibero4jobs-aprobado-por-erasmus\/#primaryimage"},"thumbnailUrl":"https:\/\/www.ucaldas.edu.co\/portal\/wp-content\/uploads\/2022\/10\/ibero4jobs.jpg","datePublished":"2022-10-04T22:05:55+00:00","breadcrumb":{"@id":"https:\/\/www.ucaldas.edu.co\/portal\/la-union-europea-aportara-recursos-por-775-mil-euros-para-el-desarrollo-del-proyecto-de-la-universidad-de-caldas-ibero4jobs-aprobado-por-erasmus\/#breadcrumb"},"inLanguage":"es","potentialAction":[{"@type":"ReadAction","target":["https:\/\/www.ucaldas.edu.co\/portal\/la-union-europea-aportara-recursos-por-775-mil-euros-para-el-desarrollo-del-proyecto-de-la-universidad-de-caldas-ibero4jobs-aprobado-por-erasmus\/"]}]},{"@type":"ImageObject","inLanguage":"es","@id":"https:\/\/www.ucaldas.edu.co\/portal\/la-union-europea-aportara-recursos-por-775-mil-euros-para-el-desarrollo-del-proyecto-de-la-universidad-de-caldas-ibero4jobs-aprobado-por-erasmus\/#primaryimage","url":"https:\/\/www.ucaldas.edu.co\/portal\/wp-content\/uploads\/2022\/10\/ibero4jobs.jpg","contentUrl":"https:\/\/www.ucaldas.edu.co\/portal\/wp-content\/uploads\/2022\/10\/ibero4jobs.jpg","width":700,"height":400,"caption":"Ibero4Jobs tendr\u00e1 una duraci\u00f3n de 3 a\u00f1os y contar\u00e1 con recursos econ\u00f3micos por 775 mil euros para su ejecuci\u00f3n."},{"@type":"BreadcrumbList","@id":"https:\/\/www.ucaldas.edu.co\/portal\/la-union-europea-aportara-recursos-por-775-mil-euros-para-el-desarrollo-del-proyecto-de-la-universidad-de-caldas-ibero4jobs-aprobado-por-erasmus\/#breadcrumb","itemListElement":[{"@type":"ListItem","position":1,"name":"Portada","item":"https:\/\/www.ucaldas.edu.co\/portal\/"},{"@type":"ListItem","position":2,"name":"La Uni\u00f3n Europea aportar\u00e1 recursos por 775 mil euros para el desarrollo del proyecto de la Universidad de Caldas : Ibero4Jobs, aprobado por Erasmus +"}]},{"@type":"WebSite","@id":"https:\/\/www.ucaldas.edu.co\/portal\/#website","url":"https:\/\/www.ucaldas.edu.co\/portal\/","name":"Universidad de Caldas","description":"","publisher":{"@id":"https:\/\/www.ucaldas.edu.co\/portal\/#organization"},"alternateName":"U. de Caldas","potentialAction":[{"@type":"SearchAction","target":{"@type":"EntryPoint","urlTemplate":"https:\/\/www.ucaldas.edu.co\/portal\/?s={search_term_string}"},"query-input":{"@type":"PropertyValueSpecification","valueRequired":true,"valueName":"search_term_string"}}],"inLanguage":"es"},{"@type":"Organization","@id":"https:\/\/www.ucaldas.edu.co\/portal\/#organization","name":"Universidad de Caldas","alternateName":"U. de Caldas","url":"https:\/\/www.ucaldas.edu.co\/portal\/","logo":{"@type":"ImageObject","inLanguage":"es","@id":"https:\/\/www.ucaldas.edu.co\/portal\/#\/schema\/logo\/image\/","url":"https:\/\/www.ucaldas.edu.co\/portal\/wp-content\/uploads\/2023\/11\/Logo_horizontal_oscuroU-2023.png","contentUrl":"https:\/\/www.ucaldas.edu.co\/portal\/wp-content\/uploads\/2023\/11\/Logo_horizontal_oscuroU-2023.png","width":263,"height":101,"caption":"Universidad de Caldas"},"image":{"@id":"https:\/\/www.ucaldas.edu.co\/portal\/#\/schema\/logo\/image\/"},"sameAs":["https:\/\/www.facebook.com\/udecaldas","https:\/\/x.com\/udecaldas","https:\/\/www.youtube.com\/universidadcaldas","https:\/\/www.instagram.com\/udecaldas\/"]},{"@type":"Person","@id":"https:\/\/www.ucaldas.edu.co\/portal\/#\/schema\/person\/a1b482e23449158b4bc319926c074fdf","name":"ofiprensa","image":{"@type":"ImageObject","inLanguage":"es","@id":"https:\/\/www.ucaldas.edu.co\/portal\/wp-content\/litespeed\/avatar\/09ea5085e600095a7a811142c6944527.jpg?ver=1777497608","url":"https:\/\/www.ucaldas.edu.co\/portal\/wp-content\/litespeed\/avatar\/09ea5085e600095a7a811142c6944527.jpg?ver=1777497608","contentUrl":"https:\/\/www.ucaldas.edu.co\/portal\/wp-content\/litespeed\/avatar\/09ea5085e600095a7a811142c6944527.jpg?ver=1777497608","caption":"ofiprensa"},"url":"https:\/\/www.ucaldas.edu.co\/portal\/author\/ofiprensa\/"}]}},"_links":{"self":[{"href":"https:\/\/www.ucaldas.edu.co\/portal\/wp-json\/wp\/v2\/posts\/72857","targetHints":{"allow":["GET"]}}],"collection":[{"href":"https:\/\/www.ucaldas.edu.co\/portal\/wp-json\/wp\/v2\/posts"}],"about":[{"href":"https:\/\/www.ucaldas.edu.co\/portal\/wp-json\/wp\/v2\/types\/post"}],"author":[{"embeddable":true,"href":"https:\/\/www.ucaldas.edu.co\/portal\/wp-json\/wp\/v2\/users\/2"}],"replies":[{"embeddable":true,"href":"https:\/\/www.ucaldas.edu.co\/portal\/wp-json\/wp\/v2\/comments?post=72857"}],"version-history":[{"count":0,"href":"https:\/\/www.ucaldas.edu.co\/portal\/wp-json\/wp\/v2\/posts\/72857\/revisions"}],"wp:featuredmedia":[{"embeddable":true,"href":"https:\/\/www.ucaldas.edu.co\/portal\/wp-json\/wp\/v2\/media\/72858"}],"wp:attachment":[{"href":"https:\/\/www.ucaldas.edu.co\/portal\/wp-json\/wp\/v2\/media?parent=72857"}],"wp:term":[{"taxonomy":"category","embeddable":true,"href":"https:\/\/www.ucaldas.edu.co\/portal\/wp-json\/wp\/v2\/categories?post=72857"},{"taxonomy":"post_tag","embeddable":true,"href":"https:\/\/www.ucaldas.edu.co\/portal\/wp-json\/wp\/v2\/tags?post=72857"}],"curies":[{"name":"wp","href":"https:\/\/api.w.org\/{rel}","templated":true}]}}