{"id":72790,"date":"2022-09-30T20:04:30","date_gmt":"2022-09-30T20:04:30","guid":{"rendered":"https:\/\/www.ucaldas.edu.co\/portal\/?p=72790"},"modified":"2022-09-30T20:26:27","modified_gmt":"2022-09-30T20:26:27","slug":"se-dio-inicio-al-diplomado-en-biotecnologia-de-la-universidad-de-caldas-y-bios","status":"publish","type":"post","link":"https:\/\/www.ucaldas.edu.co\/portal\/se-dio-inicio-al-diplomado-en-biotecnologia-de-la-universidad-de-caldas-y-bios\/","title":{"rendered":"Inici\u00f3 el Diplomado en Biotecnolog\u00eda de la Universidad de Caldas y BIOS"},"content":{"rendered":"<p><img loading=\"lazy\" decoding=\"async\" class=\"aligncenter size-full wp-image-72791\" src=\"https:\/\/www.ucaldas.edu.co\/portal\/wp-content\/uploads\/2022\/09\/biotecnologia-1.jpg\" alt=\"estudiantes diplomado biotecnolog\u00eda\" width=\"700\" height=\"400\" srcset=\"https:\/\/www.ucaldas.edu.co\/portal\/wp-content\/uploads\/2022\/09\/biotecnologia-1.jpg 700w, https:\/\/www.ucaldas.edu.co\/portal\/wp-content\/uploads\/2022\/09\/biotecnologia-1-300x171.jpg 300w\" sizes=\"auto, (max-width: 700px) 100vw, 700px\" \/><\/p>\n<p>Dentro del proyecto \u201cImplementaci\u00f3n del Centro de Innovaci\u00f3n para el departamento de Caldas\u201d, y en aras de fortalecer el conocimiento en el sector productivo y acad\u00e9mico del oriente caldense, se dio inicio a un Diplomado en Biotecnolog\u00eda, dirigido estudiantes de pregrado y posgrados, asistentes de investigaci\u00f3n, docentes, investigadores y personal vinculado a instituciones de la Red Nacional de Ciencia y Tecnolog\u00eda, interesados en el uso de herramientas de bioinform\u00e1tica.<\/p>\n<p><!--more--><\/p>\n<p>Este diplomado se desarrolla en convenio con BIOS, donde se pretende dar a conocer el estudio de la biotecnolog\u00eda como la t\u00e9cnica que permite el uso de organismos vivos o sustancias obtenidas de esos organismos para crear o modificar un producto con fines pr\u00e1cticos.<\/p>\n<p>Los participantes podr\u00e1n aprender a proponer y desarrollar alternativas frente al manejo de la producci\u00f3n agr\u00edcola orientadas a la soluci\u00f3n de problemas alimentarios, sociales, econ\u00f3micos y productivos.<\/p>\n<p>La Universidad de Caldas y BIOS brindaron 60 becas del 100% del costo final para que los inscritos puedan fortalecer la capacidad t\u00e9cnico-cient\u00edfica en su aplicaci\u00f3n a diferentes \u00e1reas de conocimiento tanto para generar valor agregado a la empresa a la cual pertenecen como para su aprendizaje personal.<\/p>\n<p>&nbsp;<\/p>\n<p><strong>Informes: <\/strong>Oficina de Comunicaciones y Prensa Universidad de Caldas.<\/p>\n<p><strong>Redacci\u00f3n:<\/strong> Mateo Buritic\u00e1 Giraldo<\/p>\n<p>&nbsp;<\/p>\n","protected":false},"excerpt":{"rendered":"<p>Dentro del proyecto \u201cImplementaci\u00f3n del Centro de Innovaci\u00f3n para el departamento de Caldas\u201d, y en aras de fortalecer el conocimiento en el sector productivo y acad\u00e9mico del oriente caldense, se dio inicio a un Diplomado en Biotecnolog\u00eda, dirigido estudiantes de pregrado y posgrados, asistentes de investigaci\u00f3n, docentes, investigadores y personal vinculado a instituciones de la [&hellip;]<\/p>\n","protected":false},"author":2,"featured_media":72791,"comment_status":"closed","ping_status":"open","sticky":false,"template":"","format":"standard","meta":{"footnotes":""},"categories":[48,53],"tags":[2279,3046,9009],"class_list":["post-72790","post","type-post","status-publish","format-standard","has-post-thumbnail","hentry","category-actualidad","category-universidad-al-dia","tag-bioinformatica","tag-centro-de-innovacion","tag-diplomado-biotecnologia"],"yoast_head":"<!-- This site is optimized with the Yoast SEO plugin v27.5 - https:\/\/yoast.com\/product\/yoast-seo-wordpress\/ -->\n<title>Inici\u00f3 el Diplomado en Biotecnolog\u00eda de la Universidad de Caldas y BIOS .<\/title>\n<meta name=\"robots\" content=\"index, follow, max-snippet:-1, max-image-preview:large, max-video-preview:-1\" \/>\n<link rel=\"canonical\" href=\"https:\/\/www.ucaldas.edu.co\/portal\/se-dio-inicio-al-diplomado-en-biotecnologia-de-la-universidad-de-caldas-y-bios\/\" \/>\n<script type=\"application\/ld+json\" class=\"yoast-schema-graph\">{\"@context\":\"https:\\\/\\\/schema.org\",\"@graph\":[{\"@type\":\"Article\",\"@id\":\"https:\\\/\\\/www.ucaldas.edu.co\\\/portal\\\/se-dio-inicio-al-diplomado-en-biotecnologia-de-la-universidad-de-caldas-y-bios\\\/#article\",\"isPartOf\":{\"@id\":\"https:\\\/\\\/www.ucaldas.edu.co\\\/portal\\\/se-dio-inicio-al-diplomado-en-biotecnologia-de-la-universidad-de-caldas-y-bios\\\/\"},\"author\":{\"name\":\"ofiprensa\",\"@id\":\"https:\\\/\\\/www.ucaldas.edu.co\\\/portal\\\/#\\\/schema\\\/person\\\/a1b482e23449158b4bc319926c074fdf\"},\"headline\":\"Inici\u00f3 el Diplomado en Biotecnolog\u00eda de la Universidad de Caldas y BIOS\",\"datePublished\":\"2022-09-30T20:04:30+00:00\",\"dateModified\":\"2022-09-30T20:26:27+00:00\",\"mainEntityOfPage\":{\"@id\":\"https:\\\/\\\/www.ucaldas.edu.co\\\/portal\\\/se-dio-inicio-al-diplomado-en-biotecnologia-de-la-universidad-de-caldas-y-bios\\\/\"},\"wordCount\":233,\"publisher\":{\"@id\":\"https:\\\/\\\/www.ucaldas.edu.co\\\/portal\\\/#organization\"},\"image\":{\"@id\":\"https:\\\/\\\/www.ucaldas.edu.co\\\/portal\\\/se-dio-inicio-al-diplomado-en-biotecnologia-de-la-universidad-de-caldas-y-bios\\\/#primaryimage\"},\"thumbnailUrl\":\"https:\\\/\\\/www.ucaldas.edu.co\\\/portal\\\/wp-content\\\/uploads\\\/2022\\\/09\\\/biotecnologia-1.jpg\",\"keywords\":[\"bioinform\u00e1tica\",\"centro de innovaci\u00f3n\",\"diplomado biotecnolog\u00eda\"],\"articleSection\":[\"Actualidad\",\"Universidad al D\u00eda\"],\"inLanguage\":\"es\"},{\"@type\":\"WebPage\",\"@id\":\"https:\\\/\\\/www.ucaldas.edu.co\\\/portal\\\/se-dio-inicio-al-diplomado-en-biotecnologia-de-la-universidad-de-caldas-y-bios\\\/\",\"url\":\"https:\\\/\\\/www.ucaldas.edu.co\\\/portal\\\/se-dio-inicio-al-diplomado-en-biotecnologia-de-la-universidad-de-caldas-y-bios\\\/\",\"name\":\"Inici\u00f3 el Diplomado en Biotecnolog\u00eda de la Universidad de Caldas y BIOS .\",\"isPartOf\":{\"@id\":\"https:\\\/\\\/www.ucaldas.edu.co\\\/portal\\\/#website\"},\"primaryImageOfPage\":{\"@id\":\"https:\\\/\\\/www.ucaldas.edu.co\\\/portal\\\/se-dio-inicio-al-diplomado-en-biotecnologia-de-la-universidad-de-caldas-y-bios\\\/#primaryimage\"},\"image\":{\"@id\":\"https:\\\/\\\/www.ucaldas.edu.co\\\/portal\\\/se-dio-inicio-al-diplomado-en-biotecnologia-de-la-universidad-de-caldas-y-bios\\\/#primaryimage\"},\"thumbnailUrl\":\"https:\\\/\\\/www.ucaldas.edu.co\\\/portal\\\/wp-content\\\/uploads\\\/2022\\\/09\\\/biotecnologia-1.jpg\",\"datePublished\":\"2022-09-30T20:04:30+00:00\",\"dateModified\":\"2022-09-30T20:26:27+00:00\",\"breadcrumb\":{\"@id\":\"https:\\\/\\\/www.ucaldas.edu.co\\\/portal\\\/se-dio-inicio-al-diplomado-en-biotecnologia-de-la-universidad-de-caldas-y-bios\\\/#breadcrumb\"},\"inLanguage\":\"es\",\"potentialAction\":[{\"@type\":\"ReadAction\",\"target\":[\"https:\\\/\\\/www.ucaldas.edu.co\\\/portal\\\/se-dio-inicio-al-diplomado-en-biotecnologia-de-la-universidad-de-caldas-y-bios\\\/\"]}]},{\"@type\":\"ImageObject\",\"inLanguage\":\"es\",\"@id\":\"https:\\\/\\\/www.ucaldas.edu.co\\\/portal\\\/se-dio-inicio-al-diplomado-en-biotecnologia-de-la-universidad-de-caldas-y-bios\\\/#primaryimage\",\"url\":\"https:\\\/\\\/www.ucaldas.edu.co\\\/portal\\\/wp-content\\\/uploads\\\/2022\\\/09\\\/biotecnologia-1.jpg\",\"contentUrl\":\"https:\\\/\\\/www.ucaldas.edu.co\\\/portal\\\/wp-content\\\/uploads\\\/2022\\\/09\\\/biotecnologia-1.jpg\",\"width\":700,\"height\":400,\"caption\":\"estudiantes diplomado biotecnolog\u00eda\"},{\"@type\":\"BreadcrumbList\",\"@id\":\"https:\\\/\\\/www.ucaldas.edu.co\\\/portal\\\/se-dio-inicio-al-diplomado-en-biotecnologia-de-la-universidad-de-caldas-y-bios\\\/#breadcrumb\",\"itemListElement\":[{\"@type\":\"ListItem\",\"position\":1,\"name\":\"Portada\",\"item\":\"https:\\\/\\\/www.ucaldas.edu.co\\\/portal\\\/\"},{\"@type\":\"ListItem\",\"position\":2,\"name\":\"Inici\u00f3 el Diplomado en Biotecnolog\u00eda de la Universidad de Caldas y BIOS\"}]},{\"@type\":\"WebSite\",\"@id\":\"https:\\\/\\\/www.ucaldas.edu.co\\\/portal\\\/#website\",\"url\":\"https:\\\/\\\/www.ucaldas.edu.co\\\/portal\\\/\",\"name\":\"Universidad de Caldas\",\"description\":\"\",\"publisher\":{\"@id\":\"https:\\\/\\\/www.ucaldas.edu.co\\\/portal\\\/#organization\"},\"alternateName\":\"U. de Caldas\",\"potentialAction\":[{\"@type\":\"SearchAction\",\"target\":{\"@type\":\"EntryPoint\",\"urlTemplate\":\"https:\\\/\\\/www.ucaldas.edu.co\\\/portal\\\/?s={search_term_string}\"},\"query-input\":{\"@type\":\"PropertyValueSpecification\",\"valueRequired\":true,\"valueName\":\"search_term_string\"}}],\"inLanguage\":\"es\"},{\"@type\":\"Organization\",\"@id\":\"https:\\\/\\\/www.ucaldas.edu.co\\\/portal\\\/#organization\",\"name\":\"Universidad de Caldas\",\"alternateName\":\"U. de Caldas\",\"url\":\"https:\\\/\\\/www.ucaldas.edu.co\\\/portal\\\/\",\"logo\":{\"@type\":\"ImageObject\",\"inLanguage\":\"es\",\"@id\":\"https:\\\/\\\/www.ucaldas.edu.co\\\/portal\\\/#\\\/schema\\\/logo\\\/image\\\/\",\"url\":\"https:\\\/\\\/www.ucaldas.edu.co\\\/portal\\\/wp-content\\\/uploads\\\/2023\\\/11\\\/Logo_horizontal_oscuroU-2023.png\",\"contentUrl\":\"https:\\\/\\\/www.ucaldas.edu.co\\\/portal\\\/wp-content\\\/uploads\\\/2023\\\/11\\\/Logo_horizontal_oscuroU-2023.png\",\"width\":263,\"height\":101,\"caption\":\"Universidad de Caldas\"},\"image\":{\"@id\":\"https:\\\/\\\/www.ucaldas.edu.co\\\/portal\\\/#\\\/schema\\\/logo\\\/image\\\/\"},\"sameAs\":[\"https:\\\/\\\/www.facebook.com\\\/udecaldas\",\"https:\\\/\\\/x.com\\\/udecaldas\",\"https:\\\/\\\/www.youtube.com\\\/universidadcaldas\",\"https:\\\/\\\/www.instagram.com\\\/udecaldas\\\/\"]},{\"@type\":\"Person\",\"@id\":\"https:\\\/\\\/www.ucaldas.edu.co\\\/portal\\\/#\\\/schema\\\/person\\\/a1b482e23449158b4bc319926c074fdf\",\"name\":\"ofiprensa\",\"image\":{\"@type\":\"ImageObject\",\"inLanguage\":\"es\",\"@id\":\"https:\\\/\\\/www.ucaldas.edu.co\\\/portal\\\/wp-content\\\/litespeed\\\/avatar\\\/09ea5085e600095a7a811142c6944527.jpg?ver=1777497608\",\"url\":\"https:\\\/\\\/www.ucaldas.edu.co\\\/portal\\\/wp-content\\\/litespeed\\\/avatar\\\/09ea5085e600095a7a811142c6944527.jpg?ver=1777497608\",\"contentUrl\":\"https:\\\/\\\/www.ucaldas.edu.co\\\/portal\\\/wp-content\\\/litespeed\\\/avatar\\\/09ea5085e600095a7a811142c6944527.jpg?ver=1777497608\",\"caption\":\"ofiprensa\"},\"url\":\"https:\\\/\\\/www.ucaldas.edu.co\\\/portal\\\/author\\\/ofiprensa\\\/\"}]}<\/script>\n<!-- \/ Yoast SEO plugin. -->","yoast_head_json":{"title":"Inici\u00f3 el Diplomado en Biotecnolog\u00eda de la Universidad de Caldas y BIOS .","robots":{"index":"index","follow":"follow","max-snippet":"max-snippet:-1","max-image-preview":"max-image-preview:large","max-video-preview":"max-video-preview:-1"},"canonical":"https:\/\/www.ucaldas.edu.co\/portal\/se-dio-inicio-al-diplomado-en-biotecnologia-de-la-universidad-de-caldas-y-bios\/","schema":{"@context":"https:\/\/schema.org","@graph":[{"@type":"Article","@id":"https:\/\/www.ucaldas.edu.co\/portal\/se-dio-inicio-al-diplomado-en-biotecnologia-de-la-universidad-de-caldas-y-bios\/#article","isPartOf":{"@id":"https:\/\/www.ucaldas.edu.co\/portal\/se-dio-inicio-al-diplomado-en-biotecnologia-de-la-universidad-de-caldas-y-bios\/"},"author":{"name":"ofiprensa","@id":"https:\/\/www.ucaldas.edu.co\/portal\/#\/schema\/person\/a1b482e23449158b4bc319926c074fdf"},"headline":"Inici\u00f3 el Diplomado en Biotecnolog\u00eda de la Universidad de Caldas y BIOS","datePublished":"2022-09-30T20:04:30+00:00","dateModified":"2022-09-30T20:26:27+00:00","mainEntityOfPage":{"@id":"https:\/\/www.ucaldas.edu.co\/portal\/se-dio-inicio-al-diplomado-en-biotecnologia-de-la-universidad-de-caldas-y-bios\/"},"wordCount":233,"publisher":{"@id":"https:\/\/www.ucaldas.edu.co\/portal\/#organization"},"image":{"@id":"https:\/\/www.ucaldas.edu.co\/portal\/se-dio-inicio-al-diplomado-en-biotecnologia-de-la-universidad-de-caldas-y-bios\/#primaryimage"},"thumbnailUrl":"https:\/\/www.ucaldas.edu.co\/portal\/wp-content\/uploads\/2022\/09\/biotecnologia-1.jpg","keywords":["bioinform\u00e1tica","centro de innovaci\u00f3n","diplomado biotecnolog\u00eda"],"articleSection":["Actualidad","Universidad al D\u00eda"],"inLanguage":"es"},{"@type":"WebPage","@id":"https:\/\/www.ucaldas.edu.co\/portal\/se-dio-inicio-al-diplomado-en-biotecnologia-de-la-universidad-de-caldas-y-bios\/","url":"https:\/\/www.ucaldas.edu.co\/portal\/se-dio-inicio-al-diplomado-en-biotecnologia-de-la-universidad-de-caldas-y-bios\/","name":"Inici\u00f3 el Diplomado en Biotecnolog\u00eda de la Universidad de Caldas y BIOS .","isPartOf":{"@id":"https:\/\/www.ucaldas.edu.co\/portal\/#website"},"primaryImageOfPage":{"@id":"https:\/\/www.ucaldas.edu.co\/portal\/se-dio-inicio-al-diplomado-en-biotecnologia-de-la-universidad-de-caldas-y-bios\/#primaryimage"},"image":{"@id":"https:\/\/www.ucaldas.edu.co\/portal\/se-dio-inicio-al-diplomado-en-biotecnologia-de-la-universidad-de-caldas-y-bios\/#primaryimage"},"thumbnailUrl":"https:\/\/www.ucaldas.edu.co\/portal\/wp-content\/uploads\/2022\/09\/biotecnologia-1.jpg","datePublished":"2022-09-30T20:04:30+00:00","dateModified":"2022-09-30T20:26:27+00:00","breadcrumb":{"@id":"https:\/\/www.ucaldas.edu.co\/portal\/se-dio-inicio-al-diplomado-en-biotecnologia-de-la-universidad-de-caldas-y-bios\/#breadcrumb"},"inLanguage":"es","potentialAction":[{"@type":"ReadAction","target":["https:\/\/www.ucaldas.edu.co\/portal\/se-dio-inicio-al-diplomado-en-biotecnologia-de-la-universidad-de-caldas-y-bios\/"]}]},{"@type":"ImageObject","inLanguage":"es","@id":"https:\/\/www.ucaldas.edu.co\/portal\/se-dio-inicio-al-diplomado-en-biotecnologia-de-la-universidad-de-caldas-y-bios\/#primaryimage","url":"https:\/\/www.ucaldas.edu.co\/portal\/wp-content\/uploads\/2022\/09\/biotecnologia-1.jpg","contentUrl":"https:\/\/www.ucaldas.edu.co\/portal\/wp-content\/uploads\/2022\/09\/biotecnologia-1.jpg","width":700,"height":400,"caption":"estudiantes diplomado biotecnolog\u00eda"},{"@type":"BreadcrumbList","@id":"https:\/\/www.ucaldas.edu.co\/portal\/se-dio-inicio-al-diplomado-en-biotecnologia-de-la-universidad-de-caldas-y-bios\/#breadcrumb","itemListElement":[{"@type":"ListItem","position":1,"name":"Portada","item":"https:\/\/www.ucaldas.edu.co\/portal\/"},{"@type":"ListItem","position":2,"name":"Inici\u00f3 el Diplomado en Biotecnolog\u00eda de la Universidad de Caldas y BIOS"}]},{"@type":"WebSite","@id":"https:\/\/www.ucaldas.edu.co\/portal\/#website","url":"https:\/\/www.ucaldas.edu.co\/portal\/","name":"Universidad de Caldas","description":"","publisher":{"@id":"https:\/\/www.ucaldas.edu.co\/portal\/#organization"},"alternateName":"U. de Caldas","potentialAction":[{"@type":"SearchAction","target":{"@type":"EntryPoint","urlTemplate":"https:\/\/www.ucaldas.edu.co\/portal\/?s={search_term_string}"},"query-input":{"@type":"PropertyValueSpecification","valueRequired":true,"valueName":"search_term_string"}}],"inLanguage":"es"},{"@type":"Organization","@id":"https:\/\/www.ucaldas.edu.co\/portal\/#organization","name":"Universidad de Caldas","alternateName":"U. de Caldas","url":"https:\/\/www.ucaldas.edu.co\/portal\/","logo":{"@type":"ImageObject","inLanguage":"es","@id":"https:\/\/www.ucaldas.edu.co\/portal\/#\/schema\/logo\/image\/","url":"https:\/\/www.ucaldas.edu.co\/portal\/wp-content\/uploads\/2023\/11\/Logo_horizontal_oscuroU-2023.png","contentUrl":"https:\/\/www.ucaldas.edu.co\/portal\/wp-content\/uploads\/2023\/11\/Logo_horizontal_oscuroU-2023.png","width":263,"height":101,"caption":"Universidad de Caldas"},"image":{"@id":"https:\/\/www.ucaldas.edu.co\/portal\/#\/schema\/logo\/image\/"},"sameAs":["https:\/\/www.facebook.com\/udecaldas","https:\/\/x.com\/udecaldas","https:\/\/www.youtube.com\/universidadcaldas","https:\/\/www.instagram.com\/udecaldas\/"]},{"@type":"Person","@id":"https:\/\/www.ucaldas.edu.co\/portal\/#\/schema\/person\/a1b482e23449158b4bc319926c074fdf","name":"ofiprensa","image":{"@type":"ImageObject","inLanguage":"es","@id":"https:\/\/www.ucaldas.edu.co\/portal\/wp-content\/litespeed\/avatar\/09ea5085e600095a7a811142c6944527.jpg?ver=1777497608","url":"https:\/\/www.ucaldas.edu.co\/portal\/wp-content\/litespeed\/avatar\/09ea5085e600095a7a811142c6944527.jpg?ver=1777497608","contentUrl":"https:\/\/www.ucaldas.edu.co\/portal\/wp-content\/litespeed\/avatar\/09ea5085e600095a7a811142c6944527.jpg?ver=1777497608","caption":"ofiprensa"},"url":"https:\/\/www.ucaldas.edu.co\/portal\/author\/ofiprensa\/"}]}},"_links":{"self":[{"href":"https:\/\/www.ucaldas.edu.co\/portal\/wp-json\/wp\/v2\/posts\/72790","targetHints":{"allow":["GET"]}}],"collection":[{"href":"https:\/\/www.ucaldas.edu.co\/portal\/wp-json\/wp\/v2\/posts"}],"about":[{"href":"https:\/\/www.ucaldas.edu.co\/portal\/wp-json\/wp\/v2\/types\/post"}],"author":[{"embeddable":true,"href":"https:\/\/www.ucaldas.edu.co\/portal\/wp-json\/wp\/v2\/users\/2"}],"replies":[{"embeddable":true,"href":"https:\/\/www.ucaldas.edu.co\/portal\/wp-json\/wp\/v2\/comments?post=72790"}],"version-history":[{"count":0,"href":"https:\/\/www.ucaldas.edu.co\/portal\/wp-json\/wp\/v2\/posts\/72790\/revisions"}],"wp:featuredmedia":[{"embeddable":true,"href":"https:\/\/www.ucaldas.edu.co\/portal\/wp-json\/wp\/v2\/media\/72791"}],"wp:attachment":[{"href":"https:\/\/www.ucaldas.edu.co\/portal\/wp-json\/wp\/v2\/media?parent=72790"}],"wp:term":[{"taxonomy":"category","embeddable":true,"href":"https:\/\/www.ucaldas.edu.co\/portal\/wp-json\/wp\/v2\/categories?post=72790"},{"taxonomy":"post_tag","embeddable":true,"href":"https:\/\/www.ucaldas.edu.co\/portal\/wp-json\/wp\/v2\/tags?post=72790"}],"curies":[{"name":"wp","href":"https:\/\/api.w.org\/{rel}","templated":true}]}}