{"id":72741,"date":"2022-09-29T14:15:04","date_gmt":"2022-09-29T14:15:04","guid":{"rendered":"https:\/\/www.ucaldas.edu.co\/portal\/?p=72741"},"modified":"2022-09-29T14:19:25","modified_gmt":"2022-09-29T14:19:25","slug":"comunicado-consejo-superior-sobre-proceso-eleccionario-de-rectoria-de-la-universidad-de-caldas","status":"publish","type":"post","link":"https:\/\/www.ucaldas.edu.co\/portal\/comunicado-consejo-superior-sobre-proceso-eleccionario-de-rectoria-de-la-universidad-de-caldas\/","title":{"rendered":"Comunicado Consejo Superior sobre proceso eleccionario de rector\u00eda de la Universidad de Caldas"},"content":{"rendered":"<p>&nbsp;<\/p>\n<p><img loading=\"lazy\" decoding=\"async\" class=\"aligncenter wp-image-59952 size-full\" src=\"https:\/\/www.ucaldas.edu.co\/portal\/wp-content\/uploads\/2020\/12\/ComunicadoConsejoSuperior.jpeg\" alt=\"Comunicado Consejo Superior elecci\u00f3n de rector\" width=\"700\" height=\"400\" srcset=\"https:\/\/www.ucaldas.edu.co\/portal\/wp-content\/uploads\/2020\/12\/ComunicadoConsejoSuperior.jpeg 700w, https:\/\/www.ucaldas.edu.co\/portal\/wp-content\/uploads\/2020\/12\/ComunicadoConsejoSuperior-300x171.jpeg 300w\" sizes=\"auto, (max-width: 700px) 100vw, 700px\" \/><\/p>\n<p>&nbsp;<\/p>\n<p>Respetada comunidad, reciban un saludo cordial.<\/p>\n<p>En aras de actualizar la informaci\u00f3n sobre el proceso eleccionario de Rector 2022-2026 y dar un parte de tranquilidad, es importante informar lo siguiente:<\/p>\n<p><!--more--><\/p>\n<p>Mediante Acuerdo 24 del 30 de agosto de 2022, el Consejo Superior reanud\u00f3 el cronograma electoral, estableciendo que las etapas 15 y 16 relativas a la \u201centrevista y evaluaci\u00f3n de la propuesta de gobierno\u201d y \u201cpublicaci\u00f3n de designaci\u00f3n de Rector\u201d se adelantar\u00eda \u201c<em>Dentro de los cinco (5) d\u00edas h\u00e1biles siguientes a haberse designado Gobernador de Caldas ad hoc por parte del Presidente de la Rep\u00fablica de Colombia<\/em>\u00a0(\u2026)\u201d.<\/p>\n<p>De otro lado, el Presidente de la Rep\u00fablica de Colombia, a trav\u00e9s del Ministerio del Interior, mediante Decreto 1902 del 17 de septiembre de 2022 design\u00f3 como gobernador ad hoc del departamento de Caldas para actuar como miembro en el Consejo Superior en el proceso eleccionario de Rector 2022-2026 al doctor Luis Fernando Velasco Chaves.<\/p>\n<p>El Decreto 1902 de 2022 a\u00fan no ha sido comunicado formalmente ni a la Gobernaci\u00f3n de Caldas ni a la Procuradur\u00eda General de la Naci\u00f3n. Adem\u00e1s, el Decreto 1902 de 2022 dispone que el gobernador ad hoc designado \u201c<em>deber\u00e1 tomar posesi\u00f3n del cargo ante la instancia que corresponda<\/em>\u201d de acuerdo a la ley. Conforme a la Constituci\u00f3n[1]\u00a0y a la Ley[2], los gobernadores deber\u00e1n posesionarse, dependiendo el caso ante la Asamblea Departamental, la Junta Directiva de la misma, el Tribunal Superior o un notario p\u00fablico.<\/p>\n<p>Por lo anterior, los 5 d\u00edas h\u00e1biles establecidos en el Acuerdo 24 de 2022 para cumplir con las etapas 15 y 16 del proceso eleccionario deber\u00e1n contarse desde la posesi\u00f3n del gobernador ad hoc, lo que amerita que esta Corporaci\u00f3n de manera respetuosa solicite a la Asamblea Departamental de Caldas o a la autoridad competente que, una vez sea comunicada la designaci\u00f3n del gobernador ad hoc, proceda a posesionarlo de manera prioritaria.<\/p>\n<p>El Consejo Superior agradece la comprensi\u00f3n de la comunidad universitaria y conf\u00eda en que el proceso eleccionario de Rector 2022-2026 se resuelva prontamente.<\/p>\n<p>Con atenci\u00f3n,<\/p>\n<p>&nbsp;<\/p>\n<p>&nbsp;<\/p>\n<p>&nbsp;<\/p>\n<p style=\"text-align: center;\"><strong>\u00a0 \u00a0 \u00a0 \u00a0 \u00a0 \u00a0 \u00a0CAROLINA L\u00d3PEZ S\u00c1NCHEZ<\/strong><\/p>\n<p style=\"text-align: center;\">Secretaria del Consejo<\/p>\n<p>&nbsp;<\/p>\n<p>Comunicado original\u00a0<strong><a href=\"https:\/\/www.ucaldas.edu.co\/portal\/wp-content\/uploads\/2022\/09\/06-Septiembre-2022-PROCESO-ELECCIONARIO.pdf\" target=\"_blank\" rel=\"noopener\">aqu\u00ed<\/a><\/strong><\/p>\n","protected":false},"excerpt":{"rendered":"<p>&nbsp; &nbsp; Respetada comunidad, reciban un saludo cordial. En aras de actualizar la informaci\u00f3n sobre el proceso eleccionario de Rector 2022-2026 y dar un parte de tranquilidad, es importante informar lo siguiente:<\/p>\n","protected":false},"author":2,"featured_media":59952,"comment_status":"closed","ping_status":"open","sticky":false,"template":"","format":"standard","meta":{"footnotes":""},"categories":[48,53,620],"tags":[1090,1183,1212,3237],"class_list":["post-72741","post","type-post","status-publish","format-standard","has-post-thumbnail","hentry","category-actualidad","category-universidad-al-dia","category-ucaldas-transparente","tag-consejo-superior","tag-rectoria","tag-comunicado","tag-informacion-oficial"],"yoast_head":"<!-- This site is optimized with the Yoast SEO plugin v27.5 - https:\/\/yoast.com\/product\/yoast-seo-wordpress\/ -->\n<title>Comunicado Consejo Superior sobre proceso eleccionario de rector\u00eda de la Universidad de Caldas .<\/title>\n<meta name=\"robots\" content=\"index, follow, max-snippet:-1, max-image-preview:large, max-video-preview:-1\" \/>\n<link rel=\"canonical\" href=\"https:\/\/www.ucaldas.edu.co\/portal\/comunicado-consejo-superior-sobre-proceso-eleccionario-de-rectoria-de-la-universidad-de-caldas\/\" \/>\n<script type=\"application\/ld+json\" class=\"yoast-schema-graph\">{\"@context\":\"https:\\\/\\\/schema.org\",\"@graph\":[{\"@type\":\"Article\",\"@id\":\"https:\\\/\\\/www.ucaldas.edu.co\\\/portal\\\/comunicado-consejo-superior-sobre-proceso-eleccionario-de-rectoria-de-la-universidad-de-caldas\\\/#article\",\"isPartOf\":{\"@id\":\"https:\\\/\\\/www.ucaldas.edu.co\\\/portal\\\/comunicado-consejo-superior-sobre-proceso-eleccionario-de-rectoria-de-la-universidad-de-caldas\\\/\"},\"author\":{\"name\":\"ofiprensa\",\"@id\":\"https:\\\/\\\/www.ucaldas.edu.co\\\/portal\\\/#\\\/schema\\\/person\\\/a1b482e23449158b4bc319926c074fdf\"},\"headline\":\"Comunicado Consejo Superior sobre proceso eleccionario de rector\u00eda de la Universidad de Caldas\",\"datePublished\":\"2022-09-29T14:15:04+00:00\",\"dateModified\":\"2022-09-29T14:19:25+00:00\",\"mainEntityOfPage\":{\"@id\":\"https:\\\/\\\/www.ucaldas.edu.co\\\/portal\\\/comunicado-consejo-superior-sobre-proceso-eleccionario-de-rectoria-de-la-universidad-de-caldas\\\/\"},\"wordCount\":375,\"publisher\":{\"@id\":\"https:\\\/\\\/www.ucaldas.edu.co\\\/portal\\\/#organization\"},\"image\":{\"@id\":\"https:\\\/\\\/www.ucaldas.edu.co\\\/portal\\\/comunicado-consejo-superior-sobre-proceso-eleccionario-de-rectoria-de-la-universidad-de-caldas\\\/#primaryimage\"},\"thumbnailUrl\":\"https:\\\/\\\/www.ucaldas.edu.co\\\/portal\\\/wp-content\\\/uploads\\\/2020\\\/12\\\/ComunicadoConsejoSuperior.jpeg\",\"keywords\":[\"Consejo Superior\",\"Rector\u00eda\",\"Comunicado\",\"Informaci\u00f3n Oficial\"],\"articleSection\":[\"Actualidad\",\"Universidad al D\u00eda\",\"UCaldas Transparente\"],\"inLanguage\":\"es\"},{\"@type\":\"WebPage\",\"@id\":\"https:\\\/\\\/www.ucaldas.edu.co\\\/portal\\\/comunicado-consejo-superior-sobre-proceso-eleccionario-de-rectoria-de-la-universidad-de-caldas\\\/\",\"url\":\"https:\\\/\\\/www.ucaldas.edu.co\\\/portal\\\/comunicado-consejo-superior-sobre-proceso-eleccionario-de-rectoria-de-la-universidad-de-caldas\\\/\",\"name\":\"Comunicado Consejo Superior sobre proceso eleccionario de rector\u00eda de la Universidad de Caldas .\",\"isPartOf\":{\"@id\":\"https:\\\/\\\/www.ucaldas.edu.co\\\/portal\\\/#website\"},\"primaryImageOfPage\":{\"@id\":\"https:\\\/\\\/www.ucaldas.edu.co\\\/portal\\\/comunicado-consejo-superior-sobre-proceso-eleccionario-de-rectoria-de-la-universidad-de-caldas\\\/#primaryimage\"},\"image\":{\"@id\":\"https:\\\/\\\/www.ucaldas.edu.co\\\/portal\\\/comunicado-consejo-superior-sobre-proceso-eleccionario-de-rectoria-de-la-universidad-de-caldas\\\/#primaryimage\"},\"thumbnailUrl\":\"https:\\\/\\\/www.ucaldas.edu.co\\\/portal\\\/wp-content\\\/uploads\\\/2020\\\/12\\\/ComunicadoConsejoSuperior.jpeg\",\"datePublished\":\"2022-09-29T14:15:04+00:00\",\"dateModified\":\"2022-09-29T14:19:25+00:00\",\"breadcrumb\":{\"@id\":\"https:\\\/\\\/www.ucaldas.edu.co\\\/portal\\\/comunicado-consejo-superior-sobre-proceso-eleccionario-de-rectoria-de-la-universidad-de-caldas\\\/#breadcrumb\"},\"inLanguage\":\"es\",\"potentialAction\":[{\"@type\":\"ReadAction\",\"target\":[\"https:\\\/\\\/www.ucaldas.edu.co\\\/portal\\\/comunicado-consejo-superior-sobre-proceso-eleccionario-de-rectoria-de-la-universidad-de-caldas\\\/\"]}]},{\"@type\":\"ImageObject\",\"inLanguage\":\"es\",\"@id\":\"https:\\\/\\\/www.ucaldas.edu.co\\\/portal\\\/comunicado-consejo-superior-sobre-proceso-eleccionario-de-rectoria-de-la-universidad-de-caldas\\\/#primaryimage\",\"url\":\"https:\\\/\\\/www.ucaldas.edu.co\\\/portal\\\/wp-content\\\/uploads\\\/2020\\\/12\\\/ComunicadoConsejoSuperior.jpeg\",\"contentUrl\":\"https:\\\/\\\/www.ucaldas.edu.co\\\/portal\\\/wp-content\\\/uploads\\\/2020\\\/12\\\/ComunicadoConsejoSuperior.jpeg\",\"width\":700,\"height\":400,\"caption\":\"comunicado del consejo superior sobre los hechos ocurridos en la facultad de ciencias jur\u00eddicas y sociales\"},{\"@type\":\"BreadcrumbList\",\"@id\":\"https:\\\/\\\/www.ucaldas.edu.co\\\/portal\\\/comunicado-consejo-superior-sobre-proceso-eleccionario-de-rectoria-de-la-universidad-de-caldas\\\/#breadcrumb\",\"itemListElement\":[{\"@type\":\"ListItem\",\"position\":1,\"name\":\"Portada\",\"item\":\"https:\\\/\\\/www.ucaldas.edu.co\\\/portal\\\/\"},{\"@type\":\"ListItem\",\"position\":2,\"name\":\"Comunicado Consejo Superior sobre proceso eleccionario de rector\u00eda de la Universidad de Caldas\"}]},{\"@type\":\"WebSite\",\"@id\":\"https:\\\/\\\/www.ucaldas.edu.co\\\/portal\\\/#website\",\"url\":\"https:\\\/\\\/www.ucaldas.edu.co\\\/portal\\\/\",\"name\":\"Universidad de Caldas\",\"description\":\"\",\"publisher\":{\"@id\":\"https:\\\/\\\/www.ucaldas.edu.co\\\/portal\\\/#organization\"},\"alternateName\":\"U. de Caldas\",\"potentialAction\":[{\"@type\":\"SearchAction\",\"target\":{\"@type\":\"EntryPoint\",\"urlTemplate\":\"https:\\\/\\\/www.ucaldas.edu.co\\\/portal\\\/?s={search_term_string}\"},\"query-input\":{\"@type\":\"PropertyValueSpecification\",\"valueRequired\":true,\"valueName\":\"search_term_string\"}}],\"inLanguage\":\"es\"},{\"@type\":\"Organization\",\"@id\":\"https:\\\/\\\/www.ucaldas.edu.co\\\/portal\\\/#organization\",\"name\":\"Universidad de Caldas\",\"alternateName\":\"U. de Caldas\",\"url\":\"https:\\\/\\\/www.ucaldas.edu.co\\\/portal\\\/\",\"logo\":{\"@type\":\"ImageObject\",\"inLanguage\":\"es\",\"@id\":\"https:\\\/\\\/www.ucaldas.edu.co\\\/portal\\\/#\\\/schema\\\/logo\\\/image\\\/\",\"url\":\"https:\\\/\\\/www.ucaldas.edu.co\\\/portal\\\/wp-content\\\/uploads\\\/2023\\\/11\\\/Logo_horizontal_oscuroU-2023.png\",\"contentUrl\":\"https:\\\/\\\/www.ucaldas.edu.co\\\/portal\\\/wp-content\\\/uploads\\\/2023\\\/11\\\/Logo_horizontal_oscuroU-2023.png\",\"width\":263,\"height\":101,\"caption\":\"Universidad de Caldas\"},\"image\":{\"@id\":\"https:\\\/\\\/www.ucaldas.edu.co\\\/portal\\\/#\\\/schema\\\/logo\\\/image\\\/\"},\"sameAs\":[\"https:\\\/\\\/www.facebook.com\\\/udecaldas\",\"https:\\\/\\\/x.com\\\/udecaldas\",\"https:\\\/\\\/www.youtube.com\\\/universidadcaldas\",\"https:\\\/\\\/www.instagram.com\\\/udecaldas\\\/\"]},{\"@type\":\"Person\",\"@id\":\"https:\\\/\\\/www.ucaldas.edu.co\\\/portal\\\/#\\\/schema\\\/person\\\/a1b482e23449158b4bc319926c074fdf\",\"name\":\"ofiprensa\",\"image\":{\"@type\":\"ImageObject\",\"inLanguage\":\"es\",\"@id\":\"https:\\\/\\\/www.ucaldas.edu.co\\\/portal\\\/wp-content\\\/litespeed\\\/avatar\\\/09ea5085e600095a7a811142c6944527.jpg?ver=1777497608\",\"url\":\"https:\\\/\\\/www.ucaldas.edu.co\\\/portal\\\/wp-content\\\/litespeed\\\/avatar\\\/09ea5085e600095a7a811142c6944527.jpg?ver=1777497608\",\"contentUrl\":\"https:\\\/\\\/www.ucaldas.edu.co\\\/portal\\\/wp-content\\\/litespeed\\\/avatar\\\/09ea5085e600095a7a811142c6944527.jpg?ver=1777497608\",\"caption\":\"ofiprensa\"},\"url\":\"https:\\\/\\\/www.ucaldas.edu.co\\\/portal\\\/author\\\/ofiprensa\\\/\"}]}<\/script>\n<!-- \/ Yoast SEO plugin. -->","yoast_head_json":{"title":"Comunicado Consejo Superior sobre proceso eleccionario de rector\u00eda de la Universidad de Caldas .","robots":{"index":"index","follow":"follow","max-snippet":"max-snippet:-1","max-image-preview":"max-image-preview:large","max-video-preview":"max-video-preview:-1"},"canonical":"https:\/\/www.ucaldas.edu.co\/portal\/comunicado-consejo-superior-sobre-proceso-eleccionario-de-rectoria-de-la-universidad-de-caldas\/","schema":{"@context":"https:\/\/schema.org","@graph":[{"@type":"Article","@id":"https:\/\/www.ucaldas.edu.co\/portal\/comunicado-consejo-superior-sobre-proceso-eleccionario-de-rectoria-de-la-universidad-de-caldas\/#article","isPartOf":{"@id":"https:\/\/www.ucaldas.edu.co\/portal\/comunicado-consejo-superior-sobre-proceso-eleccionario-de-rectoria-de-la-universidad-de-caldas\/"},"author":{"name":"ofiprensa","@id":"https:\/\/www.ucaldas.edu.co\/portal\/#\/schema\/person\/a1b482e23449158b4bc319926c074fdf"},"headline":"Comunicado Consejo Superior sobre proceso eleccionario de rector\u00eda de la Universidad de Caldas","datePublished":"2022-09-29T14:15:04+00:00","dateModified":"2022-09-29T14:19:25+00:00","mainEntityOfPage":{"@id":"https:\/\/www.ucaldas.edu.co\/portal\/comunicado-consejo-superior-sobre-proceso-eleccionario-de-rectoria-de-la-universidad-de-caldas\/"},"wordCount":375,"publisher":{"@id":"https:\/\/www.ucaldas.edu.co\/portal\/#organization"},"image":{"@id":"https:\/\/www.ucaldas.edu.co\/portal\/comunicado-consejo-superior-sobre-proceso-eleccionario-de-rectoria-de-la-universidad-de-caldas\/#primaryimage"},"thumbnailUrl":"https:\/\/www.ucaldas.edu.co\/portal\/wp-content\/uploads\/2020\/12\/ComunicadoConsejoSuperior.jpeg","keywords":["Consejo Superior","Rector\u00eda","Comunicado","Informaci\u00f3n Oficial"],"articleSection":["Actualidad","Universidad al D\u00eda","UCaldas Transparente"],"inLanguage":"es"},{"@type":"WebPage","@id":"https:\/\/www.ucaldas.edu.co\/portal\/comunicado-consejo-superior-sobre-proceso-eleccionario-de-rectoria-de-la-universidad-de-caldas\/","url":"https:\/\/www.ucaldas.edu.co\/portal\/comunicado-consejo-superior-sobre-proceso-eleccionario-de-rectoria-de-la-universidad-de-caldas\/","name":"Comunicado Consejo Superior sobre proceso eleccionario de rector\u00eda de la Universidad de Caldas .","isPartOf":{"@id":"https:\/\/www.ucaldas.edu.co\/portal\/#website"},"primaryImageOfPage":{"@id":"https:\/\/www.ucaldas.edu.co\/portal\/comunicado-consejo-superior-sobre-proceso-eleccionario-de-rectoria-de-la-universidad-de-caldas\/#primaryimage"},"image":{"@id":"https:\/\/www.ucaldas.edu.co\/portal\/comunicado-consejo-superior-sobre-proceso-eleccionario-de-rectoria-de-la-universidad-de-caldas\/#primaryimage"},"thumbnailUrl":"https:\/\/www.ucaldas.edu.co\/portal\/wp-content\/uploads\/2020\/12\/ComunicadoConsejoSuperior.jpeg","datePublished":"2022-09-29T14:15:04+00:00","dateModified":"2022-09-29T14:19:25+00:00","breadcrumb":{"@id":"https:\/\/www.ucaldas.edu.co\/portal\/comunicado-consejo-superior-sobre-proceso-eleccionario-de-rectoria-de-la-universidad-de-caldas\/#breadcrumb"},"inLanguage":"es","potentialAction":[{"@type":"ReadAction","target":["https:\/\/www.ucaldas.edu.co\/portal\/comunicado-consejo-superior-sobre-proceso-eleccionario-de-rectoria-de-la-universidad-de-caldas\/"]}]},{"@type":"ImageObject","inLanguage":"es","@id":"https:\/\/www.ucaldas.edu.co\/portal\/comunicado-consejo-superior-sobre-proceso-eleccionario-de-rectoria-de-la-universidad-de-caldas\/#primaryimage","url":"https:\/\/www.ucaldas.edu.co\/portal\/wp-content\/uploads\/2020\/12\/ComunicadoConsejoSuperior.jpeg","contentUrl":"https:\/\/www.ucaldas.edu.co\/portal\/wp-content\/uploads\/2020\/12\/ComunicadoConsejoSuperior.jpeg","width":700,"height":400,"caption":"comunicado del consejo superior sobre los hechos ocurridos en la facultad de ciencias jur\u00eddicas y sociales"},{"@type":"BreadcrumbList","@id":"https:\/\/www.ucaldas.edu.co\/portal\/comunicado-consejo-superior-sobre-proceso-eleccionario-de-rectoria-de-la-universidad-de-caldas\/#breadcrumb","itemListElement":[{"@type":"ListItem","position":1,"name":"Portada","item":"https:\/\/www.ucaldas.edu.co\/portal\/"},{"@type":"ListItem","position":2,"name":"Comunicado Consejo Superior sobre proceso eleccionario de rector\u00eda de la Universidad de Caldas"}]},{"@type":"WebSite","@id":"https:\/\/www.ucaldas.edu.co\/portal\/#website","url":"https:\/\/www.ucaldas.edu.co\/portal\/","name":"Universidad de Caldas","description":"","publisher":{"@id":"https:\/\/www.ucaldas.edu.co\/portal\/#organization"},"alternateName":"U. de Caldas","potentialAction":[{"@type":"SearchAction","target":{"@type":"EntryPoint","urlTemplate":"https:\/\/www.ucaldas.edu.co\/portal\/?s={search_term_string}"},"query-input":{"@type":"PropertyValueSpecification","valueRequired":true,"valueName":"search_term_string"}}],"inLanguage":"es"},{"@type":"Organization","@id":"https:\/\/www.ucaldas.edu.co\/portal\/#organization","name":"Universidad de Caldas","alternateName":"U. de Caldas","url":"https:\/\/www.ucaldas.edu.co\/portal\/","logo":{"@type":"ImageObject","inLanguage":"es","@id":"https:\/\/www.ucaldas.edu.co\/portal\/#\/schema\/logo\/image\/","url":"https:\/\/www.ucaldas.edu.co\/portal\/wp-content\/uploads\/2023\/11\/Logo_horizontal_oscuroU-2023.png","contentUrl":"https:\/\/www.ucaldas.edu.co\/portal\/wp-content\/uploads\/2023\/11\/Logo_horizontal_oscuroU-2023.png","width":263,"height":101,"caption":"Universidad de Caldas"},"image":{"@id":"https:\/\/www.ucaldas.edu.co\/portal\/#\/schema\/logo\/image\/"},"sameAs":["https:\/\/www.facebook.com\/udecaldas","https:\/\/x.com\/udecaldas","https:\/\/www.youtube.com\/universidadcaldas","https:\/\/www.instagram.com\/udecaldas\/"]},{"@type":"Person","@id":"https:\/\/www.ucaldas.edu.co\/portal\/#\/schema\/person\/a1b482e23449158b4bc319926c074fdf","name":"ofiprensa","image":{"@type":"ImageObject","inLanguage":"es","@id":"https:\/\/www.ucaldas.edu.co\/portal\/wp-content\/litespeed\/avatar\/09ea5085e600095a7a811142c6944527.jpg?ver=1777497608","url":"https:\/\/www.ucaldas.edu.co\/portal\/wp-content\/litespeed\/avatar\/09ea5085e600095a7a811142c6944527.jpg?ver=1777497608","contentUrl":"https:\/\/www.ucaldas.edu.co\/portal\/wp-content\/litespeed\/avatar\/09ea5085e600095a7a811142c6944527.jpg?ver=1777497608","caption":"ofiprensa"},"url":"https:\/\/www.ucaldas.edu.co\/portal\/author\/ofiprensa\/"}]}},"_links":{"self":[{"href":"https:\/\/www.ucaldas.edu.co\/portal\/wp-json\/wp\/v2\/posts\/72741","targetHints":{"allow":["GET"]}}],"collection":[{"href":"https:\/\/www.ucaldas.edu.co\/portal\/wp-json\/wp\/v2\/posts"}],"about":[{"href":"https:\/\/www.ucaldas.edu.co\/portal\/wp-json\/wp\/v2\/types\/post"}],"author":[{"embeddable":true,"href":"https:\/\/www.ucaldas.edu.co\/portal\/wp-json\/wp\/v2\/users\/2"}],"replies":[{"embeddable":true,"href":"https:\/\/www.ucaldas.edu.co\/portal\/wp-json\/wp\/v2\/comments?post=72741"}],"version-history":[{"count":0,"href":"https:\/\/www.ucaldas.edu.co\/portal\/wp-json\/wp\/v2\/posts\/72741\/revisions"}],"wp:featuredmedia":[{"embeddable":true,"href":"https:\/\/www.ucaldas.edu.co\/portal\/wp-json\/wp\/v2\/media\/59952"}],"wp:attachment":[{"href":"https:\/\/www.ucaldas.edu.co\/portal\/wp-json\/wp\/v2\/media?parent=72741"}],"wp:term":[{"taxonomy":"category","embeddable":true,"href":"https:\/\/www.ucaldas.edu.co\/portal\/wp-json\/wp\/v2\/categories?post=72741"},{"taxonomy":"post_tag","embeddable":true,"href":"https:\/\/www.ucaldas.edu.co\/portal\/wp-json\/wp\/v2\/tags?post=72741"}],"curies":[{"name":"wp","href":"https:\/\/api.w.org\/{rel}","templated":true}]}}