{"id":72558,"date":"2022-09-21T22:20:29","date_gmt":"2022-09-21T22:20:29","guid":{"rendered":"https:\/\/www.ucaldas.edu.co\/portal\/?p=72558"},"modified":"2022-09-21T22:20:29","modified_gmt":"2022-09-21T22:20:29","slug":"primer-simposio-de-actualizacion-en-cirugia-pediatrica-en-homenaje-a-md-oscar-salazar-gomez","status":"publish","type":"post","link":"https:\/\/www.ucaldas.edu.co\/portal\/primer-simposio-de-actualizacion-en-cirugia-pediatrica-en-homenaje-a-md-oscar-salazar-gomez\/","title":{"rendered":"Primer Simposio de Actualizaci\u00f3n en Cirug\u00eda Pedi\u00e1trica en homenaje a MD \u00d3scar Salazar G\u00f3mez"},"content":{"rendered":"<p>&nbsp;<\/p>\n<p><img loading=\"lazy\" decoding=\"async\" class=\"aligncenter size-full wp-image-72559\" src=\"https:\/\/www.ucaldas.edu.co\/portal\/wp-content\/uploads\/2022\/09\/simposio.jpg\" alt=\"El Simposio es organizado\u00a0 por el semillero de investigaci\u00f3n Cirug\u00eda e Investigaci\u00f3n SECIN y el Hospital Infantil Rafael Henao Toro\" width=\"700\" height=\"400\" srcset=\"https:\/\/www.ucaldas.edu.co\/portal\/wp-content\/uploads\/2022\/09\/simposio.jpg 700w, https:\/\/www.ucaldas.edu.co\/portal\/wp-content\/uploads\/2022\/09\/simposio-300x171.jpg 300w\" sizes=\"auto, (max-width: 700px) 100vw, 700px\" \/><\/p>\n<p>Del 23 al 24 de septiembre se llevar\u00e1 a cabo el primer Simposio de Actualizaci\u00f3n en Cirug\u00eda Pedi\u00e1trica en homenaje al doctor \u00d3scar Salazar G\u00f3mez, cirujano pedi\u00e1trico de la Universidad de Caldas.<\/p>\n<p><!--more--><\/p>\n<p>El Simposio es organizado\u00a0 por el semillero de investigaci\u00f3n Cirug\u00eda e Investigaci\u00f3n SECIN y el Hospital Infantil Rafael Henao Toro, en el cual se pretende proveer las herramientas necesarias y actualizaciones en el diagn\u00f3stico y destrezas requeridas en este campo de la medicina, as\u00ed como la creaci\u00f3n de futuras alianzas y colaboraciones para el desarrollo de investigaciones entre estudiantes participantes, docentes y profesionales.<\/p>\n<p>Los asistentes al evento tendr\u00e1n la oportunidad de conocer los \u00faltimos avances y conocimientos en torno a la cirug\u00eda pedi\u00e1trica de la mano de expertos invitados en el contexto nacional.<\/p>\n<p>Los talleres pr\u00e1cticos que se desarrollar\u00e1n son:<\/p>\n<ul>\n<li>Cateterismo limpio intermitente a cargo de Coloplast Laboratorios.<\/li>\n<li>Gesti\u00f3n del riesgo del cuidado de paciente con sonda gastrostom\u00eda a cargo de Minerva Medical.<\/li>\n<li>Abordaje de paciente cr\u00edtico pedi\u00e1trico a cargo de la doctora Beatriz Giraldo Duran, l\u00edder de la unidad de cuidado intensivo pedi\u00e1trico del Hospital Infantil Rafael Henao Toro.<\/li>\n<li>Paciente politraumatizado pedi\u00e1trico a cargo del doctor Fernando \u00c1lvarez L\u00f3pez, cirujano pedi\u00e1trico y docente de la Universidad de Manizales.<\/li>\n<\/ul>\n<p>Este evento cuenta con el apoyo de la Cl\u00ednica Santillana, la Sociedad Colombiana de Cirug\u00eda Pedi\u00e1trica y la Sociedad Colombiana de Pediatr\u00eda regional Caldas.<\/p>\n<p>&nbsp;<\/p>\n<p><strong>Informes: <\/strong>Oficina de Comunicaciones y Prensa Universidad de Caldas.<br \/>\n<strong>Redacci\u00f3n:<\/strong> Mateo Buritic\u00e1 Giraldo<\/p>\n<p>&nbsp;<\/p>\n","protected":false},"excerpt":{"rendered":"<p>&nbsp; Del 23 al 24 de septiembre se llevar\u00e1 a cabo el primer Simposio de Actualizaci\u00f3n en Cirug\u00eda Pedi\u00e1trica en homenaje al doctor \u00d3scar Salazar G\u00f3mez, cirujano pedi\u00e1trico de la Universidad de Caldas.<\/p>\n","protected":false},"author":2,"featured_media":72559,"comment_status":"closed","ping_status":"open","sticky":false,"template":"","format":"standard","meta":{"footnotes":""},"categories":[48,53,62],"tags":[5504,9117,9118],"class_list":["post-72558","post","type-post","status-publish","format-standard","has-post-thumbnail","hentry","category-actualidad","category-universidad-al-dia","category-eventos","tag-simposio-salud","tag-simposio-regional","tag-cirugia-pediatrica"],"yoast_head":"<!-- This site is optimized with the Yoast SEO plugin v27.5 - https:\/\/yoast.com\/product\/yoast-seo-wordpress\/ -->\n<title>Primer Simposio de Actualizaci\u00f3n en Cirug\u00eda Pedi\u00e1trica en homenaje a MD \u00d3scar Salazar G\u00f3mez .<\/title>\n<meta name=\"robots\" content=\"index, follow, max-snippet:-1, max-image-preview:large, max-video-preview:-1\" \/>\n<link rel=\"canonical\" href=\"https:\/\/www.ucaldas.edu.co\/portal\/primer-simposio-de-actualizacion-en-cirugia-pediatrica-en-homenaje-a-md-oscar-salazar-gomez\/\" \/>\n<script type=\"application\/ld+json\" class=\"yoast-schema-graph\">{\"@context\":\"https:\\\/\\\/schema.org\",\"@graph\":[{\"@type\":\"Article\",\"@id\":\"https:\\\/\\\/www.ucaldas.edu.co\\\/portal\\\/primer-simposio-de-actualizacion-en-cirugia-pediatrica-en-homenaje-a-md-oscar-salazar-gomez\\\/#article\",\"isPartOf\":{\"@id\":\"https:\\\/\\\/www.ucaldas.edu.co\\\/portal\\\/primer-simposio-de-actualizacion-en-cirugia-pediatrica-en-homenaje-a-md-oscar-salazar-gomez\\\/\"},\"author\":{\"name\":\"ofiprensa\",\"@id\":\"https:\\\/\\\/www.ucaldas.edu.co\\\/portal\\\/#\\\/schema\\\/person\\\/a1b482e23449158b4bc319926c074fdf\"},\"headline\":\"Primer Simposio de Actualizaci\u00f3n en Cirug\u00eda Pedi\u00e1trica en homenaje a MD \u00d3scar Salazar G\u00f3mez\",\"datePublished\":\"2022-09-21T22:20:29+00:00\",\"mainEntityOfPage\":{\"@id\":\"https:\\\/\\\/www.ucaldas.edu.co\\\/portal\\\/primer-simposio-de-actualizacion-en-cirugia-pediatrica-en-homenaje-a-md-oscar-salazar-gomez\\\/\"},\"wordCount\":286,\"publisher\":{\"@id\":\"https:\\\/\\\/www.ucaldas.edu.co\\\/portal\\\/#organization\"},\"image\":{\"@id\":\"https:\\\/\\\/www.ucaldas.edu.co\\\/portal\\\/primer-simposio-de-actualizacion-en-cirugia-pediatrica-en-homenaje-a-md-oscar-salazar-gomez\\\/#primaryimage\"},\"thumbnailUrl\":\"https:\\\/\\\/www.ucaldas.edu.co\\\/portal\\\/wp-content\\\/uploads\\\/2022\\\/09\\\/simposio.jpg\",\"keywords\":[\"simposio salud\",\"simposio regional\",\"cirug\u00eda pedi\u00e1trica\"],\"articleSection\":[\"Actualidad\",\"Universidad al D\u00eda\",\"Eventos\"],\"inLanguage\":\"es\"},{\"@type\":\"WebPage\",\"@id\":\"https:\\\/\\\/www.ucaldas.edu.co\\\/portal\\\/primer-simposio-de-actualizacion-en-cirugia-pediatrica-en-homenaje-a-md-oscar-salazar-gomez\\\/\",\"url\":\"https:\\\/\\\/www.ucaldas.edu.co\\\/portal\\\/primer-simposio-de-actualizacion-en-cirugia-pediatrica-en-homenaje-a-md-oscar-salazar-gomez\\\/\",\"name\":\"Primer Simposio de Actualizaci\u00f3n en Cirug\u00eda Pedi\u00e1trica en homenaje a MD \u00d3scar Salazar G\u00f3mez .\",\"isPartOf\":{\"@id\":\"https:\\\/\\\/www.ucaldas.edu.co\\\/portal\\\/#website\"},\"primaryImageOfPage\":{\"@id\":\"https:\\\/\\\/www.ucaldas.edu.co\\\/portal\\\/primer-simposio-de-actualizacion-en-cirugia-pediatrica-en-homenaje-a-md-oscar-salazar-gomez\\\/#primaryimage\"},\"image\":{\"@id\":\"https:\\\/\\\/www.ucaldas.edu.co\\\/portal\\\/primer-simposio-de-actualizacion-en-cirugia-pediatrica-en-homenaje-a-md-oscar-salazar-gomez\\\/#primaryimage\"},\"thumbnailUrl\":\"https:\\\/\\\/www.ucaldas.edu.co\\\/portal\\\/wp-content\\\/uploads\\\/2022\\\/09\\\/simposio.jpg\",\"datePublished\":\"2022-09-21T22:20:29+00:00\",\"breadcrumb\":{\"@id\":\"https:\\\/\\\/www.ucaldas.edu.co\\\/portal\\\/primer-simposio-de-actualizacion-en-cirugia-pediatrica-en-homenaje-a-md-oscar-salazar-gomez\\\/#breadcrumb\"},\"inLanguage\":\"es\",\"potentialAction\":[{\"@type\":\"ReadAction\",\"target\":[\"https:\\\/\\\/www.ucaldas.edu.co\\\/portal\\\/primer-simposio-de-actualizacion-en-cirugia-pediatrica-en-homenaje-a-md-oscar-salazar-gomez\\\/\"]}]},{\"@type\":\"ImageObject\",\"inLanguage\":\"es\",\"@id\":\"https:\\\/\\\/www.ucaldas.edu.co\\\/portal\\\/primer-simposio-de-actualizacion-en-cirugia-pediatrica-en-homenaje-a-md-oscar-salazar-gomez\\\/#primaryimage\",\"url\":\"https:\\\/\\\/www.ucaldas.edu.co\\\/portal\\\/wp-content\\\/uploads\\\/2022\\\/09\\\/simposio.jpg\",\"contentUrl\":\"https:\\\/\\\/www.ucaldas.edu.co\\\/portal\\\/wp-content\\\/uploads\\\/2022\\\/09\\\/simposio.jpg\",\"width\":700,\"height\":400,\"caption\":\"El Simposio es organizado\u00a0 por el semillero de investigaci\u00f3n Cirug\u00eda e Investigaci\u00f3n SECIN y el Hospital Infantil Rafael Henao Toro\"},{\"@type\":\"BreadcrumbList\",\"@id\":\"https:\\\/\\\/www.ucaldas.edu.co\\\/portal\\\/primer-simposio-de-actualizacion-en-cirugia-pediatrica-en-homenaje-a-md-oscar-salazar-gomez\\\/#breadcrumb\",\"itemListElement\":[{\"@type\":\"ListItem\",\"position\":1,\"name\":\"Portada\",\"item\":\"https:\\\/\\\/www.ucaldas.edu.co\\\/portal\\\/\"},{\"@type\":\"ListItem\",\"position\":2,\"name\":\"Primer Simposio de Actualizaci\u00f3n en Cirug\u00eda Pedi\u00e1trica en homenaje a MD \u00d3scar Salazar G\u00f3mez\"}]},{\"@type\":\"WebSite\",\"@id\":\"https:\\\/\\\/www.ucaldas.edu.co\\\/portal\\\/#website\",\"url\":\"https:\\\/\\\/www.ucaldas.edu.co\\\/portal\\\/\",\"name\":\"Universidad de Caldas\",\"description\":\"\",\"publisher\":{\"@id\":\"https:\\\/\\\/www.ucaldas.edu.co\\\/portal\\\/#organization\"},\"alternateName\":\"U. de Caldas\",\"potentialAction\":[{\"@type\":\"SearchAction\",\"target\":{\"@type\":\"EntryPoint\",\"urlTemplate\":\"https:\\\/\\\/www.ucaldas.edu.co\\\/portal\\\/?s={search_term_string}\"},\"query-input\":{\"@type\":\"PropertyValueSpecification\",\"valueRequired\":true,\"valueName\":\"search_term_string\"}}],\"inLanguage\":\"es\"},{\"@type\":\"Organization\",\"@id\":\"https:\\\/\\\/www.ucaldas.edu.co\\\/portal\\\/#organization\",\"name\":\"Universidad de Caldas\",\"alternateName\":\"U. de Caldas\",\"url\":\"https:\\\/\\\/www.ucaldas.edu.co\\\/portal\\\/\",\"logo\":{\"@type\":\"ImageObject\",\"inLanguage\":\"es\",\"@id\":\"https:\\\/\\\/www.ucaldas.edu.co\\\/portal\\\/#\\\/schema\\\/logo\\\/image\\\/\",\"url\":\"https:\\\/\\\/www.ucaldas.edu.co\\\/portal\\\/wp-content\\\/uploads\\\/2023\\\/11\\\/Logo_horizontal_oscuroU-2023.png\",\"contentUrl\":\"https:\\\/\\\/www.ucaldas.edu.co\\\/portal\\\/wp-content\\\/uploads\\\/2023\\\/11\\\/Logo_horizontal_oscuroU-2023.png\",\"width\":263,\"height\":101,\"caption\":\"Universidad de Caldas\"},\"image\":{\"@id\":\"https:\\\/\\\/www.ucaldas.edu.co\\\/portal\\\/#\\\/schema\\\/logo\\\/image\\\/\"},\"sameAs\":[\"https:\\\/\\\/www.facebook.com\\\/udecaldas\",\"https:\\\/\\\/x.com\\\/udecaldas\",\"https:\\\/\\\/www.youtube.com\\\/universidadcaldas\",\"https:\\\/\\\/www.instagram.com\\\/udecaldas\\\/\"]},{\"@type\":\"Person\",\"@id\":\"https:\\\/\\\/www.ucaldas.edu.co\\\/portal\\\/#\\\/schema\\\/person\\\/a1b482e23449158b4bc319926c074fdf\",\"name\":\"ofiprensa\",\"image\":{\"@type\":\"ImageObject\",\"inLanguage\":\"es\",\"@id\":\"https:\\\/\\\/www.ucaldas.edu.co\\\/portal\\\/wp-content\\\/litespeed\\\/avatar\\\/09ea5085e600095a7a811142c6944527.jpg?ver=1777497608\",\"url\":\"https:\\\/\\\/www.ucaldas.edu.co\\\/portal\\\/wp-content\\\/litespeed\\\/avatar\\\/09ea5085e600095a7a811142c6944527.jpg?ver=1777497608\",\"contentUrl\":\"https:\\\/\\\/www.ucaldas.edu.co\\\/portal\\\/wp-content\\\/litespeed\\\/avatar\\\/09ea5085e600095a7a811142c6944527.jpg?ver=1777497608\",\"caption\":\"ofiprensa\"},\"url\":\"https:\\\/\\\/www.ucaldas.edu.co\\\/portal\\\/author\\\/ofiprensa\\\/\"}]}<\/script>\n<!-- \/ Yoast SEO plugin. -->","yoast_head_json":{"title":"Primer Simposio de Actualizaci\u00f3n en Cirug\u00eda Pedi\u00e1trica en homenaje a MD \u00d3scar Salazar G\u00f3mez .","robots":{"index":"index","follow":"follow","max-snippet":"max-snippet:-1","max-image-preview":"max-image-preview:large","max-video-preview":"max-video-preview:-1"},"canonical":"https:\/\/www.ucaldas.edu.co\/portal\/primer-simposio-de-actualizacion-en-cirugia-pediatrica-en-homenaje-a-md-oscar-salazar-gomez\/","schema":{"@context":"https:\/\/schema.org","@graph":[{"@type":"Article","@id":"https:\/\/www.ucaldas.edu.co\/portal\/primer-simposio-de-actualizacion-en-cirugia-pediatrica-en-homenaje-a-md-oscar-salazar-gomez\/#article","isPartOf":{"@id":"https:\/\/www.ucaldas.edu.co\/portal\/primer-simposio-de-actualizacion-en-cirugia-pediatrica-en-homenaje-a-md-oscar-salazar-gomez\/"},"author":{"name":"ofiprensa","@id":"https:\/\/www.ucaldas.edu.co\/portal\/#\/schema\/person\/a1b482e23449158b4bc319926c074fdf"},"headline":"Primer Simposio de Actualizaci\u00f3n en Cirug\u00eda Pedi\u00e1trica en homenaje a MD \u00d3scar Salazar G\u00f3mez","datePublished":"2022-09-21T22:20:29+00:00","mainEntityOfPage":{"@id":"https:\/\/www.ucaldas.edu.co\/portal\/primer-simposio-de-actualizacion-en-cirugia-pediatrica-en-homenaje-a-md-oscar-salazar-gomez\/"},"wordCount":286,"publisher":{"@id":"https:\/\/www.ucaldas.edu.co\/portal\/#organization"},"image":{"@id":"https:\/\/www.ucaldas.edu.co\/portal\/primer-simposio-de-actualizacion-en-cirugia-pediatrica-en-homenaje-a-md-oscar-salazar-gomez\/#primaryimage"},"thumbnailUrl":"https:\/\/www.ucaldas.edu.co\/portal\/wp-content\/uploads\/2022\/09\/simposio.jpg","keywords":["simposio salud","simposio regional","cirug\u00eda pedi\u00e1trica"],"articleSection":["Actualidad","Universidad al D\u00eda","Eventos"],"inLanguage":"es"},{"@type":"WebPage","@id":"https:\/\/www.ucaldas.edu.co\/portal\/primer-simposio-de-actualizacion-en-cirugia-pediatrica-en-homenaje-a-md-oscar-salazar-gomez\/","url":"https:\/\/www.ucaldas.edu.co\/portal\/primer-simposio-de-actualizacion-en-cirugia-pediatrica-en-homenaje-a-md-oscar-salazar-gomez\/","name":"Primer Simposio de Actualizaci\u00f3n en Cirug\u00eda Pedi\u00e1trica en homenaje a MD \u00d3scar Salazar G\u00f3mez .","isPartOf":{"@id":"https:\/\/www.ucaldas.edu.co\/portal\/#website"},"primaryImageOfPage":{"@id":"https:\/\/www.ucaldas.edu.co\/portal\/primer-simposio-de-actualizacion-en-cirugia-pediatrica-en-homenaje-a-md-oscar-salazar-gomez\/#primaryimage"},"image":{"@id":"https:\/\/www.ucaldas.edu.co\/portal\/primer-simposio-de-actualizacion-en-cirugia-pediatrica-en-homenaje-a-md-oscar-salazar-gomez\/#primaryimage"},"thumbnailUrl":"https:\/\/www.ucaldas.edu.co\/portal\/wp-content\/uploads\/2022\/09\/simposio.jpg","datePublished":"2022-09-21T22:20:29+00:00","breadcrumb":{"@id":"https:\/\/www.ucaldas.edu.co\/portal\/primer-simposio-de-actualizacion-en-cirugia-pediatrica-en-homenaje-a-md-oscar-salazar-gomez\/#breadcrumb"},"inLanguage":"es","potentialAction":[{"@type":"ReadAction","target":["https:\/\/www.ucaldas.edu.co\/portal\/primer-simposio-de-actualizacion-en-cirugia-pediatrica-en-homenaje-a-md-oscar-salazar-gomez\/"]}]},{"@type":"ImageObject","inLanguage":"es","@id":"https:\/\/www.ucaldas.edu.co\/portal\/primer-simposio-de-actualizacion-en-cirugia-pediatrica-en-homenaje-a-md-oscar-salazar-gomez\/#primaryimage","url":"https:\/\/www.ucaldas.edu.co\/portal\/wp-content\/uploads\/2022\/09\/simposio.jpg","contentUrl":"https:\/\/www.ucaldas.edu.co\/portal\/wp-content\/uploads\/2022\/09\/simposio.jpg","width":700,"height":400,"caption":"El Simposio es organizado\u00a0 por el semillero de investigaci\u00f3n Cirug\u00eda e Investigaci\u00f3n SECIN y el Hospital Infantil Rafael Henao Toro"},{"@type":"BreadcrumbList","@id":"https:\/\/www.ucaldas.edu.co\/portal\/primer-simposio-de-actualizacion-en-cirugia-pediatrica-en-homenaje-a-md-oscar-salazar-gomez\/#breadcrumb","itemListElement":[{"@type":"ListItem","position":1,"name":"Portada","item":"https:\/\/www.ucaldas.edu.co\/portal\/"},{"@type":"ListItem","position":2,"name":"Primer Simposio de Actualizaci\u00f3n en Cirug\u00eda Pedi\u00e1trica en homenaje a MD \u00d3scar Salazar G\u00f3mez"}]},{"@type":"WebSite","@id":"https:\/\/www.ucaldas.edu.co\/portal\/#website","url":"https:\/\/www.ucaldas.edu.co\/portal\/","name":"Universidad de Caldas","description":"","publisher":{"@id":"https:\/\/www.ucaldas.edu.co\/portal\/#organization"},"alternateName":"U. de Caldas","potentialAction":[{"@type":"SearchAction","target":{"@type":"EntryPoint","urlTemplate":"https:\/\/www.ucaldas.edu.co\/portal\/?s={search_term_string}"},"query-input":{"@type":"PropertyValueSpecification","valueRequired":true,"valueName":"search_term_string"}}],"inLanguage":"es"},{"@type":"Organization","@id":"https:\/\/www.ucaldas.edu.co\/portal\/#organization","name":"Universidad de Caldas","alternateName":"U. de Caldas","url":"https:\/\/www.ucaldas.edu.co\/portal\/","logo":{"@type":"ImageObject","inLanguage":"es","@id":"https:\/\/www.ucaldas.edu.co\/portal\/#\/schema\/logo\/image\/","url":"https:\/\/www.ucaldas.edu.co\/portal\/wp-content\/uploads\/2023\/11\/Logo_horizontal_oscuroU-2023.png","contentUrl":"https:\/\/www.ucaldas.edu.co\/portal\/wp-content\/uploads\/2023\/11\/Logo_horizontal_oscuroU-2023.png","width":263,"height":101,"caption":"Universidad de Caldas"},"image":{"@id":"https:\/\/www.ucaldas.edu.co\/portal\/#\/schema\/logo\/image\/"},"sameAs":["https:\/\/www.facebook.com\/udecaldas","https:\/\/x.com\/udecaldas","https:\/\/www.youtube.com\/universidadcaldas","https:\/\/www.instagram.com\/udecaldas\/"]},{"@type":"Person","@id":"https:\/\/www.ucaldas.edu.co\/portal\/#\/schema\/person\/a1b482e23449158b4bc319926c074fdf","name":"ofiprensa","image":{"@type":"ImageObject","inLanguage":"es","@id":"https:\/\/www.ucaldas.edu.co\/portal\/wp-content\/litespeed\/avatar\/09ea5085e600095a7a811142c6944527.jpg?ver=1777497608","url":"https:\/\/www.ucaldas.edu.co\/portal\/wp-content\/litespeed\/avatar\/09ea5085e600095a7a811142c6944527.jpg?ver=1777497608","contentUrl":"https:\/\/www.ucaldas.edu.co\/portal\/wp-content\/litespeed\/avatar\/09ea5085e600095a7a811142c6944527.jpg?ver=1777497608","caption":"ofiprensa"},"url":"https:\/\/www.ucaldas.edu.co\/portal\/author\/ofiprensa\/"}]}},"_links":{"self":[{"href":"https:\/\/www.ucaldas.edu.co\/portal\/wp-json\/wp\/v2\/posts\/72558","targetHints":{"allow":["GET"]}}],"collection":[{"href":"https:\/\/www.ucaldas.edu.co\/portal\/wp-json\/wp\/v2\/posts"}],"about":[{"href":"https:\/\/www.ucaldas.edu.co\/portal\/wp-json\/wp\/v2\/types\/post"}],"author":[{"embeddable":true,"href":"https:\/\/www.ucaldas.edu.co\/portal\/wp-json\/wp\/v2\/users\/2"}],"replies":[{"embeddable":true,"href":"https:\/\/www.ucaldas.edu.co\/portal\/wp-json\/wp\/v2\/comments?post=72558"}],"version-history":[{"count":0,"href":"https:\/\/www.ucaldas.edu.co\/portal\/wp-json\/wp\/v2\/posts\/72558\/revisions"}],"wp:featuredmedia":[{"embeddable":true,"href":"https:\/\/www.ucaldas.edu.co\/portal\/wp-json\/wp\/v2\/media\/72559"}],"wp:attachment":[{"href":"https:\/\/www.ucaldas.edu.co\/portal\/wp-json\/wp\/v2\/media?parent=72558"}],"wp:term":[{"taxonomy":"category","embeddable":true,"href":"https:\/\/www.ucaldas.edu.co\/portal\/wp-json\/wp\/v2\/categories?post=72558"},{"taxonomy":"post_tag","embeddable":true,"href":"https:\/\/www.ucaldas.edu.co\/portal\/wp-json\/wp\/v2\/tags?post=72558"}],"curies":[{"name":"wp","href":"https:\/\/api.w.org\/{rel}","templated":true}]}}