{"id":7252,"date":"2011-03-01T10:47:48","date_gmt":"2011-03-01T15:47:48","guid":{"rendered":"https:\/\/www.ucaldas.edu.co\/portal\/?p=7252"},"modified":"2011-03-01T10:47:48","modified_gmt":"2011-03-01T15:47:48","slug":"poster-de-u-de-caldas-gano-premio-de-asociacion-colombiana-de-facultades-de-ingenieria","status":"publish","type":"post","link":"https:\/\/www.ucaldas.edu.co\/portal\/poster-de-u-de-caldas-gano-premio-de-asociacion-colombiana-de-facultades-de-ingenieria\/","title":{"rendered":"P\u00f3ster de U. de Caldas gan\u00f3 premio de Asociaci\u00f3n Colombiana de Facultades de Ingenier\u00eda"},"content":{"rendered":"<p>El premio ser\u00e1 entregado el viernes 25 de marzo en la U. Nacional sede Manizales<\/p>\n<hr \/>\n<p align=\"center\">\n<p align=\"right\"><b>01\/03\/2011<\/b><\/p>\n<p align=\"right\"><b>\u00a0<\/b><\/p>\n<table border=\"0\">\n<tbody>\n<tr>\n<td>\u00a0<img loading=\"lazy\" decoding=\"async\" style=\"border: 0px\" alt=\"Poster\" src=\"http:\/\/www.ucaldas.edu.co\/images\/tmp\/Poster_Cadena_Productiva_Platano.jpg\" width=\"240\" height=\"150\" border=\"0\" \/><\/td>\n<td>El <b>p\u00f3ster<\/b> titulado <b><i>Transferencia tecnol\u00f3gica del Programa de Ingenier\u00eda de Alimentos de la Universidad de Caldas<\/i><\/b><i> <b>para el desarrollo de la Cadena Productiva del Pl\u00e1tano <\/b><\/i>obtuvo el <b>tercer<\/b> <b>lugar<\/b> en la <b>modalidad<\/b> <b>Presentaci\u00f3n<\/b> en <b>P\u00f3ster<\/b>, del <b>premio<\/b> de la Asociaci\u00f3n Colombiana de Facultades de Ingenier\u00eda (<b>Acofi<\/b>) 2010, en la Reuni\u00f3n Anual que se realiz\u00f3 el 15, 16 y 17 de septiembre del 2010, en Santa Marta (Magdalena).<\/p>\n<p>&nbsp;<\/p>\n<p>En el evento se trataron tres ejes tem\u00e1ticos: el estudiante de ingenier\u00eda,\u00a0 la estructura curricular y\u00a0 la responsabilidad social.<\/td>\n<\/tr>\n<\/tbody>\n<\/table>\n<p>&nbsp;<\/p>\n<p>&nbsp;<\/p>\n<p>Esta ponencia gan\u00f3 en el eje tem\u00e1tico responsabilidad social. El evento se desarroll\u00f3 a trav\u00e9s de paneles centrales y en los ejes tem\u00e1ticos, en el que se seleccionaron 45 ponencias \u00a0y 50 afiches.<\/p>\n<p>&nbsp;<\/p>\n<p>El p\u00f3ster fue realizado por Miguel Mazzeo Meneses, Docente Asistente de Planta del Departamento de Ingenier\u00eda; Luz Enith Guerrero Mendieta, Directora del Programa de Ingenier\u00eda de Sistemas, y Juan Diego Botero, egresado del Programa de Ingenier\u00eda de Alimentos de la U. de Caldas.<\/p>\n<p>&nbsp;<\/p>\n<p>\u201cSe trata de la recopilaci\u00f3n de 3 proyectos de la U. de Caldas que se realizaron desde el 2007 por 50 estudiantes del Programa de Ingenier\u00eda de Alimentos de la Instituci\u00f3n, desde el tema de la educaci\u00f3n\u201d, coment\u00f3 Mazzeo Meneses.<\/p>\n<p>&nbsp;<\/p>\n<p>El <b>premio<\/b> se <b>entregar\u00e1<\/b> el pr\u00f3ximo <b>viernes 25 <\/b>de <b>marzo<\/b> del 2011 en la <b>Universidad<\/b><b> Nacional<\/b><b> Sede La Nubia<\/b> (Manizales), instituci\u00f3n asociada al evento y que organizar\u00e1 la Asamblea General Nacional de Facultades de Ingenier\u00eda, que se llevar\u00e1 a cabo en Manizales.<\/p>\n<p>&nbsp;<\/p>\n<p><b>Informes: <\/b>en el Departamento de Ingenier\u00eda de la U. de Caldas. Tel\u00e9fono: 878 15 00, extensi\u00f3n 13 436.<\/p>\n","protected":false},"excerpt":{"rendered":"<p>El premio ser\u00e1 entregado el viernes 25 de marzo en la U. Nacional sede Manizales 01\/03\/2011 \u00a0 \u00a0 El p\u00f3ster titulado Transferencia tecnol\u00f3gica del Programa de Ingenier\u00eda de Alimentos de la Universidad de Caldas para el desarrollo de la Cadena Productiva del Pl\u00e1tano obtuvo el tercer lugar en la modalidad Presentaci\u00f3n en P\u00f3ster, del premio [&hellip;]<\/p>\n","protected":false},"author":2,"featured_media":0,"comment_status":"closed","ping_status":"closed","sticky":false,"template":"","format":"standard","meta":{"footnotes":""},"categories":[48,53],"tags":[],"class_list":["post-7252","post","type-post","status-publish","format-standard","hentry","category-actualidad","category-universidad-al-dia"],"yoast_head":"<!-- This site is optimized with the Yoast SEO plugin v27.5 - https:\/\/yoast.com\/product\/yoast-seo-wordpress\/ -->\n<title>P\u00f3ster de U. de Caldas gan\u00f3 premio de Asociaci\u00f3n Colombiana de Facultades de Ingenier\u00eda .<\/title>\n<meta name=\"robots\" content=\"index, follow, max-snippet:-1, max-image-preview:large, max-video-preview:-1\" \/>\n<link rel=\"canonical\" href=\"https:\/\/www.ucaldas.edu.co\/portal\/poster-de-u-de-caldas-gano-premio-de-asociacion-colombiana-de-facultades-de-ingenieria\/\" \/>\n<script type=\"application\/ld+json\" class=\"yoast-schema-graph\">{\"@context\":\"https:\\\/\\\/schema.org\",\"@graph\":[{\"@type\":\"Article\",\"@id\":\"https:\\\/\\\/www.ucaldas.edu.co\\\/portal\\\/poster-de-u-de-caldas-gano-premio-de-asociacion-colombiana-de-facultades-de-ingenieria\\\/#article\",\"isPartOf\":{\"@id\":\"https:\\\/\\\/www.ucaldas.edu.co\\\/portal\\\/poster-de-u-de-caldas-gano-premio-de-asociacion-colombiana-de-facultades-de-ingenieria\\\/\"},\"author\":{\"name\":\"ofiprensa\",\"@id\":\"https:\\\/\\\/www.ucaldas.edu.co\\\/portal\\\/#\\\/schema\\\/person\\\/a1b482e23449158b4bc319926c074fdf\"},\"headline\":\"P\u00f3ster de U. de Caldas gan\u00f3 premio de Asociaci\u00f3n Colombiana de Facultades de Ingenier\u00eda\",\"datePublished\":\"2011-03-01T15:47:48+00:00\",\"mainEntityOfPage\":{\"@id\":\"https:\\\/\\\/www.ucaldas.edu.co\\\/portal\\\/poster-de-u-de-caldas-gano-premio-de-asociacion-colombiana-de-facultades-de-ingenieria\\\/\"},\"wordCount\":311,\"publisher\":{\"@id\":\"https:\\\/\\\/www.ucaldas.edu.co\\\/portal\\\/#organization\"},\"image\":{\"@id\":\"https:\\\/\\\/www.ucaldas.edu.co\\\/portal\\\/poster-de-u-de-caldas-gano-premio-de-asociacion-colombiana-de-facultades-de-ingenieria\\\/#primaryimage\"},\"thumbnailUrl\":\"http:\\\/\\\/www.ucaldas.edu.co\\\/images\\\/tmp\\\/Poster_Cadena_Productiva_Platano.jpg\",\"articleSection\":[\"Actualidad\",\"Universidad al D\u00eda\"],\"inLanguage\":\"es\"},{\"@type\":\"WebPage\",\"@id\":\"https:\\\/\\\/www.ucaldas.edu.co\\\/portal\\\/poster-de-u-de-caldas-gano-premio-de-asociacion-colombiana-de-facultades-de-ingenieria\\\/\",\"url\":\"https:\\\/\\\/www.ucaldas.edu.co\\\/portal\\\/poster-de-u-de-caldas-gano-premio-de-asociacion-colombiana-de-facultades-de-ingenieria\\\/\",\"name\":\"P\u00f3ster de U. de Caldas gan\u00f3 premio de Asociaci\u00f3n Colombiana de Facultades de Ingenier\u00eda .\",\"isPartOf\":{\"@id\":\"https:\\\/\\\/www.ucaldas.edu.co\\\/portal\\\/#website\"},\"primaryImageOfPage\":{\"@id\":\"https:\\\/\\\/www.ucaldas.edu.co\\\/portal\\\/poster-de-u-de-caldas-gano-premio-de-asociacion-colombiana-de-facultades-de-ingenieria\\\/#primaryimage\"},\"image\":{\"@id\":\"https:\\\/\\\/www.ucaldas.edu.co\\\/portal\\\/poster-de-u-de-caldas-gano-premio-de-asociacion-colombiana-de-facultades-de-ingenieria\\\/#primaryimage\"},\"thumbnailUrl\":\"http:\\\/\\\/www.ucaldas.edu.co\\\/images\\\/tmp\\\/Poster_Cadena_Productiva_Platano.jpg\",\"datePublished\":\"2011-03-01T15:47:48+00:00\",\"breadcrumb\":{\"@id\":\"https:\\\/\\\/www.ucaldas.edu.co\\\/portal\\\/poster-de-u-de-caldas-gano-premio-de-asociacion-colombiana-de-facultades-de-ingenieria\\\/#breadcrumb\"},\"inLanguage\":\"es\",\"potentialAction\":[{\"@type\":\"ReadAction\",\"target\":[\"https:\\\/\\\/www.ucaldas.edu.co\\\/portal\\\/poster-de-u-de-caldas-gano-premio-de-asociacion-colombiana-de-facultades-de-ingenieria\\\/\"]}]},{\"@type\":\"ImageObject\",\"inLanguage\":\"es\",\"@id\":\"https:\\\/\\\/www.ucaldas.edu.co\\\/portal\\\/poster-de-u-de-caldas-gano-premio-de-asociacion-colombiana-de-facultades-de-ingenieria\\\/#primaryimage\",\"url\":\"http:\\\/\\\/www.ucaldas.edu.co\\\/images\\\/tmp\\\/Poster_Cadena_Productiva_Platano.jpg\",\"contentUrl\":\"http:\\\/\\\/www.ucaldas.edu.co\\\/images\\\/tmp\\\/Poster_Cadena_Productiva_Platano.jpg\"},{\"@type\":\"BreadcrumbList\",\"@id\":\"https:\\\/\\\/www.ucaldas.edu.co\\\/portal\\\/poster-de-u-de-caldas-gano-premio-de-asociacion-colombiana-de-facultades-de-ingenieria\\\/#breadcrumb\",\"itemListElement\":[{\"@type\":\"ListItem\",\"position\":1,\"name\":\"Portada\",\"item\":\"https:\\\/\\\/www.ucaldas.edu.co\\\/portal\\\/\"},{\"@type\":\"ListItem\",\"position\":2,\"name\":\"P\u00f3ster de U. de Caldas gan\u00f3 premio de Asociaci\u00f3n Colombiana de Facultades de Ingenier\u00eda\"}]},{\"@type\":\"WebSite\",\"@id\":\"https:\\\/\\\/www.ucaldas.edu.co\\\/portal\\\/#website\",\"url\":\"https:\\\/\\\/www.ucaldas.edu.co\\\/portal\\\/\",\"name\":\"Universidad de Caldas\",\"description\":\"\",\"publisher\":{\"@id\":\"https:\\\/\\\/www.ucaldas.edu.co\\\/portal\\\/#organization\"},\"alternateName\":\"U. de Caldas\",\"potentialAction\":[{\"@type\":\"SearchAction\",\"target\":{\"@type\":\"EntryPoint\",\"urlTemplate\":\"https:\\\/\\\/www.ucaldas.edu.co\\\/portal\\\/?s={search_term_string}\"},\"query-input\":{\"@type\":\"PropertyValueSpecification\",\"valueRequired\":true,\"valueName\":\"search_term_string\"}}],\"inLanguage\":\"es\"},{\"@type\":\"Organization\",\"@id\":\"https:\\\/\\\/www.ucaldas.edu.co\\\/portal\\\/#organization\",\"name\":\"Universidad de Caldas\",\"alternateName\":\"U. de Caldas\",\"url\":\"https:\\\/\\\/www.ucaldas.edu.co\\\/portal\\\/\",\"logo\":{\"@type\":\"ImageObject\",\"inLanguage\":\"es\",\"@id\":\"https:\\\/\\\/www.ucaldas.edu.co\\\/portal\\\/#\\\/schema\\\/logo\\\/image\\\/\",\"url\":\"https:\\\/\\\/www.ucaldas.edu.co\\\/portal\\\/wp-content\\\/uploads\\\/2023\\\/11\\\/Logo_horizontal_oscuroU-2023.png\",\"contentUrl\":\"https:\\\/\\\/www.ucaldas.edu.co\\\/portal\\\/wp-content\\\/uploads\\\/2023\\\/11\\\/Logo_horizontal_oscuroU-2023.png\",\"width\":263,\"height\":101,\"caption\":\"Universidad de Caldas\"},\"image\":{\"@id\":\"https:\\\/\\\/www.ucaldas.edu.co\\\/portal\\\/#\\\/schema\\\/logo\\\/image\\\/\"},\"sameAs\":[\"https:\\\/\\\/www.facebook.com\\\/udecaldas\",\"https:\\\/\\\/x.com\\\/udecaldas\",\"https:\\\/\\\/www.youtube.com\\\/universidadcaldas\",\"https:\\\/\\\/www.instagram.com\\\/udecaldas\\\/\"]},{\"@type\":\"Person\",\"@id\":\"https:\\\/\\\/www.ucaldas.edu.co\\\/portal\\\/#\\\/schema\\\/person\\\/a1b482e23449158b4bc319926c074fdf\",\"name\":\"ofiprensa\",\"image\":{\"@type\":\"ImageObject\",\"inLanguage\":\"es\",\"@id\":\"https:\\\/\\\/www.ucaldas.edu.co\\\/portal\\\/wp-content\\\/litespeed\\\/avatar\\\/09ea5085e600095a7a811142c6944527.jpg?ver=1777497608\",\"url\":\"https:\\\/\\\/www.ucaldas.edu.co\\\/portal\\\/wp-content\\\/litespeed\\\/avatar\\\/09ea5085e600095a7a811142c6944527.jpg?ver=1777497608\",\"contentUrl\":\"https:\\\/\\\/www.ucaldas.edu.co\\\/portal\\\/wp-content\\\/litespeed\\\/avatar\\\/09ea5085e600095a7a811142c6944527.jpg?ver=1777497608\",\"caption\":\"ofiprensa\"},\"url\":\"https:\\\/\\\/www.ucaldas.edu.co\\\/portal\\\/author\\\/ofiprensa\\\/\"}]}<\/script>\n<!-- \/ Yoast SEO plugin. -->","yoast_head_json":{"title":"P\u00f3ster de U. de Caldas gan\u00f3 premio de Asociaci\u00f3n Colombiana de Facultades de Ingenier\u00eda .","robots":{"index":"index","follow":"follow","max-snippet":"max-snippet:-1","max-image-preview":"max-image-preview:large","max-video-preview":"max-video-preview:-1"},"canonical":"https:\/\/www.ucaldas.edu.co\/portal\/poster-de-u-de-caldas-gano-premio-de-asociacion-colombiana-de-facultades-de-ingenieria\/","schema":{"@context":"https:\/\/schema.org","@graph":[{"@type":"Article","@id":"https:\/\/www.ucaldas.edu.co\/portal\/poster-de-u-de-caldas-gano-premio-de-asociacion-colombiana-de-facultades-de-ingenieria\/#article","isPartOf":{"@id":"https:\/\/www.ucaldas.edu.co\/portal\/poster-de-u-de-caldas-gano-premio-de-asociacion-colombiana-de-facultades-de-ingenieria\/"},"author":{"name":"ofiprensa","@id":"https:\/\/www.ucaldas.edu.co\/portal\/#\/schema\/person\/a1b482e23449158b4bc319926c074fdf"},"headline":"P\u00f3ster de U. de Caldas gan\u00f3 premio de Asociaci\u00f3n Colombiana de Facultades de Ingenier\u00eda","datePublished":"2011-03-01T15:47:48+00:00","mainEntityOfPage":{"@id":"https:\/\/www.ucaldas.edu.co\/portal\/poster-de-u-de-caldas-gano-premio-de-asociacion-colombiana-de-facultades-de-ingenieria\/"},"wordCount":311,"publisher":{"@id":"https:\/\/www.ucaldas.edu.co\/portal\/#organization"},"image":{"@id":"https:\/\/www.ucaldas.edu.co\/portal\/poster-de-u-de-caldas-gano-premio-de-asociacion-colombiana-de-facultades-de-ingenieria\/#primaryimage"},"thumbnailUrl":"http:\/\/www.ucaldas.edu.co\/images\/tmp\/Poster_Cadena_Productiva_Platano.jpg","articleSection":["Actualidad","Universidad al D\u00eda"],"inLanguage":"es"},{"@type":"WebPage","@id":"https:\/\/www.ucaldas.edu.co\/portal\/poster-de-u-de-caldas-gano-premio-de-asociacion-colombiana-de-facultades-de-ingenieria\/","url":"https:\/\/www.ucaldas.edu.co\/portal\/poster-de-u-de-caldas-gano-premio-de-asociacion-colombiana-de-facultades-de-ingenieria\/","name":"P\u00f3ster de U. de Caldas gan\u00f3 premio de Asociaci\u00f3n Colombiana de Facultades de Ingenier\u00eda .","isPartOf":{"@id":"https:\/\/www.ucaldas.edu.co\/portal\/#website"},"primaryImageOfPage":{"@id":"https:\/\/www.ucaldas.edu.co\/portal\/poster-de-u-de-caldas-gano-premio-de-asociacion-colombiana-de-facultades-de-ingenieria\/#primaryimage"},"image":{"@id":"https:\/\/www.ucaldas.edu.co\/portal\/poster-de-u-de-caldas-gano-premio-de-asociacion-colombiana-de-facultades-de-ingenieria\/#primaryimage"},"thumbnailUrl":"http:\/\/www.ucaldas.edu.co\/images\/tmp\/Poster_Cadena_Productiva_Platano.jpg","datePublished":"2011-03-01T15:47:48+00:00","breadcrumb":{"@id":"https:\/\/www.ucaldas.edu.co\/portal\/poster-de-u-de-caldas-gano-premio-de-asociacion-colombiana-de-facultades-de-ingenieria\/#breadcrumb"},"inLanguage":"es","potentialAction":[{"@type":"ReadAction","target":["https:\/\/www.ucaldas.edu.co\/portal\/poster-de-u-de-caldas-gano-premio-de-asociacion-colombiana-de-facultades-de-ingenieria\/"]}]},{"@type":"ImageObject","inLanguage":"es","@id":"https:\/\/www.ucaldas.edu.co\/portal\/poster-de-u-de-caldas-gano-premio-de-asociacion-colombiana-de-facultades-de-ingenieria\/#primaryimage","url":"http:\/\/www.ucaldas.edu.co\/images\/tmp\/Poster_Cadena_Productiva_Platano.jpg","contentUrl":"http:\/\/www.ucaldas.edu.co\/images\/tmp\/Poster_Cadena_Productiva_Platano.jpg"},{"@type":"BreadcrumbList","@id":"https:\/\/www.ucaldas.edu.co\/portal\/poster-de-u-de-caldas-gano-premio-de-asociacion-colombiana-de-facultades-de-ingenieria\/#breadcrumb","itemListElement":[{"@type":"ListItem","position":1,"name":"Portada","item":"https:\/\/www.ucaldas.edu.co\/portal\/"},{"@type":"ListItem","position":2,"name":"P\u00f3ster de U. de Caldas gan\u00f3 premio de Asociaci\u00f3n Colombiana de Facultades de Ingenier\u00eda"}]},{"@type":"WebSite","@id":"https:\/\/www.ucaldas.edu.co\/portal\/#website","url":"https:\/\/www.ucaldas.edu.co\/portal\/","name":"Universidad de Caldas","description":"","publisher":{"@id":"https:\/\/www.ucaldas.edu.co\/portal\/#organization"},"alternateName":"U. de Caldas","potentialAction":[{"@type":"SearchAction","target":{"@type":"EntryPoint","urlTemplate":"https:\/\/www.ucaldas.edu.co\/portal\/?s={search_term_string}"},"query-input":{"@type":"PropertyValueSpecification","valueRequired":true,"valueName":"search_term_string"}}],"inLanguage":"es"},{"@type":"Organization","@id":"https:\/\/www.ucaldas.edu.co\/portal\/#organization","name":"Universidad de Caldas","alternateName":"U. de Caldas","url":"https:\/\/www.ucaldas.edu.co\/portal\/","logo":{"@type":"ImageObject","inLanguage":"es","@id":"https:\/\/www.ucaldas.edu.co\/portal\/#\/schema\/logo\/image\/","url":"https:\/\/www.ucaldas.edu.co\/portal\/wp-content\/uploads\/2023\/11\/Logo_horizontal_oscuroU-2023.png","contentUrl":"https:\/\/www.ucaldas.edu.co\/portal\/wp-content\/uploads\/2023\/11\/Logo_horizontal_oscuroU-2023.png","width":263,"height":101,"caption":"Universidad de Caldas"},"image":{"@id":"https:\/\/www.ucaldas.edu.co\/portal\/#\/schema\/logo\/image\/"},"sameAs":["https:\/\/www.facebook.com\/udecaldas","https:\/\/x.com\/udecaldas","https:\/\/www.youtube.com\/universidadcaldas","https:\/\/www.instagram.com\/udecaldas\/"]},{"@type":"Person","@id":"https:\/\/www.ucaldas.edu.co\/portal\/#\/schema\/person\/a1b482e23449158b4bc319926c074fdf","name":"ofiprensa","image":{"@type":"ImageObject","inLanguage":"es","@id":"https:\/\/www.ucaldas.edu.co\/portal\/wp-content\/litespeed\/avatar\/09ea5085e600095a7a811142c6944527.jpg?ver=1777497608","url":"https:\/\/www.ucaldas.edu.co\/portal\/wp-content\/litespeed\/avatar\/09ea5085e600095a7a811142c6944527.jpg?ver=1777497608","contentUrl":"https:\/\/www.ucaldas.edu.co\/portal\/wp-content\/litespeed\/avatar\/09ea5085e600095a7a811142c6944527.jpg?ver=1777497608","caption":"ofiprensa"},"url":"https:\/\/www.ucaldas.edu.co\/portal\/author\/ofiprensa\/"}]}},"_links":{"self":[{"href":"https:\/\/www.ucaldas.edu.co\/portal\/wp-json\/wp\/v2\/posts\/7252","targetHints":{"allow":["GET"]}}],"collection":[{"href":"https:\/\/www.ucaldas.edu.co\/portal\/wp-json\/wp\/v2\/posts"}],"about":[{"href":"https:\/\/www.ucaldas.edu.co\/portal\/wp-json\/wp\/v2\/types\/post"}],"author":[{"embeddable":true,"href":"https:\/\/www.ucaldas.edu.co\/portal\/wp-json\/wp\/v2\/users\/2"}],"replies":[{"embeddable":true,"href":"https:\/\/www.ucaldas.edu.co\/portal\/wp-json\/wp\/v2\/comments?post=7252"}],"version-history":[{"count":0,"href":"https:\/\/www.ucaldas.edu.co\/portal\/wp-json\/wp\/v2\/posts\/7252\/revisions"}],"wp:attachment":[{"href":"https:\/\/www.ucaldas.edu.co\/portal\/wp-json\/wp\/v2\/media?parent=7252"}],"wp:term":[{"taxonomy":"category","embeddable":true,"href":"https:\/\/www.ucaldas.edu.co\/portal\/wp-json\/wp\/v2\/categories?post=7252"},{"taxonomy":"post_tag","embeddable":true,"href":"https:\/\/www.ucaldas.edu.co\/portal\/wp-json\/wp\/v2\/tags?post=7252"}],"curies":[{"name":"wp","href":"https:\/\/api.w.org\/{rel}","templated":true}]}}