{"id":7250,"date":"2011-03-01T10:45:12","date_gmt":"2011-03-01T15:45:12","guid":{"rendered":"https:\/\/www.ucaldas.edu.co\/portal\/?p=7250"},"modified":"2011-03-01T10:45:12","modified_gmt":"2011-03-01T15:45:12","slug":"dos-estudiantes-de-la-u-de-caldas-presentaron-suficiencia-y-defensa-de-sus-tesis-doctorales","status":"publish","type":"post","link":"https:\/\/www.ucaldas.edu.co\/portal\/dos-estudiantes-de-la-u-de-caldas-presentaron-suficiencia-y-defensa-de-sus-tesis-doctorales\/","title":{"rendered":"Dos estudiantes de la U. de Caldas presentaron suficiencia y defensa de sus tesis doctorales"},"content":{"rendered":"<p>Del doctorado en ciencias de la educaci\u00f3n de la instituci\u00f3n<\/p>\n<hr \/>\n<p align=\"center\">\n<p align=\"right\"><b>01\/03\/2011<\/b><\/p>\n<p align=\"right\"><b>\u00a0<\/b><\/p>\n<table border=\"0\">\n<tbody>\n<tr>\n<td><img loading=\"lazy\" decoding=\"async\" style=\"border: 0px\" alt=\"Suficiencia\" src=\"http:\/\/www.ucaldas.edu.co\/images\/tmp\/Suficiencia_defensa_tesis_Doctorado.JPG\" width=\"240\" height=\"150\" border=\"0\" \/><\/td>\n<td><b>Mario Edgar Hoyos Ben\u00edtez <\/b>y <b>Martha Liliana Mar\u00edn Cano<\/b>, <b>estudiantes<\/b> del <b>Doctorado<\/b> en <b>Ciencias<\/b> de la <b>Educaci\u00f3n<\/b> de la <b>Universidad<\/b> de <b>Caldas<\/b>, realizaron la suficiencia y defensa de sus tesis doctorales este martes 1 de marzo del 2011.<\/p>\n<p>&nbsp;<\/p>\n<p><b>Hoyos Ben\u00edtez<\/b>, estudiante de la <b>VI<\/b><b> Cohorte<\/b>, realiz\u00f3 la <b>defensa<\/b> de su trabajo titulado <b><i>Educaci\u00f3n y curr\u00edculo: hacia criterios generativos que orienten la formulaci\u00f3n de estrategia del curr\u00edculo en contextos multiculturales y\/o multiling\u00fces.<\/i><\/b><\/td>\n<\/tr>\n<\/tbody>\n<\/table>\n<p>&nbsp;<\/p>\n<p><i>\u00a0<\/i><\/p>\n<p>\u201cEsta es la cristalizaci\u00f3n de todos los prop\u00f3sitos de la investigaci\u00f3n. Estoy convencido de lo que se ha hecho hasta ahora es grande, pero lo que hay que hacer es inmenso\u201d, expres\u00f3 Hoyos Ben\u00edtez.<\/p>\n<p>&nbsp;<\/p>\n<p>La directora del trabajo es Maria Trillos,\u00a0 de la Universidad del Atl\u00e1ntico, mientras que Magnolia Aristiz\u00e1bal, de la Universidad de Cauca, es la primera lectora.<\/p>\n<p>&nbsp;<\/p>\n<p>Los jurados de la tesis son Carlos Javier Mosquera, de la Universidad Distrital, e Iv\u00e1n S\u00e1nchez Fontalbo, de la Universidad de Magdalena.<\/p>\n<p>&nbsp;<\/p>\n<p>Este trabajo cuenta con la <b>participaci\u00f3n<\/b> de dos <b>jurados internacionales<\/b>: <b>Norma Lozano Jackson<\/b>, del <b>Benedict College <\/b>(Carolina del Sur, <b>Estados Unidos<\/b>) y <b>Piedad V\u00e1squez Andrade<\/b>, de la <b>Universidad<\/b><b> de Cuenca (Ecuador).<\/b><\/p>\n<p>&nbsp;<\/p>\n<p>El <b>Doctorado<\/b> en <b>Ciencias<\/b> de la <b>Educaci\u00f3n<\/b><b> <\/b>de la <b>U<\/b>. de <b>Caldas<\/b> hace <b>parte<\/b> de la Red de Universidades Estatales de Colombia (<b>RudeColombia<\/b>).<\/p>\n<p>&nbsp;<\/p>\n<p>\u201cLa formaci\u00f3n avanzada se valida, en primera instancia, en la comunicaci\u00f3n de la suficiencia investigativa que garantiza la pertinencia y los productos a obtener en el desarrollo de un proyecto de tesis doctoral, que consiste en un nuevo aporte en una disciplina o un campo del saber, en este caso, la educaci\u00f3n\u201d, coment\u00f3 Carlos Hernando Valencia Calvo, Director Acad\u00e9mico del Doctorado.<\/p>\n<p>&nbsp;<\/p>\n<p>Por otra parte, <b>Martha Liliana Mar\u00edn Cano,<\/b> estudiante de la <b>XIII<\/b><b> Cohorte<\/b><b>,<\/b> present\u00f3 la <b>suficiencia<\/b> del trabajo titulado <b><i>Configuraci\u00f3n de la formaci\u00f3n permanente de profesores en las instituciones educativas de b\u00e1sica y media.<\/i><\/b><\/p>\n<p><i>\u00a0<\/i><\/p>\n<p>\u201cLa suficiencia investigativa\u00a0 en un estudio avanzado que se configura en el preciso momento en el que se inicia el proceso acad\u00e9mico. Desde all\u00ed se comienza a tejer un c\u00famulo de experiencias y vivencias que poseen caracter\u00edsticas particulares y retadoras para continuar en la construcci\u00f3n del plan vital personal y familiar\u201d, afirm\u00f3 Mar\u00edn Cano.<\/p>\n<p>&nbsp;<\/p>\n<p>Javier Taborda Chaurra, docente del Departamento de Estudios Educativos de la U. de Caldas es el director de la tesis. Los jurados son Martha Cecilia Guti\u00e9rrez, de la Universidad Tecnol\u00f3gica de Pereira (UTP) y Silvia Valencia Giraldo, de la Universidad del Quind\u00edo.<\/p>\n<p>&nbsp;<\/p>\n<p><b>Informes: <\/b>en el Doctorado en Ciencias de la Educaci\u00f3n de la U. de Caldas. Tel\u00e9fono: 878 15 00, extensi\u00f3n 12 270.<\/p>\n","protected":false},"excerpt":{"rendered":"<p>Del doctorado en ciencias de la educaci\u00f3n de la instituci\u00f3n 01\/03\/2011 \u00a0 Mario Edgar Hoyos Ben\u00edtez y Martha Liliana Mar\u00edn Cano, estudiantes del Doctorado en Ciencias de la Educaci\u00f3n de la Universidad de Caldas, realizaron la suficiencia y defensa de sus tesis doctorales este martes 1 de marzo del 2011. &nbsp; Hoyos Ben\u00edtez, estudiante de [&hellip;]<\/p>\n","protected":false},"author":2,"featured_media":0,"comment_status":"closed","ping_status":"closed","sticky":false,"template":"","format":"standard","meta":{"footnotes":""},"categories":[48,53],"tags":[],"class_list":["post-7250","post","type-post","status-publish","format-standard","hentry","category-actualidad","category-universidad-al-dia"],"yoast_head":"<!-- This site is optimized with the Yoast SEO plugin v27.5 - https:\/\/yoast.com\/product\/yoast-seo-wordpress\/ -->\n<title>Dos estudiantes de la U. de Caldas presentaron suficiencia y defensa de sus tesis doctorales .<\/title>\n<meta name=\"robots\" content=\"index, follow, max-snippet:-1, max-image-preview:large, max-video-preview:-1\" \/>\n<link rel=\"canonical\" href=\"https:\/\/www.ucaldas.edu.co\/portal\/dos-estudiantes-de-la-u-de-caldas-presentaron-suficiencia-y-defensa-de-sus-tesis-doctorales\/\" \/>\n<script type=\"application\/ld+json\" class=\"yoast-schema-graph\">{\"@context\":\"https:\\\/\\\/schema.org\",\"@graph\":[{\"@type\":\"Article\",\"@id\":\"https:\\\/\\\/www.ucaldas.edu.co\\\/portal\\\/dos-estudiantes-de-la-u-de-caldas-presentaron-suficiencia-y-defensa-de-sus-tesis-doctorales\\\/#article\",\"isPartOf\":{\"@id\":\"https:\\\/\\\/www.ucaldas.edu.co\\\/portal\\\/dos-estudiantes-de-la-u-de-caldas-presentaron-suficiencia-y-defensa-de-sus-tesis-doctorales\\\/\"},\"author\":{\"name\":\"ofiprensa\",\"@id\":\"https:\\\/\\\/www.ucaldas.edu.co\\\/portal\\\/#\\\/schema\\\/person\\\/a1b482e23449158b4bc319926c074fdf\"},\"headline\":\"Dos estudiantes de la U. de Caldas presentaron suficiencia y defensa de sus tesis doctorales\",\"datePublished\":\"2011-03-01T15:45:12+00:00\",\"mainEntityOfPage\":{\"@id\":\"https:\\\/\\\/www.ucaldas.edu.co\\\/portal\\\/dos-estudiantes-de-la-u-de-caldas-presentaron-suficiencia-y-defensa-de-sus-tesis-doctorales\\\/\"},\"wordCount\":487,\"publisher\":{\"@id\":\"https:\\\/\\\/www.ucaldas.edu.co\\\/portal\\\/#organization\"},\"image\":{\"@id\":\"https:\\\/\\\/www.ucaldas.edu.co\\\/portal\\\/dos-estudiantes-de-la-u-de-caldas-presentaron-suficiencia-y-defensa-de-sus-tesis-doctorales\\\/#primaryimage\"},\"thumbnailUrl\":\"http:\\\/\\\/www.ucaldas.edu.co\\\/images\\\/tmp\\\/Suficiencia_defensa_tesis_Doctorado.JPG\",\"articleSection\":[\"Actualidad\",\"Universidad al D\u00eda\"],\"inLanguage\":\"es\"},{\"@type\":\"WebPage\",\"@id\":\"https:\\\/\\\/www.ucaldas.edu.co\\\/portal\\\/dos-estudiantes-de-la-u-de-caldas-presentaron-suficiencia-y-defensa-de-sus-tesis-doctorales\\\/\",\"url\":\"https:\\\/\\\/www.ucaldas.edu.co\\\/portal\\\/dos-estudiantes-de-la-u-de-caldas-presentaron-suficiencia-y-defensa-de-sus-tesis-doctorales\\\/\",\"name\":\"Dos estudiantes de la U. de Caldas presentaron suficiencia y defensa de sus tesis doctorales .\",\"isPartOf\":{\"@id\":\"https:\\\/\\\/www.ucaldas.edu.co\\\/portal\\\/#website\"},\"primaryImageOfPage\":{\"@id\":\"https:\\\/\\\/www.ucaldas.edu.co\\\/portal\\\/dos-estudiantes-de-la-u-de-caldas-presentaron-suficiencia-y-defensa-de-sus-tesis-doctorales\\\/#primaryimage\"},\"image\":{\"@id\":\"https:\\\/\\\/www.ucaldas.edu.co\\\/portal\\\/dos-estudiantes-de-la-u-de-caldas-presentaron-suficiencia-y-defensa-de-sus-tesis-doctorales\\\/#primaryimage\"},\"thumbnailUrl\":\"http:\\\/\\\/www.ucaldas.edu.co\\\/images\\\/tmp\\\/Suficiencia_defensa_tesis_Doctorado.JPG\",\"datePublished\":\"2011-03-01T15:45:12+00:00\",\"breadcrumb\":{\"@id\":\"https:\\\/\\\/www.ucaldas.edu.co\\\/portal\\\/dos-estudiantes-de-la-u-de-caldas-presentaron-suficiencia-y-defensa-de-sus-tesis-doctorales\\\/#breadcrumb\"},\"inLanguage\":\"es\",\"potentialAction\":[{\"@type\":\"ReadAction\",\"target\":[\"https:\\\/\\\/www.ucaldas.edu.co\\\/portal\\\/dos-estudiantes-de-la-u-de-caldas-presentaron-suficiencia-y-defensa-de-sus-tesis-doctorales\\\/\"]}]},{\"@type\":\"ImageObject\",\"inLanguage\":\"es\",\"@id\":\"https:\\\/\\\/www.ucaldas.edu.co\\\/portal\\\/dos-estudiantes-de-la-u-de-caldas-presentaron-suficiencia-y-defensa-de-sus-tesis-doctorales\\\/#primaryimage\",\"url\":\"http:\\\/\\\/www.ucaldas.edu.co\\\/images\\\/tmp\\\/Suficiencia_defensa_tesis_Doctorado.JPG\",\"contentUrl\":\"http:\\\/\\\/www.ucaldas.edu.co\\\/images\\\/tmp\\\/Suficiencia_defensa_tesis_Doctorado.JPG\"},{\"@type\":\"BreadcrumbList\",\"@id\":\"https:\\\/\\\/www.ucaldas.edu.co\\\/portal\\\/dos-estudiantes-de-la-u-de-caldas-presentaron-suficiencia-y-defensa-de-sus-tesis-doctorales\\\/#breadcrumb\",\"itemListElement\":[{\"@type\":\"ListItem\",\"position\":1,\"name\":\"Portada\",\"item\":\"https:\\\/\\\/www.ucaldas.edu.co\\\/portal\\\/\"},{\"@type\":\"ListItem\",\"position\":2,\"name\":\"Dos estudiantes de la U. de Caldas presentaron suficiencia y defensa de sus tesis doctorales\"}]},{\"@type\":\"WebSite\",\"@id\":\"https:\\\/\\\/www.ucaldas.edu.co\\\/portal\\\/#website\",\"url\":\"https:\\\/\\\/www.ucaldas.edu.co\\\/portal\\\/\",\"name\":\"Universidad de Caldas\",\"description\":\"\",\"publisher\":{\"@id\":\"https:\\\/\\\/www.ucaldas.edu.co\\\/portal\\\/#organization\"},\"alternateName\":\"U. de Caldas\",\"potentialAction\":[{\"@type\":\"SearchAction\",\"target\":{\"@type\":\"EntryPoint\",\"urlTemplate\":\"https:\\\/\\\/www.ucaldas.edu.co\\\/portal\\\/?s={search_term_string}\"},\"query-input\":{\"@type\":\"PropertyValueSpecification\",\"valueRequired\":true,\"valueName\":\"search_term_string\"}}],\"inLanguage\":\"es\"},{\"@type\":\"Organization\",\"@id\":\"https:\\\/\\\/www.ucaldas.edu.co\\\/portal\\\/#organization\",\"name\":\"Universidad de Caldas\",\"alternateName\":\"U. de Caldas\",\"url\":\"https:\\\/\\\/www.ucaldas.edu.co\\\/portal\\\/\",\"logo\":{\"@type\":\"ImageObject\",\"inLanguage\":\"es\",\"@id\":\"https:\\\/\\\/www.ucaldas.edu.co\\\/portal\\\/#\\\/schema\\\/logo\\\/image\\\/\",\"url\":\"https:\\\/\\\/www.ucaldas.edu.co\\\/portal\\\/wp-content\\\/uploads\\\/2023\\\/11\\\/Logo_horizontal_oscuroU-2023.png\",\"contentUrl\":\"https:\\\/\\\/www.ucaldas.edu.co\\\/portal\\\/wp-content\\\/uploads\\\/2023\\\/11\\\/Logo_horizontal_oscuroU-2023.png\",\"width\":263,\"height\":101,\"caption\":\"Universidad de Caldas\"},\"image\":{\"@id\":\"https:\\\/\\\/www.ucaldas.edu.co\\\/portal\\\/#\\\/schema\\\/logo\\\/image\\\/\"},\"sameAs\":[\"https:\\\/\\\/www.facebook.com\\\/udecaldas\",\"https:\\\/\\\/x.com\\\/udecaldas\",\"https:\\\/\\\/www.youtube.com\\\/universidadcaldas\",\"https:\\\/\\\/www.instagram.com\\\/udecaldas\\\/\"]},{\"@type\":\"Person\",\"@id\":\"https:\\\/\\\/www.ucaldas.edu.co\\\/portal\\\/#\\\/schema\\\/person\\\/a1b482e23449158b4bc319926c074fdf\",\"name\":\"ofiprensa\",\"image\":{\"@type\":\"ImageObject\",\"inLanguage\":\"es\",\"@id\":\"https:\\\/\\\/www.ucaldas.edu.co\\\/portal\\\/wp-content\\\/litespeed\\\/avatar\\\/09ea5085e600095a7a811142c6944527.jpg?ver=1777497608\",\"url\":\"https:\\\/\\\/www.ucaldas.edu.co\\\/portal\\\/wp-content\\\/litespeed\\\/avatar\\\/09ea5085e600095a7a811142c6944527.jpg?ver=1777497608\",\"contentUrl\":\"https:\\\/\\\/www.ucaldas.edu.co\\\/portal\\\/wp-content\\\/litespeed\\\/avatar\\\/09ea5085e600095a7a811142c6944527.jpg?ver=1777497608\",\"caption\":\"ofiprensa\"},\"url\":\"https:\\\/\\\/www.ucaldas.edu.co\\\/portal\\\/author\\\/ofiprensa\\\/\"}]}<\/script>\n<!-- \/ Yoast SEO plugin. -->","yoast_head_json":{"title":"Dos estudiantes de la U. de Caldas presentaron suficiencia y defensa de sus tesis doctorales .","robots":{"index":"index","follow":"follow","max-snippet":"max-snippet:-1","max-image-preview":"max-image-preview:large","max-video-preview":"max-video-preview:-1"},"canonical":"https:\/\/www.ucaldas.edu.co\/portal\/dos-estudiantes-de-la-u-de-caldas-presentaron-suficiencia-y-defensa-de-sus-tesis-doctorales\/","schema":{"@context":"https:\/\/schema.org","@graph":[{"@type":"Article","@id":"https:\/\/www.ucaldas.edu.co\/portal\/dos-estudiantes-de-la-u-de-caldas-presentaron-suficiencia-y-defensa-de-sus-tesis-doctorales\/#article","isPartOf":{"@id":"https:\/\/www.ucaldas.edu.co\/portal\/dos-estudiantes-de-la-u-de-caldas-presentaron-suficiencia-y-defensa-de-sus-tesis-doctorales\/"},"author":{"name":"ofiprensa","@id":"https:\/\/www.ucaldas.edu.co\/portal\/#\/schema\/person\/a1b482e23449158b4bc319926c074fdf"},"headline":"Dos estudiantes de la U. de Caldas presentaron suficiencia y defensa de sus tesis doctorales","datePublished":"2011-03-01T15:45:12+00:00","mainEntityOfPage":{"@id":"https:\/\/www.ucaldas.edu.co\/portal\/dos-estudiantes-de-la-u-de-caldas-presentaron-suficiencia-y-defensa-de-sus-tesis-doctorales\/"},"wordCount":487,"publisher":{"@id":"https:\/\/www.ucaldas.edu.co\/portal\/#organization"},"image":{"@id":"https:\/\/www.ucaldas.edu.co\/portal\/dos-estudiantes-de-la-u-de-caldas-presentaron-suficiencia-y-defensa-de-sus-tesis-doctorales\/#primaryimage"},"thumbnailUrl":"http:\/\/www.ucaldas.edu.co\/images\/tmp\/Suficiencia_defensa_tesis_Doctorado.JPG","articleSection":["Actualidad","Universidad al D\u00eda"],"inLanguage":"es"},{"@type":"WebPage","@id":"https:\/\/www.ucaldas.edu.co\/portal\/dos-estudiantes-de-la-u-de-caldas-presentaron-suficiencia-y-defensa-de-sus-tesis-doctorales\/","url":"https:\/\/www.ucaldas.edu.co\/portal\/dos-estudiantes-de-la-u-de-caldas-presentaron-suficiencia-y-defensa-de-sus-tesis-doctorales\/","name":"Dos estudiantes de la U. de Caldas presentaron suficiencia y defensa de sus tesis doctorales .","isPartOf":{"@id":"https:\/\/www.ucaldas.edu.co\/portal\/#website"},"primaryImageOfPage":{"@id":"https:\/\/www.ucaldas.edu.co\/portal\/dos-estudiantes-de-la-u-de-caldas-presentaron-suficiencia-y-defensa-de-sus-tesis-doctorales\/#primaryimage"},"image":{"@id":"https:\/\/www.ucaldas.edu.co\/portal\/dos-estudiantes-de-la-u-de-caldas-presentaron-suficiencia-y-defensa-de-sus-tesis-doctorales\/#primaryimage"},"thumbnailUrl":"http:\/\/www.ucaldas.edu.co\/images\/tmp\/Suficiencia_defensa_tesis_Doctorado.JPG","datePublished":"2011-03-01T15:45:12+00:00","breadcrumb":{"@id":"https:\/\/www.ucaldas.edu.co\/portal\/dos-estudiantes-de-la-u-de-caldas-presentaron-suficiencia-y-defensa-de-sus-tesis-doctorales\/#breadcrumb"},"inLanguage":"es","potentialAction":[{"@type":"ReadAction","target":["https:\/\/www.ucaldas.edu.co\/portal\/dos-estudiantes-de-la-u-de-caldas-presentaron-suficiencia-y-defensa-de-sus-tesis-doctorales\/"]}]},{"@type":"ImageObject","inLanguage":"es","@id":"https:\/\/www.ucaldas.edu.co\/portal\/dos-estudiantes-de-la-u-de-caldas-presentaron-suficiencia-y-defensa-de-sus-tesis-doctorales\/#primaryimage","url":"http:\/\/www.ucaldas.edu.co\/images\/tmp\/Suficiencia_defensa_tesis_Doctorado.JPG","contentUrl":"http:\/\/www.ucaldas.edu.co\/images\/tmp\/Suficiencia_defensa_tesis_Doctorado.JPG"},{"@type":"BreadcrumbList","@id":"https:\/\/www.ucaldas.edu.co\/portal\/dos-estudiantes-de-la-u-de-caldas-presentaron-suficiencia-y-defensa-de-sus-tesis-doctorales\/#breadcrumb","itemListElement":[{"@type":"ListItem","position":1,"name":"Portada","item":"https:\/\/www.ucaldas.edu.co\/portal\/"},{"@type":"ListItem","position":2,"name":"Dos estudiantes de la U. de Caldas presentaron suficiencia y defensa de sus tesis doctorales"}]},{"@type":"WebSite","@id":"https:\/\/www.ucaldas.edu.co\/portal\/#website","url":"https:\/\/www.ucaldas.edu.co\/portal\/","name":"Universidad de Caldas","description":"","publisher":{"@id":"https:\/\/www.ucaldas.edu.co\/portal\/#organization"},"alternateName":"U. de Caldas","potentialAction":[{"@type":"SearchAction","target":{"@type":"EntryPoint","urlTemplate":"https:\/\/www.ucaldas.edu.co\/portal\/?s={search_term_string}"},"query-input":{"@type":"PropertyValueSpecification","valueRequired":true,"valueName":"search_term_string"}}],"inLanguage":"es"},{"@type":"Organization","@id":"https:\/\/www.ucaldas.edu.co\/portal\/#organization","name":"Universidad de Caldas","alternateName":"U. de Caldas","url":"https:\/\/www.ucaldas.edu.co\/portal\/","logo":{"@type":"ImageObject","inLanguage":"es","@id":"https:\/\/www.ucaldas.edu.co\/portal\/#\/schema\/logo\/image\/","url":"https:\/\/www.ucaldas.edu.co\/portal\/wp-content\/uploads\/2023\/11\/Logo_horizontal_oscuroU-2023.png","contentUrl":"https:\/\/www.ucaldas.edu.co\/portal\/wp-content\/uploads\/2023\/11\/Logo_horizontal_oscuroU-2023.png","width":263,"height":101,"caption":"Universidad de Caldas"},"image":{"@id":"https:\/\/www.ucaldas.edu.co\/portal\/#\/schema\/logo\/image\/"},"sameAs":["https:\/\/www.facebook.com\/udecaldas","https:\/\/x.com\/udecaldas","https:\/\/www.youtube.com\/universidadcaldas","https:\/\/www.instagram.com\/udecaldas\/"]},{"@type":"Person","@id":"https:\/\/www.ucaldas.edu.co\/portal\/#\/schema\/person\/a1b482e23449158b4bc319926c074fdf","name":"ofiprensa","image":{"@type":"ImageObject","inLanguage":"es","@id":"https:\/\/www.ucaldas.edu.co\/portal\/wp-content\/litespeed\/avatar\/09ea5085e600095a7a811142c6944527.jpg?ver=1777497608","url":"https:\/\/www.ucaldas.edu.co\/portal\/wp-content\/litespeed\/avatar\/09ea5085e600095a7a811142c6944527.jpg?ver=1777497608","contentUrl":"https:\/\/www.ucaldas.edu.co\/portal\/wp-content\/litespeed\/avatar\/09ea5085e600095a7a811142c6944527.jpg?ver=1777497608","caption":"ofiprensa"},"url":"https:\/\/www.ucaldas.edu.co\/portal\/author\/ofiprensa\/"}]}},"_links":{"self":[{"href":"https:\/\/www.ucaldas.edu.co\/portal\/wp-json\/wp\/v2\/posts\/7250","targetHints":{"allow":["GET"]}}],"collection":[{"href":"https:\/\/www.ucaldas.edu.co\/portal\/wp-json\/wp\/v2\/posts"}],"about":[{"href":"https:\/\/www.ucaldas.edu.co\/portal\/wp-json\/wp\/v2\/types\/post"}],"author":[{"embeddable":true,"href":"https:\/\/www.ucaldas.edu.co\/portal\/wp-json\/wp\/v2\/users\/2"}],"replies":[{"embeddable":true,"href":"https:\/\/www.ucaldas.edu.co\/portal\/wp-json\/wp\/v2\/comments?post=7250"}],"version-history":[{"count":0,"href":"https:\/\/www.ucaldas.edu.co\/portal\/wp-json\/wp\/v2\/posts\/7250\/revisions"}],"wp:attachment":[{"href":"https:\/\/www.ucaldas.edu.co\/portal\/wp-json\/wp\/v2\/media?parent=7250"}],"wp:term":[{"taxonomy":"category","embeddable":true,"href":"https:\/\/www.ucaldas.edu.co\/portal\/wp-json\/wp\/v2\/categories?post=7250"},{"taxonomy":"post_tag","embeddable":true,"href":"https:\/\/www.ucaldas.edu.co\/portal\/wp-json\/wp\/v2\/tags?post=7250"}],"curies":[{"name":"wp","href":"https:\/\/api.w.org\/{rel}","templated":true}]}}