{"id":72498,"date":"2022-09-19T22:12:09","date_gmt":"2022-09-19T22:12:09","guid":{"rendered":"https:\/\/www.ucaldas.edu.co\/portal\/?p=72498"},"modified":"2022-09-19T22:12:09","modified_gmt":"2022-09-19T22:12:09","slug":"profesionales-colombianos-podran-cursar-becados-programas-de-doctorado-postdoctorado-e-investigacion-en-suiza","status":"publish","type":"post","link":"https:\/\/www.ucaldas.edu.co\/portal\/profesionales-colombianos-podran-cursar-becados-programas-de-doctorado-postdoctorado-e-investigacion-en-suiza\/","title":{"rendered":"Profesionales colombianos podr\u00e1n cursar becados programas de doctorado, postdoctorado e investigaci\u00f3n en Suiza"},"content":{"rendered":"<p><img loading=\"lazy\" decoding=\"async\" class=\"aligncenter size-full wp-image-72499\" src=\"https:\/\/www.ucaldas.edu.co\/portal\/wp-content\/uploads\/2022\/09\/Becas-de-Posgrado-en-Suiza.jpg\" alt=\"La convocatoria se encuentra abierta y cierra su etapa de inscripciones el 14 de octubre. Las solicitudes se deben hacer en www.icetex.gov.co\" width=\"700\" height=\"400\" srcset=\"https:\/\/www.ucaldas.edu.co\/portal\/wp-content\/uploads\/2022\/09\/Becas-de-Posgrado-en-Suiza.jpg 700w, https:\/\/www.ucaldas.edu.co\/portal\/wp-content\/uploads\/2022\/09\/Becas-de-Posgrado-en-Suiza-300x171.jpg 300w\" sizes=\"auto, (max-width: 700px) 100vw, 700px\" \/><\/p>\n<p>&nbsp;<\/p>\n<p>Los profesionales colombianos interesados en adelantar estudios de doctorado, postdoctorado o investigaci\u00f3n en Suiza, podr\u00e1n acceder a becas otorgadas por el gobierno de ese pa\u00eds y el ICETEX.<\/p>\n<p><!--more--><\/p>\n<p>La convocatoria e inscripciones se encuentra abierta hasta el 14 de octubre del 2022 en el portal: <a href=\"http:\/\/www.ictex.gov.co\">www.ictex.gov.co<\/a> y est\u00e1 dirigida a profesionales colombianos nacidos despu\u00e9s de 31 de diciembre de 1987 que cuenten con una maestr\u00eda (para los programas de investigaci\u00f3n y doctorado) o con doctorado (para los programas de posdoctorado) se podr\u00e1n postular para cursar en Suiza programas presenciales.<\/p>\n<p>El programa de becas cubre los gastos de inscripci\u00f3n a la universidad, seguro de salud y tiquete de regreso despu\u00e9s de acabar el periodo de la beca siempre y cuando el candidato no se quede m\u00e1s de 6 meses en Suiza luego de terminado su per\u00edodo de beca. Si el estudiante trabaja para seguir su investigaci\u00f3n o se va a otro pa\u00eds, pierde la opci\u00f3n que cubre el tiquete de regreso. Vale se\u00f1alar que los gastos de inscripci\u00f3n a la universidad en la mayor\u00eda de los casos no ser\u00e1n cobrados, pero s\u00ed lo son el becario tendr\u00e1 que cubrirlos.<\/p>\n<p>La beca adem\u00e1s dispone un estipendio mensual de acuerdo con los estudios que curse el estudiante, el cual est\u00e1 asignado de la siguiente manera:<\/p>\n<ul>\n<li>1920 francos suizos (equivalentes a 1.981 d\u00f3lares) para los estudiantes de investigaci\u00f3n y doctorado.<\/li>\n<li>3500 francos suizos (equivalentes a 3.611 d\u00f3lares) para los estudiantes de posdoctorado.<\/li>\n<\/ul>\n<p>La oferta tambi\u00e9n cubrir\u00e1 los gastos de instalaci\u00f3n, que ser\u00e1n otorgados por una \u00fanica, por un total de 300 francos suizos (que equivalen a 309 d\u00f3lares) para el alojamiento.<\/p>\n<p>En cuanto algunos de los requisitos de postulaci\u00f3n para realizar un doctorado se deben tener en cuenta que las y los aspirantes deben contar con diploma de maestr\u00eda o t\u00edtulo equivalente, haberse graduado antes del 31 de julio de 2023 y tener un proyecto de investigaci\u00f3n con un cronograma y una fecha fija de finalizaci\u00f3n de dicha investigaci\u00f3n.<\/p>\n<p>En cuando a los estudios de posdoctorado, quienes se postulen deben contar con el t\u00edtulo de doctorado y haberlo obtenido despu\u00e9s del 31 de diciembre del 2019 y antes del 31 de julio del 2003 y ser reconocido por la universidad en Suiza, contar con un proyecto de investigaci\u00f3n con cronograma y una fecha fija de finalizaci\u00f3n.<\/p>\n<p>Por su parte, quienes deseen aplicar a la opci\u00f3n de estudios de programas de investigaci\u00f3n deben contar con un diploma de maestr\u00eda o t\u00edtulo equivalente reconocido por la universidad en Suiza, haberse graduado antes del 31 de julio de 2023 y tener un proyecto de investigaci\u00f3n con cronograma y una fecha fija de finalizaci\u00f3n de ese proyecto.<\/p>\n<p>Es importante tener en cuenta que, para ser parte del proceso de preselecci\u00f3n, las y los postulantes deben contar con excelentes antecedentes acad\u00e9micos y desempe\u00f1arse actualmente en alguna \u00e1rea considerada como prioritaria para el desarrollo del pa\u00eds. Recuerde que para esta postulaci\u00f3n el promedio m\u00ednimo de notas universitarias es de 3,7 sobre 5.0, debe tener un excelente dominio del idioma ingl\u00e9s y conocimientos del idioma del cant\u00f3n en donde va a estudiar.<\/p>\n<p><strong>\u00a0<\/strong><\/p>\n<p><strong>Informes: <\/strong>Oficina de Comunicaciones y Prensa Universidad de Caldas.<\/p>\n<p><strong>Redacci\u00f3n:<\/strong> Adriana Salazar Villegas<\/p>\n<p><strong>Etiquetas:<\/strong> becas, suiza, Icetex, posdoctorado, doctorado, investigaci\u00f3n<\/p>\n","protected":false},"excerpt":{"rendered":"<p>&nbsp; Los profesionales colombianos interesados en adelantar estudios de doctorado, postdoctorado o investigaci\u00f3n en Suiza, podr\u00e1n acceder a becas otorgadas por el gobierno de ese pa\u00eds y el ICETEX.<\/p>\n","protected":false},"author":2,"featured_media":72499,"comment_status":"closed","ping_status":"open","sticky":false,"template":"","format":"standard","meta":{"footnotes":""},"categories":[48,53,620],"tags":[],"class_list":["post-72498","post","type-post","status-publish","format-standard","has-post-thumbnail","hentry","category-actualidad","category-universidad-al-dia","category-ucaldas-transparente"],"yoast_head":"<!-- This site is optimized with the Yoast SEO plugin v27.5 - https:\/\/yoast.com\/product\/yoast-seo-wordpress\/ -->\n<title>Profesionales colombianos podr\u00e1n cursar becados programas de doctorado, postdoctorado e investigaci\u00f3n en Suiza .<\/title>\n<meta name=\"robots\" content=\"index, follow, max-snippet:-1, max-image-preview:large, max-video-preview:-1\" \/>\n<link rel=\"canonical\" href=\"https:\/\/www.ucaldas.edu.co\/portal\/profesionales-colombianos-podran-cursar-becados-programas-de-doctorado-postdoctorado-e-investigacion-en-suiza\/\" \/>\n<script type=\"application\/ld+json\" class=\"yoast-schema-graph\">{\"@context\":\"https:\\\/\\\/schema.org\",\"@graph\":[{\"@type\":\"Article\",\"@id\":\"https:\\\/\\\/www.ucaldas.edu.co\\\/portal\\\/profesionales-colombianos-podran-cursar-becados-programas-de-doctorado-postdoctorado-e-investigacion-en-suiza\\\/#article\",\"isPartOf\":{\"@id\":\"https:\\\/\\\/www.ucaldas.edu.co\\\/portal\\\/profesionales-colombianos-podran-cursar-becados-programas-de-doctorado-postdoctorado-e-investigacion-en-suiza\\\/\"},\"author\":{\"name\":\"ofiprensa\",\"@id\":\"https:\\\/\\\/www.ucaldas.edu.co\\\/portal\\\/#\\\/schema\\\/person\\\/a1b482e23449158b4bc319926c074fdf\"},\"headline\":\"Profesionales colombianos podr\u00e1n cursar becados programas de doctorado, postdoctorado e investigaci\u00f3n en Suiza\",\"datePublished\":\"2022-09-19T22:12:09+00:00\",\"mainEntityOfPage\":{\"@id\":\"https:\\\/\\\/www.ucaldas.edu.co\\\/portal\\\/profesionales-colombianos-podran-cursar-becados-programas-de-doctorado-postdoctorado-e-investigacion-en-suiza\\\/\"},\"wordCount\":581,\"publisher\":{\"@id\":\"https:\\\/\\\/www.ucaldas.edu.co\\\/portal\\\/#organization\"},\"image\":{\"@id\":\"https:\\\/\\\/www.ucaldas.edu.co\\\/portal\\\/profesionales-colombianos-podran-cursar-becados-programas-de-doctorado-postdoctorado-e-investigacion-en-suiza\\\/#primaryimage\"},\"thumbnailUrl\":\"https:\\\/\\\/www.ucaldas.edu.co\\\/portal\\\/wp-content\\\/uploads\\\/2022\\\/09\\\/Becas-de-Posgrado-en-Suiza.jpg\",\"articleSection\":[\"Actualidad\",\"Universidad al D\u00eda\",\"UCaldas Transparente\"],\"inLanguage\":\"es\"},{\"@type\":\"WebPage\",\"@id\":\"https:\\\/\\\/www.ucaldas.edu.co\\\/portal\\\/profesionales-colombianos-podran-cursar-becados-programas-de-doctorado-postdoctorado-e-investigacion-en-suiza\\\/\",\"url\":\"https:\\\/\\\/www.ucaldas.edu.co\\\/portal\\\/profesionales-colombianos-podran-cursar-becados-programas-de-doctorado-postdoctorado-e-investigacion-en-suiza\\\/\",\"name\":\"Profesionales colombianos podr\u00e1n cursar becados programas de doctorado, postdoctorado e investigaci\u00f3n en Suiza .\",\"isPartOf\":{\"@id\":\"https:\\\/\\\/www.ucaldas.edu.co\\\/portal\\\/#website\"},\"primaryImageOfPage\":{\"@id\":\"https:\\\/\\\/www.ucaldas.edu.co\\\/portal\\\/profesionales-colombianos-podran-cursar-becados-programas-de-doctorado-postdoctorado-e-investigacion-en-suiza\\\/#primaryimage\"},\"image\":{\"@id\":\"https:\\\/\\\/www.ucaldas.edu.co\\\/portal\\\/profesionales-colombianos-podran-cursar-becados-programas-de-doctorado-postdoctorado-e-investigacion-en-suiza\\\/#primaryimage\"},\"thumbnailUrl\":\"https:\\\/\\\/www.ucaldas.edu.co\\\/portal\\\/wp-content\\\/uploads\\\/2022\\\/09\\\/Becas-de-Posgrado-en-Suiza.jpg\",\"datePublished\":\"2022-09-19T22:12:09+00:00\",\"breadcrumb\":{\"@id\":\"https:\\\/\\\/www.ucaldas.edu.co\\\/portal\\\/profesionales-colombianos-podran-cursar-becados-programas-de-doctorado-postdoctorado-e-investigacion-en-suiza\\\/#breadcrumb\"},\"inLanguage\":\"es\",\"potentialAction\":[{\"@type\":\"ReadAction\",\"target\":[\"https:\\\/\\\/www.ucaldas.edu.co\\\/portal\\\/profesionales-colombianos-podran-cursar-becados-programas-de-doctorado-postdoctorado-e-investigacion-en-suiza\\\/\"]}]},{\"@type\":\"ImageObject\",\"inLanguage\":\"es\",\"@id\":\"https:\\\/\\\/www.ucaldas.edu.co\\\/portal\\\/profesionales-colombianos-podran-cursar-becados-programas-de-doctorado-postdoctorado-e-investigacion-en-suiza\\\/#primaryimage\",\"url\":\"https:\\\/\\\/www.ucaldas.edu.co\\\/portal\\\/wp-content\\\/uploads\\\/2022\\\/09\\\/Becas-de-Posgrado-en-Suiza.jpg\",\"contentUrl\":\"https:\\\/\\\/www.ucaldas.edu.co\\\/portal\\\/wp-content\\\/uploads\\\/2022\\\/09\\\/Becas-de-Posgrado-en-Suiza.jpg\",\"width\":700,\"height\":400,\"caption\":\"La convocatoria se encuentra abierta y cierra su etapa de inscripciones el 14 de octubre. Las solicitudes se deben hacer en www.icetex.gov.co\"},{\"@type\":\"BreadcrumbList\",\"@id\":\"https:\\\/\\\/www.ucaldas.edu.co\\\/portal\\\/profesionales-colombianos-podran-cursar-becados-programas-de-doctorado-postdoctorado-e-investigacion-en-suiza\\\/#breadcrumb\",\"itemListElement\":[{\"@type\":\"ListItem\",\"position\":1,\"name\":\"Portada\",\"item\":\"https:\\\/\\\/www.ucaldas.edu.co\\\/portal\\\/\"},{\"@type\":\"ListItem\",\"position\":2,\"name\":\"Profesionales colombianos podr\u00e1n cursar becados programas de doctorado, postdoctorado e investigaci\u00f3n en Suiza\"}]},{\"@type\":\"WebSite\",\"@id\":\"https:\\\/\\\/www.ucaldas.edu.co\\\/portal\\\/#website\",\"url\":\"https:\\\/\\\/www.ucaldas.edu.co\\\/portal\\\/\",\"name\":\"Universidad de Caldas\",\"description\":\"\",\"publisher\":{\"@id\":\"https:\\\/\\\/www.ucaldas.edu.co\\\/portal\\\/#organization\"},\"alternateName\":\"U. de Caldas\",\"potentialAction\":[{\"@type\":\"SearchAction\",\"target\":{\"@type\":\"EntryPoint\",\"urlTemplate\":\"https:\\\/\\\/www.ucaldas.edu.co\\\/portal\\\/?s={search_term_string}\"},\"query-input\":{\"@type\":\"PropertyValueSpecification\",\"valueRequired\":true,\"valueName\":\"search_term_string\"}}],\"inLanguage\":\"es\"},{\"@type\":\"Organization\",\"@id\":\"https:\\\/\\\/www.ucaldas.edu.co\\\/portal\\\/#organization\",\"name\":\"Universidad de Caldas\",\"alternateName\":\"U. de Caldas\",\"url\":\"https:\\\/\\\/www.ucaldas.edu.co\\\/portal\\\/\",\"logo\":{\"@type\":\"ImageObject\",\"inLanguage\":\"es\",\"@id\":\"https:\\\/\\\/www.ucaldas.edu.co\\\/portal\\\/#\\\/schema\\\/logo\\\/image\\\/\",\"url\":\"https:\\\/\\\/www.ucaldas.edu.co\\\/portal\\\/wp-content\\\/uploads\\\/2023\\\/11\\\/Logo_horizontal_oscuroU-2023.png\",\"contentUrl\":\"https:\\\/\\\/www.ucaldas.edu.co\\\/portal\\\/wp-content\\\/uploads\\\/2023\\\/11\\\/Logo_horizontal_oscuroU-2023.png\",\"width\":263,\"height\":101,\"caption\":\"Universidad de Caldas\"},\"image\":{\"@id\":\"https:\\\/\\\/www.ucaldas.edu.co\\\/portal\\\/#\\\/schema\\\/logo\\\/image\\\/\"},\"sameAs\":[\"https:\\\/\\\/www.facebook.com\\\/udecaldas\",\"https:\\\/\\\/x.com\\\/udecaldas\",\"https:\\\/\\\/www.youtube.com\\\/universidadcaldas\",\"https:\\\/\\\/www.instagram.com\\\/udecaldas\\\/\"]},{\"@type\":\"Person\",\"@id\":\"https:\\\/\\\/www.ucaldas.edu.co\\\/portal\\\/#\\\/schema\\\/person\\\/a1b482e23449158b4bc319926c074fdf\",\"name\":\"ofiprensa\",\"image\":{\"@type\":\"ImageObject\",\"inLanguage\":\"es\",\"@id\":\"https:\\\/\\\/www.ucaldas.edu.co\\\/portal\\\/wp-content\\\/litespeed\\\/avatar\\\/09ea5085e600095a7a811142c6944527.jpg?ver=1777497608\",\"url\":\"https:\\\/\\\/www.ucaldas.edu.co\\\/portal\\\/wp-content\\\/litespeed\\\/avatar\\\/09ea5085e600095a7a811142c6944527.jpg?ver=1777497608\",\"contentUrl\":\"https:\\\/\\\/www.ucaldas.edu.co\\\/portal\\\/wp-content\\\/litespeed\\\/avatar\\\/09ea5085e600095a7a811142c6944527.jpg?ver=1777497608\",\"caption\":\"ofiprensa\"},\"url\":\"https:\\\/\\\/www.ucaldas.edu.co\\\/portal\\\/author\\\/ofiprensa\\\/\"}]}<\/script>\n<!-- \/ Yoast SEO plugin. -->","yoast_head_json":{"title":"Profesionales colombianos podr\u00e1n cursar becados programas de doctorado, postdoctorado e investigaci\u00f3n en Suiza .","robots":{"index":"index","follow":"follow","max-snippet":"max-snippet:-1","max-image-preview":"max-image-preview:large","max-video-preview":"max-video-preview:-1"},"canonical":"https:\/\/www.ucaldas.edu.co\/portal\/profesionales-colombianos-podran-cursar-becados-programas-de-doctorado-postdoctorado-e-investigacion-en-suiza\/","schema":{"@context":"https:\/\/schema.org","@graph":[{"@type":"Article","@id":"https:\/\/www.ucaldas.edu.co\/portal\/profesionales-colombianos-podran-cursar-becados-programas-de-doctorado-postdoctorado-e-investigacion-en-suiza\/#article","isPartOf":{"@id":"https:\/\/www.ucaldas.edu.co\/portal\/profesionales-colombianos-podran-cursar-becados-programas-de-doctorado-postdoctorado-e-investigacion-en-suiza\/"},"author":{"name":"ofiprensa","@id":"https:\/\/www.ucaldas.edu.co\/portal\/#\/schema\/person\/a1b482e23449158b4bc319926c074fdf"},"headline":"Profesionales colombianos podr\u00e1n cursar becados programas de doctorado, postdoctorado e investigaci\u00f3n en Suiza","datePublished":"2022-09-19T22:12:09+00:00","mainEntityOfPage":{"@id":"https:\/\/www.ucaldas.edu.co\/portal\/profesionales-colombianos-podran-cursar-becados-programas-de-doctorado-postdoctorado-e-investigacion-en-suiza\/"},"wordCount":581,"publisher":{"@id":"https:\/\/www.ucaldas.edu.co\/portal\/#organization"},"image":{"@id":"https:\/\/www.ucaldas.edu.co\/portal\/profesionales-colombianos-podran-cursar-becados-programas-de-doctorado-postdoctorado-e-investigacion-en-suiza\/#primaryimage"},"thumbnailUrl":"https:\/\/www.ucaldas.edu.co\/portal\/wp-content\/uploads\/2022\/09\/Becas-de-Posgrado-en-Suiza.jpg","articleSection":["Actualidad","Universidad al D\u00eda","UCaldas Transparente"],"inLanguage":"es"},{"@type":"WebPage","@id":"https:\/\/www.ucaldas.edu.co\/portal\/profesionales-colombianos-podran-cursar-becados-programas-de-doctorado-postdoctorado-e-investigacion-en-suiza\/","url":"https:\/\/www.ucaldas.edu.co\/portal\/profesionales-colombianos-podran-cursar-becados-programas-de-doctorado-postdoctorado-e-investigacion-en-suiza\/","name":"Profesionales colombianos podr\u00e1n cursar becados programas de doctorado, postdoctorado e investigaci\u00f3n en Suiza .","isPartOf":{"@id":"https:\/\/www.ucaldas.edu.co\/portal\/#website"},"primaryImageOfPage":{"@id":"https:\/\/www.ucaldas.edu.co\/portal\/profesionales-colombianos-podran-cursar-becados-programas-de-doctorado-postdoctorado-e-investigacion-en-suiza\/#primaryimage"},"image":{"@id":"https:\/\/www.ucaldas.edu.co\/portal\/profesionales-colombianos-podran-cursar-becados-programas-de-doctorado-postdoctorado-e-investigacion-en-suiza\/#primaryimage"},"thumbnailUrl":"https:\/\/www.ucaldas.edu.co\/portal\/wp-content\/uploads\/2022\/09\/Becas-de-Posgrado-en-Suiza.jpg","datePublished":"2022-09-19T22:12:09+00:00","breadcrumb":{"@id":"https:\/\/www.ucaldas.edu.co\/portal\/profesionales-colombianos-podran-cursar-becados-programas-de-doctorado-postdoctorado-e-investigacion-en-suiza\/#breadcrumb"},"inLanguage":"es","potentialAction":[{"@type":"ReadAction","target":["https:\/\/www.ucaldas.edu.co\/portal\/profesionales-colombianos-podran-cursar-becados-programas-de-doctorado-postdoctorado-e-investigacion-en-suiza\/"]}]},{"@type":"ImageObject","inLanguage":"es","@id":"https:\/\/www.ucaldas.edu.co\/portal\/profesionales-colombianos-podran-cursar-becados-programas-de-doctorado-postdoctorado-e-investigacion-en-suiza\/#primaryimage","url":"https:\/\/www.ucaldas.edu.co\/portal\/wp-content\/uploads\/2022\/09\/Becas-de-Posgrado-en-Suiza.jpg","contentUrl":"https:\/\/www.ucaldas.edu.co\/portal\/wp-content\/uploads\/2022\/09\/Becas-de-Posgrado-en-Suiza.jpg","width":700,"height":400,"caption":"La convocatoria se encuentra abierta y cierra su etapa de inscripciones el 14 de octubre. Las solicitudes se deben hacer en www.icetex.gov.co"},{"@type":"BreadcrumbList","@id":"https:\/\/www.ucaldas.edu.co\/portal\/profesionales-colombianos-podran-cursar-becados-programas-de-doctorado-postdoctorado-e-investigacion-en-suiza\/#breadcrumb","itemListElement":[{"@type":"ListItem","position":1,"name":"Portada","item":"https:\/\/www.ucaldas.edu.co\/portal\/"},{"@type":"ListItem","position":2,"name":"Profesionales colombianos podr\u00e1n cursar becados programas de doctorado, postdoctorado e investigaci\u00f3n en Suiza"}]},{"@type":"WebSite","@id":"https:\/\/www.ucaldas.edu.co\/portal\/#website","url":"https:\/\/www.ucaldas.edu.co\/portal\/","name":"Universidad de Caldas","description":"","publisher":{"@id":"https:\/\/www.ucaldas.edu.co\/portal\/#organization"},"alternateName":"U. de Caldas","potentialAction":[{"@type":"SearchAction","target":{"@type":"EntryPoint","urlTemplate":"https:\/\/www.ucaldas.edu.co\/portal\/?s={search_term_string}"},"query-input":{"@type":"PropertyValueSpecification","valueRequired":true,"valueName":"search_term_string"}}],"inLanguage":"es"},{"@type":"Organization","@id":"https:\/\/www.ucaldas.edu.co\/portal\/#organization","name":"Universidad de Caldas","alternateName":"U. de Caldas","url":"https:\/\/www.ucaldas.edu.co\/portal\/","logo":{"@type":"ImageObject","inLanguage":"es","@id":"https:\/\/www.ucaldas.edu.co\/portal\/#\/schema\/logo\/image\/","url":"https:\/\/www.ucaldas.edu.co\/portal\/wp-content\/uploads\/2023\/11\/Logo_horizontal_oscuroU-2023.png","contentUrl":"https:\/\/www.ucaldas.edu.co\/portal\/wp-content\/uploads\/2023\/11\/Logo_horizontal_oscuroU-2023.png","width":263,"height":101,"caption":"Universidad de Caldas"},"image":{"@id":"https:\/\/www.ucaldas.edu.co\/portal\/#\/schema\/logo\/image\/"},"sameAs":["https:\/\/www.facebook.com\/udecaldas","https:\/\/x.com\/udecaldas","https:\/\/www.youtube.com\/universidadcaldas","https:\/\/www.instagram.com\/udecaldas\/"]},{"@type":"Person","@id":"https:\/\/www.ucaldas.edu.co\/portal\/#\/schema\/person\/a1b482e23449158b4bc319926c074fdf","name":"ofiprensa","image":{"@type":"ImageObject","inLanguage":"es","@id":"https:\/\/www.ucaldas.edu.co\/portal\/wp-content\/litespeed\/avatar\/09ea5085e600095a7a811142c6944527.jpg?ver=1777497608","url":"https:\/\/www.ucaldas.edu.co\/portal\/wp-content\/litespeed\/avatar\/09ea5085e600095a7a811142c6944527.jpg?ver=1777497608","contentUrl":"https:\/\/www.ucaldas.edu.co\/portal\/wp-content\/litespeed\/avatar\/09ea5085e600095a7a811142c6944527.jpg?ver=1777497608","caption":"ofiprensa"},"url":"https:\/\/www.ucaldas.edu.co\/portal\/author\/ofiprensa\/"}]}},"_links":{"self":[{"href":"https:\/\/www.ucaldas.edu.co\/portal\/wp-json\/wp\/v2\/posts\/72498","targetHints":{"allow":["GET"]}}],"collection":[{"href":"https:\/\/www.ucaldas.edu.co\/portal\/wp-json\/wp\/v2\/posts"}],"about":[{"href":"https:\/\/www.ucaldas.edu.co\/portal\/wp-json\/wp\/v2\/types\/post"}],"author":[{"embeddable":true,"href":"https:\/\/www.ucaldas.edu.co\/portal\/wp-json\/wp\/v2\/users\/2"}],"replies":[{"embeddable":true,"href":"https:\/\/www.ucaldas.edu.co\/portal\/wp-json\/wp\/v2\/comments?post=72498"}],"version-history":[{"count":0,"href":"https:\/\/www.ucaldas.edu.co\/portal\/wp-json\/wp\/v2\/posts\/72498\/revisions"}],"wp:featuredmedia":[{"embeddable":true,"href":"https:\/\/www.ucaldas.edu.co\/portal\/wp-json\/wp\/v2\/media\/72499"}],"wp:attachment":[{"href":"https:\/\/www.ucaldas.edu.co\/portal\/wp-json\/wp\/v2\/media?parent=72498"}],"wp:term":[{"taxonomy":"category","embeddable":true,"href":"https:\/\/www.ucaldas.edu.co\/portal\/wp-json\/wp\/v2\/categories?post=72498"},{"taxonomy":"post_tag","embeddable":true,"href":"https:\/\/www.ucaldas.edu.co\/portal\/wp-json\/wp\/v2\/tags?post=72498"}],"curies":[{"name":"wp","href":"https:\/\/api.w.org\/{rel}","templated":true}]}}