{"id":72485,"date":"2022-09-19T21:40:21","date_gmt":"2022-09-19T21:40:21","guid":{"rendered":"https:\/\/www.ucaldas.edu.co\/portal\/?p=72485"},"modified":"2022-09-20T15:32:40","modified_gmt":"2022-09-20T15:32:40","slug":"convocatoria-al-programa-para-las-mujeres-en-la-ciencia-colombia","status":"publish","type":"post","link":"https:\/\/www.ucaldas.edu.co\/portal\/convocatoria-al-programa-para-las-mujeres-en-la-ciencia-colombia\/","title":{"rendered":"Post\u00falese en la convocatoria: \u00abPara las Mujeres en la Ciencia Colombia\u00bb"},"content":{"rendered":"<p><img loading=\"lazy\" decoding=\"async\" class=\"aligncenter size-full wp-image-72486\" src=\"https:\/\/www.ucaldas.edu.co\/portal\/wp-content\/uploads\/2022\/09\/Diseno-sin-titulo-6.jpg\" alt=\"La edici\u00f3n 2022 del galard\u00f3n, que le apuesta a la equidad de g\u00e9nero desde la ciencia, cuenta con el apoyo de la UNESCO y el liderazgo del Ministerio de Ciencia, Tecnolog\u00eda e Innovaci\u00f3n (Minciencias), el ICETEX, L\u2019Or\u00e9al y la Secretar\u00eda Ejecutiva de la Comisi\u00f3n Nacional de Cooperaci\u00f3n con la UNESCO.\" width=\"700\" height=\"400\" srcset=\"https:\/\/www.ucaldas.edu.co\/portal\/wp-content\/uploads\/2022\/09\/Diseno-sin-titulo-6.jpg 700w, https:\/\/www.ucaldas.edu.co\/portal\/wp-content\/uploads\/2022\/09\/Diseno-sin-titulo-6-300x171.jpg 300w\" sizes=\"auto, (max-width: 700px) 100vw, 700px\" \/><\/p>\n<p>Con el objetivo de impulsar y reconocer el trabajo realizado por las cient\u00edficas colombianas, que dan ejemplo de c\u00f3mo romper la limitaci\u00f3n del ascenso laboral dentro de las organizaciones \u2018techo de cristal\u2019 en nuestro pa\u00eds,\u00a0 y permitir la participaci\u00f3n de las mujeres en la ciencia, L\u2019Or\u00e9al Colombia, el Ministerio de Ciencia, Tecnolog\u00eda e Innovaci\u00f3n, ICETEX y la Secretar\u00eda Ejecutiva de la Comisi\u00f3n Nacional de Cooperaci\u00f3n con la UNESCO., lideran la convocatoria al programa \u2018Para las Mujeres en la Ciencia Colombia\u2019, que en esta oportunidad otorgar\u00e1 6 becas, cada una por un valor de $40 millones.<\/p>\n<p><!--more--><\/p>\n<p>La convocatoria est\u00e1 dirigida a mujeres colombianas que viven actualmente en el pa\u00eds, cursen doctorados o realicen una estancia posdoctoral. Las aspirantes deben llevar como m\u00ednimo un a\u00f1o en la realizaci\u00f3n de sus estudios. Adicionalmente, deben estar adelantando una investigaci\u00f3n en una entidad p\u00fablica o privada.<\/p>\n<p>Esta iniciativa se enmarca en un contexto de formaci\u00f3n acad\u00e9mica. De acuerdo con las bases de datos del Sistema Nacional de Informaci\u00f3n de la Educaci\u00f3n Superior (SNIES) del Ministerio de Educaci\u00f3n, el n\u00famero de graduados en carreras vinculadas con la ciencia, la tecnolog\u00eda, la ingenier\u00eda y las matem\u00e1ticas (STEM por sus siglas en ingl\u00e9s) ha aumentado en el pa\u00eds de manera desequilibrada, generando una brecha de g\u00e9nero.<\/p>\n<p>La convocatoria estar\u00e1 abierta hasta el pr\u00f3ximo 30 de septiembre de 2022, las cient\u00edficas colombianas interesadas en participar podr\u00e1n postularse a trav\u00e9s de la plataforma <strong><a href=\"https:\/\/www.forwomeninscience.com\/\">https:\/\/www.forwomeninscience.com\/<\/a><\/strong><\/p>\n<p>Para que la aplicaci\u00f3n sea efectiva, las candidatas deben cumplir con los siguientes requisitos:<\/p>\n<p>\u2714 Haber obtenido un buen rendimiento acad\u00e9mico en su pregrado y posgrado. Deber\u00e1 acreditar un promedio general acumulado a partir de 4.0 al momento de su postulaci\u00f3n.<\/p>\n<p>\u2714 Tener un t\u00edtulo de doctorado o ser estudiante activa de doctorado, con al menos un a\u00f1o en curso en el programa al momento de realizar la postulaci\u00f3n.<\/p>\n<p>\u2714 La participante debe estar vinculada a una entidad p\u00fablica o privada que haga parte del Sistema Nacional de Ciencia, Tecnolog\u00eda e Innovaci\u00f3n (SNCTeI).<\/p>\n<p><strong>PARA DESTACAR:<\/strong><\/p>\n<p>L\u2019Oreal y la UNESCO establecieron en 1998 el programa L\u2019Oreal \u2013 UNESCO \u2018For Women in Science\u2019 con el objetivo de promover el papel de la mujer en la ciencia en todo el mundo. Desde entonces, el programa ha sido lanzado a escala mundial, con el apoyo de las Comisiones Nacionales de Cooperaci\u00f3n con la UNESCO, las autoridades cient\u00edficas locales y el p\u00fablico a quien se dirige. El programa nacional de becas \u2018Para las Mujeres en la Ciencia\u2019 L\u2019Oreal \u2013 UNESCO se inici\u00f3 en Colombia en el 2009.<\/p>\n<p><strong>Informes: <\/strong>Oficina de Comunicaciones y Prensa Universidad de Caldas.<br \/>\n<strong>Redacci\u00f3n:<\/strong> Adriana Salazar Villegas<\/p>\n","protected":false},"excerpt":{"rendered":"<p>Con el objetivo de impulsar y reconocer el trabajo realizado por las cient\u00edficas colombianas, que dan ejemplo de c\u00f3mo romper la limitaci\u00f3n del ascenso laboral dentro de las organizaciones \u2018techo de cristal\u2019 en nuestro pa\u00eds,\u00a0 y permitir la participaci\u00f3n de las mujeres en la ciencia, L\u2019Or\u00e9al Colombia, el Ministerio de Ciencia, Tecnolog\u00eda e Innovaci\u00f3n, ICETEX [&hellip;]<\/p>\n","protected":false},"author":2,"featured_media":72486,"comment_status":"closed","ping_status":"open","sticky":false,"template":"","format":"standard","meta":{"footnotes":""},"categories":[48,53,620],"tags":[130,363,642,2423,4438,9096],"class_list":["post-72485","post","type-post","status-publish","format-standard","has-post-thumbnail","hentry","category-actualidad","category-universidad-al-dia","category-ucaldas-transparente","tag-ciencia","tag-innovacion","tag-tecnologia","tag-mujeres","tag-unesco","tag-loreal"],"yoast_head":"<!-- This site is optimized with the Yoast SEO plugin v27.5 - https:\/\/yoast.com\/product\/yoast-seo-wordpress\/ -->\n<title>Post\u00falese en la convocatoria: &quot;Para las Mujeres en la Ciencia Colombia&quot; .<\/title>\n<meta name=\"robots\" content=\"index, follow, max-snippet:-1, max-image-preview:large, max-video-preview:-1\" \/>\n<link rel=\"canonical\" href=\"https:\/\/www.ucaldas.edu.co\/portal\/convocatoria-al-programa-para-las-mujeres-en-la-ciencia-colombia\/\" \/>\n<script type=\"application\/ld+json\" class=\"yoast-schema-graph\">{\"@context\":\"https:\\\/\\\/schema.org\",\"@graph\":[{\"@type\":\"Article\",\"@id\":\"https:\\\/\\\/www.ucaldas.edu.co\\\/portal\\\/convocatoria-al-programa-para-las-mujeres-en-la-ciencia-colombia\\\/#article\",\"isPartOf\":{\"@id\":\"https:\\\/\\\/www.ucaldas.edu.co\\\/portal\\\/convocatoria-al-programa-para-las-mujeres-en-la-ciencia-colombia\\\/\"},\"author\":{\"name\":\"ofiprensa\",\"@id\":\"https:\\\/\\\/www.ucaldas.edu.co\\\/portal\\\/#\\\/schema\\\/person\\\/a1b482e23449158b4bc319926c074fdf\"},\"headline\":\"Post\u00falese en la convocatoria: \u00abPara las Mujeres en la Ciencia Colombia\u00bb\",\"datePublished\":\"2022-09-19T21:40:21+00:00\",\"dateModified\":\"2022-09-20T15:32:40+00:00\",\"mainEntityOfPage\":{\"@id\":\"https:\\\/\\\/www.ucaldas.edu.co\\\/portal\\\/convocatoria-al-programa-para-las-mujeres-en-la-ciencia-colombia\\\/\"},\"wordCount\":482,\"publisher\":{\"@id\":\"https:\\\/\\\/www.ucaldas.edu.co\\\/portal\\\/#organization\"},\"image\":{\"@id\":\"https:\\\/\\\/www.ucaldas.edu.co\\\/portal\\\/convocatoria-al-programa-para-las-mujeres-en-la-ciencia-colombia\\\/#primaryimage\"},\"thumbnailUrl\":\"https:\\\/\\\/www.ucaldas.edu.co\\\/portal\\\/wp-content\\\/uploads\\\/2022\\\/09\\\/Diseno-sin-titulo-6.jpg\",\"keywords\":[\"ciencia\",\"innovaci\u00f3n\",\"tecnolog\u00eda\",\"mujeres\",\"UNESCO\",\"L\u2019Oreal\"],\"articleSection\":[\"Actualidad\",\"Universidad al D\u00eda\",\"UCaldas Transparente\"],\"inLanguage\":\"es\"},{\"@type\":\"WebPage\",\"@id\":\"https:\\\/\\\/www.ucaldas.edu.co\\\/portal\\\/convocatoria-al-programa-para-las-mujeres-en-la-ciencia-colombia\\\/\",\"url\":\"https:\\\/\\\/www.ucaldas.edu.co\\\/portal\\\/convocatoria-al-programa-para-las-mujeres-en-la-ciencia-colombia\\\/\",\"name\":\"Post\u00falese en la convocatoria: \\\"Para las Mujeres en la Ciencia Colombia\\\" .\",\"isPartOf\":{\"@id\":\"https:\\\/\\\/www.ucaldas.edu.co\\\/portal\\\/#website\"},\"primaryImageOfPage\":{\"@id\":\"https:\\\/\\\/www.ucaldas.edu.co\\\/portal\\\/convocatoria-al-programa-para-las-mujeres-en-la-ciencia-colombia\\\/#primaryimage\"},\"image\":{\"@id\":\"https:\\\/\\\/www.ucaldas.edu.co\\\/portal\\\/convocatoria-al-programa-para-las-mujeres-en-la-ciencia-colombia\\\/#primaryimage\"},\"thumbnailUrl\":\"https:\\\/\\\/www.ucaldas.edu.co\\\/portal\\\/wp-content\\\/uploads\\\/2022\\\/09\\\/Diseno-sin-titulo-6.jpg\",\"datePublished\":\"2022-09-19T21:40:21+00:00\",\"dateModified\":\"2022-09-20T15:32:40+00:00\",\"breadcrumb\":{\"@id\":\"https:\\\/\\\/www.ucaldas.edu.co\\\/portal\\\/convocatoria-al-programa-para-las-mujeres-en-la-ciencia-colombia\\\/#breadcrumb\"},\"inLanguage\":\"es\",\"potentialAction\":[{\"@type\":\"ReadAction\",\"target\":[\"https:\\\/\\\/www.ucaldas.edu.co\\\/portal\\\/convocatoria-al-programa-para-las-mujeres-en-la-ciencia-colombia\\\/\"]}]},{\"@type\":\"ImageObject\",\"inLanguage\":\"es\",\"@id\":\"https:\\\/\\\/www.ucaldas.edu.co\\\/portal\\\/convocatoria-al-programa-para-las-mujeres-en-la-ciencia-colombia\\\/#primaryimage\",\"url\":\"https:\\\/\\\/www.ucaldas.edu.co\\\/portal\\\/wp-content\\\/uploads\\\/2022\\\/09\\\/Diseno-sin-titulo-6.jpg\",\"contentUrl\":\"https:\\\/\\\/www.ucaldas.edu.co\\\/portal\\\/wp-content\\\/uploads\\\/2022\\\/09\\\/Diseno-sin-titulo-6.jpg\",\"width\":700,\"height\":400,\"caption\":\"La edici\u00f3n 2022 del galard\u00f3n, que le apuesta a la equidad de g\u00e9nero desde la ciencia, cuenta con el apoyo de la UNESCO y el liderazgo del Ministerio de Ciencia, Tecnolog\u00eda e Innovaci\u00f3n (Minciencias), el ICETEX, L\u2019Or\u00e9al y la Secretar\u00eda Ejecutiva de la Comisi\u00f3n Nacional de Cooperaci\u00f3n con la UNESCO.\"},{\"@type\":\"BreadcrumbList\",\"@id\":\"https:\\\/\\\/www.ucaldas.edu.co\\\/portal\\\/convocatoria-al-programa-para-las-mujeres-en-la-ciencia-colombia\\\/#breadcrumb\",\"itemListElement\":[{\"@type\":\"ListItem\",\"position\":1,\"name\":\"Portada\",\"item\":\"https:\\\/\\\/www.ucaldas.edu.co\\\/portal\\\/\"},{\"@type\":\"ListItem\",\"position\":2,\"name\":\"Post\u00falese en la convocatoria: \u00abPara las Mujeres en la Ciencia Colombia\u00bb\"}]},{\"@type\":\"WebSite\",\"@id\":\"https:\\\/\\\/www.ucaldas.edu.co\\\/portal\\\/#website\",\"url\":\"https:\\\/\\\/www.ucaldas.edu.co\\\/portal\\\/\",\"name\":\"Universidad de Caldas\",\"description\":\"\",\"publisher\":{\"@id\":\"https:\\\/\\\/www.ucaldas.edu.co\\\/portal\\\/#organization\"},\"alternateName\":\"U. de Caldas\",\"potentialAction\":[{\"@type\":\"SearchAction\",\"target\":{\"@type\":\"EntryPoint\",\"urlTemplate\":\"https:\\\/\\\/www.ucaldas.edu.co\\\/portal\\\/?s={search_term_string}\"},\"query-input\":{\"@type\":\"PropertyValueSpecification\",\"valueRequired\":true,\"valueName\":\"search_term_string\"}}],\"inLanguage\":\"es\"},{\"@type\":\"Organization\",\"@id\":\"https:\\\/\\\/www.ucaldas.edu.co\\\/portal\\\/#organization\",\"name\":\"Universidad de Caldas\",\"alternateName\":\"U. de Caldas\",\"url\":\"https:\\\/\\\/www.ucaldas.edu.co\\\/portal\\\/\",\"logo\":{\"@type\":\"ImageObject\",\"inLanguage\":\"es\",\"@id\":\"https:\\\/\\\/www.ucaldas.edu.co\\\/portal\\\/#\\\/schema\\\/logo\\\/image\\\/\",\"url\":\"https:\\\/\\\/www.ucaldas.edu.co\\\/portal\\\/wp-content\\\/uploads\\\/2023\\\/11\\\/Logo_horizontal_oscuroU-2023.png\",\"contentUrl\":\"https:\\\/\\\/www.ucaldas.edu.co\\\/portal\\\/wp-content\\\/uploads\\\/2023\\\/11\\\/Logo_horizontal_oscuroU-2023.png\",\"width\":263,\"height\":101,\"caption\":\"Universidad de Caldas\"},\"image\":{\"@id\":\"https:\\\/\\\/www.ucaldas.edu.co\\\/portal\\\/#\\\/schema\\\/logo\\\/image\\\/\"},\"sameAs\":[\"https:\\\/\\\/www.facebook.com\\\/udecaldas\",\"https:\\\/\\\/x.com\\\/udecaldas\",\"https:\\\/\\\/www.youtube.com\\\/universidadcaldas\",\"https:\\\/\\\/www.instagram.com\\\/udecaldas\\\/\"]},{\"@type\":\"Person\",\"@id\":\"https:\\\/\\\/www.ucaldas.edu.co\\\/portal\\\/#\\\/schema\\\/person\\\/a1b482e23449158b4bc319926c074fdf\",\"name\":\"ofiprensa\",\"image\":{\"@type\":\"ImageObject\",\"inLanguage\":\"es\",\"@id\":\"https:\\\/\\\/www.ucaldas.edu.co\\\/portal\\\/wp-content\\\/litespeed\\\/avatar\\\/09ea5085e600095a7a811142c6944527.jpg?ver=1777497608\",\"url\":\"https:\\\/\\\/www.ucaldas.edu.co\\\/portal\\\/wp-content\\\/litespeed\\\/avatar\\\/09ea5085e600095a7a811142c6944527.jpg?ver=1777497608\",\"contentUrl\":\"https:\\\/\\\/www.ucaldas.edu.co\\\/portal\\\/wp-content\\\/litespeed\\\/avatar\\\/09ea5085e600095a7a811142c6944527.jpg?ver=1777497608\",\"caption\":\"ofiprensa\"},\"url\":\"https:\\\/\\\/www.ucaldas.edu.co\\\/portal\\\/author\\\/ofiprensa\\\/\"}]}<\/script>\n<!-- \/ Yoast SEO plugin. -->","yoast_head_json":{"title":"Post\u00falese en la convocatoria: \"Para las Mujeres en la Ciencia Colombia\" .","robots":{"index":"index","follow":"follow","max-snippet":"max-snippet:-1","max-image-preview":"max-image-preview:large","max-video-preview":"max-video-preview:-1"},"canonical":"https:\/\/www.ucaldas.edu.co\/portal\/convocatoria-al-programa-para-las-mujeres-en-la-ciencia-colombia\/","schema":{"@context":"https:\/\/schema.org","@graph":[{"@type":"Article","@id":"https:\/\/www.ucaldas.edu.co\/portal\/convocatoria-al-programa-para-las-mujeres-en-la-ciencia-colombia\/#article","isPartOf":{"@id":"https:\/\/www.ucaldas.edu.co\/portal\/convocatoria-al-programa-para-las-mujeres-en-la-ciencia-colombia\/"},"author":{"name":"ofiprensa","@id":"https:\/\/www.ucaldas.edu.co\/portal\/#\/schema\/person\/a1b482e23449158b4bc319926c074fdf"},"headline":"Post\u00falese en la convocatoria: \u00abPara las Mujeres en la Ciencia Colombia\u00bb","datePublished":"2022-09-19T21:40:21+00:00","dateModified":"2022-09-20T15:32:40+00:00","mainEntityOfPage":{"@id":"https:\/\/www.ucaldas.edu.co\/portal\/convocatoria-al-programa-para-las-mujeres-en-la-ciencia-colombia\/"},"wordCount":482,"publisher":{"@id":"https:\/\/www.ucaldas.edu.co\/portal\/#organization"},"image":{"@id":"https:\/\/www.ucaldas.edu.co\/portal\/convocatoria-al-programa-para-las-mujeres-en-la-ciencia-colombia\/#primaryimage"},"thumbnailUrl":"https:\/\/www.ucaldas.edu.co\/portal\/wp-content\/uploads\/2022\/09\/Diseno-sin-titulo-6.jpg","keywords":["ciencia","innovaci\u00f3n","tecnolog\u00eda","mujeres","UNESCO","L\u2019Oreal"],"articleSection":["Actualidad","Universidad al D\u00eda","UCaldas Transparente"],"inLanguage":"es"},{"@type":"WebPage","@id":"https:\/\/www.ucaldas.edu.co\/portal\/convocatoria-al-programa-para-las-mujeres-en-la-ciencia-colombia\/","url":"https:\/\/www.ucaldas.edu.co\/portal\/convocatoria-al-programa-para-las-mujeres-en-la-ciencia-colombia\/","name":"Post\u00falese en la convocatoria: \"Para las Mujeres en la Ciencia Colombia\" .","isPartOf":{"@id":"https:\/\/www.ucaldas.edu.co\/portal\/#website"},"primaryImageOfPage":{"@id":"https:\/\/www.ucaldas.edu.co\/portal\/convocatoria-al-programa-para-las-mujeres-en-la-ciencia-colombia\/#primaryimage"},"image":{"@id":"https:\/\/www.ucaldas.edu.co\/portal\/convocatoria-al-programa-para-las-mujeres-en-la-ciencia-colombia\/#primaryimage"},"thumbnailUrl":"https:\/\/www.ucaldas.edu.co\/portal\/wp-content\/uploads\/2022\/09\/Diseno-sin-titulo-6.jpg","datePublished":"2022-09-19T21:40:21+00:00","dateModified":"2022-09-20T15:32:40+00:00","breadcrumb":{"@id":"https:\/\/www.ucaldas.edu.co\/portal\/convocatoria-al-programa-para-las-mujeres-en-la-ciencia-colombia\/#breadcrumb"},"inLanguage":"es","potentialAction":[{"@type":"ReadAction","target":["https:\/\/www.ucaldas.edu.co\/portal\/convocatoria-al-programa-para-las-mujeres-en-la-ciencia-colombia\/"]}]},{"@type":"ImageObject","inLanguage":"es","@id":"https:\/\/www.ucaldas.edu.co\/portal\/convocatoria-al-programa-para-las-mujeres-en-la-ciencia-colombia\/#primaryimage","url":"https:\/\/www.ucaldas.edu.co\/portal\/wp-content\/uploads\/2022\/09\/Diseno-sin-titulo-6.jpg","contentUrl":"https:\/\/www.ucaldas.edu.co\/portal\/wp-content\/uploads\/2022\/09\/Diseno-sin-titulo-6.jpg","width":700,"height":400,"caption":"La edici\u00f3n 2022 del galard\u00f3n, que le apuesta a la equidad de g\u00e9nero desde la ciencia, cuenta con el apoyo de la UNESCO y el liderazgo del Ministerio de Ciencia, Tecnolog\u00eda e Innovaci\u00f3n (Minciencias), el ICETEX, L\u2019Or\u00e9al y la Secretar\u00eda Ejecutiva de la Comisi\u00f3n Nacional de Cooperaci\u00f3n con la UNESCO."},{"@type":"BreadcrumbList","@id":"https:\/\/www.ucaldas.edu.co\/portal\/convocatoria-al-programa-para-las-mujeres-en-la-ciencia-colombia\/#breadcrumb","itemListElement":[{"@type":"ListItem","position":1,"name":"Portada","item":"https:\/\/www.ucaldas.edu.co\/portal\/"},{"@type":"ListItem","position":2,"name":"Post\u00falese en la convocatoria: \u00abPara las Mujeres en la Ciencia Colombia\u00bb"}]},{"@type":"WebSite","@id":"https:\/\/www.ucaldas.edu.co\/portal\/#website","url":"https:\/\/www.ucaldas.edu.co\/portal\/","name":"Universidad de Caldas","description":"","publisher":{"@id":"https:\/\/www.ucaldas.edu.co\/portal\/#organization"},"alternateName":"U. de Caldas","potentialAction":[{"@type":"SearchAction","target":{"@type":"EntryPoint","urlTemplate":"https:\/\/www.ucaldas.edu.co\/portal\/?s={search_term_string}"},"query-input":{"@type":"PropertyValueSpecification","valueRequired":true,"valueName":"search_term_string"}}],"inLanguage":"es"},{"@type":"Organization","@id":"https:\/\/www.ucaldas.edu.co\/portal\/#organization","name":"Universidad de Caldas","alternateName":"U. de Caldas","url":"https:\/\/www.ucaldas.edu.co\/portal\/","logo":{"@type":"ImageObject","inLanguage":"es","@id":"https:\/\/www.ucaldas.edu.co\/portal\/#\/schema\/logo\/image\/","url":"https:\/\/www.ucaldas.edu.co\/portal\/wp-content\/uploads\/2023\/11\/Logo_horizontal_oscuroU-2023.png","contentUrl":"https:\/\/www.ucaldas.edu.co\/portal\/wp-content\/uploads\/2023\/11\/Logo_horizontal_oscuroU-2023.png","width":263,"height":101,"caption":"Universidad de Caldas"},"image":{"@id":"https:\/\/www.ucaldas.edu.co\/portal\/#\/schema\/logo\/image\/"},"sameAs":["https:\/\/www.facebook.com\/udecaldas","https:\/\/x.com\/udecaldas","https:\/\/www.youtube.com\/universidadcaldas","https:\/\/www.instagram.com\/udecaldas\/"]},{"@type":"Person","@id":"https:\/\/www.ucaldas.edu.co\/portal\/#\/schema\/person\/a1b482e23449158b4bc319926c074fdf","name":"ofiprensa","image":{"@type":"ImageObject","inLanguage":"es","@id":"https:\/\/www.ucaldas.edu.co\/portal\/wp-content\/litespeed\/avatar\/09ea5085e600095a7a811142c6944527.jpg?ver=1777497608","url":"https:\/\/www.ucaldas.edu.co\/portal\/wp-content\/litespeed\/avatar\/09ea5085e600095a7a811142c6944527.jpg?ver=1777497608","contentUrl":"https:\/\/www.ucaldas.edu.co\/portal\/wp-content\/litespeed\/avatar\/09ea5085e600095a7a811142c6944527.jpg?ver=1777497608","caption":"ofiprensa"},"url":"https:\/\/www.ucaldas.edu.co\/portal\/author\/ofiprensa\/"}]}},"_links":{"self":[{"href":"https:\/\/www.ucaldas.edu.co\/portal\/wp-json\/wp\/v2\/posts\/72485","targetHints":{"allow":["GET"]}}],"collection":[{"href":"https:\/\/www.ucaldas.edu.co\/portal\/wp-json\/wp\/v2\/posts"}],"about":[{"href":"https:\/\/www.ucaldas.edu.co\/portal\/wp-json\/wp\/v2\/types\/post"}],"author":[{"embeddable":true,"href":"https:\/\/www.ucaldas.edu.co\/portal\/wp-json\/wp\/v2\/users\/2"}],"replies":[{"embeddable":true,"href":"https:\/\/www.ucaldas.edu.co\/portal\/wp-json\/wp\/v2\/comments?post=72485"}],"version-history":[{"count":0,"href":"https:\/\/www.ucaldas.edu.co\/portal\/wp-json\/wp\/v2\/posts\/72485\/revisions"}],"wp:featuredmedia":[{"embeddable":true,"href":"https:\/\/www.ucaldas.edu.co\/portal\/wp-json\/wp\/v2\/media\/72486"}],"wp:attachment":[{"href":"https:\/\/www.ucaldas.edu.co\/portal\/wp-json\/wp\/v2\/media?parent=72485"}],"wp:term":[{"taxonomy":"category","embeddable":true,"href":"https:\/\/www.ucaldas.edu.co\/portal\/wp-json\/wp\/v2\/categories?post=72485"},{"taxonomy":"post_tag","embeddable":true,"href":"https:\/\/www.ucaldas.edu.co\/portal\/wp-json\/wp\/v2\/tags?post=72485"}],"curies":[{"name":"wp","href":"https:\/\/api.w.org\/{rel}","templated":true}]}}