{"id":72468,"date":"2022-09-16T21:01:53","date_gmt":"2022-09-16T21:01:53","guid":{"rendered":"https:\/\/www.ucaldas.edu.co\/portal\/?p=72468"},"modified":"2022-09-16T21:15:25","modified_gmt":"2022-09-16T21:15:25","slug":"universidad-de-caldas-sedes-de-la-catedra-continuando-el-camino-hacia-la-paz-el-legado-de-la-comision-de-la-verdad-en-colombia","status":"publish","type":"post","link":"https:\/\/www.ucaldas.edu.co\/portal\/universidad-de-caldas-sedes-de-la-catedra-continuando-el-camino-hacia-la-paz-el-legado-de-la-comision-de-la-verdad-en-colombia\/","title":{"rendered":"Universidad de Caldas sede de la C\u00e1tedra \u201cContinuando el camino hacia la paz: El legado de la Comisi\u00f3n de la Verdad en Colombia\u201d."},"content":{"rendered":"<p><img loading=\"lazy\" decoding=\"async\" class=\"aligncenter size-full wp-image-72471\" src=\"https:\/\/www.ucaldas.edu.co\/portal\/wp-content\/uploads\/2022\/09\/catedra.jpg\" alt=\"Durante el encuentro se abord\u00f3 el tema \u201cMetodolog\u00eda: \u00bfC\u00f3mo se construy\u00f3 la verdad en la Comisi\u00f3n de la Verdad?\u201d\" width=\"700\" height=\"400\" srcset=\"https:\/\/www.ucaldas.edu.co\/portal\/wp-content\/uploads\/2022\/09\/catedra.jpg 700w, https:\/\/www.ucaldas.edu.co\/portal\/wp-content\/uploads\/2022\/09\/catedra-300x171.jpg 300w\" sizes=\"auto, (max-width: 700px) 100vw, 700px\" \/><\/p>\n<p>El Centro Cultural Universitario Rogelio Salmona de la Universidad de Caldas fue sede de la sexta sesi\u00f3n de la C\u00e1tedra interuniversitaria internacional \u201cContinuando el camino hacia la paz: El legado de la Comisi\u00f3n de la Verdad en Colombia\u201d.<\/p>\n<p><!--more--><\/p>\n<p>Durante el encuentro se abord\u00f3 el tema \u201cMetodolog\u00eda: \u00bfC\u00f3mo se construy\u00f3 la verdad en la Comisi\u00f3n de la Verdad?\u201d, donde participaron representantes de la Comisi\u00f3n para el Esclarecimiento de la Verdad, la Convivencia y la No-Repetici\u00f3n CEV.<\/p>\n<p>La directora de la Maestr\u00eda en Justicia Social y Construcci\u00f3n de Paz de la Universidad de Caldas Victoria Lugo Agudelo explic\u00f3 que esta c\u00e1tedra es una iniciativa liderada por el Instituto Capaz, con la cual busca fortalecer la apropiaci\u00f3n del legado de la CEV, por medio de esta propuesta construida entre diversas universidades de Colombia y Alemania, bas\u00e1ndose en la estructura y caracter\u00edsticas del informe final de la Comisi\u00f3n.<\/p>\n<p>Durante el encuentro el docente invitado de la facultad de Ciencias Sociales y Humanas de la Universidad de Medell\u00edn Gabriel Ru\u00edz manifest\u00f3 que el principal objetivo no fue producir un informe final, sino garantizar que la metodolog\u00eda de construcci\u00f3n del documento garantizar\u00e1 las expectativas de las v\u00edctimas del conflicto armado y acercara a las personas y organizaciones que participaron en dichos acontecimientos.<\/p>\n<p>La pr\u00f3xima C\u00e1tedra se llevar\u00e1 a cabo el 23 de septiembre en la Universidad del Norte de Barranquilla con el tema \u201cEscuchas por la verdad\u201d.<\/p>\n<p>&nbsp;<\/p>\n<p><strong><a href=\"https:\/\/www.youtube.com\/watch?v=hfMFED7IwA0\">Reviva aqu\u00ed la c\u00e1tedra.<\/a><\/strong><\/p>\n<p><strong>\u00a0<\/strong><\/p>\n<p><strong>Anexos:<br \/>\n<\/strong><strong><a href=\"https:\/\/go.ivoox.com\/rf\/92513615\">Audio Victoria Lugo Agudelo &#8211; directora Maestr\u00eda en Justicia Social y Construcci\u00f3n de Paz.<\/a><br \/>\n<iframe loading=\"lazy\" src=\"https:\/\/www.ivoox.com\/player_ek_92513615_2_1.html\" width=\"238\" height=\"48\" frameborder=\"0\" scrolling=\"no\" allowfullscreen=\"allowfullscreen\"><\/iframe><\/strong><\/p>\n<p><strong><a href=\"https:\/\/go.ivoox.com\/rf\/92513645\">Audio Gabriel Ru\u00edz \u2013 docente Universidad de Medell\u00edn.<\/a><br \/>\n<iframe loading=\"lazy\" src=\"https:\/\/www.ivoox.com\/player_ek_92513645_2_1.html\" width=\"238\" height=\"48\" frameborder=\"0\" scrolling=\"no\" allowfullscreen=\"allowfullscreen\"><\/iframe><\/strong><\/p>\n<p>&nbsp;<\/p>\n<p>&nbsp;<\/p>\n<p><strong>\u00a0<\/strong><\/p>\n<p><strong>Informes: <\/strong>Oficina de Comunicaciones y Prensa Universidad de Caldas.<br \/>\n<strong>Redacci\u00f3n:<\/strong> Mateo Buritic\u00e1 Giraldo<\/p>\n<p>&nbsp;<\/p>\n","protected":false},"excerpt":{"rendered":"<p>El Centro Cultural Universitario Rogelio Salmona de la Universidad de Caldas fue sede de la sexta sesi\u00f3n de la C\u00e1tedra interuniversitaria internacional \u201cContinuando el camino hacia la paz: El legado de la Comisi\u00f3n de la Verdad en Colombia\u201d.<\/p>\n","protected":false},"author":2,"featured_media":72471,"comment_status":"closed","ping_status":"open","sticky":false,"template":"","format":"standard","meta":{"footnotes":""},"categories":[48,53,62],"tags":[4126,4811,5249],"class_list":["post-72468","post","type-post","status-publish","format-standard","has-post-thumbnail","hentry","category-actualidad","category-universidad-al-dia","category-eventos","tag-comision-de-la-verdad","tag-violencia-en-colombia","tag-victimas-conflicto"],"yoast_head":"<!-- This site is optimized with the Yoast SEO plugin v27.5 - https:\/\/yoast.com\/product\/yoast-seo-wordpress\/ -->\n<title>Universidad de Caldas sede de la C\u00e1tedra \u201cContinuando el camino hacia la paz: El legado de la Comisi\u00f3n de la Verdad en Colombia\u201d. .<\/title>\n<meta name=\"robots\" content=\"index, follow, max-snippet:-1, max-image-preview:large, max-video-preview:-1\" \/>\n<link rel=\"canonical\" href=\"https:\/\/www.ucaldas.edu.co\/portal\/universidad-de-caldas-sedes-de-la-catedra-continuando-el-camino-hacia-la-paz-el-legado-de-la-comision-de-la-verdad-en-colombia\/\" \/>\n<script type=\"application\/ld+json\" class=\"yoast-schema-graph\">{\"@context\":\"https:\\\/\\\/schema.org\",\"@graph\":[{\"@type\":\"Article\",\"@id\":\"https:\\\/\\\/www.ucaldas.edu.co\\\/portal\\\/universidad-de-caldas-sedes-de-la-catedra-continuando-el-camino-hacia-la-paz-el-legado-de-la-comision-de-la-verdad-en-colombia\\\/#article\",\"isPartOf\":{\"@id\":\"https:\\\/\\\/www.ucaldas.edu.co\\\/portal\\\/universidad-de-caldas-sedes-de-la-catedra-continuando-el-camino-hacia-la-paz-el-legado-de-la-comision-de-la-verdad-en-colombia\\\/\"},\"author\":{\"name\":\"ofiprensa\",\"@id\":\"https:\\\/\\\/www.ucaldas.edu.co\\\/portal\\\/#\\\/schema\\\/person\\\/a1b482e23449158b4bc319926c074fdf\"},\"headline\":\"Universidad de Caldas sede de la C\u00e1tedra \u201cContinuando el camino hacia la paz: El legado de la Comisi\u00f3n de la Verdad en Colombia\u201d.\",\"datePublished\":\"2022-09-16T21:01:53+00:00\",\"dateModified\":\"2022-09-16T21:15:25+00:00\",\"mainEntityOfPage\":{\"@id\":\"https:\\\/\\\/www.ucaldas.edu.co\\\/portal\\\/universidad-de-caldas-sedes-de-la-catedra-continuando-el-camino-hacia-la-paz-el-legado-de-la-comision-de-la-verdad-en-colombia\\\/\"},\"wordCount\":326,\"publisher\":{\"@id\":\"https:\\\/\\\/www.ucaldas.edu.co\\\/portal\\\/#organization\"},\"image\":{\"@id\":\"https:\\\/\\\/www.ucaldas.edu.co\\\/portal\\\/universidad-de-caldas-sedes-de-la-catedra-continuando-el-camino-hacia-la-paz-el-legado-de-la-comision-de-la-verdad-en-colombia\\\/#primaryimage\"},\"thumbnailUrl\":\"https:\\\/\\\/www.ucaldas.edu.co\\\/portal\\\/wp-content\\\/uploads\\\/2022\\\/09\\\/catedra.jpg\",\"keywords\":[\"comisi\u00f3n de la verdad\",\"violencia en colombia\",\"v\u00edctimas conflicto\"],\"articleSection\":[\"Actualidad\",\"Universidad al D\u00eda\",\"Eventos\"],\"inLanguage\":\"es\"},{\"@type\":\"WebPage\",\"@id\":\"https:\\\/\\\/www.ucaldas.edu.co\\\/portal\\\/universidad-de-caldas-sedes-de-la-catedra-continuando-el-camino-hacia-la-paz-el-legado-de-la-comision-de-la-verdad-en-colombia\\\/\",\"url\":\"https:\\\/\\\/www.ucaldas.edu.co\\\/portal\\\/universidad-de-caldas-sedes-de-la-catedra-continuando-el-camino-hacia-la-paz-el-legado-de-la-comision-de-la-verdad-en-colombia\\\/\",\"name\":\"Universidad de Caldas sede de la C\u00e1tedra \u201cContinuando el camino hacia la paz: El legado de la Comisi\u00f3n de la Verdad en Colombia\u201d. .\",\"isPartOf\":{\"@id\":\"https:\\\/\\\/www.ucaldas.edu.co\\\/portal\\\/#website\"},\"primaryImageOfPage\":{\"@id\":\"https:\\\/\\\/www.ucaldas.edu.co\\\/portal\\\/universidad-de-caldas-sedes-de-la-catedra-continuando-el-camino-hacia-la-paz-el-legado-de-la-comision-de-la-verdad-en-colombia\\\/#primaryimage\"},\"image\":{\"@id\":\"https:\\\/\\\/www.ucaldas.edu.co\\\/portal\\\/universidad-de-caldas-sedes-de-la-catedra-continuando-el-camino-hacia-la-paz-el-legado-de-la-comision-de-la-verdad-en-colombia\\\/#primaryimage\"},\"thumbnailUrl\":\"https:\\\/\\\/www.ucaldas.edu.co\\\/portal\\\/wp-content\\\/uploads\\\/2022\\\/09\\\/catedra.jpg\",\"datePublished\":\"2022-09-16T21:01:53+00:00\",\"dateModified\":\"2022-09-16T21:15:25+00:00\",\"breadcrumb\":{\"@id\":\"https:\\\/\\\/www.ucaldas.edu.co\\\/portal\\\/universidad-de-caldas-sedes-de-la-catedra-continuando-el-camino-hacia-la-paz-el-legado-de-la-comision-de-la-verdad-en-colombia\\\/#breadcrumb\"},\"inLanguage\":\"es\",\"potentialAction\":[{\"@type\":\"ReadAction\",\"target\":[\"https:\\\/\\\/www.ucaldas.edu.co\\\/portal\\\/universidad-de-caldas-sedes-de-la-catedra-continuando-el-camino-hacia-la-paz-el-legado-de-la-comision-de-la-verdad-en-colombia\\\/\"]}]},{\"@type\":\"ImageObject\",\"inLanguage\":\"es\",\"@id\":\"https:\\\/\\\/www.ucaldas.edu.co\\\/portal\\\/universidad-de-caldas-sedes-de-la-catedra-continuando-el-camino-hacia-la-paz-el-legado-de-la-comision-de-la-verdad-en-colombia\\\/#primaryimage\",\"url\":\"https:\\\/\\\/www.ucaldas.edu.co\\\/portal\\\/wp-content\\\/uploads\\\/2022\\\/09\\\/catedra.jpg\",\"contentUrl\":\"https:\\\/\\\/www.ucaldas.edu.co\\\/portal\\\/wp-content\\\/uploads\\\/2022\\\/09\\\/catedra.jpg\",\"width\":700,\"height\":400,\"caption\":\"Durante el encuentro se abord\u00f3 el tema \u201cMetodolog\u00eda: \u00bfC\u00f3mo se construy\u00f3 la verdad en la Comisi\u00f3n de la Verdad?\u201d\"},{\"@type\":\"BreadcrumbList\",\"@id\":\"https:\\\/\\\/www.ucaldas.edu.co\\\/portal\\\/universidad-de-caldas-sedes-de-la-catedra-continuando-el-camino-hacia-la-paz-el-legado-de-la-comision-de-la-verdad-en-colombia\\\/#breadcrumb\",\"itemListElement\":[{\"@type\":\"ListItem\",\"position\":1,\"name\":\"Portada\",\"item\":\"https:\\\/\\\/www.ucaldas.edu.co\\\/portal\\\/\"},{\"@type\":\"ListItem\",\"position\":2,\"name\":\"Universidad de Caldas sede de la C\u00e1tedra \u201cContinuando el camino hacia la paz: El legado de la Comisi\u00f3n de la Verdad en Colombia\u201d.\"}]},{\"@type\":\"WebSite\",\"@id\":\"https:\\\/\\\/www.ucaldas.edu.co\\\/portal\\\/#website\",\"url\":\"https:\\\/\\\/www.ucaldas.edu.co\\\/portal\\\/\",\"name\":\"Universidad de Caldas\",\"description\":\"\",\"publisher\":{\"@id\":\"https:\\\/\\\/www.ucaldas.edu.co\\\/portal\\\/#organization\"},\"alternateName\":\"U. de Caldas\",\"potentialAction\":[{\"@type\":\"SearchAction\",\"target\":{\"@type\":\"EntryPoint\",\"urlTemplate\":\"https:\\\/\\\/www.ucaldas.edu.co\\\/portal\\\/?s={search_term_string}\"},\"query-input\":{\"@type\":\"PropertyValueSpecification\",\"valueRequired\":true,\"valueName\":\"search_term_string\"}}],\"inLanguage\":\"es\"},{\"@type\":\"Organization\",\"@id\":\"https:\\\/\\\/www.ucaldas.edu.co\\\/portal\\\/#organization\",\"name\":\"Universidad de Caldas\",\"alternateName\":\"U. de Caldas\",\"url\":\"https:\\\/\\\/www.ucaldas.edu.co\\\/portal\\\/\",\"logo\":{\"@type\":\"ImageObject\",\"inLanguage\":\"es\",\"@id\":\"https:\\\/\\\/www.ucaldas.edu.co\\\/portal\\\/#\\\/schema\\\/logo\\\/image\\\/\",\"url\":\"https:\\\/\\\/www.ucaldas.edu.co\\\/portal\\\/wp-content\\\/uploads\\\/2023\\\/11\\\/Logo_horizontal_oscuroU-2023.png\",\"contentUrl\":\"https:\\\/\\\/www.ucaldas.edu.co\\\/portal\\\/wp-content\\\/uploads\\\/2023\\\/11\\\/Logo_horizontal_oscuroU-2023.png\",\"width\":263,\"height\":101,\"caption\":\"Universidad de Caldas\"},\"image\":{\"@id\":\"https:\\\/\\\/www.ucaldas.edu.co\\\/portal\\\/#\\\/schema\\\/logo\\\/image\\\/\"},\"sameAs\":[\"https:\\\/\\\/www.facebook.com\\\/udecaldas\",\"https:\\\/\\\/x.com\\\/udecaldas\",\"https:\\\/\\\/www.youtube.com\\\/universidadcaldas\",\"https:\\\/\\\/www.instagram.com\\\/udecaldas\\\/\"]},{\"@type\":\"Person\",\"@id\":\"https:\\\/\\\/www.ucaldas.edu.co\\\/portal\\\/#\\\/schema\\\/person\\\/a1b482e23449158b4bc319926c074fdf\",\"name\":\"ofiprensa\",\"image\":{\"@type\":\"ImageObject\",\"inLanguage\":\"es\",\"@id\":\"https:\\\/\\\/www.ucaldas.edu.co\\\/portal\\\/wp-content\\\/litespeed\\\/avatar\\\/09ea5085e600095a7a811142c6944527.jpg?ver=1777497608\",\"url\":\"https:\\\/\\\/www.ucaldas.edu.co\\\/portal\\\/wp-content\\\/litespeed\\\/avatar\\\/09ea5085e600095a7a811142c6944527.jpg?ver=1777497608\",\"contentUrl\":\"https:\\\/\\\/www.ucaldas.edu.co\\\/portal\\\/wp-content\\\/litespeed\\\/avatar\\\/09ea5085e600095a7a811142c6944527.jpg?ver=1777497608\",\"caption\":\"ofiprensa\"},\"url\":\"https:\\\/\\\/www.ucaldas.edu.co\\\/portal\\\/author\\\/ofiprensa\\\/\"}]}<\/script>\n<!-- \/ Yoast SEO plugin. -->","yoast_head_json":{"title":"Universidad de Caldas sede de la C\u00e1tedra \u201cContinuando el camino hacia la paz: El legado de la Comisi\u00f3n de la Verdad en Colombia\u201d. .","robots":{"index":"index","follow":"follow","max-snippet":"max-snippet:-1","max-image-preview":"max-image-preview:large","max-video-preview":"max-video-preview:-1"},"canonical":"https:\/\/www.ucaldas.edu.co\/portal\/universidad-de-caldas-sedes-de-la-catedra-continuando-el-camino-hacia-la-paz-el-legado-de-la-comision-de-la-verdad-en-colombia\/","schema":{"@context":"https:\/\/schema.org","@graph":[{"@type":"Article","@id":"https:\/\/www.ucaldas.edu.co\/portal\/universidad-de-caldas-sedes-de-la-catedra-continuando-el-camino-hacia-la-paz-el-legado-de-la-comision-de-la-verdad-en-colombia\/#article","isPartOf":{"@id":"https:\/\/www.ucaldas.edu.co\/portal\/universidad-de-caldas-sedes-de-la-catedra-continuando-el-camino-hacia-la-paz-el-legado-de-la-comision-de-la-verdad-en-colombia\/"},"author":{"name":"ofiprensa","@id":"https:\/\/www.ucaldas.edu.co\/portal\/#\/schema\/person\/a1b482e23449158b4bc319926c074fdf"},"headline":"Universidad de Caldas sede de la C\u00e1tedra \u201cContinuando el camino hacia la paz: El legado de la Comisi\u00f3n de la Verdad en Colombia\u201d.","datePublished":"2022-09-16T21:01:53+00:00","dateModified":"2022-09-16T21:15:25+00:00","mainEntityOfPage":{"@id":"https:\/\/www.ucaldas.edu.co\/portal\/universidad-de-caldas-sedes-de-la-catedra-continuando-el-camino-hacia-la-paz-el-legado-de-la-comision-de-la-verdad-en-colombia\/"},"wordCount":326,"publisher":{"@id":"https:\/\/www.ucaldas.edu.co\/portal\/#organization"},"image":{"@id":"https:\/\/www.ucaldas.edu.co\/portal\/universidad-de-caldas-sedes-de-la-catedra-continuando-el-camino-hacia-la-paz-el-legado-de-la-comision-de-la-verdad-en-colombia\/#primaryimage"},"thumbnailUrl":"https:\/\/www.ucaldas.edu.co\/portal\/wp-content\/uploads\/2022\/09\/catedra.jpg","keywords":["comisi\u00f3n de la verdad","violencia en colombia","v\u00edctimas conflicto"],"articleSection":["Actualidad","Universidad al D\u00eda","Eventos"],"inLanguage":"es"},{"@type":"WebPage","@id":"https:\/\/www.ucaldas.edu.co\/portal\/universidad-de-caldas-sedes-de-la-catedra-continuando-el-camino-hacia-la-paz-el-legado-de-la-comision-de-la-verdad-en-colombia\/","url":"https:\/\/www.ucaldas.edu.co\/portal\/universidad-de-caldas-sedes-de-la-catedra-continuando-el-camino-hacia-la-paz-el-legado-de-la-comision-de-la-verdad-en-colombia\/","name":"Universidad de Caldas sede de la C\u00e1tedra \u201cContinuando el camino hacia la paz: El legado de la Comisi\u00f3n de la Verdad en Colombia\u201d. .","isPartOf":{"@id":"https:\/\/www.ucaldas.edu.co\/portal\/#website"},"primaryImageOfPage":{"@id":"https:\/\/www.ucaldas.edu.co\/portal\/universidad-de-caldas-sedes-de-la-catedra-continuando-el-camino-hacia-la-paz-el-legado-de-la-comision-de-la-verdad-en-colombia\/#primaryimage"},"image":{"@id":"https:\/\/www.ucaldas.edu.co\/portal\/universidad-de-caldas-sedes-de-la-catedra-continuando-el-camino-hacia-la-paz-el-legado-de-la-comision-de-la-verdad-en-colombia\/#primaryimage"},"thumbnailUrl":"https:\/\/www.ucaldas.edu.co\/portal\/wp-content\/uploads\/2022\/09\/catedra.jpg","datePublished":"2022-09-16T21:01:53+00:00","dateModified":"2022-09-16T21:15:25+00:00","breadcrumb":{"@id":"https:\/\/www.ucaldas.edu.co\/portal\/universidad-de-caldas-sedes-de-la-catedra-continuando-el-camino-hacia-la-paz-el-legado-de-la-comision-de-la-verdad-en-colombia\/#breadcrumb"},"inLanguage":"es","potentialAction":[{"@type":"ReadAction","target":["https:\/\/www.ucaldas.edu.co\/portal\/universidad-de-caldas-sedes-de-la-catedra-continuando-el-camino-hacia-la-paz-el-legado-de-la-comision-de-la-verdad-en-colombia\/"]}]},{"@type":"ImageObject","inLanguage":"es","@id":"https:\/\/www.ucaldas.edu.co\/portal\/universidad-de-caldas-sedes-de-la-catedra-continuando-el-camino-hacia-la-paz-el-legado-de-la-comision-de-la-verdad-en-colombia\/#primaryimage","url":"https:\/\/www.ucaldas.edu.co\/portal\/wp-content\/uploads\/2022\/09\/catedra.jpg","contentUrl":"https:\/\/www.ucaldas.edu.co\/portal\/wp-content\/uploads\/2022\/09\/catedra.jpg","width":700,"height":400,"caption":"Durante el encuentro se abord\u00f3 el tema \u201cMetodolog\u00eda: \u00bfC\u00f3mo se construy\u00f3 la verdad en la Comisi\u00f3n de la Verdad?\u201d"},{"@type":"BreadcrumbList","@id":"https:\/\/www.ucaldas.edu.co\/portal\/universidad-de-caldas-sedes-de-la-catedra-continuando-el-camino-hacia-la-paz-el-legado-de-la-comision-de-la-verdad-en-colombia\/#breadcrumb","itemListElement":[{"@type":"ListItem","position":1,"name":"Portada","item":"https:\/\/www.ucaldas.edu.co\/portal\/"},{"@type":"ListItem","position":2,"name":"Universidad de Caldas sede de la C\u00e1tedra \u201cContinuando el camino hacia la paz: El legado de la Comisi\u00f3n de la Verdad en Colombia\u201d."}]},{"@type":"WebSite","@id":"https:\/\/www.ucaldas.edu.co\/portal\/#website","url":"https:\/\/www.ucaldas.edu.co\/portal\/","name":"Universidad de Caldas","description":"","publisher":{"@id":"https:\/\/www.ucaldas.edu.co\/portal\/#organization"},"alternateName":"U. de Caldas","potentialAction":[{"@type":"SearchAction","target":{"@type":"EntryPoint","urlTemplate":"https:\/\/www.ucaldas.edu.co\/portal\/?s={search_term_string}"},"query-input":{"@type":"PropertyValueSpecification","valueRequired":true,"valueName":"search_term_string"}}],"inLanguage":"es"},{"@type":"Organization","@id":"https:\/\/www.ucaldas.edu.co\/portal\/#organization","name":"Universidad de Caldas","alternateName":"U. de Caldas","url":"https:\/\/www.ucaldas.edu.co\/portal\/","logo":{"@type":"ImageObject","inLanguage":"es","@id":"https:\/\/www.ucaldas.edu.co\/portal\/#\/schema\/logo\/image\/","url":"https:\/\/www.ucaldas.edu.co\/portal\/wp-content\/uploads\/2023\/11\/Logo_horizontal_oscuroU-2023.png","contentUrl":"https:\/\/www.ucaldas.edu.co\/portal\/wp-content\/uploads\/2023\/11\/Logo_horizontal_oscuroU-2023.png","width":263,"height":101,"caption":"Universidad de Caldas"},"image":{"@id":"https:\/\/www.ucaldas.edu.co\/portal\/#\/schema\/logo\/image\/"},"sameAs":["https:\/\/www.facebook.com\/udecaldas","https:\/\/x.com\/udecaldas","https:\/\/www.youtube.com\/universidadcaldas","https:\/\/www.instagram.com\/udecaldas\/"]},{"@type":"Person","@id":"https:\/\/www.ucaldas.edu.co\/portal\/#\/schema\/person\/a1b482e23449158b4bc319926c074fdf","name":"ofiprensa","image":{"@type":"ImageObject","inLanguage":"es","@id":"https:\/\/www.ucaldas.edu.co\/portal\/wp-content\/litespeed\/avatar\/09ea5085e600095a7a811142c6944527.jpg?ver=1777497608","url":"https:\/\/www.ucaldas.edu.co\/portal\/wp-content\/litespeed\/avatar\/09ea5085e600095a7a811142c6944527.jpg?ver=1777497608","contentUrl":"https:\/\/www.ucaldas.edu.co\/portal\/wp-content\/litespeed\/avatar\/09ea5085e600095a7a811142c6944527.jpg?ver=1777497608","caption":"ofiprensa"},"url":"https:\/\/www.ucaldas.edu.co\/portal\/author\/ofiprensa\/"}]}},"_links":{"self":[{"href":"https:\/\/www.ucaldas.edu.co\/portal\/wp-json\/wp\/v2\/posts\/72468","targetHints":{"allow":["GET"]}}],"collection":[{"href":"https:\/\/www.ucaldas.edu.co\/portal\/wp-json\/wp\/v2\/posts"}],"about":[{"href":"https:\/\/www.ucaldas.edu.co\/portal\/wp-json\/wp\/v2\/types\/post"}],"author":[{"embeddable":true,"href":"https:\/\/www.ucaldas.edu.co\/portal\/wp-json\/wp\/v2\/users\/2"}],"replies":[{"embeddable":true,"href":"https:\/\/www.ucaldas.edu.co\/portal\/wp-json\/wp\/v2\/comments?post=72468"}],"version-history":[{"count":0,"href":"https:\/\/www.ucaldas.edu.co\/portal\/wp-json\/wp\/v2\/posts\/72468\/revisions"}],"wp:featuredmedia":[{"embeddable":true,"href":"https:\/\/www.ucaldas.edu.co\/portal\/wp-json\/wp\/v2\/media\/72471"}],"wp:attachment":[{"href":"https:\/\/www.ucaldas.edu.co\/portal\/wp-json\/wp\/v2\/media?parent=72468"}],"wp:term":[{"taxonomy":"category","embeddable":true,"href":"https:\/\/www.ucaldas.edu.co\/portal\/wp-json\/wp\/v2\/categories?post=72468"},{"taxonomy":"post_tag","embeddable":true,"href":"https:\/\/www.ucaldas.edu.co\/portal\/wp-json\/wp\/v2\/tags?post=72468"}],"curies":[{"name":"wp","href":"https:\/\/api.w.org\/{rel}","templated":true}]}}