{"id":7240,"date":"2011-03-01T10:40:14","date_gmt":"2011-03-01T15:40:14","guid":{"rendered":"https:\/\/www.ucaldas.edu.co\/portal\/?p=7240"},"modified":"2011-03-01T10:40:14","modified_gmt":"2011-03-01T15:40:14","slug":"jornada-de-pensamiento-sobre-genero-y-sexualidad","status":"publish","type":"post","link":"https:\/\/www.ucaldas.edu.co\/portal\/jornada-de-pensamiento-sobre-genero-y-sexualidad\/","title":{"rendered":"Jornada de Pensamiento sobre G\u00e9nero y Sexualidad"},"content":{"rendered":"<p>Marzo 8<\/p>\n<hr \/>\n<p>&nbsp;<\/p>\n<table border=\"0\">\n<tbody>\n<tr>\n<td>\u00a0<img loading=\"lazy\" decoding=\"async\" style=\"border: 0px\" alt=\"8 de Marzo\" src=\"http:\/\/www.ucaldas.edu.co\/images\/tmp\/8_Marzo_Dia_Internacional_Mujer.jpg\" width=\"239\" height=\"368\" border=\"0\" \/><\/td>\n<td><b>Descripci\u00f3n: <\/b>primera jornada de reflexi\u00f3n y debate en torno a distintas problem\u00e1ticas de la mujer contempor\u00e1nea, en la celebraci\u00f3n del D\u00eda Internacional de la Mujer. La jornada la organiza el Departamento de Antropolog\u00eda y Sociolog\u00eda de la U. de Caldas.<\/p>\n<p><b>Lugar: <\/b>Auditorio Tulio G\u00f3mez Estrada, de la Sede Palogrande de la U. de Caldas<\/p>\n<p><b>Horario: <\/b>este martes 8 de marzo del 2011, a partir de las 9:00 a.m.<\/p>\n<p>&nbsp;<\/p>\n<p><b>Programaci\u00f3n:<\/b><\/p>\n<p><b>9:00 a.m.<\/b> Apertura del evento, a cargo de Fernando Cantor Amador, Director del Programa de Sociolog\u00eda de la U. de Caldas<\/p>\n<p><b>9:10 a.m.<\/b> Instalaci\u00f3n Mesa 1: <i>Cuerpo, Salud y Feminidad: \u00bfProblemas de mujeres?<\/i> Elizabeth G\u00f3mez Etayo, Docente del Departamento de Antropolog\u00eda y Sociolog\u00eda. Moderadora.<\/p>\n<p><b>9: 20 a.m.<\/b> Rese\u00f1a Hist\u00f3rica del 8 de marzo. Laura Diosa. Estudiante de Sociolog\u00eda.<\/p>\n<p><b>9: 40 a.m.<\/b> <i>Prisiones de Mujeres.<\/i> Isabel\u00a0 Herrera. Estudiante de Sociolog\u00eda<\/p>\n<p><b>10:00 a.m.<\/b>\u00a0 <i>La mujer en la legislaci\u00f3n colombiana.<\/i> Valentina Escobar<\/p>\n<p>&nbsp;<\/td>\n<\/tr>\n<\/tbody>\n<\/table>\n<p><b>10:20 a.m.<\/b> Receso<\/p>\n<p><b>10:30 a.m.<\/b> <i>Las mujeres en el sistema heteronormativo<\/i>. Sebasti\u00e1n Giraldo. Estudiante de Sociolog\u00eda<\/p>\n<p><b>10:50 a.m.<\/b> <i>\u00bfD\u00f3nde est\u00e1n los hombres que abortan?<\/i>. Diana Marcela Ayala. Estudiante de Sociolog\u00eda<\/p>\n<p><b>11:10 a.m.<\/b> Debate<\/p>\n<p><b>12:10 m. <\/b>Receso<\/p>\n<p><b>2<\/b><b>:00<\/b><b> p.m.<\/b> Instalaci\u00f3n Mesa 2: <i>Sexualidades, Feminidades y Masculinidades.<\/i> Elizabeth G\u00f3mez Etayo, Docente del Departamento de Antropolog\u00eda y Sociolog\u00eda. Moderadora.<\/p>\n<p><b>2:10<\/b><b> p.m.<\/b> <i>Oxitocinas emergentes: Desnud\u00e9z de los cuerpos arcanos.<\/i> Soci\u00f3loga Marcela Duque.<\/p>\n<p><b>2:30<\/b><b> p.m.<\/b> <i>C\u00f3mo se construyen las categor\u00edas LGTB. <\/i><i>Diferentes formas de ser Trans.<\/i> Laura Frida Weins. Invitada especial.<\/p>\n<p><b>2:50<\/b><b> p.m.<\/b> Presentaci\u00f3n Corporaci\u00f3n Cabildo de G\u00e9nero. Paula G\u00f3mez<\/p>\n<p><b>3:00<\/b><b> p.m.<\/b> <i>Sutiles discriminaciones a la mujer contempor\u00e1nea.<\/i> Ana Mar\u00eda G\u00f3mez. Estudiante de Sociolog\u00eda.<\/p>\n<p><b>3:20<\/b><b> p.m.<\/b> Diferentes formas de intersexualidad. Gabriel Gallego. Profesor del Programa de Desarrollo Familiar.<\/p>\n<p><b>3:50 p.m.<\/b> Receso<\/p>\n<p><b>4:00 p.m.<\/b> Debate y cierre del evento<\/p>\n<p><b>Entrada: <\/b>libre<\/p>\n<p><b>Informes: <\/b>en el Departamento de Antropolog\u00eda y Sociolog\u00eda. Tel\u00e9fono: 886 27 20, extensi\u00f3n 22 158.<\/p>\n<p>&nbsp;<\/p>\n<p>Consulte m\u00e1s informaci\u00f3n <a href=\"http:\/\/desarrollo.ucaldas.edu.co\/archivo\/index.php?option=com_content&amp;view=article&amp;id=5088:u-de-caldas-realizara-la-primera-jornada-de-pensamiento-sobre-genero-y-sexualidad&amp;catid=419:universidad-al-dia&amp;Itemid=1039\">aqu\u00ed<\/a><\/p>\n<p>&nbsp;<\/p>\n<p>&nbsp;<\/p>\n","protected":false},"excerpt":{"rendered":"<p>Marzo 8 &nbsp; \u00a0 Descripci\u00f3n: primera jornada de reflexi\u00f3n y debate en torno a distintas problem\u00e1ticas de la mujer contempor\u00e1nea, en la celebraci\u00f3n del D\u00eda Internacional de la Mujer. La jornada la organiza el Departamento de Antropolog\u00eda y Sociolog\u00eda de la U. de Caldas. Lugar: Auditorio Tulio G\u00f3mez Estrada, de la Sede Palogrande de la [&hellip;]<\/p>\n","protected":false},"author":2,"featured_media":0,"comment_status":"closed","ping_status":"closed","sticky":false,"template":"","format":"standard","meta":{"footnotes":""},"categories":[48,53],"tags":[],"class_list":["post-7240","post","type-post","status-publish","format-standard","hentry","category-actualidad","category-universidad-al-dia"],"yoast_head":"<!-- This site is optimized with the Yoast SEO plugin v27.5 - https:\/\/yoast.com\/product\/yoast-seo-wordpress\/ -->\n<title>Jornada de Pensamiento sobre G\u00e9nero y Sexualidad .<\/title>\n<meta name=\"robots\" content=\"index, follow, max-snippet:-1, max-image-preview:large, max-video-preview:-1\" \/>\n<link rel=\"canonical\" href=\"https:\/\/www.ucaldas.edu.co\/portal\/jornada-de-pensamiento-sobre-genero-y-sexualidad\/\" \/>\n<script type=\"application\/ld+json\" class=\"yoast-schema-graph\">{\"@context\":\"https:\\\/\\\/schema.org\",\"@graph\":[{\"@type\":\"Article\",\"@id\":\"https:\\\/\\\/www.ucaldas.edu.co\\\/portal\\\/jornada-de-pensamiento-sobre-genero-y-sexualidad\\\/#article\",\"isPartOf\":{\"@id\":\"https:\\\/\\\/www.ucaldas.edu.co\\\/portal\\\/jornada-de-pensamiento-sobre-genero-y-sexualidad\\\/\"},\"author\":{\"name\":\"ofiprensa\",\"@id\":\"https:\\\/\\\/www.ucaldas.edu.co\\\/portal\\\/#\\\/schema\\\/person\\\/a1b482e23449158b4bc319926c074fdf\"},\"headline\":\"Jornada de Pensamiento sobre G\u00e9nero y Sexualidad\",\"datePublished\":\"2011-03-01T15:40:14+00:00\",\"mainEntityOfPage\":{\"@id\":\"https:\\\/\\\/www.ucaldas.edu.co\\\/portal\\\/jornada-de-pensamiento-sobre-genero-y-sexualidad\\\/\"},\"wordCount\":351,\"publisher\":{\"@id\":\"https:\\\/\\\/www.ucaldas.edu.co\\\/portal\\\/#organization\"},\"image\":{\"@id\":\"https:\\\/\\\/www.ucaldas.edu.co\\\/portal\\\/jornada-de-pensamiento-sobre-genero-y-sexualidad\\\/#primaryimage\"},\"thumbnailUrl\":\"http:\\\/\\\/www.ucaldas.edu.co\\\/images\\\/tmp\\\/8_Marzo_Dia_Internacional_Mujer.jpg\",\"articleSection\":[\"Actualidad\",\"Universidad al D\u00eda\"],\"inLanguage\":\"es\"},{\"@type\":\"WebPage\",\"@id\":\"https:\\\/\\\/www.ucaldas.edu.co\\\/portal\\\/jornada-de-pensamiento-sobre-genero-y-sexualidad\\\/\",\"url\":\"https:\\\/\\\/www.ucaldas.edu.co\\\/portal\\\/jornada-de-pensamiento-sobre-genero-y-sexualidad\\\/\",\"name\":\"Jornada de Pensamiento sobre G\u00e9nero y Sexualidad .\",\"isPartOf\":{\"@id\":\"https:\\\/\\\/www.ucaldas.edu.co\\\/portal\\\/#website\"},\"primaryImageOfPage\":{\"@id\":\"https:\\\/\\\/www.ucaldas.edu.co\\\/portal\\\/jornada-de-pensamiento-sobre-genero-y-sexualidad\\\/#primaryimage\"},\"image\":{\"@id\":\"https:\\\/\\\/www.ucaldas.edu.co\\\/portal\\\/jornada-de-pensamiento-sobre-genero-y-sexualidad\\\/#primaryimage\"},\"thumbnailUrl\":\"http:\\\/\\\/www.ucaldas.edu.co\\\/images\\\/tmp\\\/8_Marzo_Dia_Internacional_Mujer.jpg\",\"datePublished\":\"2011-03-01T15:40:14+00:00\",\"breadcrumb\":{\"@id\":\"https:\\\/\\\/www.ucaldas.edu.co\\\/portal\\\/jornada-de-pensamiento-sobre-genero-y-sexualidad\\\/#breadcrumb\"},\"inLanguage\":\"es\",\"potentialAction\":[{\"@type\":\"ReadAction\",\"target\":[\"https:\\\/\\\/www.ucaldas.edu.co\\\/portal\\\/jornada-de-pensamiento-sobre-genero-y-sexualidad\\\/\"]}]},{\"@type\":\"ImageObject\",\"inLanguage\":\"es\",\"@id\":\"https:\\\/\\\/www.ucaldas.edu.co\\\/portal\\\/jornada-de-pensamiento-sobre-genero-y-sexualidad\\\/#primaryimage\",\"url\":\"http:\\\/\\\/www.ucaldas.edu.co\\\/images\\\/tmp\\\/8_Marzo_Dia_Internacional_Mujer.jpg\",\"contentUrl\":\"http:\\\/\\\/www.ucaldas.edu.co\\\/images\\\/tmp\\\/8_Marzo_Dia_Internacional_Mujer.jpg\"},{\"@type\":\"BreadcrumbList\",\"@id\":\"https:\\\/\\\/www.ucaldas.edu.co\\\/portal\\\/jornada-de-pensamiento-sobre-genero-y-sexualidad\\\/#breadcrumb\",\"itemListElement\":[{\"@type\":\"ListItem\",\"position\":1,\"name\":\"Portada\",\"item\":\"https:\\\/\\\/www.ucaldas.edu.co\\\/portal\\\/\"},{\"@type\":\"ListItem\",\"position\":2,\"name\":\"Jornada de Pensamiento sobre G\u00e9nero y Sexualidad\"}]},{\"@type\":\"WebSite\",\"@id\":\"https:\\\/\\\/www.ucaldas.edu.co\\\/portal\\\/#website\",\"url\":\"https:\\\/\\\/www.ucaldas.edu.co\\\/portal\\\/\",\"name\":\"Universidad de Caldas\",\"description\":\"\",\"publisher\":{\"@id\":\"https:\\\/\\\/www.ucaldas.edu.co\\\/portal\\\/#organization\"},\"alternateName\":\"U. de Caldas\",\"potentialAction\":[{\"@type\":\"SearchAction\",\"target\":{\"@type\":\"EntryPoint\",\"urlTemplate\":\"https:\\\/\\\/www.ucaldas.edu.co\\\/portal\\\/?s={search_term_string}\"},\"query-input\":{\"@type\":\"PropertyValueSpecification\",\"valueRequired\":true,\"valueName\":\"search_term_string\"}}],\"inLanguage\":\"es\"},{\"@type\":\"Organization\",\"@id\":\"https:\\\/\\\/www.ucaldas.edu.co\\\/portal\\\/#organization\",\"name\":\"Universidad de Caldas\",\"alternateName\":\"U. de Caldas\",\"url\":\"https:\\\/\\\/www.ucaldas.edu.co\\\/portal\\\/\",\"logo\":{\"@type\":\"ImageObject\",\"inLanguage\":\"es\",\"@id\":\"https:\\\/\\\/www.ucaldas.edu.co\\\/portal\\\/#\\\/schema\\\/logo\\\/image\\\/\",\"url\":\"https:\\\/\\\/www.ucaldas.edu.co\\\/portal\\\/wp-content\\\/uploads\\\/2023\\\/11\\\/Logo_horizontal_oscuroU-2023.png\",\"contentUrl\":\"https:\\\/\\\/www.ucaldas.edu.co\\\/portal\\\/wp-content\\\/uploads\\\/2023\\\/11\\\/Logo_horizontal_oscuroU-2023.png\",\"width\":263,\"height\":101,\"caption\":\"Universidad de Caldas\"},\"image\":{\"@id\":\"https:\\\/\\\/www.ucaldas.edu.co\\\/portal\\\/#\\\/schema\\\/logo\\\/image\\\/\"},\"sameAs\":[\"https:\\\/\\\/www.facebook.com\\\/udecaldas\",\"https:\\\/\\\/x.com\\\/udecaldas\",\"https:\\\/\\\/www.youtube.com\\\/universidadcaldas\",\"https:\\\/\\\/www.instagram.com\\\/udecaldas\\\/\"]},{\"@type\":\"Person\",\"@id\":\"https:\\\/\\\/www.ucaldas.edu.co\\\/portal\\\/#\\\/schema\\\/person\\\/a1b482e23449158b4bc319926c074fdf\",\"name\":\"ofiprensa\",\"image\":{\"@type\":\"ImageObject\",\"inLanguage\":\"es\",\"@id\":\"https:\\\/\\\/www.ucaldas.edu.co\\\/portal\\\/wp-content\\\/litespeed\\\/avatar\\\/09ea5085e600095a7a811142c6944527.jpg?ver=1777497608\",\"url\":\"https:\\\/\\\/www.ucaldas.edu.co\\\/portal\\\/wp-content\\\/litespeed\\\/avatar\\\/09ea5085e600095a7a811142c6944527.jpg?ver=1777497608\",\"contentUrl\":\"https:\\\/\\\/www.ucaldas.edu.co\\\/portal\\\/wp-content\\\/litespeed\\\/avatar\\\/09ea5085e600095a7a811142c6944527.jpg?ver=1777497608\",\"caption\":\"ofiprensa\"},\"url\":\"https:\\\/\\\/www.ucaldas.edu.co\\\/portal\\\/author\\\/ofiprensa\\\/\"}]}<\/script>\n<!-- \/ Yoast SEO plugin. -->","yoast_head_json":{"title":"Jornada de Pensamiento sobre G\u00e9nero y Sexualidad .","robots":{"index":"index","follow":"follow","max-snippet":"max-snippet:-1","max-image-preview":"max-image-preview:large","max-video-preview":"max-video-preview:-1"},"canonical":"https:\/\/www.ucaldas.edu.co\/portal\/jornada-de-pensamiento-sobre-genero-y-sexualidad\/","schema":{"@context":"https:\/\/schema.org","@graph":[{"@type":"Article","@id":"https:\/\/www.ucaldas.edu.co\/portal\/jornada-de-pensamiento-sobre-genero-y-sexualidad\/#article","isPartOf":{"@id":"https:\/\/www.ucaldas.edu.co\/portal\/jornada-de-pensamiento-sobre-genero-y-sexualidad\/"},"author":{"name":"ofiprensa","@id":"https:\/\/www.ucaldas.edu.co\/portal\/#\/schema\/person\/a1b482e23449158b4bc319926c074fdf"},"headline":"Jornada de Pensamiento sobre G\u00e9nero y Sexualidad","datePublished":"2011-03-01T15:40:14+00:00","mainEntityOfPage":{"@id":"https:\/\/www.ucaldas.edu.co\/portal\/jornada-de-pensamiento-sobre-genero-y-sexualidad\/"},"wordCount":351,"publisher":{"@id":"https:\/\/www.ucaldas.edu.co\/portal\/#organization"},"image":{"@id":"https:\/\/www.ucaldas.edu.co\/portal\/jornada-de-pensamiento-sobre-genero-y-sexualidad\/#primaryimage"},"thumbnailUrl":"http:\/\/www.ucaldas.edu.co\/images\/tmp\/8_Marzo_Dia_Internacional_Mujer.jpg","articleSection":["Actualidad","Universidad al D\u00eda"],"inLanguage":"es"},{"@type":"WebPage","@id":"https:\/\/www.ucaldas.edu.co\/portal\/jornada-de-pensamiento-sobre-genero-y-sexualidad\/","url":"https:\/\/www.ucaldas.edu.co\/portal\/jornada-de-pensamiento-sobre-genero-y-sexualidad\/","name":"Jornada de Pensamiento sobre G\u00e9nero y Sexualidad .","isPartOf":{"@id":"https:\/\/www.ucaldas.edu.co\/portal\/#website"},"primaryImageOfPage":{"@id":"https:\/\/www.ucaldas.edu.co\/portal\/jornada-de-pensamiento-sobre-genero-y-sexualidad\/#primaryimage"},"image":{"@id":"https:\/\/www.ucaldas.edu.co\/portal\/jornada-de-pensamiento-sobre-genero-y-sexualidad\/#primaryimage"},"thumbnailUrl":"http:\/\/www.ucaldas.edu.co\/images\/tmp\/8_Marzo_Dia_Internacional_Mujer.jpg","datePublished":"2011-03-01T15:40:14+00:00","breadcrumb":{"@id":"https:\/\/www.ucaldas.edu.co\/portal\/jornada-de-pensamiento-sobre-genero-y-sexualidad\/#breadcrumb"},"inLanguage":"es","potentialAction":[{"@type":"ReadAction","target":["https:\/\/www.ucaldas.edu.co\/portal\/jornada-de-pensamiento-sobre-genero-y-sexualidad\/"]}]},{"@type":"ImageObject","inLanguage":"es","@id":"https:\/\/www.ucaldas.edu.co\/portal\/jornada-de-pensamiento-sobre-genero-y-sexualidad\/#primaryimage","url":"http:\/\/www.ucaldas.edu.co\/images\/tmp\/8_Marzo_Dia_Internacional_Mujer.jpg","contentUrl":"http:\/\/www.ucaldas.edu.co\/images\/tmp\/8_Marzo_Dia_Internacional_Mujer.jpg"},{"@type":"BreadcrumbList","@id":"https:\/\/www.ucaldas.edu.co\/portal\/jornada-de-pensamiento-sobre-genero-y-sexualidad\/#breadcrumb","itemListElement":[{"@type":"ListItem","position":1,"name":"Portada","item":"https:\/\/www.ucaldas.edu.co\/portal\/"},{"@type":"ListItem","position":2,"name":"Jornada de Pensamiento sobre G\u00e9nero y Sexualidad"}]},{"@type":"WebSite","@id":"https:\/\/www.ucaldas.edu.co\/portal\/#website","url":"https:\/\/www.ucaldas.edu.co\/portal\/","name":"Universidad de Caldas","description":"","publisher":{"@id":"https:\/\/www.ucaldas.edu.co\/portal\/#organization"},"alternateName":"U. de Caldas","potentialAction":[{"@type":"SearchAction","target":{"@type":"EntryPoint","urlTemplate":"https:\/\/www.ucaldas.edu.co\/portal\/?s={search_term_string}"},"query-input":{"@type":"PropertyValueSpecification","valueRequired":true,"valueName":"search_term_string"}}],"inLanguage":"es"},{"@type":"Organization","@id":"https:\/\/www.ucaldas.edu.co\/portal\/#organization","name":"Universidad de Caldas","alternateName":"U. de Caldas","url":"https:\/\/www.ucaldas.edu.co\/portal\/","logo":{"@type":"ImageObject","inLanguage":"es","@id":"https:\/\/www.ucaldas.edu.co\/portal\/#\/schema\/logo\/image\/","url":"https:\/\/www.ucaldas.edu.co\/portal\/wp-content\/uploads\/2023\/11\/Logo_horizontal_oscuroU-2023.png","contentUrl":"https:\/\/www.ucaldas.edu.co\/portal\/wp-content\/uploads\/2023\/11\/Logo_horizontal_oscuroU-2023.png","width":263,"height":101,"caption":"Universidad de Caldas"},"image":{"@id":"https:\/\/www.ucaldas.edu.co\/portal\/#\/schema\/logo\/image\/"},"sameAs":["https:\/\/www.facebook.com\/udecaldas","https:\/\/x.com\/udecaldas","https:\/\/www.youtube.com\/universidadcaldas","https:\/\/www.instagram.com\/udecaldas\/"]},{"@type":"Person","@id":"https:\/\/www.ucaldas.edu.co\/portal\/#\/schema\/person\/a1b482e23449158b4bc319926c074fdf","name":"ofiprensa","image":{"@type":"ImageObject","inLanguage":"es","@id":"https:\/\/www.ucaldas.edu.co\/portal\/wp-content\/litespeed\/avatar\/09ea5085e600095a7a811142c6944527.jpg?ver=1777497608","url":"https:\/\/www.ucaldas.edu.co\/portal\/wp-content\/litespeed\/avatar\/09ea5085e600095a7a811142c6944527.jpg?ver=1777497608","contentUrl":"https:\/\/www.ucaldas.edu.co\/portal\/wp-content\/litespeed\/avatar\/09ea5085e600095a7a811142c6944527.jpg?ver=1777497608","caption":"ofiprensa"},"url":"https:\/\/www.ucaldas.edu.co\/portal\/author\/ofiprensa\/"}]}},"_links":{"self":[{"href":"https:\/\/www.ucaldas.edu.co\/portal\/wp-json\/wp\/v2\/posts\/7240","targetHints":{"allow":["GET"]}}],"collection":[{"href":"https:\/\/www.ucaldas.edu.co\/portal\/wp-json\/wp\/v2\/posts"}],"about":[{"href":"https:\/\/www.ucaldas.edu.co\/portal\/wp-json\/wp\/v2\/types\/post"}],"author":[{"embeddable":true,"href":"https:\/\/www.ucaldas.edu.co\/portal\/wp-json\/wp\/v2\/users\/2"}],"replies":[{"embeddable":true,"href":"https:\/\/www.ucaldas.edu.co\/portal\/wp-json\/wp\/v2\/comments?post=7240"}],"version-history":[{"count":0,"href":"https:\/\/www.ucaldas.edu.co\/portal\/wp-json\/wp\/v2\/posts\/7240\/revisions"}],"wp:attachment":[{"href":"https:\/\/www.ucaldas.edu.co\/portal\/wp-json\/wp\/v2\/media?parent=7240"}],"wp:term":[{"taxonomy":"category","embeddable":true,"href":"https:\/\/www.ucaldas.edu.co\/portal\/wp-json\/wp\/v2\/categories?post=7240"},{"taxonomy":"post_tag","embeddable":true,"href":"https:\/\/www.ucaldas.edu.co\/portal\/wp-json\/wp\/v2\/tags?post=7240"}],"curies":[{"name":"wp","href":"https:\/\/api.w.org\/{rel}","templated":true}]}}