{"id":72303,"date":"2022-09-08T23:14:59","date_gmt":"2022-09-08T23:14:59","guid":{"rendered":"https:\/\/www.ucaldas.edu.co\/portal\/?p=72303"},"modified":"2022-09-08T23:14:59","modified_gmt":"2022-09-08T23:14:59","slug":"conceptos-juridicos-expedidos-por-la-secretaria-general-podran-consultarse-en-el-portal-institucional","status":"publish","type":"post","link":"https:\/\/www.ucaldas.edu.co\/portal\/conceptos-juridicos-expedidos-por-la-secretaria-general-podran-consultarse-en-el-portal-institucional\/","title":{"rendered":"Conceptos jur\u00eddicos expedidos por la Secretar\u00eda General podr\u00e1n consultarse en el portal institucional"},"content":{"rendered":"<p>&nbsp;<\/p>\n<p><img loading=\"lazy\" decoding=\"async\" class=\"aligncenter size-full wp-image-72304\" src=\"https:\/\/www.ucaldas.edu.co\/portal\/wp-content\/uploads\/2022\/09\/Consulte-los-conceptos-Secretaria-General.jpg\" alt=\"Secretaria general abierta a consultas\" width=\"700\" height=\"400\" srcset=\"https:\/\/www.ucaldas.edu.co\/portal\/wp-content\/uploads\/2022\/09\/Consulte-los-conceptos-Secretaria-General.jpg 700w, https:\/\/www.ucaldas.edu.co\/portal\/wp-content\/uploads\/2022\/09\/Consulte-los-conceptos-Secretaria-General-300x171.jpg 300w\" sizes=\"auto, (max-width: 700px) 100vw, 700px\" \/><\/p>\n<p>Las personas interesadas en conocer los conceptos jur\u00eddicos emitidos por la Secretar\u00eda General de la Universidad de Caldas podr\u00e1n consultarlos a trav\u00e9s del portal web institucional (normograma) <a href=\"http:\/\/www.ucaldas.edu.co\">www.ucaldas.edu.co<\/a><\/p>\n<p><!--more--><\/p>\n<p>Esta iniciativa tiene como prop\u00f3sito la construcci\u00f3n de una cultura jur\u00eddica institucional, favoreciendo la seguridad jur\u00eddica que ameritan las decisiones de las dependencias universitarias competentes y preservando la coherencia de los pronunciamientos efectuados por la Secretar\u00eda General.<\/p>\n<p>La Secretar\u00eda General de la Universidad de Caldas tiene entre sus funciones la asesor\u00eda jur\u00eddica y administrativa a las distintas dependencias de la Instituci\u00f3n, as\u00ed como la emisi\u00f3n de conceptos jur\u00eddicos elevados por la comunidad universitaria y extrauniversitaria. Adicionalmente, es funci\u00f3n de la Secretar\u00eda General velar por la difusi\u00f3n de la normativa interna y emitir boletines informativos peri\u00f3dicos sobre la misma a trav\u00e9s de medios de difusi\u00f3n internos y externos.<\/p>\n<p>Los criterios de b\u00fasqueda que pueden aplicarse para la consulta de conceptos jur\u00eddicos son: a\u00f1o, instancia \u2013 clasificaci\u00f3n (conceptos jur\u00eddicos acad\u00e9micos, administrativos, docentes y otros).<\/p>\n<p>&nbsp;<\/p>\n<p>Consulte la herramienta <strong><a href=\"http:\/\/sgeneral.ucaldas.edu.co\/gestionDocumental\/normatividadControlador.php?accion=consultarNormatividadConsulta&amp;tipo_normatividad=INTERNA\">aqu\u00ed<\/a><\/strong><\/p>\n<p><strong>\u00a0<\/strong><\/p>\n<p><strong>Anexos:<br \/>\n<\/strong><strong><a href=\"https:\/\/www.ucaldas.edu.co\/portal\/wp-content\/uploads\/2022\/09\/COMUNICADO-N\u00b0-011-DEL-08-DE-SEPTIEMBRE-DE-2022-1.pdf\">Comunicado Secretar\u00eda General<\/a><\/strong><\/p>\n<p><strong>\u00a0<\/strong><\/p>\n<p><strong>Informes: <\/strong>Oficina de Comunicaciones y Prensa Universidad de Caldas.<br \/>\n<strong>Redacci\u00f3n:<\/strong> Adriana Salazar Villegas<\/p>\n<p>&nbsp;<\/p>\n","protected":false},"excerpt":{"rendered":"<p>&nbsp; Las personas interesadas en conocer los conceptos jur\u00eddicos emitidos por la Secretar\u00eda General de la Universidad de Caldas podr\u00e1n consultarlos a trav\u00e9s del portal web institucional (normograma) www.ucaldas.edu.co<\/p>\n","protected":false},"author":2,"featured_media":72304,"comment_status":"closed","ping_status":"open","sticky":false,"template":"","format":"standard","meta":{"footnotes":""},"categories":[48,53,620],"tags":[493,786,2896,9054],"class_list":["post-72303","post","type-post","status-publish","format-standard","has-post-thumbnail","hentry","category-actualidad","category-universidad-al-dia","category-ucaldas-transparente","tag-secretaria-general","tag-difusion","tag-transparencia","tag-conceptos-juridicos"],"yoast_head":"<!-- This site is optimized with the Yoast SEO plugin v27.5 - https:\/\/yoast.com\/product\/yoast-seo-wordpress\/ -->\n<title>Conceptos jur\u00eddicos expedidos por la Secretar\u00eda General podr\u00e1n consultarse en el portal institucional .<\/title>\n<meta name=\"robots\" content=\"index, follow, max-snippet:-1, max-image-preview:large, max-video-preview:-1\" \/>\n<link rel=\"canonical\" href=\"https:\/\/www.ucaldas.edu.co\/portal\/conceptos-juridicos-expedidos-por-la-secretaria-general-podran-consultarse-en-el-portal-institucional\/\" \/>\n<script type=\"application\/ld+json\" class=\"yoast-schema-graph\">{\"@context\":\"https:\\\/\\\/schema.org\",\"@graph\":[{\"@type\":\"Article\",\"@id\":\"https:\\\/\\\/www.ucaldas.edu.co\\\/portal\\\/conceptos-juridicos-expedidos-por-la-secretaria-general-podran-consultarse-en-el-portal-institucional\\\/#article\",\"isPartOf\":{\"@id\":\"https:\\\/\\\/www.ucaldas.edu.co\\\/portal\\\/conceptos-juridicos-expedidos-por-la-secretaria-general-podran-consultarse-en-el-portal-institucional\\\/\"},\"author\":{\"name\":\"ofiprensa\",\"@id\":\"https:\\\/\\\/www.ucaldas.edu.co\\\/portal\\\/#\\\/schema\\\/person\\\/a1b482e23449158b4bc319926c074fdf\"},\"headline\":\"Conceptos jur\u00eddicos expedidos por la Secretar\u00eda General podr\u00e1n consultarse en el portal institucional\",\"datePublished\":\"2022-09-08T23:14:59+00:00\",\"mainEntityOfPage\":{\"@id\":\"https:\\\/\\\/www.ucaldas.edu.co\\\/portal\\\/conceptos-juridicos-expedidos-por-la-secretaria-general-podran-consultarse-en-el-portal-institucional\\\/\"},\"wordCount\":231,\"publisher\":{\"@id\":\"https:\\\/\\\/www.ucaldas.edu.co\\\/portal\\\/#organization\"},\"image\":{\"@id\":\"https:\\\/\\\/www.ucaldas.edu.co\\\/portal\\\/conceptos-juridicos-expedidos-por-la-secretaria-general-podran-consultarse-en-el-portal-institucional\\\/#primaryimage\"},\"thumbnailUrl\":\"https:\\\/\\\/www.ucaldas.edu.co\\\/portal\\\/wp-content\\\/uploads\\\/2022\\\/09\\\/Consulte-los-conceptos-Secretaria-General.jpg\",\"keywords\":[\"Secretar\u00eda General\",\"difusi\u00f3n\",\"transparencia\",\"conceptos jur\u00eddicos\"],\"articleSection\":[\"Actualidad\",\"Universidad al D\u00eda\",\"UCaldas Transparente\"],\"inLanguage\":\"es\"},{\"@type\":\"WebPage\",\"@id\":\"https:\\\/\\\/www.ucaldas.edu.co\\\/portal\\\/conceptos-juridicos-expedidos-por-la-secretaria-general-podran-consultarse-en-el-portal-institucional\\\/\",\"url\":\"https:\\\/\\\/www.ucaldas.edu.co\\\/portal\\\/conceptos-juridicos-expedidos-por-la-secretaria-general-podran-consultarse-en-el-portal-institucional\\\/\",\"name\":\"Conceptos jur\u00eddicos expedidos por la Secretar\u00eda General podr\u00e1n consultarse en el portal institucional .\",\"isPartOf\":{\"@id\":\"https:\\\/\\\/www.ucaldas.edu.co\\\/portal\\\/#website\"},\"primaryImageOfPage\":{\"@id\":\"https:\\\/\\\/www.ucaldas.edu.co\\\/portal\\\/conceptos-juridicos-expedidos-por-la-secretaria-general-podran-consultarse-en-el-portal-institucional\\\/#primaryimage\"},\"image\":{\"@id\":\"https:\\\/\\\/www.ucaldas.edu.co\\\/portal\\\/conceptos-juridicos-expedidos-por-la-secretaria-general-podran-consultarse-en-el-portal-institucional\\\/#primaryimage\"},\"thumbnailUrl\":\"https:\\\/\\\/www.ucaldas.edu.co\\\/portal\\\/wp-content\\\/uploads\\\/2022\\\/09\\\/Consulte-los-conceptos-Secretaria-General.jpg\",\"datePublished\":\"2022-09-08T23:14:59+00:00\",\"breadcrumb\":{\"@id\":\"https:\\\/\\\/www.ucaldas.edu.co\\\/portal\\\/conceptos-juridicos-expedidos-por-la-secretaria-general-podran-consultarse-en-el-portal-institucional\\\/#breadcrumb\"},\"inLanguage\":\"es\",\"potentialAction\":[{\"@type\":\"ReadAction\",\"target\":[\"https:\\\/\\\/www.ucaldas.edu.co\\\/portal\\\/conceptos-juridicos-expedidos-por-la-secretaria-general-podran-consultarse-en-el-portal-institucional\\\/\"]}]},{\"@type\":\"ImageObject\",\"inLanguage\":\"es\",\"@id\":\"https:\\\/\\\/www.ucaldas.edu.co\\\/portal\\\/conceptos-juridicos-expedidos-por-la-secretaria-general-podran-consultarse-en-el-portal-institucional\\\/#primaryimage\",\"url\":\"https:\\\/\\\/www.ucaldas.edu.co\\\/portal\\\/wp-content\\\/uploads\\\/2022\\\/09\\\/Consulte-los-conceptos-Secretaria-General.jpg\",\"contentUrl\":\"https:\\\/\\\/www.ucaldas.edu.co\\\/portal\\\/wp-content\\\/uploads\\\/2022\\\/09\\\/Consulte-los-conceptos-Secretaria-General.jpg\",\"width\":700,\"height\":400,\"caption\":\"Secretaria general abierta a consultas\"},{\"@type\":\"BreadcrumbList\",\"@id\":\"https:\\\/\\\/www.ucaldas.edu.co\\\/portal\\\/conceptos-juridicos-expedidos-por-la-secretaria-general-podran-consultarse-en-el-portal-institucional\\\/#breadcrumb\",\"itemListElement\":[{\"@type\":\"ListItem\",\"position\":1,\"name\":\"Portada\",\"item\":\"https:\\\/\\\/www.ucaldas.edu.co\\\/portal\\\/\"},{\"@type\":\"ListItem\",\"position\":2,\"name\":\"Conceptos jur\u00eddicos expedidos por la Secretar\u00eda General podr\u00e1n consultarse en el portal institucional\"}]},{\"@type\":\"WebSite\",\"@id\":\"https:\\\/\\\/www.ucaldas.edu.co\\\/portal\\\/#website\",\"url\":\"https:\\\/\\\/www.ucaldas.edu.co\\\/portal\\\/\",\"name\":\"Universidad de Caldas\",\"description\":\"\",\"publisher\":{\"@id\":\"https:\\\/\\\/www.ucaldas.edu.co\\\/portal\\\/#organization\"},\"alternateName\":\"U. de Caldas\",\"potentialAction\":[{\"@type\":\"SearchAction\",\"target\":{\"@type\":\"EntryPoint\",\"urlTemplate\":\"https:\\\/\\\/www.ucaldas.edu.co\\\/portal\\\/?s={search_term_string}\"},\"query-input\":{\"@type\":\"PropertyValueSpecification\",\"valueRequired\":true,\"valueName\":\"search_term_string\"}}],\"inLanguage\":\"es\"},{\"@type\":\"Organization\",\"@id\":\"https:\\\/\\\/www.ucaldas.edu.co\\\/portal\\\/#organization\",\"name\":\"Universidad de Caldas\",\"alternateName\":\"U. de Caldas\",\"url\":\"https:\\\/\\\/www.ucaldas.edu.co\\\/portal\\\/\",\"logo\":{\"@type\":\"ImageObject\",\"inLanguage\":\"es\",\"@id\":\"https:\\\/\\\/www.ucaldas.edu.co\\\/portal\\\/#\\\/schema\\\/logo\\\/image\\\/\",\"url\":\"https:\\\/\\\/www.ucaldas.edu.co\\\/portal\\\/wp-content\\\/uploads\\\/2023\\\/11\\\/Logo_horizontal_oscuroU-2023.png\",\"contentUrl\":\"https:\\\/\\\/www.ucaldas.edu.co\\\/portal\\\/wp-content\\\/uploads\\\/2023\\\/11\\\/Logo_horizontal_oscuroU-2023.png\",\"width\":263,\"height\":101,\"caption\":\"Universidad de Caldas\"},\"image\":{\"@id\":\"https:\\\/\\\/www.ucaldas.edu.co\\\/portal\\\/#\\\/schema\\\/logo\\\/image\\\/\"},\"sameAs\":[\"https:\\\/\\\/www.facebook.com\\\/udecaldas\",\"https:\\\/\\\/x.com\\\/udecaldas\",\"https:\\\/\\\/www.youtube.com\\\/universidadcaldas\",\"https:\\\/\\\/www.instagram.com\\\/udecaldas\\\/\"]},{\"@type\":\"Person\",\"@id\":\"https:\\\/\\\/www.ucaldas.edu.co\\\/portal\\\/#\\\/schema\\\/person\\\/a1b482e23449158b4bc319926c074fdf\",\"name\":\"ofiprensa\",\"image\":{\"@type\":\"ImageObject\",\"inLanguage\":\"es\",\"@id\":\"https:\\\/\\\/www.ucaldas.edu.co\\\/portal\\\/wp-content\\\/litespeed\\\/avatar\\\/09ea5085e600095a7a811142c6944527.jpg?ver=1777497608\",\"url\":\"https:\\\/\\\/www.ucaldas.edu.co\\\/portal\\\/wp-content\\\/litespeed\\\/avatar\\\/09ea5085e600095a7a811142c6944527.jpg?ver=1777497608\",\"contentUrl\":\"https:\\\/\\\/www.ucaldas.edu.co\\\/portal\\\/wp-content\\\/litespeed\\\/avatar\\\/09ea5085e600095a7a811142c6944527.jpg?ver=1777497608\",\"caption\":\"ofiprensa\"},\"url\":\"https:\\\/\\\/www.ucaldas.edu.co\\\/portal\\\/author\\\/ofiprensa\\\/\"}]}<\/script>\n<!-- \/ Yoast SEO plugin. -->","yoast_head_json":{"title":"Conceptos jur\u00eddicos expedidos por la Secretar\u00eda General podr\u00e1n consultarse en el portal institucional .","robots":{"index":"index","follow":"follow","max-snippet":"max-snippet:-1","max-image-preview":"max-image-preview:large","max-video-preview":"max-video-preview:-1"},"canonical":"https:\/\/www.ucaldas.edu.co\/portal\/conceptos-juridicos-expedidos-por-la-secretaria-general-podran-consultarse-en-el-portal-institucional\/","schema":{"@context":"https:\/\/schema.org","@graph":[{"@type":"Article","@id":"https:\/\/www.ucaldas.edu.co\/portal\/conceptos-juridicos-expedidos-por-la-secretaria-general-podran-consultarse-en-el-portal-institucional\/#article","isPartOf":{"@id":"https:\/\/www.ucaldas.edu.co\/portal\/conceptos-juridicos-expedidos-por-la-secretaria-general-podran-consultarse-en-el-portal-institucional\/"},"author":{"name":"ofiprensa","@id":"https:\/\/www.ucaldas.edu.co\/portal\/#\/schema\/person\/a1b482e23449158b4bc319926c074fdf"},"headline":"Conceptos jur\u00eddicos expedidos por la Secretar\u00eda General podr\u00e1n consultarse en el portal institucional","datePublished":"2022-09-08T23:14:59+00:00","mainEntityOfPage":{"@id":"https:\/\/www.ucaldas.edu.co\/portal\/conceptos-juridicos-expedidos-por-la-secretaria-general-podran-consultarse-en-el-portal-institucional\/"},"wordCount":231,"publisher":{"@id":"https:\/\/www.ucaldas.edu.co\/portal\/#organization"},"image":{"@id":"https:\/\/www.ucaldas.edu.co\/portal\/conceptos-juridicos-expedidos-por-la-secretaria-general-podran-consultarse-en-el-portal-institucional\/#primaryimage"},"thumbnailUrl":"https:\/\/www.ucaldas.edu.co\/portal\/wp-content\/uploads\/2022\/09\/Consulte-los-conceptos-Secretaria-General.jpg","keywords":["Secretar\u00eda General","difusi\u00f3n","transparencia","conceptos jur\u00eddicos"],"articleSection":["Actualidad","Universidad al D\u00eda","UCaldas Transparente"],"inLanguage":"es"},{"@type":"WebPage","@id":"https:\/\/www.ucaldas.edu.co\/portal\/conceptos-juridicos-expedidos-por-la-secretaria-general-podran-consultarse-en-el-portal-institucional\/","url":"https:\/\/www.ucaldas.edu.co\/portal\/conceptos-juridicos-expedidos-por-la-secretaria-general-podran-consultarse-en-el-portal-institucional\/","name":"Conceptos jur\u00eddicos expedidos por la Secretar\u00eda General podr\u00e1n consultarse en el portal institucional .","isPartOf":{"@id":"https:\/\/www.ucaldas.edu.co\/portal\/#website"},"primaryImageOfPage":{"@id":"https:\/\/www.ucaldas.edu.co\/portal\/conceptos-juridicos-expedidos-por-la-secretaria-general-podran-consultarse-en-el-portal-institucional\/#primaryimage"},"image":{"@id":"https:\/\/www.ucaldas.edu.co\/portal\/conceptos-juridicos-expedidos-por-la-secretaria-general-podran-consultarse-en-el-portal-institucional\/#primaryimage"},"thumbnailUrl":"https:\/\/www.ucaldas.edu.co\/portal\/wp-content\/uploads\/2022\/09\/Consulte-los-conceptos-Secretaria-General.jpg","datePublished":"2022-09-08T23:14:59+00:00","breadcrumb":{"@id":"https:\/\/www.ucaldas.edu.co\/portal\/conceptos-juridicos-expedidos-por-la-secretaria-general-podran-consultarse-en-el-portal-institucional\/#breadcrumb"},"inLanguage":"es","potentialAction":[{"@type":"ReadAction","target":["https:\/\/www.ucaldas.edu.co\/portal\/conceptos-juridicos-expedidos-por-la-secretaria-general-podran-consultarse-en-el-portal-institucional\/"]}]},{"@type":"ImageObject","inLanguage":"es","@id":"https:\/\/www.ucaldas.edu.co\/portal\/conceptos-juridicos-expedidos-por-la-secretaria-general-podran-consultarse-en-el-portal-institucional\/#primaryimage","url":"https:\/\/www.ucaldas.edu.co\/portal\/wp-content\/uploads\/2022\/09\/Consulte-los-conceptos-Secretaria-General.jpg","contentUrl":"https:\/\/www.ucaldas.edu.co\/portal\/wp-content\/uploads\/2022\/09\/Consulte-los-conceptos-Secretaria-General.jpg","width":700,"height":400,"caption":"Secretaria general abierta a consultas"},{"@type":"BreadcrumbList","@id":"https:\/\/www.ucaldas.edu.co\/portal\/conceptos-juridicos-expedidos-por-la-secretaria-general-podran-consultarse-en-el-portal-institucional\/#breadcrumb","itemListElement":[{"@type":"ListItem","position":1,"name":"Portada","item":"https:\/\/www.ucaldas.edu.co\/portal\/"},{"@type":"ListItem","position":2,"name":"Conceptos jur\u00eddicos expedidos por la Secretar\u00eda General podr\u00e1n consultarse en el portal institucional"}]},{"@type":"WebSite","@id":"https:\/\/www.ucaldas.edu.co\/portal\/#website","url":"https:\/\/www.ucaldas.edu.co\/portal\/","name":"Universidad de Caldas","description":"","publisher":{"@id":"https:\/\/www.ucaldas.edu.co\/portal\/#organization"},"alternateName":"U. de Caldas","potentialAction":[{"@type":"SearchAction","target":{"@type":"EntryPoint","urlTemplate":"https:\/\/www.ucaldas.edu.co\/portal\/?s={search_term_string}"},"query-input":{"@type":"PropertyValueSpecification","valueRequired":true,"valueName":"search_term_string"}}],"inLanguage":"es"},{"@type":"Organization","@id":"https:\/\/www.ucaldas.edu.co\/portal\/#organization","name":"Universidad de Caldas","alternateName":"U. de Caldas","url":"https:\/\/www.ucaldas.edu.co\/portal\/","logo":{"@type":"ImageObject","inLanguage":"es","@id":"https:\/\/www.ucaldas.edu.co\/portal\/#\/schema\/logo\/image\/","url":"https:\/\/www.ucaldas.edu.co\/portal\/wp-content\/uploads\/2023\/11\/Logo_horizontal_oscuroU-2023.png","contentUrl":"https:\/\/www.ucaldas.edu.co\/portal\/wp-content\/uploads\/2023\/11\/Logo_horizontal_oscuroU-2023.png","width":263,"height":101,"caption":"Universidad de Caldas"},"image":{"@id":"https:\/\/www.ucaldas.edu.co\/portal\/#\/schema\/logo\/image\/"},"sameAs":["https:\/\/www.facebook.com\/udecaldas","https:\/\/x.com\/udecaldas","https:\/\/www.youtube.com\/universidadcaldas","https:\/\/www.instagram.com\/udecaldas\/"]},{"@type":"Person","@id":"https:\/\/www.ucaldas.edu.co\/portal\/#\/schema\/person\/a1b482e23449158b4bc319926c074fdf","name":"ofiprensa","image":{"@type":"ImageObject","inLanguage":"es","@id":"https:\/\/www.ucaldas.edu.co\/portal\/wp-content\/litespeed\/avatar\/09ea5085e600095a7a811142c6944527.jpg?ver=1777497608","url":"https:\/\/www.ucaldas.edu.co\/portal\/wp-content\/litespeed\/avatar\/09ea5085e600095a7a811142c6944527.jpg?ver=1777497608","contentUrl":"https:\/\/www.ucaldas.edu.co\/portal\/wp-content\/litespeed\/avatar\/09ea5085e600095a7a811142c6944527.jpg?ver=1777497608","caption":"ofiprensa"},"url":"https:\/\/www.ucaldas.edu.co\/portal\/author\/ofiprensa\/"}]}},"_links":{"self":[{"href":"https:\/\/www.ucaldas.edu.co\/portal\/wp-json\/wp\/v2\/posts\/72303","targetHints":{"allow":["GET"]}}],"collection":[{"href":"https:\/\/www.ucaldas.edu.co\/portal\/wp-json\/wp\/v2\/posts"}],"about":[{"href":"https:\/\/www.ucaldas.edu.co\/portal\/wp-json\/wp\/v2\/types\/post"}],"author":[{"embeddable":true,"href":"https:\/\/www.ucaldas.edu.co\/portal\/wp-json\/wp\/v2\/users\/2"}],"replies":[{"embeddable":true,"href":"https:\/\/www.ucaldas.edu.co\/portal\/wp-json\/wp\/v2\/comments?post=72303"}],"version-history":[{"count":0,"href":"https:\/\/www.ucaldas.edu.co\/portal\/wp-json\/wp\/v2\/posts\/72303\/revisions"}],"wp:featuredmedia":[{"embeddable":true,"href":"https:\/\/www.ucaldas.edu.co\/portal\/wp-json\/wp\/v2\/media\/72304"}],"wp:attachment":[{"href":"https:\/\/www.ucaldas.edu.co\/portal\/wp-json\/wp\/v2\/media?parent=72303"}],"wp:term":[{"taxonomy":"category","embeddable":true,"href":"https:\/\/www.ucaldas.edu.co\/portal\/wp-json\/wp\/v2\/categories?post=72303"},{"taxonomy":"post_tag","embeddable":true,"href":"https:\/\/www.ucaldas.edu.co\/portal\/wp-json\/wp\/v2\/tags?post=72303"}],"curies":[{"name":"wp","href":"https:\/\/api.w.org\/{rel}","templated":true}]}}