{"id":7211,"date":"2011-02-25T10:23:52","date_gmt":"2011-02-25T15:23:52","guid":{"rendered":"https:\/\/www.ucaldas.edu.co\/portal\/?p=7211"},"modified":"2011-02-25T10:23:52","modified_gmt":"2011-02-25T15:23:52","slug":"x-festival-internacional-de-la-imagen-culmina-una-de-sus-convocatorias-4","status":"publish","type":"post","link":"https:\/\/www.ucaldas.edu.co\/portal\/x-festival-internacional-de-la-imagen-culmina-una-de-sus-convocatorias-4\/","title":{"rendered":"X Festival Internacional de la Imagen culmina una de sus convocatorias"},"content":{"rendered":"<p>Se trata de la convocatoria\u00a0 para la VII muestra monogr\u00e1fica de Media Art<\/p>\n<hr \/>\n<p align=\"center\">\n<p align=\"right\"><b>25\/02\/2011<\/b><\/p>\n<p>&nbsp;<\/p>\n<table border=\"0\">\n<tbody>\n<tr>\n<td><img loading=\"lazy\" decoding=\"async\" style=\"border: 0px\" alt=\"Cierre Media Art\" src=\"http:\/\/www.ucaldas.edu.co\/images\/tmp\/cierre_media_art.jpg\" width=\"240\" height=\"150\" border=\"0\" \/><\/td>\n<td>Hasta este\u00a0<b>viernes 4\u00a0<\/b>de\u00a0<b>marzo<\/b>\u00a0del 2011 estar\u00e1\u00a0<b>abierta<\/b>\u00a0la <b>convocatoria<\/b>\u00a0 para la \u00a0<b>VII Muestra<\/b><b>\u00a0<\/b><b>Monogr\u00e1fica de Media Art<\/b>\u00a0 del <b>X Festival Internacional de la Imagen.<\/b><\/p>\n<p>&nbsp;<\/p>\n<p>Esta muestra tiene como finalidad potenciar la creaci\u00f3n vinculada a la tecnolog\u00eda y a favorecer la integraci\u00f3n entre dise\u00f1o, arte, ciencia y tecnolog\u00eda.<\/td>\n<\/tr>\n<\/tbody>\n<\/table>\n<p>&nbsp;<\/p>\n<p>El Festival se realizar\u00e1 del 12 al 16 de abril del 2011 en Manizales.<\/p>\n<p><b>Informes:<\/b>\u00a0en la Oficina de Prensa del Festival Internacional de la Imagen. Tel\u00e9fono: 878 15 00, extensi\u00f3n 12 606 o 12 107, tambi\u00e9n en el celular: 312 778 8959, o en el correo electr\u00f3nico:<a href=\"mailto:prensa@festivaldelaimagen.com\" target=\"_blank\">prensa@festivaldelaimagen.com<\/a><\/p>\n","protected":false},"excerpt":{"rendered":"<p>Se trata de la convocatoria\u00a0 para la VII muestra monogr\u00e1fica de Media Art 25\/02\/2011 &nbsp; Hasta este\u00a0viernes 4\u00a0de\u00a0marzo\u00a0del 2011 estar\u00e1\u00a0abierta\u00a0la convocatoria\u00a0 para la \u00a0VII Muestra\u00a0Monogr\u00e1fica de Media Art\u00a0 del X Festival Internacional de la Imagen. &nbsp; Esta muestra tiene como finalidad potenciar la creaci\u00f3n vinculada a la tecnolog\u00eda y a favorecer la integraci\u00f3n entre dise\u00f1o, [&hellip;]<\/p>\n","protected":false},"author":2,"featured_media":0,"comment_status":"closed","ping_status":"closed","sticky":false,"template":"","format":"standard","meta":{"footnotes":""},"categories":[48,53],"tags":[],"class_list":["post-7211","post","type-post","status-publish","format-standard","hentry","category-actualidad","category-universidad-al-dia"],"yoast_head":"<!-- This site is optimized with the Yoast SEO plugin v27.5 - https:\/\/yoast.com\/product\/yoast-seo-wordpress\/ -->\n<title>X Festival Internacional de la Imagen culmina una de sus convocatorias .<\/title>\n<meta name=\"robots\" content=\"index, follow, max-snippet:-1, max-image-preview:large, max-video-preview:-1\" \/>\n<link rel=\"canonical\" href=\"https:\/\/www.ucaldas.edu.co\/portal\/x-festival-internacional-de-la-imagen-culmina-una-de-sus-convocatorias-4\/\" \/>\n<script type=\"application\/ld+json\" class=\"yoast-schema-graph\">{\"@context\":\"https:\\\/\\\/schema.org\",\"@graph\":[{\"@type\":\"Article\",\"@id\":\"https:\\\/\\\/www.ucaldas.edu.co\\\/portal\\\/x-festival-internacional-de-la-imagen-culmina-una-de-sus-convocatorias-4\\\/#article\",\"isPartOf\":{\"@id\":\"https:\\\/\\\/www.ucaldas.edu.co\\\/portal\\\/x-festival-internacional-de-la-imagen-culmina-una-de-sus-convocatorias-4\\\/\"},\"author\":{\"name\":\"ofiprensa\",\"@id\":\"https:\\\/\\\/www.ucaldas.edu.co\\\/portal\\\/#\\\/schema\\\/person\\\/a1b482e23449158b4bc319926c074fdf\"},\"headline\":\"X Festival Internacional de la Imagen culmina una de sus convocatorias\",\"datePublished\":\"2011-02-25T15:23:52+00:00\",\"mainEntityOfPage\":{\"@id\":\"https:\\\/\\\/www.ucaldas.edu.co\\\/portal\\\/x-festival-internacional-de-la-imagen-culmina-una-de-sus-convocatorias-4\\\/\"},\"wordCount\":124,\"publisher\":{\"@id\":\"https:\\\/\\\/www.ucaldas.edu.co\\\/portal\\\/#organization\"},\"image\":{\"@id\":\"https:\\\/\\\/www.ucaldas.edu.co\\\/portal\\\/x-festival-internacional-de-la-imagen-culmina-una-de-sus-convocatorias-4\\\/#primaryimage\"},\"thumbnailUrl\":\"http:\\\/\\\/www.ucaldas.edu.co\\\/images\\\/tmp\\\/cierre_media_art.jpg\",\"articleSection\":[\"Actualidad\",\"Universidad al D\u00eda\"],\"inLanguage\":\"es\"},{\"@type\":\"WebPage\",\"@id\":\"https:\\\/\\\/www.ucaldas.edu.co\\\/portal\\\/x-festival-internacional-de-la-imagen-culmina-una-de-sus-convocatorias-4\\\/\",\"url\":\"https:\\\/\\\/www.ucaldas.edu.co\\\/portal\\\/x-festival-internacional-de-la-imagen-culmina-una-de-sus-convocatorias-4\\\/\",\"name\":\"X Festival Internacional de la Imagen culmina una de sus convocatorias .\",\"isPartOf\":{\"@id\":\"https:\\\/\\\/www.ucaldas.edu.co\\\/portal\\\/#website\"},\"primaryImageOfPage\":{\"@id\":\"https:\\\/\\\/www.ucaldas.edu.co\\\/portal\\\/x-festival-internacional-de-la-imagen-culmina-una-de-sus-convocatorias-4\\\/#primaryimage\"},\"image\":{\"@id\":\"https:\\\/\\\/www.ucaldas.edu.co\\\/portal\\\/x-festival-internacional-de-la-imagen-culmina-una-de-sus-convocatorias-4\\\/#primaryimage\"},\"thumbnailUrl\":\"http:\\\/\\\/www.ucaldas.edu.co\\\/images\\\/tmp\\\/cierre_media_art.jpg\",\"datePublished\":\"2011-02-25T15:23:52+00:00\",\"breadcrumb\":{\"@id\":\"https:\\\/\\\/www.ucaldas.edu.co\\\/portal\\\/x-festival-internacional-de-la-imagen-culmina-una-de-sus-convocatorias-4\\\/#breadcrumb\"},\"inLanguage\":\"es\",\"potentialAction\":[{\"@type\":\"ReadAction\",\"target\":[\"https:\\\/\\\/www.ucaldas.edu.co\\\/portal\\\/x-festival-internacional-de-la-imagen-culmina-una-de-sus-convocatorias-4\\\/\"]}]},{\"@type\":\"ImageObject\",\"inLanguage\":\"es\",\"@id\":\"https:\\\/\\\/www.ucaldas.edu.co\\\/portal\\\/x-festival-internacional-de-la-imagen-culmina-una-de-sus-convocatorias-4\\\/#primaryimage\",\"url\":\"http:\\\/\\\/www.ucaldas.edu.co\\\/images\\\/tmp\\\/cierre_media_art.jpg\",\"contentUrl\":\"http:\\\/\\\/www.ucaldas.edu.co\\\/images\\\/tmp\\\/cierre_media_art.jpg\"},{\"@type\":\"BreadcrumbList\",\"@id\":\"https:\\\/\\\/www.ucaldas.edu.co\\\/portal\\\/x-festival-internacional-de-la-imagen-culmina-una-de-sus-convocatorias-4\\\/#breadcrumb\",\"itemListElement\":[{\"@type\":\"ListItem\",\"position\":1,\"name\":\"Portada\",\"item\":\"https:\\\/\\\/www.ucaldas.edu.co\\\/portal\\\/\"},{\"@type\":\"ListItem\",\"position\":2,\"name\":\"X Festival Internacional de la Imagen culmina una de sus convocatorias\"}]},{\"@type\":\"WebSite\",\"@id\":\"https:\\\/\\\/www.ucaldas.edu.co\\\/portal\\\/#website\",\"url\":\"https:\\\/\\\/www.ucaldas.edu.co\\\/portal\\\/\",\"name\":\"Universidad de Caldas\",\"description\":\"\",\"publisher\":{\"@id\":\"https:\\\/\\\/www.ucaldas.edu.co\\\/portal\\\/#organization\"},\"alternateName\":\"U. de Caldas\",\"potentialAction\":[{\"@type\":\"SearchAction\",\"target\":{\"@type\":\"EntryPoint\",\"urlTemplate\":\"https:\\\/\\\/www.ucaldas.edu.co\\\/portal\\\/?s={search_term_string}\"},\"query-input\":{\"@type\":\"PropertyValueSpecification\",\"valueRequired\":true,\"valueName\":\"search_term_string\"}}],\"inLanguage\":\"es\"},{\"@type\":\"Organization\",\"@id\":\"https:\\\/\\\/www.ucaldas.edu.co\\\/portal\\\/#organization\",\"name\":\"Universidad de Caldas\",\"alternateName\":\"U. de Caldas\",\"url\":\"https:\\\/\\\/www.ucaldas.edu.co\\\/portal\\\/\",\"logo\":{\"@type\":\"ImageObject\",\"inLanguage\":\"es\",\"@id\":\"https:\\\/\\\/www.ucaldas.edu.co\\\/portal\\\/#\\\/schema\\\/logo\\\/image\\\/\",\"url\":\"https:\\\/\\\/www.ucaldas.edu.co\\\/portal\\\/wp-content\\\/uploads\\\/2023\\\/11\\\/Logo_horizontal_oscuroU-2023.png\",\"contentUrl\":\"https:\\\/\\\/www.ucaldas.edu.co\\\/portal\\\/wp-content\\\/uploads\\\/2023\\\/11\\\/Logo_horizontal_oscuroU-2023.png\",\"width\":263,\"height\":101,\"caption\":\"Universidad de Caldas\"},\"image\":{\"@id\":\"https:\\\/\\\/www.ucaldas.edu.co\\\/portal\\\/#\\\/schema\\\/logo\\\/image\\\/\"},\"sameAs\":[\"https:\\\/\\\/www.facebook.com\\\/udecaldas\",\"https:\\\/\\\/x.com\\\/udecaldas\",\"https:\\\/\\\/www.youtube.com\\\/universidadcaldas\",\"https:\\\/\\\/www.instagram.com\\\/udecaldas\\\/\"]},{\"@type\":\"Person\",\"@id\":\"https:\\\/\\\/www.ucaldas.edu.co\\\/portal\\\/#\\\/schema\\\/person\\\/a1b482e23449158b4bc319926c074fdf\",\"name\":\"ofiprensa\",\"image\":{\"@type\":\"ImageObject\",\"inLanguage\":\"es\",\"@id\":\"https:\\\/\\\/www.ucaldas.edu.co\\\/portal\\\/wp-content\\\/litespeed\\\/avatar\\\/09ea5085e600095a7a811142c6944527.jpg?ver=1777497608\",\"url\":\"https:\\\/\\\/www.ucaldas.edu.co\\\/portal\\\/wp-content\\\/litespeed\\\/avatar\\\/09ea5085e600095a7a811142c6944527.jpg?ver=1777497608\",\"contentUrl\":\"https:\\\/\\\/www.ucaldas.edu.co\\\/portal\\\/wp-content\\\/litespeed\\\/avatar\\\/09ea5085e600095a7a811142c6944527.jpg?ver=1777497608\",\"caption\":\"ofiprensa\"},\"url\":\"https:\\\/\\\/www.ucaldas.edu.co\\\/portal\\\/author\\\/ofiprensa\\\/\"}]}<\/script>\n<!-- \/ Yoast SEO plugin. -->","yoast_head_json":{"title":"X Festival Internacional de la Imagen culmina una de sus convocatorias .","robots":{"index":"index","follow":"follow","max-snippet":"max-snippet:-1","max-image-preview":"max-image-preview:large","max-video-preview":"max-video-preview:-1"},"canonical":"https:\/\/www.ucaldas.edu.co\/portal\/x-festival-internacional-de-la-imagen-culmina-una-de-sus-convocatorias-4\/","schema":{"@context":"https:\/\/schema.org","@graph":[{"@type":"Article","@id":"https:\/\/www.ucaldas.edu.co\/portal\/x-festival-internacional-de-la-imagen-culmina-una-de-sus-convocatorias-4\/#article","isPartOf":{"@id":"https:\/\/www.ucaldas.edu.co\/portal\/x-festival-internacional-de-la-imagen-culmina-una-de-sus-convocatorias-4\/"},"author":{"name":"ofiprensa","@id":"https:\/\/www.ucaldas.edu.co\/portal\/#\/schema\/person\/a1b482e23449158b4bc319926c074fdf"},"headline":"X Festival Internacional de la Imagen culmina una de sus convocatorias","datePublished":"2011-02-25T15:23:52+00:00","mainEntityOfPage":{"@id":"https:\/\/www.ucaldas.edu.co\/portal\/x-festival-internacional-de-la-imagen-culmina-una-de-sus-convocatorias-4\/"},"wordCount":124,"publisher":{"@id":"https:\/\/www.ucaldas.edu.co\/portal\/#organization"},"image":{"@id":"https:\/\/www.ucaldas.edu.co\/portal\/x-festival-internacional-de-la-imagen-culmina-una-de-sus-convocatorias-4\/#primaryimage"},"thumbnailUrl":"http:\/\/www.ucaldas.edu.co\/images\/tmp\/cierre_media_art.jpg","articleSection":["Actualidad","Universidad al D\u00eda"],"inLanguage":"es"},{"@type":"WebPage","@id":"https:\/\/www.ucaldas.edu.co\/portal\/x-festival-internacional-de-la-imagen-culmina-una-de-sus-convocatorias-4\/","url":"https:\/\/www.ucaldas.edu.co\/portal\/x-festival-internacional-de-la-imagen-culmina-una-de-sus-convocatorias-4\/","name":"X Festival Internacional de la Imagen culmina una de sus convocatorias .","isPartOf":{"@id":"https:\/\/www.ucaldas.edu.co\/portal\/#website"},"primaryImageOfPage":{"@id":"https:\/\/www.ucaldas.edu.co\/portal\/x-festival-internacional-de-la-imagen-culmina-una-de-sus-convocatorias-4\/#primaryimage"},"image":{"@id":"https:\/\/www.ucaldas.edu.co\/portal\/x-festival-internacional-de-la-imagen-culmina-una-de-sus-convocatorias-4\/#primaryimage"},"thumbnailUrl":"http:\/\/www.ucaldas.edu.co\/images\/tmp\/cierre_media_art.jpg","datePublished":"2011-02-25T15:23:52+00:00","breadcrumb":{"@id":"https:\/\/www.ucaldas.edu.co\/portal\/x-festival-internacional-de-la-imagen-culmina-una-de-sus-convocatorias-4\/#breadcrumb"},"inLanguage":"es","potentialAction":[{"@type":"ReadAction","target":["https:\/\/www.ucaldas.edu.co\/portal\/x-festival-internacional-de-la-imagen-culmina-una-de-sus-convocatorias-4\/"]}]},{"@type":"ImageObject","inLanguage":"es","@id":"https:\/\/www.ucaldas.edu.co\/portal\/x-festival-internacional-de-la-imagen-culmina-una-de-sus-convocatorias-4\/#primaryimage","url":"http:\/\/www.ucaldas.edu.co\/images\/tmp\/cierre_media_art.jpg","contentUrl":"http:\/\/www.ucaldas.edu.co\/images\/tmp\/cierre_media_art.jpg"},{"@type":"BreadcrumbList","@id":"https:\/\/www.ucaldas.edu.co\/portal\/x-festival-internacional-de-la-imagen-culmina-una-de-sus-convocatorias-4\/#breadcrumb","itemListElement":[{"@type":"ListItem","position":1,"name":"Portada","item":"https:\/\/www.ucaldas.edu.co\/portal\/"},{"@type":"ListItem","position":2,"name":"X Festival Internacional de la Imagen culmina una de sus convocatorias"}]},{"@type":"WebSite","@id":"https:\/\/www.ucaldas.edu.co\/portal\/#website","url":"https:\/\/www.ucaldas.edu.co\/portal\/","name":"Universidad de Caldas","description":"","publisher":{"@id":"https:\/\/www.ucaldas.edu.co\/portal\/#organization"},"alternateName":"U. de Caldas","potentialAction":[{"@type":"SearchAction","target":{"@type":"EntryPoint","urlTemplate":"https:\/\/www.ucaldas.edu.co\/portal\/?s={search_term_string}"},"query-input":{"@type":"PropertyValueSpecification","valueRequired":true,"valueName":"search_term_string"}}],"inLanguage":"es"},{"@type":"Organization","@id":"https:\/\/www.ucaldas.edu.co\/portal\/#organization","name":"Universidad de Caldas","alternateName":"U. de Caldas","url":"https:\/\/www.ucaldas.edu.co\/portal\/","logo":{"@type":"ImageObject","inLanguage":"es","@id":"https:\/\/www.ucaldas.edu.co\/portal\/#\/schema\/logo\/image\/","url":"https:\/\/www.ucaldas.edu.co\/portal\/wp-content\/uploads\/2023\/11\/Logo_horizontal_oscuroU-2023.png","contentUrl":"https:\/\/www.ucaldas.edu.co\/portal\/wp-content\/uploads\/2023\/11\/Logo_horizontal_oscuroU-2023.png","width":263,"height":101,"caption":"Universidad de Caldas"},"image":{"@id":"https:\/\/www.ucaldas.edu.co\/portal\/#\/schema\/logo\/image\/"},"sameAs":["https:\/\/www.facebook.com\/udecaldas","https:\/\/x.com\/udecaldas","https:\/\/www.youtube.com\/universidadcaldas","https:\/\/www.instagram.com\/udecaldas\/"]},{"@type":"Person","@id":"https:\/\/www.ucaldas.edu.co\/portal\/#\/schema\/person\/a1b482e23449158b4bc319926c074fdf","name":"ofiprensa","image":{"@type":"ImageObject","inLanguage":"es","@id":"https:\/\/www.ucaldas.edu.co\/portal\/wp-content\/litespeed\/avatar\/09ea5085e600095a7a811142c6944527.jpg?ver=1777497608","url":"https:\/\/www.ucaldas.edu.co\/portal\/wp-content\/litespeed\/avatar\/09ea5085e600095a7a811142c6944527.jpg?ver=1777497608","contentUrl":"https:\/\/www.ucaldas.edu.co\/portal\/wp-content\/litespeed\/avatar\/09ea5085e600095a7a811142c6944527.jpg?ver=1777497608","caption":"ofiprensa"},"url":"https:\/\/www.ucaldas.edu.co\/portal\/author\/ofiprensa\/"}]}},"_links":{"self":[{"href":"https:\/\/www.ucaldas.edu.co\/portal\/wp-json\/wp\/v2\/posts\/7211","targetHints":{"allow":["GET"]}}],"collection":[{"href":"https:\/\/www.ucaldas.edu.co\/portal\/wp-json\/wp\/v2\/posts"}],"about":[{"href":"https:\/\/www.ucaldas.edu.co\/portal\/wp-json\/wp\/v2\/types\/post"}],"author":[{"embeddable":true,"href":"https:\/\/www.ucaldas.edu.co\/portal\/wp-json\/wp\/v2\/users\/2"}],"replies":[{"embeddable":true,"href":"https:\/\/www.ucaldas.edu.co\/portal\/wp-json\/wp\/v2\/comments?post=7211"}],"version-history":[{"count":0,"href":"https:\/\/www.ucaldas.edu.co\/portal\/wp-json\/wp\/v2\/posts\/7211\/revisions"}],"wp:attachment":[{"href":"https:\/\/www.ucaldas.edu.co\/portal\/wp-json\/wp\/v2\/media?parent=7211"}],"wp:term":[{"taxonomy":"category","embeddable":true,"href":"https:\/\/www.ucaldas.edu.co\/portal\/wp-json\/wp\/v2\/categories?post=7211"},{"taxonomy":"post_tag","embeddable":true,"href":"https:\/\/www.ucaldas.edu.co\/portal\/wp-json\/wp\/v2\/tags?post=7211"}],"curies":[{"name":"wp","href":"https:\/\/api.w.org\/{rel}","templated":true}]}}